{"id":162966,"date":"2026-04-06T21:27:31","date_gmt":"2026-04-06T21:27:31","guid":{"rendered":"https:\/\/diariodalagoa.pt\/?p=162966"},"modified":"2026-04-07T09:51:04","modified_gmt":"2026-04-07T09:51:04","slug":"workshop-de-tecelagem-preserva-legado-da-casa-do-trabalho-do-nordeste","status":"publish","type":"post","link":"https:\/\/diariodalagoa.pt\/fr\/workshop-de-tecelagem-preserva-legado-da-casa-do-trabalho-do-nordeste\/","title":{"rendered":"Workshop de tecelagem preserva legado da Casa do Trabalho do Nordeste"},"content":{"rendered":"<figure class=\"wp-block-image size-full\"><img decoding=\"async\" width=\"960\" height=\"640\" src=\"https:\/\/diariodalagoa.pt\/wp-content\/uploads\/2026\/04\/nordeste-workshop-tecelagem.jpg\" alt=\"\" class=\"wp-image-162967\" srcset=\"https:\/\/diariodalagoa.pt\/wp-content\/uploads\/2026\/04\/nordeste-workshop-tecelagem.jpg 960w, https:\/\/diariodalagoa.pt\/wp-content\/uploads\/2026\/04\/nordeste-workshop-tecelagem-300x200.jpg 300w, https:\/\/diariodalagoa.pt\/wp-content\/uploads\/2026\/04\/nordeste-workshop-tecelagem-768x512.jpg 768w, https:\/\/diariodalagoa.pt\/wp-content\/uploads\/2026\/04\/nordeste-workshop-tecelagem-18x12.jpg 18w\" sizes=\"(max-width: 960px) 100vw, 960px\" \/><figcaption class=\"wp-element-caption\"><sub><mark style=\"background-color:rgba(0, 0, 0, 0)\" class=\"has-inline-color has-cyan-bluish-gray-color\">\u00a9 CM NORDESTE<\/mark><\/sub><\/figcaption><\/figure>\n\n\n\n<p>O munic\u00edpio do Nordeste promoveu mais uma edi\u00e7\u00e3o do workshop de tecelagem na Casa do Trabalho do Nordeste, forma\u00e7\u00e3o que voltou a contar com um apreci\u00e1vel n\u00famero de inscritos e que obrigou a organiza\u00e7\u00e3o a ajustar o n\u00famero de vagas \u00e0 procura verificada.<\/p>\n\n\n\n<p>Realizado em parceria com a Santa Casa da Miseric\u00f3rdia do Nordeste, o workshop teve por objetivo refor\u00e7ar o interesse das pessoas, sobretudo as das gera\u00e7\u00f5es mais novas, pelo of\u00edcio artesanal da tecelagem, garantindo assim a perpetua\u00e7\u00e3o desta tradi\u00e7\u00e3o. Visou tamb\u00e9m dar eco ao trabalho de qualidade que \u00e9 desenvolvido na Casa de Trabalho do Nordeste.<\/p>\n\n\n\n<p>A vereadora Sara Sousa marcou presen\u00e7a no encerramento da forma\u00e7\u00e3o, recordando, na ocasi\u00e3o, que este legado foi passado com sucesso \u00e0 atual principal artes\u00e3 da Casa do Trabalho, F\u00e1tima Leite, que sucedeu a Z\u00e9lia Tavares e a Filomena Abrantes.<\/p>\n\n\n\n<p>As formandas apreciaram o workshop e demonstraram vontade de participar em edi\u00e7\u00f5es futuras, deixando o repto para que, se poss\u00edvel, sejam mais repartidas.<\/p>\n\n\n\n<p>O provedor da Santa Casa da Miseric\u00f3rdia do Nordeste, V\u00edtor Lima, tamb\u00e9m esteve presente na entrega dos diplomas e demonstrou a sua vontade em dar continuidade a projetos que promovam e preservem o legado da Casa de Trabalho. <\/p>\n\n\n\n<p>De referir que o workshop de tecelagem resulta do compromisso da C\u00e2mara do Nordeste na Carta Europeia de Turismo Sustent\u00e1vel das Terras do Priolo de preservar o patrim\u00f3nio imaterial do seu territ\u00f3rio.<\/p>","protected":false},"excerpt":{"rendered":"<p>Iniciativa repetiu-se mais uma vez e contou com n\u00famero apreci\u00e1vel de formandas. Preservar as tradi\u00e7\u00f5es do concelho \u00e9 o principal objetivo<\/p>","protected":false},"author":2,"featured_media":162967,"comment_status":"open","ping_status":"open","sticky":false,"template":"","format":"standard","meta":[],"categories":[21],"tags":[251,329,4769,4770,87,250],"acf":[],"yoast_head":"<!-- This site is optimized with the Yoast SEO plugin v20.10 - https:\/\/yoast.com\/wordpress\/plugins\/seo\/ -->\n<title>Workshop de tecelagem preserva legado da Casa do Trabalho do Nordeste - Di\u00e1rio da Lagoa<\/title>\n<meta name=\"description\" content=\"Iniciativa repetiu-se mais uma vez e contou com n\u00famero apreci\u00e1vel de formandas. Preservar as tradi\u00e7\u00f5es do concelho \u00e9 o principal objetivo.\" \/>\n<meta name=\"robots\" content=\"index, follow, max-snippet:-1, max-image-preview:large, max-video-preview:-1\" \/>\n<link rel=\"canonical\" href=\"https:\/\/diariodalagoa.pt\/fr\/workshop-de-tecelagem-preserva-legado-da-casa-do-trabalho-do-nordeste\/\" \/>\n<meta property=\"og:locale\" content=\"fr_FR\" \/>\n<meta property=\"og:type\" content=\"article\" \/>\n<meta property=\"og:title\" content=\"Workshop de tecelagem preserva legado da Casa do Trabalho do Nordeste - Di\u00e1rio da Lagoa\" \/>\n<meta property=\"og:description\" content=\"Iniciativa repetiu-se mais uma vez e contou com n\u00famero apreci\u00e1vel de formandas. Preservar as tradi\u00e7\u00f5es do concelho \u00e9 o principal objetivo.\" \/>\n<meta property=\"og:url\" content=\"https:\/\/diariodalagoa.pt\/fr\/workshop-de-tecelagem-preserva-legado-da-casa-do-trabalho-do-nordeste\/\" \/>\n<meta property=\"og:site_name\" content=\"Di\u00e1rio da Lagoa\" \/>\n<meta property=\"article:published_time\" content=\"2026-04-06T21:27:31+00:00\" \/>\n<meta property=\"article:modified_time\" content=\"2026-04-07T09:51:04+00:00\" \/>\n<meta property=\"og:image\" content=\"https:\/\/diariodalagoa.pt\/wp-content\/uploads\/2026\/04\/nordeste-workshop-tecelagem.jpg\" \/>\n\t<meta property=\"og:image:width\" content=\"960\" \/>\n\t<meta property=\"og:image:height\" content=\"640\" \/>\n\t<meta property=\"og:image:type\" content=\"image\/jpeg\" \/>\n<meta name=\"author\" content=\"Di\u00e1rio da Lagoa\" \/>\n<meta name=\"twitter:card\" content=\"summary_large_image\" \/>\n<meta name=\"twitter:label1\" content=\"\u00c9crit par\" \/>\n\t<meta name=\"twitter:data1\" content=\"Di\u00e1rio da Lagoa\" \/>\n\t<meta name=\"twitter:label2\" content=\"Dur\u00e9e de lecture estim\u00e9e\" \/>\n\t<meta name=\"twitter:data2\" content=\"2 minutes\" \/>\n<script type=\"application\/ld+json\" class=\"yoast-schema-graph\">{\"@context\":\"https:\/\/schema.org\",\"@graph\":[{\"@type\":\"WebPage\",\"@id\":\"https:\/\/diariodalagoa.pt\/workshop-de-tecelagem-preserva-legado-da-casa-do-trabalho-do-nordeste\/\",\"url\":\"https:\/\/diariodalagoa.pt\/workshop-de-tecelagem-preserva-legado-da-casa-do-trabalho-do-nordeste\/\",\"name\":\"Workshop de tecelagem preserva legado da Casa do Trabalho do Nordeste - Di\u00e1rio da Lagoa\",\"isPartOf\":{\"@id\":\"https:\/\/diariodalagoa.pt\/#website\"},\"datePublished\":\"2026-04-06T21:27:31+00:00\",\"dateModified\":\"2026-04-07T09:51:04+00:00\",\"author\":{\"@id\":\"https:\/\/diariodalagoa.pt\/#\/schema\/person\/1615a002370e8857b6f972834bc43ece\"},\"description\":\"Iniciativa repetiu-se mais uma vez e contou com n\u00famero apreci\u00e1vel de formandas. Preservar as tradi\u00e7\u00f5es do concelho \u00e9 o principal objetivo.\",\"breadcrumb\":{\"@id\":\"https:\/\/diariodalagoa.pt\/workshop-de-tecelagem-preserva-legado-da-casa-do-trabalho-do-nordeste\/#breadcrumb\"},\"inLanguage\":\"fr-FR\",\"potentialAction\":[{\"@type\":\"ReadAction\",\"target\":[\"https:\/\/diariodalagoa.pt\/workshop-de-tecelagem-preserva-legado-da-casa-do-trabalho-do-nordeste\/\"]}]},{\"@type\":\"BreadcrumbList\",\"@id\":\"https:\/\/diariodalagoa.pt\/workshop-de-tecelagem-preserva-legado-da-casa-do-trabalho-do-nordeste\/#breadcrumb\",\"itemListElement\":[{\"@type\":\"ListItem\",\"position\":1,\"name\":\"In\u00edcio\",\"item\":\"https:\/\/diariodalagoa.pt\/\"},{\"@type\":\"ListItem\",\"position\":2,\"name\":\"Workshop de tecelagem preserva legado da Casa do Trabalho do Nordeste\"}]},{\"@type\":\"WebSite\",\"@id\":\"https:\/\/diariodalagoa.pt\/#website\",\"url\":\"https:\/\/diariodalagoa.pt\/\",\"name\":\"Di\u00e1rio da Lagoa\",\"description\":\"Di\u00e1rio da Lagoa. As not\u00edcias que contam. A partir da Lagoa, nos A\u00e7ores, para o mundo.\",\"potentialAction\":[{\"@type\":\"SearchAction\",\"target\":{\"@type\":\"EntryPoint\",\"urlTemplate\":\"https:\/\/diariodalagoa.pt\/?s={search_term_string}\"},\"query-input\":\"required name=search_term_string\"}],\"inLanguage\":\"fr-FR\"},{\"@type\":\"Person\",\"@id\":\"https:\/\/diariodalagoa.pt\/#\/schema\/person\/1615a002370e8857b6f972834bc43ece\",\"name\":\"Di\u00e1rio da Lagoa\",\"image\":{\"@type\":\"ImageObject\",\"inLanguage\":\"fr-FR\",\"@id\":\"https:\/\/diariodalagoa.pt\/#\/schema\/person\/image\/\",\"url\":\"https:\/\/secure.gravatar.com\/avatar\/2cb5cef90a26f8fbd4d9d930608102c5?s=96&d=mm&r=g\",\"contentUrl\":\"https:\/\/secure.gravatar.com\/avatar\/2cb5cef90a26f8fbd4d9d930608102c5?s=96&d=mm&r=g\",\"caption\":\"Di\u00e1rio da Lagoa\"},\"url\":\"https:\/\/diariodalagoa.pt\/fr\/author\/diariodalagoa\/\"}]}<\/script>\n<!-- \/ Yoast SEO plugin. -->","yoast_head_json":{"title":"Workshop de tecelagem preserva legado da Casa do Trabalho do Nordeste - Di\u00e1rio da Lagoa","description":"Iniciativa repetiu-se mais uma vez e contou com n\u00famero apreci\u00e1vel de formandas. Preservar as tradi\u00e7\u00f5es do concelho \u00e9 o principal objetivo.","robots":{"index":"index","follow":"follow","max-snippet":"max-snippet:-1","max-image-preview":"max-image-preview:large","max-video-preview":"max-video-preview:-1"},"canonical":"https:\/\/diariodalagoa.pt\/fr\/workshop-de-tecelagem-preserva-legado-da-casa-do-trabalho-do-nordeste\/","og_locale":"fr_FR","og_type":"article","og_title":"Workshop de tecelagem preserva legado da Casa do Trabalho do Nordeste - Di\u00e1rio da Lagoa","og_description":"Iniciativa repetiu-se mais uma vez e contou com n\u00famero apreci\u00e1vel de formandas. Preservar as tradi\u00e7\u00f5es do concelho \u00e9 o principal objetivo.","og_url":"https:\/\/diariodalagoa.pt\/fr\/workshop-de-tecelagem-preserva-legado-da-casa-do-trabalho-do-nordeste\/","og_site_name":"Di\u00e1rio da Lagoa","article_published_time":"2026-04-06T21:27:31+00:00","article_modified_time":"2026-04-07T09:51:04+00:00","og_image":[{"width":960,"height":640,"url":"https:\/\/diariodalagoa.pt\/wp-content\/uploads\/2026\/04\/nordeste-workshop-tecelagem.jpg","type":"image\/jpeg"}],"author":"Di\u00e1rio da Lagoa","twitter_card":"summary_large_image","twitter_misc":{"\u00c9crit par":"Di\u00e1rio da Lagoa","Dur\u00e9e de lecture estim\u00e9e":"2 minutes"},"schema":{"@context":"https:\/\/schema.org","@graph":[{"@type":"WebPage","@id":"https:\/\/diariodalagoa.pt\/workshop-de-tecelagem-preserva-legado-da-casa-do-trabalho-do-nordeste\/","url":"https:\/\/diariodalagoa.pt\/workshop-de-tecelagem-preserva-legado-da-casa-do-trabalho-do-nordeste\/","name":"Workshop de tecelagem preserva legado da Casa do Trabalho do Nordeste - Di\u00e1rio da Lagoa","isPartOf":{"@id":"https:\/\/diariodalagoa.pt\/#website"},"datePublished":"2026-04-06T21:27:31+00:00","dateModified":"2026-04-07T09:51:04+00:00","author":{"@id":"https:\/\/diariodalagoa.pt\/#\/schema\/person\/1615a002370e8857b6f972834bc43ece"},"description":"Iniciativa repetiu-se mais uma vez e contou com n\u00famero apreci\u00e1vel de formandas. Preservar as tradi\u00e7\u00f5es do concelho \u00e9 o principal objetivo.","breadcrumb":{"@id":"https:\/\/diariodalagoa.pt\/workshop-de-tecelagem-preserva-legado-da-casa-do-trabalho-do-nordeste\/#breadcrumb"},"inLanguage":"fr-FR","potentialAction":[{"@type":"ReadAction","target":["https:\/\/diariodalagoa.pt\/workshop-de-tecelagem-preserva-legado-da-casa-do-trabalho-do-nordeste\/"]}]},{"@type":"BreadcrumbList","@id":"https:\/\/diariodalagoa.pt\/workshop-de-tecelagem-preserva-legado-da-casa-do-trabalho-do-nordeste\/#breadcrumb","itemListElement":[{"@type":"ListItem","position":1,"name":"In\u00edcio","item":"https:\/\/diariodalagoa.pt\/"},{"@type":"ListItem","position":2,"name":"Workshop de tecelagem preserva legado da Casa do Trabalho do Nordeste"}]},{"@type":"WebSite","@id":"https:\/\/diariodalagoa.pt\/#website","url":"https:\/\/diariodalagoa.pt\/","name":"Di\u00e1rio da Lagoa","description":"Di\u00e1rio da Lagoa. As not\u00edcias que contam. A partir da Lagoa, nos A\u00e7ores, para o mundo.","potentialAction":[{"@type":"SearchAction","target":{"@type":"EntryPoint","urlTemplate":"https:\/\/diariodalagoa.pt\/?s={search_term_string}"},"query-input":"required name=search_term_string"}],"inLanguage":"fr-FR"},{"@type":"Person","@id":"https:\/\/diariodalagoa.pt\/#\/schema\/person\/1615a002370e8857b6f972834bc43ece","name":"Di\u00e1rio da Lagoa","image":{"@type":"ImageObject","inLanguage":"fr-FR","@id":"https:\/\/diariodalagoa.pt\/#\/schema\/person\/image\/","url":"https:\/\/secure.gravatar.com\/avatar\/2cb5cef90a26f8fbd4d9d930608102c5?s=96&d=mm&r=g","contentUrl":"https:\/\/secure.gravatar.com\/avatar\/2cb5cef90a26f8fbd4d9d930608102c5?s=96&d=mm&r=g","caption":"Di\u00e1rio da Lagoa"},"url":"https:\/\/diariodalagoa.pt\/fr\/author\/diariodalagoa\/"}]}},"_links":{"self":[{"href":"https:\/\/diariodalagoa.pt\/fr\/wp-json\/wp\/v2\/posts\/162966"}],"collection":[{"href":"https:\/\/diariodalagoa.pt\/fr\/wp-json\/wp\/v2\/posts"}],"about":[{"href":"https:\/\/diariodalagoa.pt\/fr\/wp-json\/wp\/v2\/types\/post"}],"author":[{"embeddable":true,"href":"https:\/\/diariodalagoa.pt\/fr\/wp-json\/wp\/v2\/users\/2"}],"replies":[{"embeddable":true,"href":"https:\/\/diariodalagoa.pt\/fr\/wp-json\/wp\/v2\/comments?post=162966"}],"version-history":[{"count":2,"href":"https:\/\/diariodalagoa.pt\/fr\/wp-json\/wp\/v2\/posts\/162966\/revisions"}],"predecessor-version":[{"id":162969,"href":"https:\/\/diariodalagoa.pt\/fr\/wp-json\/wp\/v2\/posts\/162966\/revisions\/162969"}],"wp:featuredmedia":[{"embeddable":true,"href":"https:\/\/diariodalagoa.pt\/fr\/wp-json\/wp\/v2\/media\/162967"}],"wp:attachment":[{"href":"https:\/\/diariodalagoa.pt\/fr\/wp-json\/wp\/v2\/media?parent=162966"}],"wp:term":[{"taxonomy":"category","embeddable":true,"href":"https:\/\/diariodalagoa.pt\/fr\/wp-json\/wp\/v2\/categories?post=162966"},{"taxonomy":"post_tag","embeddable":true,"href":"https:\/\/diariodalagoa.pt\/fr\/wp-json\/wp\/v2\/tags?post=162966"}],"curies":[{"name":"wp","href":"https:\/\/api.w.org\/{rel}","templated":true}]}}