{"id":162934,"date":"2026-04-06T14:53:28","date_gmt":"2026-04-06T14:53:28","guid":{"rendered":"https:\/\/diariodalagoa.pt\/?p=162934"},"modified":"2026-04-06T14:53:30","modified_gmt":"2026-04-06T14:53:30","slug":"entre-o-conforto-e-o-desconhecido","status":"publish","type":"post","link":"https:\/\/diariodalagoa.pt\/fr\/entre-o-conforto-e-o-desconhecido\/","title":{"rendered":"Entre o Conforto e o Desconhecido"},"content":{"rendered":"<div class=\"wp-block-image is-style-rounded\">\n<figure class=\"aligncenter size-full is-resized\"><img decoding=\"async\" src=\"https:\/\/diariodalagoa.pt\/wp-content\/uploads\/2025\/04\/ricardo-pinto-de-castro-e-cesar-1.jpg\" alt=\"\" class=\"wp-image-151366\" width=\"442\" height=\"442\" srcset=\"https:\/\/diariodalagoa.pt\/wp-content\/uploads\/2025\/04\/ricardo-pinto-de-castro-e-cesar-1.jpg 960w, https:\/\/diariodalagoa.pt\/wp-content\/uploads\/2025\/04\/ricardo-pinto-de-castro-e-cesar-1-300x300.jpg 300w, https:\/\/diariodalagoa.pt\/wp-content\/uploads\/2025\/04\/ricardo-pinto-de-castro-e-cesar-1-150x150.jpg 150w, https:\/\/diariodalagoa.pt\/wp-content\/uploads\/2025\/04\/ricardo-pinto-de-castro-e-cesar-1-768x768.jpg 768w, https:\/\/diariodalagoa.pt\/wp-content\/uploads\/2025\/04\/ricardo-pinto-de-castro-e-cesar-1-12x12.jpg 12w\" sizes=\"(max-width: 442px) 100vw, 442px\" \/><\/figure><\/div>\n\n\n<div style=\"height:25px\" aria-hidden=\"true\" class=\"wp-block-spacer\"><\/div>\n\n\n<p style=\"text-align: center;\"><b>Ricardo Pinto de Castro e C\u00e9sar<br \/><\/b>Soci\u00f3logo \u2013 ISCTE-IUL<\/p>\n\n\n<div style=\"height:25px\" aria-hidden=\"true\" class=\"wp-block-spacer\"><\/div>\n\n\n<p>Perante a tens\u00e3o sociol\u00f3gica do crescimento humano, o conforto constitui uma condi\u00e7\u00e3o indispens\u00e1vel \u00e0 exist\u00eancia humana, na medida em que nenhum indiv\u00edduo consegue sustentar, por longos per\u00edodos, o seu equil\u00edbrio f\u00edsico e ps\u00edquico sob press\u00f5es cont\u00ednuas e sem horizonte de al\u00edvio. Neste sentido, o conforto n\u00e3o \u00e9 apenas um luxo, mas um requisito estrutural para a manuten\u00e7\u00e3o da sa\u00fade e da estabilidade social.<\/p>\n<p>Contudo, quando o sujeito orienta toda a sua a\u00e7\u00e3o para a preserva\u00e7\u00e3o e maximiza\u00e7\u00e3o desse conforto, corre o risco de se afastar da dimens\u00e3o din\u00e2mica da vida social. A exist\u00eancia humana n\u00e3o se esgota na procura de seguran\u00e7a; ela constr\u00f3i-se tamb\u00e9m na exposi\u00e7\u00e3o ao imprevisto, na rela\u00e7\u00e3o com o desconhecido e na capacidade de enfrentar contextos que desafiam rotinas estabelecidas.<\/p>\n<p>Do ponto de vista sociol\u00f3gico, a tens\u00e3o entre conforto e desconforto revela um equil\u00edbrio delicado. Por um lado, o conforto assegura a reprodu\u00e7\u00e3o da vida quotidiana e das estruturas sociais; por outro, \u00e9 frequentemente no desconforto que emergem processos de transforma\u00e7\u00e3o, aprendizagem e amadurecimento. A travessia por territ\u00f3rios incertos \u2014 sejam eles simb\u00f3licos, emocionais ou materiais \u2014 constitui um elemento central na forma\u00e7\u00e3o do indiv\u00edduo enquanto agente social.<\/p>\n<p>Todavia, n\u00e3o existem crit\u00e9rios universais que permitam definir com precis\u00e3o o limiar entre o conforto saud\u00e1vel e o conforto que se torna limitador. De igual modo, \u00e9 dif\u00edcil identificar o momento em que a chamada \u201czona de conforto\u201d deixa de ser um espa\u00e7o de prote\u00e7\u00e3o leg\u00edtima para se transformar num mecanismo de evas\u00e3o face aos desafios inerentes \u00e0 vida em sociedade.<\/p>\n<p>Assim, torna-se necess\u00e1rio reconhecer o valor de uma certa dose de desconforto como condi\u00e7\u00e3o para a supera\u00e7\u00e3o da in\u00e9rcia e para a abertura ao novo. \u00c9 nessa disposi\u00e7\u00e3o para o risco controlado que o indiv\u00edduo amplia o seu horizonte de possibilidades e participa mais plenamente na constru\u00e7\u00e3o da sua trajet\u00f3ria.<\/p>\n<p>Ainda assim, importa sublinhar que a simples procura deliberada de situa\u00e7\u00f5es desconfort\u00e1veis \u2014 como o esfor\u00e7o f\u00edsico extremo ou pr\u00e1ticas de autoexig\u00eancia \u2014 n\u00e3o garante, por si s\u00f3, uma prepara\u00e7\u00e3o efetiva para os desafios da vida. O crescimento humano n\u00e3o resulta apenas da intensidade da experi\u00eancia, mas da forma como esta \u00e9 integrada, interpretada e situada no contexto mais amplo das rela\u00e7\u00f5es sociais.<\/p>","protected":false},"excerpt":{"rendered":"<p>\u00ab(&#8230;) torna-se necess\u00e1rio reconhecer o valor de uma certa dose de desconforto como condi\u00e7\u00e3o para a supera\u00e7\u00e3o da in\u00e9rcia e para a abertura ao novo.\u00bb<\/p>","protected":false},"author":2,"featured_media":151365,"comment_status":"open","ping_status":"closed","sticky":false,"template":"","format":"standard","meta":[],"categories":[11],"tags":[114,2688,2936,4756,4757,4758,4759],"acf":[],"yoast_head":"<!-- This site is optimized with the Yoast SEO plugin v20.10 - https:\/\/yoast.com\/wordpress\/plugins\/seo\/ -->\n<title>Entre o Conforto e o Desconhecido - Di\u00e1rio da Lagoa<\/title>\n<meta name=\"description\" content=\"\u00ab(...) torna-se necess\u00e1rio reconhecer o valor de uma certa dose de desconforto como condi\u00e7\u00e3o para a supera\u00e7\u00e3o da in\u00e9rcia e para a abertura ao novo.\u00bb\" \/>\n<meta name=\"robots\" content=\"index, follow, max-snippet:-1, max-image-preview:large, max-video-preview:-1\" \/>\n<link rel=\"canonical\" href=\"https:\/\/diariodalagoa.pt\/fr\/entre-o-conforto-e-o-desconhecido\/\" \/>\n<meta property=\"og:locale\" content=\"fr_FR\" \/>\n<meta property=\"og:type\" content=\"article\" \/>\n<meta property=\"og:title\" content=\"Entre o Conforto e o Desconhecido - Di\u00e1rio da Lagoa\" \/>\n<meta property=\"og:description\" content=\"\u00ab(...) torna-se necess\u00e1rio reconhecer o valor de uma certa dose de desconforto como condi\u00e7\u00e3o para a supera\u00e7\u00e3o da in\u00e9rcia e para a abertura ao novo.\u00bb\" \/>\n<meta property=\"og:url\" content=\"https:\/\/diariodalagoa.pt\/fr\/entre-o-conforto-e-o-desconhecido\/\" \/>\n<meta property=\"og:site_name\" content=\"Di\u00e1rio da Lagoa\" \/>\n<meta property=\"article:published_time\" content=\"2026-04-06T14:53:28+00:00\" \/>\n<meta property=\"article:modified_time\" content=\"2026-04-06T14:53:30+00:00\" \/>\n<meta property=\"og:image\" content=\"https:\/\/diariodalagoa.pt\/wp-content\/uploads\/2025\/04\/ricardo-pinto-de-castro-e-cesar-2.jpg\" \/>\n\t<meta property=\"og:image:width\" content=\"960\" \/>\n\t<meta property=\"og:image:height\" content=\"640\" \/>\n\t<meta property=\"og:image:type\" content=\"image\/jpeg\" \/>\n<meta name=\"author\" content=\"Di\u00e1rio da Lagoa\" \/>\n<meta name=\"twitter:card\" content=\"summary_large_image\" \/>\n<meta name=\"twitter:label1\" content=\"\u00c9crit par\" \/>\n\t<meta name=\"twitter:data1\" content=\"Di\u00e1rio da Lagoa\" \/>\n\t<meta name=\"twitter:label2\" content=\"Dur\u00e9e de lecture estim\u00e9e\" \/>\n\t<meta name=\"twitter:data2\" content=\"3 minutes\" \/>\n<script type=\"application\/ld+json\" class=\"yoast-schema-graph\">{\"@context\":\"https:\/\/schema.org\",\"@graph\":[{\"@type\":\"WebPage\",\"@id\":\"https:\/\/diariodalagoa.pt\/entre-o-conforto-e-o-desconhecido\/\",\"url\":\"https:\/\/diariodalagoa.pt\/entre-o-conforto-e-o-desconhecido\/\",\"name\":\"Entre o Conforto e o Desconhecido - Di\u00e1rio da Lagoa\",\"isPartOf\":{\"@id\":\"https:\/\/diariodalagoa.pt\/#website\"},\"datePublished\":\"2026-04-06T14:53:28+00:00\",\"dateModified\":\"2026-04-06T14:53:30+00:00\",\"author\":{\"@id\":\"https:\/\/diariodalagoa.pt\/#\/schema\/person\/1615a002370e8857b6f972834bc43ece\"},\"description\":\"\u00ab(...) torna-se necess\u00e1rio reconhecer o valor de uma certa dose de desconforto como condi\u00e7\u00e3o para a supera\u00e7\u00e3o da in\u00e9rcia e para a abertura ao novo.\u00bb\",\"breadcrumb\":{\"@id\":\"https:\/\/diariodalagoa.pt\/entre-o-conforto-e-o-desconhecido\/#breadcrumb\"},\"inLanguage\":\"fr-FR\",\"potentialAction\":[{\"@type\":\"ReadAction\",\"target\":[\"https:\/\/diariodalagoa.pt\/entre-o-conforto-e-o-desconhecido\/\"]}]},{\"@type\":\"BreadcrumbList\",\"@id\":\"https:\/\/diariodalagoa.pt\/entre-o-conforto-e-o-desconhecido\/#breadcrumb\",\"itemListElement\":[{\"@type\":\"ListItem\",\"position\":1,\"name\":\"In\u00edcio\",\"item\":\"https:\/\/diariodalagoa.pt\/\"},{\"@type\":\"ListItem\",\"position\":2,\"name\":\"Entre o Conforto e o Desconhecido\"}]},{\"@type\":\"WebSite\",\"@id\":\"https:\/\/diariodalagoa.pt\/#website\",\"url\":\"https:\/\/diariodalagoa.pt\/\",\"name\":\"Di\u00e1rio da Lagoa\",\"description\":\"Di\u00e1rio da Lagoa. As not\u00edcias que contam. A partir da Lagoa, nos A\u00e7ores, para o mundo.\",\"potentialAction\":[{\"@type\":\"SearchAction\",\"target\":{\"@type\":\"EntryPoint\",\"urlTemplate\":\"https:\/\/diariodalagoa.pt\/?s={search_term_string}\"},\"query-input\":\"required name=search_term_string\"}],\"inLanguage\":\"fr-FR\"},{\"@type\":\"Person\",\"@id\":\"https:\/\/diariodalagoa.pt\/#\/schema\/person\/1615a002370e8857b6f972834bc43ece\",\"name\":\"Di\u00e1rio da Lagoa\",\"image\":{\"@type\":\"ImageObject\",\"inLanguage\":\"fr-FR\",\"@id\":\"https:\/\/diariodalagoa.pt\/#\/schema\/person\/image\/\",\"url\":\"https:\/\/secure.gravatar.com\/avatar\/2cb5cef90a26f8fbd4d9d930608102c5?s=96&d=mm&r=g\",\"contentUrl\":\"https:\/\/secure.gravatar.com\/avatar\/2cb5cef90a26f8fbd4d9d930608102c5?s=96&d=mm&r=g\",\"caption\":\"Di\u00e1rio da Lagoa\"},\"url\":\"https:\/\/diariodalagoa.pt\/fr\/author\/diariodalagoa\/\"}]}<\/script>\n<!-- \/ Yoast SEO plugin. -->","yoast_head_json":{"title":"Entre o Conforto e o Desconhecido - Di\u00e1rio da Lagoa","description":"\u00ab(...) torna-se necess\u00e1rio reconhecer o valor de uma certa dose de desconforto como condi\u00e7\u00e3o para a supera\u00e7\u00e3o da in\u00e9rcia e para a abertura ao novo.\u00bb","robots":{"index":"index","follow":"follow","max-snippet":"max-snippet:-1","max-image-preview":"max-image-preview:large","max-video-preview":"max-video-preview:-1"},"canonical":"https:\/\/diariodalagoa.pt\/fr\/entre-o-conforto-e-o-desconhecido\/","og_locale":"fr_FR","og_type":"article","og_title":"Entre o Conforto e o Desconhecido - Di\u00e1rio da Lagoa","og_description":"\u00ab(...) torna-se necess\u00e1rio reconhecer o valor de uma certa dose de desconforto como condi\u00e7\u00e3o para a supera\u00e7\u00e3o da in\u00e9rcia e para a abertura ao novo.\u00bb","og_url":"https:\/\/diariodalagoa.pt\/fr\/entre-o-conforto-e-o-desconhecido\/","og_site_name":"Di\u00e1rio da Lagoa","article_published_time":"2026-04-06T14:53:28+00:00","article_modified_time":"2026-04-06T14:53:30+00:00","og_image":[{"width":960,"height":640,"url":"https:\/\/diariodalagoa.pt\/wp-content\/uploads\/2025\/04\/ricardo-pinto-de-castro-e-cesar-2.jpg","type":"image\/jpeg"}],"author":"Di\u00e1rio da Lagoa","twitter_card":"summary_large_image","twitter_misc":{"\u00c9crit par":"Di\u00e1rio da Lagoa","Dur\u00e9e de lecture estim\u00e9e":"3 minutes"},"schema":{"@context":"https:\/\/schema.org","@graph":[{"@type":"WebPage","@id":"https:\/\/diariodalagoa.pt\/entre-o-conforto-e-o-desconhecido\/","url":"https:\/\/diariodalagoa.pt\/entre-o-conforto-e-o-desconhecido\/","name":"Entre o Conforto e o Desconhecido - Di\u00e1rio da Lagoa","isPartOf":{"@id":"https:\/\/diariodalagoa.pt\/#website"},"datePublished":"2026-04-06T14:53:28+00:00","dateModified":"2026-04-06T14:53:30+00:00","author":{"@id":"https:\/\/diariodalagoa.pt\/#\/schema\/person\/1615a002370e8857b6f972834bc43ece"},"description":"\u00ab(...) torna-se necess\u00e1rio reconhecer o valor de uma certa dose de desconforto como condi\u00e7\u00e3o para a supera\u00e7\u00e3o da in\u00e9rcia e para a abertura ao novo.\u00bb","breadcrumb":{"@id":"https:\/\/diariodalagoa.pt\/entre-o-conforto-e-o-desconhecido\/#breadcrumb"},"inLanguage":"fr-FR","potentialAction":[{"@type":"ReadAction","target":["https:\/\/diariodalagoa.pt\/entre-o-conforto-e-o-desconhecido\/"]}]},{"@type":"BreadcrumbList","@id":"https:\/\/diariodalagoa.pt\/entre-o-conforto-e-o-desconhecido\/#breadcrumb","itemListElement":[{"@type":"ListItem","position":1,"name":"In\u00edcio","item":"https:\/\/diariodalagoa.pt\/"},{"@type":"ListItem","position":2,"name":"Entre o Conforto e o Desconhecido"}]},{"@type":"WebSite","@id":"https:\/\/diariodalagoa.pt\/#website","url":"https:\/\/diariodalagoa.pt\/","name":"Di\u00e1rio da Lagoa","description":"Di\u00e1rio da Lagoa. As not\u00edcias que contam. A partir da Lagoa, nos A\u00e7ores, para o mundo.","potentialAction":[{"@type":"SearchAction","target":{"@type":"EntryPoint","urlTemplate":"https:\/\/diariodalagoa.pt\/?s={search_term_string}"},"query-input":"required name=search_term_string"}],"inLanguage":"fr-FR"},{"@type":"Person","@id":"https:\/\/diariodalagoa.pt\/#\/schema\/person\/1615a002370e8857b6f972834bc43ece","name":"Di\u00e1rio da Lagoa","image":{"@type":"ImageObject","inLanguage":"fr-FR","@id":"https:\/\/diariodalagoa.pt\/#\/schema\/person\/image\/","url":"https:\/\/secure.gravatar.com\/avatar\/2cb5cef90a26f8fbd4d9d930608102c5?s=96&d=mm&r=g","contentUrl":"https:\/\/secure.gravatar.com\/avatar\/2cb5cef90a26f8fbd4d9d930608102c5?s=96&d=mm&r=g","caption":"Di\u00e1rio da Lagoa"},"url":"https:\/\/diariodalagoa.pt\/fr\/author\/diariodalagoa\/"}]}},"_links":{"self":[{"href":"https:\/\/diariodalagoa.pt\/fr\/wp-json\/wp\/v2\/posts\/162934"}],"collection":[{"href":"https:\/\/diariodalagoa.pt\/fr\/wp-json\/wp\/v2\/posts"}],"about":[{"href":"https:\/\/diariodalagoa.pt\/fr\/wp-json\/wp\/v2\/types\/post"}],"author":[{"embeddable":true,"href":"https:\/\/diariodalagoa.pt\/fr\/wp-json\/wp\/v2\/users\/2"}],"replies":[{"embeddable":true,"href":"https:\/\/diariodalagoa.pt\/fr\/wp-json\/wp\/v2\/comments?post=162934"}],"version-history":[{"count":2,"href":"https:\/\/diariodalagoa.pt\/fr\/wp-json\/wp\/v2\/posts\/162934\/revisions"}],"predecessor-version":[{"id":162936,"href":"https:\/\/diariodalagoa.pt\/fr\/wp-json\/wp\/v2\/posts\/162934\/revisions\/162936"}],"wp:featuredmedia":[{"embeddable":true,"href":"https:\/\/diariodalagoa.pt\/fr\/wp-json\/wp\/v2\/media\/151365"}],"wp:attachment":[{"href":"https:\/\/diariodalagoa.pt\/fr\/wp-json\/wp\/v2\/media?parent=162934"}],"wp:term":[{"taxonomy":"category","embeddable":true,"href":"https:\/\/diariodalagoa.pt\/fr\/wp-json\/wp\/v2\/categories?post=162934"},{"taxonomy":"post_tag","embeddable":true,"href":"https:\/\/diariodalagoa.pt\/fr\/wp-json\/wp\/v2\/tags?post=162934"}],"curies":[{"name":"wp","href":"https:\/\/api.w.org\/{rel}","templated":true}]}}