{"id":161247,"date":"2026-02-04T11:37:24","date_gmt":"2026-02-04T11:37:24","guid":{"rendered":"https:\/\/diariodalagoa.pt\/?p=161247"},"modified":"2026-02-04T11:40:41","modified_gmt":"2026-02-04T11:40:41","slug":"projeto-da-olhar-poente-selecionado-pela-fundacao-calouste-gulbenkian-para-combater-o-desemprego-jovem-na-terceira","status":"publish","type":"post","link":"https:\/\/diariodalagoa.pt\/fr\/projeto-da-olhar-poente-selecionado-pela-fundacao-calouste-gulbenkian-para-combater-o-desemprego-jovem-na-terceira\/","title":{"rendered":"Projeto da Olhar Poente selecionado pela Funda\u00e7\u00e3o Calouste Gulbenkian para combater o desemprego jovem na Terceira"},"content":{"rendered":"<h3 class=\"wp-block-heading\">Iniciativa vai apoiar 150 jovens da ilha Terceira ao longo de 18 meses, promovendo a integra\u00e7\u00e3o escolar e profissional atrav\u00e9s de uma rede que une o setor p\u00fablico, empresas e comunidade<\/h3>\n\n\n\n<figure class=\"wp-block-image size-full\"><img decoding=\"async\" width=\"960\" height=\"504\" src=\"https:\/\/diariodalagoa.pt\/wp-content\/uploads\/2026\/02\/3eaz-empoderamento-educacao-emprego-azores-olhar-poente.jpeg\" alt=\"\" class=\"wp-image-161248\" srcset=\"https:\/\/diariodalagoa.pt\/wp-content\/uploads\/2026\/02\/3eaz-empoderamento-educacao-emprego-azores-olhar-poente.jpeg 960w, https:\/\/diariodalagoa.pt\/wp-content\/uploads\/2026\/02\/3eaz-empoderamento-educacao-emprego-azores-olhar-poente-300x158.jpeg 300w, https:\/\/diariodalagoa.pt\/wp-content\/uploads\/2026\/02\/3eaz-empoderamento-educacao-emprego-azores-olhar-poente-768x403.jpeg 768w, https:\/\/diariodalagoa.pt\/wp-content\/uploads\/2026\/02\/3eaz-empoderamento-educacao-emprego-azores-olhar-poente-18x9.jpeg 18w\" sizes=\"(max-width: 960px) 100vw, 960px\" \/><figcaption class=\"wp-element-caption\"><sup><mark style=\"background-color:rgba(0, 0, 0, 0)\" class=\"has-inline-color has-cyan-bluish-gray-color\">\u00a9 OLHAR POENTE<\/mark><\/sup><\/figcaption><\/figure>\n\n\n<p>A associa\u00e7\u00e3o Olhar Poente viu o seu projeto &#8220;3EAZ_Empoderamento_Educa\u00e7\u00e3o_Emprego_Azores&#8221; ser distinguido como um dos catorze selecionados a n\u00edvel nacional pela iniciativa Gulbenkian Empregar, da Funda\u00e7\u00e3o Calouste Gulbenkian.<\/p>\n<p>Segundo nota de imprensa enviada \u00e0s reda\u00e7\u00f5es pela associa\u00e7\u00e3o, este programa surge com o prop\u00f3sito central de combater a exclus\u00e3o social e econ\u00f3mica, focando-se especificamente na redu\u00e7\u00e3o da taxa de jovens NEET \u2014 aqueles que n\u00e3o estudam, n\u00e3o trabalham, nem frequentam qualquer tipo de forma\u00e7\u00e3o. Com uma dura\u00e7\u00e3o prevista de 18 meses, a interven\u00e7\u00e3o ir\u00e1 abranger 150 jovens residentes na ilha Terceira, com idades compreendidas entre os 16 e os 34 anos, que se encontram em situa\u00e7\u00f5es de especial vulnerabilidade, tais como percursos escolares interrompidos, precariedade laboral, baixas qualifica\u00e7\u00f5es ou em contexto de risco psicossocial e migrat\u00f3rio.<\/p>\n<p>O modelo de atua\u00e7\u00e3o do 3EAZ assenta numa estrat\u00e9gia de proximidade que combina a capacita\u00e7\u00e3o pessoal e social com a mentoria e o envolvimento direto da comunidade. Mais do que a simples forma\u00e7\u00e3o t\u00e9cnica, o projeto visa o empoderamento dos participantes, dotando-os de ferramentas que facilitem transi\u00e7\u00f5es bem-sucedidas para o mercado de trabalho ou para o sistema de ensino.<\/p>\n<p>De acordo com a presidente da Olhar Poente, Sandra Serpa, a efic\u00e1cia desta iniciativa reside num compromisso s\u00f3lido estabelecido entre a tr\u00edade do servi\u00e7o p\u00fablico, das empresas privadas e da pr\u00f3pria comunidade local. Esta colabora\u00e7\u00e3o tripartida pretende n\u00e3o s\u00f3 oferecer sa\u00eddas profissionais, mas tamb\u00e9m solidificar um projeto de vida para jovens que, em muitos casos, se encontram desmotivados e sem perspetivas de futuro.<\/p>\n<p>Atrav\u00e9s desta articula\u00e7\u00e3o com entidades p\u00fablicas e empregadoras, o projeto espera criar oportunidades reais de integra\u00e7\u00e3o que funcionem como um escudo protetor contra contextos de exclus\u00e3o. Para a dire\u00e7\u00e3o da Olhar Poente, a implementa\u00e7\u00e3o do 3EAZ ter\u00e1 um impacto direto na valoriza\u00e7\u00e3o do capital humano da ilha, reduzindo a exposi\u00e7\u00e3o dos jovens a situa\u00e7\u00f5es de risco e potenciando o desenvolvimento de compet\u00eancias que s\u00e3o fundamentais na sociedade atual. Ao investir no acompanhamento personalizado e na cria\u00e7\u00e3o de redes de apoio s\u00f3lidas, a associa\u00e7\u00e3o a\u00e7oriana refor\u00e7a o seu papel na coes\u00e3o social da regi\u00e3o, garantindo que estes 150 jovens possam retomar percursos ativos e sustent\u00e1veis.<\/p>","protected":false},"excerpt":{"rendered":"<p>Iniciativa vai apoiar 150 jovens da ilha Terceira ao longo de 18 meses, promovendo a integra\u00e7\u00e3o escolar e profissional atrav\u00e9s de uma rede que une o setor p\u00fablico, empresas e comunidade.<\/p>","protected":false},"author":2,"featured_media":161248,"comment_status":"open","ping_status":"closed","sticky":false,"template":"","format":"standard","meta":[],"categories":[21],"tags":[177,1870,2266,2486,4019,4020],"acf":[],"yoast_head":"<!-- This site is optimized with the Yoast SEO plugin v20.10 - https:\/\/yoast.com\/wordpress\/plugins\/seo\/ -->\n<title>Projeto da Olhar Poente selecionado pela Funda\u00e7\u00e3o Calouste Gulbenkian para combater o desemprego jovem na Terceira - Di\u00e1rio da Lagoa<\/title>\n<meta name=\"description\" content=\"Iniciativa vai apoiar 150 jovens da ilha Terceira ao longo de 18 meses, promovendo a integra\u00e7\u00e3o escolar e profissional atrav\u00e9s de uma rede que une o setor p\u00fablico, empresas e comunidade.\" \/>\n<meta name=\"robots\" content=\"index, follow, max-snippet:-1, max-image-preview:large, max-video-preview:-1\" \/>\n<link rel=\"canonical\" href=\"https:\/\/diariodalagoa.pt\/fr\/projeto-da-olhar-poente-selecionado-pela-fundacao-calouste-gulbenkian-para-combater-o-desemprego-jovem-na-terceira\/\" \/>\n<meta property=\"og:locale\" content=\"fr_FR\" \/>\n<meta property=\"og:type\" content=\"article\" \/>\n<meta property=\"og:title\" content=\"Projeto da Olhar Poente selecionado pela Funda\u00e7\u00e3o Calouste Gulbenkian para combater o desemprego jovem na Terceira - Di\u00e1rio da Lagoa\" \/>\n<meta property=\"og:description\" content=\"Iniciativa vai apoiar 150 jovens da ilha Terceira ao longo de 18 meses, promovendo a integra\u00e7\u00e3o escolar e profissional atrav\u00e9s de uma rede que une o setor p\u00fablico, empresas e comunidade.\" \/>\n<meta property=\"og:url\" content=\"https:\/\/diariodalagoa.pt\/fr\/projeto-da-olhar-poente-selecionado-pela-fundacao-calouste-gulbenkian-para-combater-o-desemprego-jovem-na-terceira\/\" \/>\n<meta property=\"og:site_name\" content=\"Di\u00e1rio da Lagoa\" \/>\n<meta property=\"article:published_time\" content=\"2026-02-04T11:37:24+00:00\" \/>\n<meta property=\"article:modified_time\" content=\"2026-02-04T11:40:41+00:00\" \/>\n<meta property=\"og:image\" content=\"https:\/\/diariodalagoa.pt\/wp-content\/uploads\/2026\/02\/3eaz-empoderamento-educacao-emprego-azores-olhar-poente.jpeg\" \/>\n\t<meta property=\"og:image:width\" content=\"960\" \/>\n\t<meta property=\"og:image:height\" content=\"504\" \/>\n\t<meta property=\"og:image:type\" content=\"image\/jpeg\" \/>\n<meta name=\"author\" content=\"Di\u00e1rio da Lagoa\" \/>\n<meta name=\"twitter:card\" content=\"summary_large_image\" \/>\n<meta name=\"twitter:label1\" content=\"\u00c9crit par\" \/>\n\t<meta name=\"twitter:data1\" content=\"Di\u00e1rio da Lagoa\" \/>\n\t<meta name=\"twitter:label2\" content=\"Dur\u00e9e de lecture estim\u00e9e\" \/>\n\t<meta name=\"twitter:data2\" content=\"3 minutes\" \/>\n<script type=\"application\/ld+json\" class=\"yoast-schema-graph\">{\"@context\":\"https:\/\/schema.org\",\"@graph\":[{\"@type\":\"WebPage\",\"@id\":\"https:\/\/diariodalagoa.pt\/projeto-da-olhar-poente-selecionado-pela-fundacao-calouste-gulbenkian-para-combater-o-desemprego-jovem-na-terceira\/\",\"url\":\"https:\/\/diariodalagoa.pt\/projeto-da-olhar-poente-selecionado-pela-fundacao-calouste-gulbenkian-para-combater-o-desemprego-jovem-na-terceira\/\",\"name\":\"Projeto da Olhar Poente selecionado pela Funda\u00e7\u00e3o Calouste Gulbenkian para combater o desemprego jovem na Terceira - Di\u00e1rio da Lagoa\",\"isPartOf\":{\"@id\":\"https:\/\/diariodalagoa.pt\/#website\"},\"datePublished\":\"2026-02-04T11:37:24+00:00\",\"dateModified\":\"2026-02-04T11:40:41+00:00\",\"author\":{\"@id\":\"https:\/\/diariodalagoa.pt\/#\/schema\/person\/1615a002370e8857b6f972834bc43ece\"},\"description\":\"Iniciativa vai apoiar 150 jovens da ilha Terceira ao longo de 18 meses, promovendo a integra\u00e7\u00e3o escolar e profissional atrav\u00e9s de uma rede que une o setor p\u00fablico, empresas e comunidade.\",\"breadcrumb\":{\"@id\":\"https:\/\/diariodalagoa.pt\/projeto-da-olhar-poente-selecionado-pela-fundacao-calouste-gulbenkian-para-combater-o-desemprego-jovem-na-terceira\/#breadcrumb\"},\"inLanguage\":\"fr-FR\",\"potentialAction\":[{\"@type\":\"ReadAction\",\"target\":[\"https:\/\/diariodalagoa.pt\/projeto-da-olhar-poente-selecionado-pela-fundacao-calouste-gulbenkian-para-combater-o-desemprego-jovem-na-terceira\/\"]}]},{\"@type\":\"BreadcrumbList\",\"@id\":\"https:\/\/diariodalagoa.pt\/projeto-da-olhar-poente-selecionado-pela-fundacao-calouste-gulbenkian-para-combater-o-desemprego-jovem-na-terceira\/#breadcrumb\",\"itemListElement\":[{\"@type\":\"ListItem\",\"position\":1,\"name\":\"In\u00edcio\",\"item\":\"https:\/\/diariodalagoa.pt\/\"},{\"@type\":\"ListItem\",\"position\":2,\"name\":\"Projeto da Olhar Poente selecionado pela Funda\u00e7\u00e3o Calouste Gulbenkian para combater o desemprego jovem na Terceira\"}]},{\"@type\":\"WebSite\",\"@id\":\"https:\/\/diariodalagoa.pt\/#website\",\"url\":\"https:\/\/diariodalagoa.pt\/\",\"name\":\"Di\u00e1rio da Lagoa\",\"description\":\"Di\u00e1rio da Lagoa. As not\u00edcias que contam. A partir da Lagoa, nos A\u00e7ores, para o mundo.\",\"potentialAction\":[{\"@type\":\"SearchAction\",\"target\":{\"@type\":\"EntryPoint\",\"urlTemplate\":\"https:\/\/diariodalagoa.pt\/?s={search_term_string}\"},\"query-input\":\"required name=search_term_string\"}],\"inLanguage\":\"fr-FR\"},{\"@type\":\"Person\",\"@id\":\"https:\/\/diariodalagoa.pt\/#\/schema\/person\/1615a002370e8857b6f972834bc43ece\",\"name\":\"Di\u00e1rio da Lagoa\",\"image\":{\"@type\":\"ImageObject\",\"inLanguage\":\"fr-FR\",\"@id\":\"https:\/\/diariodalagoa.pt\/#\/schema\/person\/image\/\",\"url\":\"https:\/\/secure.gravatar.com\/avatar\/2cb5cef90a26f8fbd4d9d930608102c5?s=96&d=mm&r=g\",\"contentUrl\":\"https:\/\/secure.gravatar.com\/avatar\/2cb5cef90a26f8fbd4d9d930608102c5?s=96&d=mm&r=g\",\"caption\":\"Di\u00e1rio da Lagoa\"},\"url\":\"https:\/\/diariodalagoa.pt\/fr\/author\/diariodalagoa\/\"}]}<\/script>\n<!-- \/ Yoast SEO plugin. -->","yoast_head_json":{"title":"Projeto da Olhar Poente selecionado pela Funda\u00e7\u00e3o Calouste Gulbenkian para combater o desemprego jovem na Terceira - Di\u00e1rio da Lagoa","description":"Iniciativa vai apoiar 150 jovens da ilha Terceira ao longo de 18 meses, promovendo a integra\u00e7\u00e3o escolar e profissional atrav\u00e9s de uma rede que une o setor p\u00fablico, empresas e comunidade.","robots":{"index":"index","follow":"follow","max-snippet":"max-snippet:-1","max-image-preview":"max-image-preview:large","max-video-preview":"max-video-preview:-1"},"canonical":"https:\/\/diariodalagoa.pt\/fr\/projeto-da-olhar-poente-selecionado-pela-fundacao-calouste-gulbenkian-para-combater-o-desemprego-jovem-na-terceira\/","og_locale":"fr_FR","og_type":"article","og_title":"Projeto da Olhar Poente selecionado pela Funda\u00e7\u00e3o Calouste Gulbenkian para combater o desemprego jovem na Terceira - Di\u00e1rio da Lagoa","og_description":"Iniciativa vai apoiar 150 jovens da ilha Terceira ao longo de 18 meses, promovendo a integra\u00e7\u00e3o escolar e profissional atrav\u00e9s de uma rede que une o setor p\u00fablico, empresas e comunidade.","og_url":"https:\/\/diariodalagoa.pt\/fr\/projeto-da-olhar-poente-selecionado-pela-fundacao-calouste-gulbenkian-para-combater-o-desemprego-jovem-na-terceira\/","og_site_name":"Di\u00e1rio da Lagoa","article_published_time":"2026-02-04T11:37:24+00:00","article_modified_time":"2026-02-04T11:40:41+00:00","og_image":[{"width":960,"height":504,"url":"https:\/\/diariodalagoa.pt\/wp-content\/uploads\/2026\/02\/3eaz-empoderamento-educacao-emprego-azores-olhar-poente.jpeg","type":"image\/jpeg"}],"author":"Di\u00e1rio da Lagoa","twitter_card":"summary_large_image","twitter_misc":{"\u00c9crit par":"Di\u00e1rio da Lagoa","Dur\u00e9e de lecture estim\u00e9e":"3 minutes"},"schema":{"@context":"https:\/\/schema.org","@graph":[{"@type":"WebPage","@id":"https:\/\/diariodalagoa.pt\/projeto-da-olhar-poente-selecionado-pela-fundacao-calouste-gulbenkian-para-combater-o-desemprego-jovem-na-terceira\/","url":"https:\/\/diariodalagoa.pt\/projeto-da-olhar-poente-selecionado-pela-fundacao-calouste-gulbenkian-para-combater-o-desemprego-jovem-na-terceira\/","name":"Projeto da Olhar Poente selecionado pela Funda\u00e7\u00e3o Calouste Gulbenkian para combater o desemprego jovem na Terceira - Di\u00e1rio da Lagoa","isPartOf":{"@id":"https:\/\/diariodalagoa.pt\/#website"},"datePublished":"2026-02-04T11:37:24+00:00","dateModified":"2026-02-04T11:40:41+00:00","author":{"@id":"https:\/\/diariodalagoa.pt\/#\/schema\/person\/1615a002370e8857b6f972834bc43ece"},"description":"Iniciativa vai apoiar 150 jovens da ilha Terceira ao longo de 18 meses, promovendo a integra\u00e7\u00e3o escolar e profissional atrav\u00e9s de uma rede que une o setor p\u00fablico, empresas e comunidade.","breadcrumb":{"@id":"https:\/\/diariodalagoa.pt\/projeto-da-olhar-poente-selecionado-pela-fundacao-calouste-gulbenkian-para-combater-o-desemprego-jovem-na-terceira\/#breadcrumb"},"inLanguage":"fr-FR","potentialAction":[{"@type":"ReadAction","target":["https:\/\/diariodalagoa.pt\/projeto-da-olhar-poente-selecionado-pela-fundacao-calouste-gulbenkian-para-combater-o-desemprego-jovem-na-terceira\/"]}]},{"@type":"BreadcrumbList","@id":"https:\/\/diariodalagoa.pt\/projeto-da-olhar-poente-selecionado-pela-fundacao-calouste-gulbenkian-para-combater-o-desemprego-jovem-na-terceira\/#breadcrumb","itemListElement":[{"@type":"ListItem","position":1,"name":"In\u00edcio","item":"https:\/\/diariodalagoa.pt\/"},{"@type":"ListItem","position":2,"name":"Projeto da Olhar Poente selecionado pela Funda\u00e7\u00e3o Calouste Gulbenkian para combater o desemprego jovem na Terceira"}]},{"@type":"WebSite","@id":"https:\/\/diariodalagoa.pt\/#website","url":"https:\/\/diariodalagoa.pt\/","name":"Di\u00e1rio da Lagoa","description":"Di\u00e1rio da Lagoa. As not\u00edcias que contam. A partir da Lagoa, nos A\u00e7ores, para o mundo.","potentialAction":[{"@type":"SearchAction","target":{"@type":"EntryPoint","urlTemplate":"https:\/\/diariodalagoa.pt\/?s={search_term_string}"},"query-input":"required name=search_term_string"}],"inLanguage":"fr-FR"},{"@type":"Person","@id":"https:\/\/diariodalagoa.pt\/#\/schema\/person\/1615a002370e8857b6f972834bc43ece","name":"Di\u00e1rio da Lagoa","image":{"@type":"ImageObject","inLanguage":"fr-FR","@id":"https:\/\/diariodalagoa.pt\/#\/schema\/person\/image\/","url":"https:\/\/secure.gravatar.com\/avatar\/2cb5cef90a26f8fbd4d9d930608102c5?s=96&d=mm&r=g","contentUrl":"https:\/\/secure.gravatar.com\/avatar\/2cb5cef90a26f8fbd4d9d930608102c5?s=96&d=mm&r=g","caption":"Di\u00e1rio da Lagoa"},"url":"https:\/\/diariodalagoa.pt\/fr\/author\/diariodalagoa\/"}]}},"_links":{"self":[{"href":"https:\/\/diariodalagoa.pt\/fr\/wp-json\/wp\/v2\/posts\/161247"}],"collection":[{"href":"https:\/\/diariodalagoa.pt\/fr\/wp-json\/wp\/v2\/posts"}],"about":[{"href":"https:\/\/diariodalagoa.pt\/fr\/wp-json\/wp\/v2\/types\/post"}],"author":[{"embeddable":true,"href":"https:\/\/diariodalagoa.pt\/fr\/wp-json\/wp\/v2\/users\/2"}],"replies":[{"embeddable":true,"href":"https:\/\/diariodalagoa.pt\/fr\/wp-json\/wp\/v2\/comments?post=161247"}],"version-history":[{"count":5,"href":"https:\/\/diariodalagoa.pt\/fr\/wp-json\/wp\/v2\/posts\/161247\/revisions"}],"predecessor-version":[{"id":161253,"href":"https:\/\/diariodalagoa.pt\/fr\/wp-json\/wp\/v2\/posts\/161247\/revisions\/161253"}],"wp:featuredmedia":[{"embeddable":true,"href":"https:\/\/diariodalagoa.pt\/fr\/wp-json\/wp\/v2\/media\/161248"}],"wp:attachment":[{"href":"https:\/\/diariodalagoa.pt\/fr\/wp-json\/wp\/v2\/media?parent=161247"}],"wp:term":[{"taxonomy":"category","embeddable":true,"href":"https:\/\/diariodalagoa.pt\/fr\/wp-json\/wp\/v2\/categories?post=161247"},{"taxonomy":"post_tag","embeddable":true,"href":"https:\/\/diariodalagoa.pt\/fr\/wp-json\/wp\/v2\/tags?post=161247"}],"curies":[{"name":"wp","href":"https:\/\/api.w.org\/{rel}","templated":true}]}}