{"id":160061,"date":"2025-11-26T12:21:53","date_gmt":"2025-11-26T12:21:53","guid":{"rendered":"https:\/\/diariodalagoa.pt\/?p=160061"},"modified":"2025-11-28T13:48:19","modified_gmt":"2025-11-28T13:48:19","slug":"jovens-deputados-reunidos-em-assembleia-municipal-jovem-na-lagoa","status":"publish","type":"post","link":"https:\/\/diariodalagoa.pt\/fr\/jovens-deputados-reunidos-em-assembleia-municipal-jovem-na-lagoa\/","title":{"rendered":"Jovens deputados reunidos em Assembleia Municipal Jovem na Lagoa"},"content":{"rendered":"<figure class=\"wp-block-image size-full\"><img decoding=\"async\" width=\"960\" height=\"640\" src=\"https:\/\/diariodalagoa.pt\/wp-content\/uploads\/2025\/11\/assembleia-jovem-cm-lagoa-novembro-2025.jpg\" alt=\"\" class=\"wp-image-160062\" srcset=\"https:\/\/diariodalagoa.pt\/wp-content\/uploads\/2025\/11\/assembleia-jovem-cm-lagoa-novembro-2025.jpg 960w, https:\/\/diariodalagoa.pt\/wp-content\/uploads\/2025\/11\/assembleia-jovem-cm-lagoa-novembro-2025-300x200.jpg 300w, https:\/\/diariodalagoa.pt\/wp-content\/uploads\/2025\/11\/assembleia-jovem-cm-lagoa-novembro-2025-768x512.jpg 768w, https:\/\/diariodalagoa.pt\/wp-content\/uploads\/2025\/11\/assembleia-jovem-cm-lagoa-novembro-2025-18x12.jpg 18w\" sizes=\"(max-width: 960px) 100vw, 960px\" \/><figcaption class=\"wp-element-caption\"><mark style=\"background-color:rgba(0, 0, 0, 0)\" class=\"has-inline-color has-cyan-bluish-gray-color\"><sup>\u00a9 CM LAGOA<\/sup><\/mark> <\/figcaption><\/figure>\n\n\n<p>O Audit\u00f3rio Ferreira da Silva, na Vila de \u00c1gua de Pau, acolheu a Assembleia Municipal Jovem, reunindo os deputados jovens representantes do terceiro ciclo e do ensino secund\u00e1rio das escolas do concelho de Lagoa. O presidente da Assembleia Municipal da Lagoa, Ricardo Martins Mota, presidiu \u00e0 sess\u00e3o, que contou com a presen\u00e7a do presidente da C\u00e2mara Municipal, Frederico Sousa, e dos cinco presidentes das juntas de freguesia.<\/p>\n<p>Aberta a toda a comunidade, a iniciativa integrou as comemora\u00e7\u00f5es do Dia do Poder Local na Regi\u00e3o Aut\u00f3noma dos A\u00e7ores, celebrado a 26 de novembro.<\/p>\n<p>De acordo com nota de imprensa enviada pela autarquia lagoense, Ricardo Martins Mota saudou e agradeceu aos jovens deputados presentes pela sua participa\u00e7\u00e3o democr\u00e1tica e pelo facto de representarem os seus colegas, destacando que essa representa\u00e7\u00e3o implica \u201cresponsabilidade e honra\u201d. O presidente da Assembleia Municipal da Lagoa deixou, ainda, uma mensagem de incentivo aos jovens, apelando para que \u201csem medo, nem receio, exer\u00e7am o vosso talento, sejam parte integrante da constru\u00e7\u00e3o da sociedade de futuro, melhorem com a vossa a\u00e7\u00e3o o vosso territ\u00f3rio, na toler\u00e2ncia e pluralidade de opini\u00e3o, na inclus\u00e3o e humanidade\u201d. Salientou, igualmente, que esta iniciativa envolveu uma participa\u00e7\u00e3o recorde de jovens, mais precisamente 953 alunos que tiveram acesso \u00e0 informa\u00e7\u00e3o sobre a Assembleia Municipal Jovem, fruto da parceria desenvolvida entre as escolas do concelho e a autarquia lagoense.<\/p>\n<p>J\u00e1, o presidente da C\u00e2mara Municipal, Frederico Sousa, destacou que a Lagoa \u00e9 o \u00fanico concelho da ilha de S\u00e3o Miguel a realizar assembleias municipais jovens. \u201cFomos pioneiros e j\u00e1 recebemos um pr\u00e9mio nacional por esta iniciativa. Felicito os jovens deputados e tomara que todas as assembleias municipais tivessem o n\u00edvel de maturidade que estes jovens demonstraram. Foram um verdadeiro exemplo para todos os deputados, sejam eles regionais, da Rep\u00fablica ou municipais\u201d, afirmou.<\/p>\n<p>Ao longo da sess\u00e3o, os jovens apresentaram ideias, preocupa\u00e7\u00f5es e propostas para\u00a0o cont\u00ednuo desenvolvimento do concelho, elencadas nas cinco freguesias, relacionadas com diferentes \u00e1reas, nomeadamente a cria\u00e7\u00e3o de mais val\u00eancias sociais que promovem o envelhecimento ativo e o melhoramento e cria\u00e7\u00e3o de mais infraestruturas municipais desportivas e recreativas.\u00a0\u00a0A sa\u00fade\u00a0foi tamb\u00e9m\u00a0tema central\u00a0entre os jovens que destacaram a import\u00e2ncia das acessibilidades para pessoas portadoras de defici\u00eancia motora em determinados espa\u00e7os p\u00fablicos; o funcionamento do sistema de sa\u00fade a n\u00edvel concelhio e regional, bem como abordaram sobre a problem\u00e1tica das toxicodepend\u00eancias e poss\u00edveis solu\u00e7\u00f5es para a diminui\u00e7\u00e3o desse flagelo.<\/p>\n<p>Quest\u00f5es de urbanismo, espa\u00e7os p\u00fablicos e seguran\u00e7a tamb\u00e9m marcaram esta assembleia, nomeadamente no que diz respeito \u00e0 disponibiliza\u00e7\u00e3o de mais equipamentos urbanos e sinaliza\u00e7\u00e3o rodovi\u00e1ria nas zonas mais movimentadas, como escolas e zonas de maior tr\u00e1fego; o refor\u00e7o de seguran\u00e7a em determinadas zonas e mais a\u00e7\u00f5es de sensibiliza\u00e7\u00e3o ambiental. J\u00e1 na vertente cultural, foi deixada a sugest\u00e3o para a cria\u00e7\u00e3o de mais iniciativas no \u00e2mbito recreativo e cultural que envolvam os jovens com idades compreendidas entre os 12 e 18 anos, para que possam desenvolver a sua criatividade, talento e proporcionar uma ocupa\u00e7\u00e3o de tempos livres de forma saud\u00e1vel.\u00a0\u00a0<\/p>\n<p>No final da sess\u00e3o, J\u00falia Rego e Natacha Vieira foram eleitas para representar os jovens na Assembleia Municipal de Lagoa.<\/p>\n<p>A Assembleia Municipal Jovem contou com dois momentos teatrais, que abriram e encerraram a sess\u00e3o, protagonizados pelos alunos do 6.\u00ba A da Escola B\u00e1sica Integrada de \u00c1gua de Pau e do 9.\u00ba B da Escola Secund\u00e1ria da Lagoa.<\/p>","protected":false},"excerpt":{"rendered":"<p>Iniciativa, aberta a toda a comunidade, integrou comemora\u00e7\u00f5es do Dia do Poder Local e decorreu em \u00c1gua de Pau. <\/p>","protected":false},"author":2,"featured_media":160062,"comment_status":"open","ping_status":"closed","sticky":false,"template":"","format":"standard","meta":[],"categories":[21],"tags":[34,177,1549,2045,3677],"acf":[],"yoast_head":"<!-- This site is optimized with the Yoast SEO plugin v20.10 - https:\/\/yoast.com\/wordpress\/plugins\/seo\/ -->\n<title>Jovens deputados reunidos em Assembleia Municipal Jovem na Lagoa - Di\u00e1rio da Lagoa<\/title>\n<meta name=\"description\" content=\"Iniciativa, aberta a toda a comunidade, integrou comemora\u00e7\u00f5es do Dia do Poder Local e decorreu em \u00c1gua de Pau.\" \/>\n<meta name=\"robots\" content=\"index, follow, max-snippet:-1, max-image-preview:large, max-video-preview:-1\" \/>\n<link rel=\"canonical\" href=\"https:\/\/diariodalagoa.pt\/fr\/jovens-deputados-reunidos-em-assembleia-municipal-jovem-na-lagoa\/\" \/>\n<meta property=\"og:locale\" content=\"fr_FR\" \/>\n<meta property=\"og:type\" content=\"article\" \/>\n<meta property=\"og:title\" content=\"Jovens deputados reunidos em Assembleia Municipal Jovem na Lagoa - Di\u00e1rio da Lagoa\" \/>\n<meta property=\"og:description\" content=\"Iniciativa, aberta a toda a comunidade, integrou comemora\u00e7\u00f5es do Dia do Poder Local e decorreu em \u00c1gua de Pau.\" \/>\n<meta property=\"og:url\" content=\"https:\/\/diariodalagoa.pt\/fr\/jovens-deputados-reunidos-em-assembleia-municipal-jovem-na-lagoa\/\" \/>\n<meta property=\"og:site_name\" content=\"Di\u00e1rio da Lagoa\" \/>\n<meta property=\"article:published_time\" content=\"2025-11-26T12:21:53+00:00\" \/>\n<meta property=\"article:modified_time\" content=\"2025-11-28T13:48:19+00:00\" \/>\n<meta property=\"og:image\" content=\"https:\/\/diariodalagoa.pt\/wp-content\/uploads\/2025\/11\/assembleia-jovem-cm-lagoa-novembro-2025.jpg\" \/>\n\t<meta property=\"og:image:width\" content=\"960\" \/>\n\t<meta property=\"og:image:height\" content=\"640\" \/>\n\t<meta property=\"og:image:type\" content=\"image\/jpeg\" \/>\n<meta name=\"author\" content=\"Di\u00e1rio da Lagoa\" \/>\n<meta name=\"twitter:card\" content=\"summary_large_image\" \/>\n<meta name=\"twitter:label1\" content=\"\u00c9crit par\" \/>\n\t<meta name=\"twitter:data1\" content=\"Di\u00e1rio da Lagoa\" \/>\n\t<meta name=\"twitter:label2\" content=\"Dur\u00e9e de lecture estim\u00e9e\" \/>\n\t<meta name=\"twitter:data2\" content=\"4 minutes\" \/>\n<script type=\"application\/ld+json\" class=\"yoast-schema-graph\">{\"@context\":\"https:\/\/schema.org\",\"@graph\":[{\"@type\":\"WebPage\",\"@id\":\"https:\/\/diariodalagoa.pt\/jovens-deputados-reunidos-em-assembleia-municipal-jovem-na-lagoa\/\",\"url\":\"https:\/\/diariodalagoa.pt\/jovens-deputados-reunidos-em-assembleia-municipal-jovem-na-lagoa\/\",\"name\":\"Jovens deputados reunidos em Assembleia Municipal Jovem na Lagoa - Di\u00e1rio da Lagoa\",\"isPartOf\":{\"@id\":\"https:\/\/diariodalagoa.pt\/#website\"},\"datePublished\":\"2025-11-26T12:21:53+00:00\",\"dateModified\":\"2025-11-28T13:48:19+00:00\",\"author\":{\"@id\":\"https:\/\/diariodalagoa.pt\/#\/schema\/person\/1615a002370e8857b6f972834bc43ece\"},\"description\":\"Iniciativa, aberta a toda a comunidade, integrou comemora\u00e7\u00f5es do Dia do Poder Local e decorreu em \u00c1gua de Pau.\",\"breadcrumb\":{\"@id\":\"https:\/\/diariodalagoa.pt\/jovens-deputados-reunidos-em-assembleia-municipal-jovem-na-lagoa\/#breadcrumb\"},\"inLanguage\":\"fr-FR\",\"potentialAction\":[{\"@type\":\"ReadAction\",\"target\":[\"https:\/\/diariodalagoa.pt\/jovens-deputados-reunidos-em-assembleia-municipal-jovem-na-lagoa\/\"]}]},{\"@type\":\"BreadcrumbList\",\"@id\":\"https:\/\/diariodalagoa.pt\/jovens-deputados-reunidos-em-assembleia-municipal-jovem-na-lagoa\/#breadcrumb\",\"itemListElement\":[{\"@type\":\"ListItem\",\"position\":1,\"name\":\"In\u00edcio\",\"item\":\"https:\/\/diariodalagoa.pt\/\"},{\"@type\":\"ListItem\",\"position\":2,\"name\":\"Jovens deputados reunidos em Assembleia Municipal Jovem na Lagoa\"}]},{\"@type\":\"WebSite\",\"@id\":\"https:\/\/diariodalagoa.pt\/#website\",\"url\":\"https:\/\/diariodalagoa.pt\/\",\"name\":\"Di\u00e1rio da Lagoa\",\"description\":\"Di\u00e1rio da Lagoa. As not\u00edcias que contam. A partir da Lagoa, nos A\u00e7ores, para o mundo.\",\"potentialAction\":[{\"@type\":\"SearchAction\",\"target\":{\"@type\":\"EntryPoint\",\"urlTemplate\":\"https:\/\/diariodalagoa.pt\/?s={search_term_string}\"},\"query-input\":\"required name=search_term_string\"}],\"inLanguage\":\"fr-FR\"},{\"@type\":\"Person\",\"@id\":\"https:\/\/diariodalagoa.pt\/#\/schema\/person\/1615a002370e8857b6f972834bc43ece\",\"name\":\"Di\u00e1rio da Lagoa\",\"image\":{\"@type\":\"ImageObject\",\"inLanguage\":\"fr-FR\",\"@id\":\"https:\/\/diariodalagoa.pt\/#\/schema\/person\/image\/\",\"url\":\"https:\/\/secure.gravatar.com\/avatar\/2cb5cef90a26f8fbd4d9d930608102c5?s=96&d=mm&r=g\",\"contentUrl\":\"https:\/\/secure.gravatar.com\/avatar\/2cb5cef90a26f8fbd4d9d930608102c5?s=96&d=mm&r=g\",\"caption\":\"Di\u00e1rio da Lagoa\"},\"url\":\"https:\/\/diariodalagoa.pt\/fr\/author\/diariodalagoa\/\"}]}<\/script>\n<!-- \/ Yoast SEO plugin. -->","yoast_head_json":{"title":"Jovens deputados reunidos em Assembleia Municipal Jovem na Lagoa - Di\u00e1rio da Lagoa","description":"Iniciativa, aberta a toda a comunidade, integrou comemora\u00e7\u00f5es do Dia do Poder Local e decorreu em \u00c1gua de Pau.","robots":{"index":"index","follow":"follow","max-snippet":"max-snippet:-1","max-image-preview":"max-image-preview:large","max-video-preview":"max-video-preview:-1"},"canonical":"https:\/\/diariodalagoa.pt\/fr\/jovens-deputados-reunidos-em-assembleia-municipal-jovem-na-lagoa\/","og_locale":"fr_FR","og_type":"article","og_title":"Jovens deputados reunidos em Assembleia Municipal Jovem na Lagoa - Di\u00e1rio da Lagoa","og_description":"Iniciativa, aberta a toda a comunidade, integrou comemora\u00e7\u00f5es do Dia do Poder Local e decorreu em \u00c1gua de Pau.","og_url":"https:\/\/diariodalagoa.pt\/fr\/jovens-deputados-reunidos-em-assembleia-municipal-jovem-na-lagoa\/","og_site_name":"Di\u00e1rio da Lagoa","article_published_time":"2025-11-26T12:21:53+00:00","article_modified_time":"2025-11-28T13:48:19+00:00","og_image":[{"width":960,"height":640,"url":"https:\/\/diariodalagoa.pt\/wp-content\/uploads\/2025\/11\/assembleia-jovem-cm-lagoa-novembro-2025.jpg","type":"image\/jpeg"}],"author":"Di\u00e1rio da Lagoa","twitter_card":"summary_large_image","twitter_misc":{"\u00c9crit par":"Di\u00e1rio da Lagoa","Dur\u00e9e de lecture estim\u00e9e":"4 minutes"},"schema":{"@context":"https:\/\/schema.org","@graph":[{"@type":"WebPage","@id":"https:\/\/diariodalagoa.pt\/jovens-deputados-reunidos-em-assembleia-municipal-jovem-na-lagoa\/","url":"https:\/\/diariodalagoa.pt\/jovens-deputados-reunidos-em-assembleia-municipal-jovem-na-lagoa\/","name":"Jovens deputados reunidos em Assembleia Municipal Jovem na Lagoa - Di\u00e1rio da Lagoa","isPartOf":{"@id":"https:\/\/diariodalagoa.pt\/#website"},"datePublished":"2025-11-26T12:21:53+00:00","dateModified":"2025-11-28T13:48:19+00:00","author":{"@id":"https:\/\/diariodalagoa.pt\/#\/schema\/person\/1615a002370e8857b6f972834bc43ece"},"description":"Iniciativa, aberta a toda a comunidade, integrou comemora\u00e7\u00f5es do Dia do Poder Local e decorreu em \u00c1gua de Pau.","breadcrumb":{"@id":"https:\/\/diariodalagoa.pt\/jovens-deputados-reunidos-em-assembleia-municipal-jovem-na-lagoa\/#breadcrumb"},"inLanguage":"fr-FR","potentialAction":[{"@type":"ReadAction","target":["https:\/\/diariodalagoa.pt\/jovens-deputados-reunidos-em-assembleia-municipal-jovem-na-lagoa\/"]}]},{"@type":"BreadcrumbList","@id":"https:\/\/diariodalagoa.pt\/jovens-deputados-reunidos-em-assembleia-municipal-jovem-na-lagoa\/#breadcrumb","itemListElement":[{"@type":"ListItem","position":1,"name":"In\u00edcio","item":"https:\/\/diariodalagoa.pt\/"},{"@type":"ListItem","position":2,"name":"Jovens deputados reunidos em Assembleia Municipal Jovem na Lagoa"}]},{"@type":"WebSite","@id":"https:\/\/diariodalagoa.pt\/#website","url":"https:\/\/diariodalagoa.pt\/","name":"Di\u00e1rio da Lagoa","description":"Di\u00e1rio da Lagoa. As not\u00edcias que contam. A partir da Lagoa, nos A\u00e7ores, para o mundo.","potentialAction":[{"@type":"SearchAction","target":{"@type":"EntryPoint","urlTemplate":"https:\/\/diariodalagoa.pt\/?s={search_term_string}"},"query-input":"required name=search_term_string"}],"inLanguage":"fr-FR"},{"@type":"Person","@id":"https:\/\/diariodalagoa.pt\/#\/schema\/person\/1615a002370e8857b6f972834bc43ece","name":"Di\u00e1rio da Lagoa","image":{"@type":"ImageObject","inLanguage":"fr-FR","@id":"https:\/\/diariodalagoa.pt\/#\/schema\/person\/image\/","url":"https:\/\/secure.gravatar.com\/avatar\/2cb5cef90a26f8fbd4d9d930608102c5?s=96&d=mm&r=g","contentUrl":"https:\/\/secure.gravatar.com\/avatar\/2cb5cef90a26f8fbd4d9d930608102c5?s=96&d=mm&r=g","caption":"Di\u00e1rio da Lagoa"},"url":"https:\/\/diariodalagoa.pt\/fr\/author\/diariodalagoa\/"}]}},"_links":{"self":[{"href":"https:\/\/diariodalagoa.pt\/fr\/wp-json\/wp\/v2\/posts\/160061"}],"collection":[{"href":"https:\/\/diariodalagoa.pt\/fr\/wp-json\/wp\/v2\/posts"}],"about":[{"href":"https:\/\/diariodalagoa.pt\/fr\/wp-json\/wp\/v2\/types\/post"}],"author":[{"embeddable":true,"href":"https:\/\/diariodalagoa.pt\/fr\/wp-json\/wp\/v2\/users\/2"}],"replies":[{"embeddable":true,"href":"https:\/\/diariodalagoa.pt\/fr\/wp-json\/wp\/v2\/comments?post=160061"}],"version-history":[{"count":4,"href":"https:\/\/diariodalagoa.pt\/fr\/wp-json\/wp\/v2\/posts\/160061\/revisions"}],"predecessor-version":[{"id":160138,"href":"https:\/\/diariodalagoa.pt\/fr\/wp-json\/wp\/v2\/posts\/160061\/revisions\/160138"}],"wp:featuredmedia":[{"embeddable":true,"href":"https:\/\/diariodalagoa.pt\/fr\/wp-json\/wp\/v2\/media\/160062"}],"wp:attachment":[{"href":"https:\/\/diariodalagoa.pt\/fr\/wp-json\/wp\/v2\/media?parent=160061"}],"wp:term":[{"taxonomy":"category","embeddable":true,"href":"https:\/\/diariodalagoa.pt\/fr\/wp-json\/wp\/v2\/categories?post=160061"},{"taxonomy":"post_tag","embeddable":true,"href":"https:\/\/diariodalagoa.pt\/fr\/wp-json\/wp\/v2\/tags?post=160061"}],"curies":[{"name":"wp","href":"https:\/\/api.w.org\/{rel}","templated":true}]}}