{"id":159995,"date":"2025-11-21T10:33:19","date_gmt":"2025-11-21T10:33:19","guid":{"rendered":"https:\/\/diariodalagoa.pt\/?p=159995"},"modified":"2025-11-21T10:33:21","modified_gmt":"2025-11-21T10:33:21","slug":"lagoa-associa-se-a-semana-europeia-da-prevencao-dos-residuos","status":"publish","type":"post","link":"https:\/\/diariodalagoa.pt\/fr\/lagoa-associa-se-a-semana-europeia-da-prevencao-dos-residuos\/","title":{"rendered":"Lagoa associa-se \u00e0 Semana Europeia da Preven\u00e7\u00e3o dos Res\u00edduos"},"content":{"rendered":"<figure class=\"wp-block-image size-full\"><img decoding=\"async\" width=\"960\" height=\"639\" src=\"https:\/\/diariodalagoa.pt\/wp-content\/uploads\/2025\/11\/concellho-da-lagoa-drone-cml-novembro-2025.jpg\" alt=\"\" class=\"wp-image-159998\" srcset=\"https:\/\/diariodalagoa.pt\/wp-content\/uploads\/2025\/11\/concellho-da-lagoa-drone-cml-novembro-2025.jpg 960w, https:\/\/diariodalagoa.pt\/wp-content\/uploads\/2025\/11\/concellho-da-lagoa-drone-cml-novembro-2025-300x200.jpg 300w, https:\/\/diariodalagoa.pt\/wp-content\/uploads\/2025\/11\/concellho-da-lagoa-drone-cml-novembro-2025-768x511.jpg 768w, https:\/\/diariodalagoa.pt\/wp-content\/uploads\/2025\/11\/concellho-da-lagoa-drone-cml-novembro-2025-18x12.jpg 18w\" sizes=\"(max-width: 960px) 100vw, 960px\" \/><figcaption class=\"wp-element-caption\"><mark style=\"background-color:rgba(0, 0, 0, 0)\" class=\"has-inline-color has-cyan-bluish-gray-color\"><sup>\u00a9 CM LAGOA <\/sup><\/mark><\/figcaption><\/figure>\n\n\n<p>O Centro de Educa\u00e7\u00e3o e Forma\u00e7\u00e3o Ambiental de Lagoa (CEFAL) volta a integrar a 16.\u00aa Semana dos Res\u00edduos dos A\u00e7ores, inserida na 17.\u00aa Semana Europeia da Preven\u00e7\u00e3o de Res\u00edduos, que decorre de 22 a 30 de novembro.<\/p>\n<p>A edi\u00e7\u00e3o deste ano centra-se na tem\u00e1tica dos Res\u00edduos de Equipamentos El\u00e9tricos e Eletr\u00f3nicos (REEE), sob o tema \u201cLiga o Valor, Desliga o Res\u00edduo\u201d. Procura alertar para a correta gest\u00e3o dos res\u00edduos, divulgar os destinos adequados para o seu encaminhamento e refor\u00e7ar a import\u00e2ncia da redu\u00e7\u00e3o da produ\u00e7\u00e3o de res\u00edduos.<\/p>\n<p>Num contexto cada vez mais marcado pela tecnologia, o munic\u00edpio associa-se novamente a esta iniciativa, promovendo, durante toda a semana, uma a\u00e7\u00e3o de recolha de res\u00edduos eletr\u00f3nicos em todas as juntas de freguesia do concelho e no Parque de Res\u00edduos de Lagoa.<\/p>\n<p>No concelho de Lagoa, a recolha regular e gratuita, realizada na casa do detentor, de Res\u00edduos de Equipamentos El\u00e9tricos e Eletr\u00f3nicos (REEE) ocorre \u00e0s ter\u00e7as e sextas-feiras, mediante marca\u00e7\u00e3o pr\u00e9via. Os pedidos podem ser solicitados at\u00e9 \u00e0s 15h00 do dia \u00fatil anterior, atrav\u00e9s do e-mail <a href=\"mailto:ambiente@lagoa-acores.pt\">ambiente@lagoa-acores.pt<\/a>\u00a0ou do telefone 296 960 600. Os REEE podem tamb\u00e9m ser entregues gratuitamente no Parque de Res\u00edduos de Lagoa, no Caminho da Guia, freguesia do Ros\u00e1rio, de segunda a s\u00e1bado, entre as 09h00 e as 16h00.<\/p>\n<p>A quantidade de REEE gerada anualmente na Uni\u00e3o Europeia continua a aumentar e j\u00e1 constitui um dos fluxos de res\u00edduos que mais cresce. Entre estes res\u00edduos incluem-se telem\u00f3veis, computadores, televisores, frigor\u00edficos, eletrodom\u00e9sticos, l\u00e2mpadas, pain\u00e9is fotovoltaicos, pilhas, baterias e outros equipamentos.<\/p>\n<p>Os REEE cont\u00eam materiais complexos, alguns perigosos, que exigem uma gest\u00e3o adequada para evitar impactos ambientais e riscos para a sa\u00fade. Muitos destes dispositivos possuem recursos raros e valiosos, pass\u00edveis de recupera\u00e7\u00e3o e reutiliza\u00e7\u00e3o atrav\u00e9s de processos de reciclagem eficazes.<\/p>\n<p>Todos os anos, os estados da Uni\u00e3o Europeia colocam no mercado cerca de 14,4 milh\u00f5es de toneladas de equipamentos el\u00e9tricos e eletr\u00f3nicos, sendo recolhidas aproximadamente 5 milh\u00f5es de toneladas de REEE \u2014 uma m\u00e9dia de 11,2 kg por pessoa.<\/p>","protected":false},"excerpt":{"rendered":"<p>Edi\u00e7\u00e3o deste ano procura alertar para a correta gest\u00e3o de res\u00edduos refor\u00e7ando a import\u00e2ncia da redu\u00e7\u00e3o da produ\u00e7\u00e3o de res\u00edduos. <\/p>","protected":false},"author":2,"featured_media":159998,"comment_status":"open","ping_status":"closed","sticky":false,"template":"","format":"standard","meta":[],"categories":[21],"tags":[34,42,2281,3664],"acf":[],"yoast_head":"<!-- This site is optimized with the Yoast SEO plugin v20.10 - https:\/\/yoast.com\/wordpress\/plugins\/seo\/ -->\n<title>Lagoa associa-se \u00e0 Semana Europeia da Preven\u00e7\u00e3o dos Res\u00edduos - Di\u00e1rio da Lagoa<\/title>\n<meta name=\"description\" content=\"Edi\u00e7\u00e3o deste ano procura alertar para a correta gest\u00e3o de res\u00edduos refor\u00e7ando a import\u00e2ncia da redu\u00e7\u00e3o da produ\u00e7\u00e3o de res\u00edduos.\" \/>\n<meta name=\"robots\" content=\"index, follow, max-snippet:-1, max-image-preview:large, max-video-preview:-1\" \/>\n<link rel=\"canonical\" href=\"https:\/\/diariodalagoa.pt\/fr\/lagoa-associa-se-a-semana-europeia-da-prevencao-dos-residuos\/\" \/>\n<meta property=\"og:locale\" content=\"fr_FR\" \/>\n<meta property=\"og:type\" content=\"article\" \/>\n<meta property=\"og:title\" content=\"Lagoa associa-se \u00e0 Semana Europeia da Preven\u00e7\u00e3o dos Res\u00edduos - Di\u00e1rio da Lagoa\" \/>\n<meta property=\"og:description\" content=\"Edi\u00e7\u00e3o deste ano procura alertar para a correta gest\u00e3o de res\u00edduos refor\u00e7ando a import\u00e2ncia da redu\u00e7\u00e3o da produ\u00e7\u00e3o de res\u00edduos.\" \/>\n<meta property=\"og:url\" content=\"https:\/\/diariodalagoa.pt\/fr\/lagoa-associa-se-a-semana-europeia-da-prevencao-dos-residuos\/\" \/>\n<meta property=\"og:site_name\" content=\"Di\u00e1rio da Lagoa\" \/>\n<meta property=\"article:published_time\" content=\"2025-11-21T10:33:19+00:00\" \/>\n<meta property=\"article:modified_time\" content=\"2025-11-21T10:33:21+00:00\" \/>\n<meta property=\"og:image\" content=\"https:\/\/diariodalagoa.pt\/wp-content\/uploads\/2025\/11\/concellho-da-lagoa-drone-cml-novembro-2025.jpg\" \/>\n\t<meta property=\"og:image:width\" content=\"960\" \/>\n\t<meta property=\"og:image:height\" content=\"639\" \/>\n\t<meta property=\"og:image:type\" content=\"image\/jpeg\" \/>\n<meta name=\"author\" content=\"Di\u00e1rio da Lagoa\" \/>\n<meta name=\"twitter:card\" content=\"summary_large_image\" \/>\n<meta name=\"twitter:label1\" content=\"\u00c9crit par\" \/>\n\t<meta name=\"twitter:data1\" content=\"Di\u00e1rio da Lagoa\" \/>\n\t<meta name=\"twitter:label2\" content=\"Dur\u00e9e de lecture estim\u00e9e\" \/>\n\t<meta name=\"twitter:data2\" content=\"3 minutes\" \/>\n<script type=\"application\/ld+json\" class=\"yoast-schema-graph\">{\"@context\":\"https:\/\/schema.org\",\"@graph\":[{\"@type\":\"WebPage\",\"@id\":\"https:\/\/diariodalagoa.pt\/lagoa-associa-se-a-semana-europeia-da-prevencao-dos-residuos\/\",\"url\":\"https:\/\/diariodalagoa.pt\/lagoa-associa-se-a-semana-europeia-da-prevencao-dos-residuos\/\",\"name\":\"Lagoa associa-se \u00e0 Semana Europeia da Preven\u00e7\u00e3o dos Res\u00edduos - Di\u00e1rio da Lagoa\",\"isPartOf\":{\"@id\":\"https:\/\/diariodalagoa.pt\/#website\"},\"datePublished\":\"2025-11-21T10:33:19+00:00\",\"dateModified\":\"2025-11-21T10:33:21+00:00\",\"author\":{\"@id\":\"https:\/\/diariodalagoa.pt\/#\/schema\/person\/1615a002370e8857b6f972834bc43ece\"},\"description\":\"Edi\u00e7\u00e3o deste ano procura alertar para a correta gest\u00e3o de res\u00edduos refor\u00e7ando a import\u00e2ncia da redu\u00e7\u00e3o da produ\u00e7\u00e3o de res\u00edduos.\",\"breadcrumb\":{\"@id\":\"https:\/\/diariodalagoa.pt\/lagoa-associa-se-a-semana-europeia-da-prevencao-dos-residuos\/#breadcrumb\"},\"inLanguage\":\"fr-FR\",\"potentialAction\":[{\"@type\":\"ReadAction\",\"target\":[\"https:\/\/diariodalagoa.pt\/lagoa-associa-se-a-semana-europeia-da-prevencao-dos-residuos\/\"]}]},{\"@type\":\"BreadcrumbList\",\"@id\":\"https:\/\/diariodalagoa.pt\/lagoa-associa-se-a-semana-europeia-da-prevencao-dos-residuos\/#breadcrumb\",\"itemListElement\":[{\"@type\":\"ListItem\",\"position\":1,\"name\":\"In\u00edcio\",\"item\":\"https:\/\/diariodalagoa.pt\/\"},{\"@type\":\"ListItem\",\"position\":2,\"name\":\"Lagoa associa-se \u00e0 Semana Europeia da Preven\u00e7\u00e3o dos Res\u00edduos\"}]},{\"@type\":\"WebSite\",\"@id\":\"https:\/\/diariodalagoa.pt\/#website\",\"url\":\"https:\/\/diariodalagoa.pt\/\",\"name\":\"Di\u00e1rio da Lagoa\",\"description\":\"Di\u00e1rio da Lagoa. As not\u00edcias que contam. A partir da Lagoa, nos A\u00e7ores, para o mundo.\",\"potentialAction\":[{\"@type\":\"SearchAction\",\"target\":{\"@type\":\"EntryPoint\",\"urlTemplate\":\"https:\/\/diariodalagoa.pt\/?s={search_term_string}\"},\"query-input\":\"required name=search_term_string\"}],\"inLanguage\":\"fr-FR\"},{\"@type\":\"Person\",\"@id\":\"https:\/\/diariodalagoa.pt\/#\/schema\/person\/1615a002370e8857b6f972834bc43ece\",\"name\":\"Di\u00e1rio da Lagoa\",\"image\":{\"@type\":\"ImageObject\",\"inLanguage\":\"fr-FR\",\"@id\":\"https:\/\/diariodalagoa.pt\/#\/schema\/person\/image\/\",\"url\":\"https:\/\/secure.gravatar.com\/avatar\/2cb5cef90a26f8fbd4d9d930608102c5?s=96&d=mm&r=g\",\"contentUrl\":\"https:\/\/secure.gravatar.com\/avatar\/2cb5cef90a26f8fbd4d9d930608102c5?s=96&d=mm&r=g\",\"caption\":\"Di\u00e1rio da Lagoa\"},\"url\":\"https:\/\/diariodalagoa.pt\/fr\/author\/diariodalagoa\/\"}]}<\/script>\n<!-- \/ Yoast SEO plugin. -->","yoast_head_json":{"title":"Lagoa associa-se \u00e0 Semana Europeia da Preven\u00e7\u00e3o dos Res\u00edduos - Di\u00e1rio da Lagoa","description":"Edi\u00e7\u00e3o deste ano procura alertar para a correta gest\u00e3o de res\u00edduos refor\u00e7ando a import\u00e2ncia da redu\u00e7\u00e3o da produ\u00e7\u00e3o de res\u00edduos.","robots":{"index":"index","follow":"follow","max-snippet":"max-snippet:-1","max-image-preview":"max-image-preview:large","max-video-preview":"max-video-preview:-1"},"canonical":"https:\/\/diariodalagoa.pt\/fr\/lagoa-associa-se-a-semana-europeia-da-prevencao-dos-residuos\/","og_locale":"fr_FR","og_type":"article","og_title":"Lagoa associa-se \u00e0 Semana Europeia da Preven\u00e7\u00e3o dos Res\u00edduos - Di\u00e1rio da Lagoa","og_description":"Edi\u00e7\u00e3o deste ano procura alertar para a correta gest\u00e3o de res\u00edduos refor\u00e7ando a import\u00e2ncia da redu\u00e7\u00e3o da produ\u00e7\u00e3o de res\u00edduos.","og_url":"https:\/\/diariodalagoa.pt\/fr\/lagoa-associa-se-a-semana-europeia-da-prevencao-dos-residuos\/","og_site_name":"Di\u00e1rio da Lagoa","article_published_time":"2025-11-21T10:33:19+00:00","article_modified_time":"2025-11-21T10:33:21+00:00","og_image":[{"width":960,"height":639,"url":"https:\/\/diariodalagoa.pt\/wp-content\/uploads\/2025\/11\/concellho-da-lagoa-drone-cml-novembro-2025.jpg","type":"image\/jpeg"}],"author":"Di\u00e1rio da Lagoa","twitter_card":"summary_large_image","twitter_misc":{"\u00c9crit par":"Di\u00e1rio da Lagoa","Dur\u00e9e de lecture estim\u00e9e":"3 minutes"},"schema":{"@context":"https:\/\/schema.org","@graph":[{"@type":"WebPage","@id":"https:\/\/diariodalagoa.pt\/lagoa-associa-se-a-semana-europeia-da-prevencao-dos-residuos\/","url":"https:\/\/diariodalagoa.pt\/lagoa-associa-se-a-semana-europeia-da-prevencao-dos-residuos\/","name":"Lagoa associa-se \u00e0 Semana Europeia da Preven\u00e7\u00e3o dos Res\u00edduos - Di\u00e1rio da Lagoa","isPartOf":{"@id":"https:\/\/diariodalagoa.pt\/#website"},"datePublished":"2025-11-21T10:33:19+00:00","dateModified":"2025-11-21T10:33:21+00:00","author":{"@id":"https:\/\/diariodalagoa.pt\/#\/schema\/person\/1615a002370e8857b6f972834bc43ece"},"description":"Edi\u00e7\u00e3o deste ano procura alertar para a correta gest\u00e3o de res\u00edduos refor\u00e7ando a import\u00e2ncia da redu\u00e7\u00e3o da produ\u00e7\u00e3o de res\u00edduos.","breadcrumb":{"@id":"https:\/\/diariodalagoa.pt\/lagoa-associa-se-a-semana-europeia-da-prevencao-dos-residuos\/#breadcrumb"},"inLanguage":"fr-FR","potentialAction":[{"@type":"ReadAction","target":["https:\/\/diariodalagoa.pt\/lagoa-associa-se-a-semana-europeia-da-prevencao-dos-residuos\/"]}]},{"@type":"BreadcrumbList","@id":"https:\/\/diariodalagoa.pt\/lagoa-associa-se-a-semana-europeia-da-prevencao-dos-residuos\/#breadcrumb","itemListElement":[{"@type":"ListItem","position":1,"name":"In\u00edcio","item":"https:\/\/diariodalagoa.pt\/"},{"@type":"ListItem","position":2,"name":"Lagoa associa-se \u00e0 Semana Europeia da Preven\u00e7\u00e3o dos Res\u00edduos"}]},{"@type":"WebSite","@id":"https:\/\/diariodalagoa.pt\/#website","url":"https:\/\/diariodalagoa.pt\/","name":"Di\u00e1rio da Lagoa","description":"Di\u00e1rio da Lagoa. As not\u00edcias que contam. A partir da Lagoa, nos A\u00e7ores, para o mundo.","potentialAction":[{"@type":"SearchAction","target":{"@type":"EntryPoint","urlTemplate":"https:\/\/diariodalagoa.pt\/?s={search_term_string}"},"query-input":"required name=search_term_string"}],"inLanguage":"fr-FR"},{"@type":"Person","@id":"https:\/\/diariodalagoa.pt\/#\/schema\/person\/1615a002370e8857b6f972834bc43ece","name":"Di\u00e1rio da Lagoa","image":{"@type":"ImageObject","inLanguage":"fr-FR","@id":"https:\/\/diariodalagoa.pt\/#\/schema\/person\/image\/","url":"https:\/\/secure.gravatar.com\/avatar\/2cb5cef90a26f8fbd4d9d930608102c5?s=96&d=mm&r=g","contentUrl":"https:\/\/secure.gravatar.com\/avatar\/2cb5cef90a26f8fbd4d9d930608102c5?s=96&d=mm&r=g","caption":"Di\u00e1rio da Lagoa"},"url":"https:\/\/diariodalagoa.pt\/fr\/author\/diariodalagoa\/"}]}},"_links":{"self":[{"href":"https:\/\/diariodalagoa.pt\/fr\/wp-json\/wp\/v2\/posts\/159995"}],"collection":[{"href":"https:\/\/diariodalagoa.pt\/fr\/wp-json\/wp\/v2\/posts"}],"about":[{"href":"https:\/\/diariodalagoa.pt\/fr\/wp-json\/wp\/v2\/types\/post"}],"author":[{"embeddable":true,"href":"https:\/\/diariodalagoa.pt\/fr\/wp-json\/wp\/v2\/users\/2"}],"replies":[{"embeddable":true,"href":"https:\/\/diariodalagoa.pt\/fr\/wp-json\/wp\/v2\/comments?post=159995"}],"version-history":[{"count":5,"href":"https:\/\/diariodalagoa.pt\/fr\/wp-json\/wp\/v2\/posts\/159995\/revisions"}],"predecessor-version":[{"id":160002,"href":"https:\/\/diariodalagoa.pt\/fr\/wp-json\/wp\/v2\/posts\/159995\/revisions\/160002"}],"wp:featuredmedia":[{"embeddable":true,"href":"https:\/\/diariodalagoa.pt\/fr\/wp-json\/wp\/v2\/media\/159998"}],"wp:attachment":[{"href":"https:\/\/diariodalagoa.pt\/fr\/wp-json\/wp\/v2\/media?parent=159995"}],"wp:term":[{"taxonomy":"category","embeddable":true,"href":"https:\/\/diariodalagoa.pt\/fr\/wp-json\/wp\/v2\/categories?post=159995"},{"taxonomy":"post_tag","embeddable":true,"href":"https:\/\/diariodalagoa.pt\/fr\/wp-json\/wp\/v2\/tags?post=159995"}],"curies":[{"name":"wp","href":"https:\/\/api.w.org\/{rel}","templated":true}]}}