{"id":159712,"date":"2025-11-11T12:51:54","date_gmt":"2025-11-11T12:51:54","guid":{"rendered":"https:\/\/diariodalagoa.pt\/?p=159712"},"modified":"2025-11-11T12:51:55","modified_gmt":"2025-11-11T12:51:55","slug":"associacao-de-emigrantes-acorianos-celebra-15-anos-com-gala-comemorativa","status":"publish","type":"post","link":"https:\/\/diariodalagoa.pt\/fr\/associacao-de-emigrantes-acorianos-celebra-15-anos-com-gala-comemorativa\/","title":{"rendered":"Associa\u00e7\u00e3o de Emigrantes A\u00e7orianos celebra 15 anos com gala comemorativa"},"content":{"rendered":"<figure class=\"wp-block-image size-full\"><img decoding=\"async\" width=\"960\" height=\"720\" src=\"https:\/\/diariodalagoa.pt\/wp-content\/uploads\/2025\/11\/gala-associacao-emigrantes-acorianos-2025-dr.jpg\" alt=\"\" class=\"wp-image-159724\" srcset=\"https:\/\/diariodalagoa.pt\/wp-content\/uploads\/2025\/11\/gala-associacao-emigrantes-acorianos-2025-dr.jpg 960w, https:\/\/diariodalagoa.pt\/wp-content\/uploads\/2025\/11\/gala-associacao-emigrantes-acorianos-2025-dr-300x225.jpg 300w, https:\/\/diariodalagoa.pt\/wp-content\/uploads\/2025\/11\/gala-associacao-emigrantes-acorianos-2025-dr-768x576.jpg 768w, https:\/\/diariodalagoa.pt\/wp-content\/uploads\/2025\/11\/gala-associacao-emigrantes-acorianos-2025-dr-16x12.jpg 16w\" sizes=\"(max-width: 960px) 100vw, 960px\" \/><figcaption class=\"wp-element-caption\"><sup><mark style=\"background-color:rgba(0, 0, 0, 0)\" class=\"has-inline-color has-cyan-bluish-gray-color\">\u00a9 DIREITOS RESERVADOS<\/mark><\/sup><\/figcaption><\/figure>\n\n\n<p>A Associa\u00e7\u00e3o de Emigrantes A\u00e7orianos (AEA) celebrou os seus 15 anos com uma gala comemorativa no concelho da Ribeira Grande, no passado dia 8 de novembro de 2025.\u00a0<\/p>\n<p>No seu discurso, durante a cerim\u00f3nia, a presidente da AEA, Andrea Moniz-DeSouza disse que &#8220;onde houver um a\u00e7oriano, h\u00e1 um peda\u00e7o dos A\u00e7ores, e n\u00f3s nos orgulhamos de manter esses la\u00e7os vivos&#8221;.<\/p>\n<p>&#8220;Acreditamos profundamente que a Associa\u00e7\u00e3o de Emigrantes A\u00e7orianos representa um bra\u00e7o essencial do trabalho do Governo junto das nossas comunidades na di\u00e1spora. Somos aqueles que est\u00e3o no terreno, que conhecem e viveram a experi\u00eancia da emigra\u00e7\u00e3o, que escutam e entendem diretamente as necessidades, desafios e sonhos dos nossos emigrantes&#8221; sublinha a respons\u00e1vel.<\/p>\n<p>Andrea Moniz-DeSouza destaca que &#8220;ao longo destes 15 anos, a nossa Associa\u00e7\u00e3o tem sido muito mais do que um nome, uma sede ou um conjunto de estatutos. Tem sido um abra\u00e7o que atravessa oceanos.<br \/>Tem sido uma voz que lembra aos nossos emigrantes que nunca deixaram de pertencer&#8221;.<\/p>\n<p>A respons\u00e1vel agradeceu os apoios e parcerias que a associa\u00e7\u00e3o tem com as mais diferentes institui\u00e7\u00f5es, nomeadamente com o Governo regional dos A\u00e7ores e com a c\u00e2mara municiapal da Ribeira Grande.\u00a0<\/p>\n<p>O presidente da c\u00e2mara municipal da Ribeira Grande, Jaime Vieira, sublinhou que &#8220;15 anos de uma associa\u00e7\u00e3o s\u00e3o motivo de orgulho, o mais importante nas associa\u00e7\u00f5es \u00e9 mant\u00ea-las em aberto e esta associa\u00e7\u00e3o tem vindo ao longo dos anos significando aquilo que \u00e9 a sua verdadeira ess\u00eancia porque como todos n\u00f3s sabemos os emigrantes s\u00e3o sempre a outra face da mesma moeda. A moeda A\u00e7ores tem aqueles que est\u00e3o concentrados nesta \u00e1rea pequena geograficamente, no meio do Atl\u00e2ntico, e tem muita gente espalhada pelos v\u00e1rios cantos do mundo&#8221;.\u00a0<\/p>\n<p>&#8220;Andrea, tudo irei fazer para que tu tenhas o melhor presente que eu te possa dar, que \u00e9 recuperar a antiga sede da associa\u00e7\u00e3o dos emigrantes que eu sei que \u00e9 um sonho teu&#8221;, prometeu o autarca.\u00a0<\/p>\n<p>No seu discurso, o diretor regional das comunidades, Jos\u00e9 Andrade, sublinhou &#8220;que faz todo o sentido termos uma associa\u00e7\u00e3o como esta nos A\u00e7ores porque somos e sempre fomos uma terra de emigrantes&#8221;. O governanente destacou ainda que &#8220;os A\u00e7ores s\u00f3 ficam completos com a sua d\u00e9cima ilha por isso tinha que existir uma associa\u00e7\u00e3o de emigrantes a\u00e7orianos&#8221;.\u00a0<\/p>","protected":false},"excerpt":{"rendered":"<p>Institui\u00e7\u00e3o &#8220;representa um bra\u00e7o essencial do trabalho do Governo junto das nossas comunidades na di\u00e1spora&#8221; diz a presidente, Andrea Moniz-DeSouza. <\/p>","protected":false},"author":2,"featured_media":159724,"comment_status":"open","ping_status":"closed","sticky":false,"template":"","format":"standard","meta":[],"categories":[21],"tags":[50,242,291,1860],"acf":[],"yoast_head":"<!-- This site is optimized with the Yoast SEO plugin v20.10 - https:\/\/yoast.com\/wordpress\/plugins\/seo\/ -->\n<title>Associa\u00e7\u00e3o de Emigrantes A\u00e7orianos celebra 15 anos com gala comemorativa - Di\u00e1rio da Lagoa<\/title>\n<meta name=\"description\" content=\"Institui\u00e7\u00e3o &quot;representa um bra\u00e7o essencial do trabalho do Governo junto das nossas comunidades na di\u00e1spora&quot; diz a presidente, Andrea Moniz-DeSouza.\" \/>\n<meta name=\"robots\" content=\"index, follow, max-snippet:-1, max-image-preview:large, max-video-preview:-1\" \/>\n<link rel=\"canonical\" href=\"https:\/\/diariodalagoa.pt\/fr\/associacao-de-emigrantes-acorianos-celebra-15-anos-com-gala-comemorativa\/\" \/>\n<meta property=\"og:locale\" content=\"fr_FR\" \/>\n<meta property=\"og:type\" content=\"article\" \/>\n<meta property=\"og:title\" content=\"Associa\u00e7\u00e3o de Emigrantes A\u00e7orianos celebra 15 anos com gala comemorativa - Di\u00e1rio da Lagoa\" \/>\n<meta property=\"og:description\" content=\"Institui\u00e7\u00e3o &quot;representa um bra\u00e7o essencial do trabalho do Governo junto das nossas comunidades na di\u00e1spora&quot; diz a presidente, Andrea Moniz-DeSouza.\" \/>\n<meta property=\"og:url\" content=\"https:\/\/diariodalagoa.pt\/fr\/associacao-de-emigrantes-acorianos-celebra-15-anos-com-gala-comemorativa\/\" \/>\n<meta property=\"og:site_name\" content=\"Di\u00e1rio da Lagoa\" \/>\n<meta property=\"article:published_time\" content=\"2025-11-11T12:51:54+00:00\" \/>\n<meta property=\"article:modified_time\" content=\"2025-11-11T12:51:55+00:00\" \/>\n<meta property=\"og:image\" content=\"https:\/\/diariodalagoa.pt\/wp-content\/uploads\/2025\/11\/gala-associacao-emigrantes-acorianos-2025-dr.jpg\" \/>\n\t<meta property=\"og:image:width\" content=\"960\" \/>\n\t<meta property=\"og:image:height\" content=\"720\" \/>\n\t<meta property=\"og:image:type\" content=\"image\/jpeg\" \/>\n<meta name=\"author\" content=\"Di\u00e1rio da Lagoa\" \/>\n<meta name=\"twitter:card\" content=\"summary_large_image\" \/>\n<meta name=\"twitter:label1\" content=\"\u00c9crit par\" \/>\n\t<meta name=\"twitter:data1\" content=\"Di\u00e1rio da Lagoa\" \/>\n\t<meta name=\"twitter:label2\" content=\"Dur\u00e9e de lecture estim\u00e9e\" \/>\n\t<meta name=\"twitter:data2\" content=\"3 minutes\" \/>\n<script type=\"application\/ld+json\" class=\"yoast-schema-graph\">{\"@context\":\"https:\/\/schema.org\",\"@graph\":[{\"@type\":\"WebPage\",\"@id\":\"https:\/\/diariodalagoa.pt\/associacao-de-emigrantes-acorianos-celebra-15-anos-com-gala-comemorativa\/\",\"url\":\"https:\/\/diariodalagoa.pt\/associacao-de-emigrantes-acorianos-celebra-15-anos-com-gala-comemorativa\/\",\"name\":\"Associa\u00e7\u00e3o de Emigrantes A\u00e7orianos celebra 15 anos com gala comemorativa - Di\u00e1rio da Lagoa\",\"isPartOf\":{\"@id\":\"https:\/\/diariodalagoa.pt\/#website\"},\"datePublished\":\"2025-11-11T12:51:54+00:00\",\"dateModified\":\"2025-11-11T12:51:55+00:00\",\"author\":{\"@id\":\"https:\/\/diariodalagoa.pt\/#\/schema\/person\/1615a002370e8857b6f972834bc43ece\"},\"description\":\"Institui\u00e7\u00e3o \\\"representa um bra\u00e7o essencial do trabalho do Governo junto das nossas comunidades na di\u00e1spora\\\" diz a presidente, Andrea Moniz-DeSouza.\",\"breadcrumb\":{\"@id\":\"https:\/\/diariodalagoa.pt\/associacao-de-emigrantes-acorianos-celebra-15-anos-com-gala-comemorativa\/#breadcrumb\"},\"inLanguage\":\"fr-FR\",\"potentialAction\":[{\"@type\":\"ReadAction\",\"target\":[\"https:\/\/diariodalagoa.pt\/associacao-de-emigrantes-acorianos-celebra-15-anos-com-gala-comemorativa\/\"]}]},{\"@type\":\"BreadcrumbList\",\"@id\":\"https:\/\/diariodalagoa.pt\/associacao-de-emigrantes-acorianos-celebra-15-anos-com-gala-comemorativa\/#breadcrumb\",\"itemListElement\":[{\"@type\":\"ListItem\",\"position\":1,\"name\":\"In\u00edcio\",\"item\":\"https:\/\/diariodalagoa.pt\/\"},{\"@type\":\"ListItem\",\"position\":2,\"name\":\"Associa\u00e7\u00e3o de Emigrantes A\u00e7orianos celebra 15 anos com gala comemorativa\"}]},{\"@type\":\"WebSite\",\"@id\":\"https:\/\/diariodalagoa.pt\/#website\",\"url\":\"https:\/\/diariodalagoa.pt\/\",\"name\":\"Di\u00e1rio da Lagoa\",\"description\":\"Di\u00e1rio da Lagoa. As not\u00edcias que contam. A partir da Lagoa, nos A\u00e7ores, para o mundo.\",\"potentialAction\":[{\"@type\":\"SearchAction\",\"target\":{\"@type\":\"EntryPoint\",\"urlTemplate\":\"https:\/\/diariodalagoa.pt\/?s={search_term_string}\"},\"query-input\":\"required name=search_term_string\"}],\"inLanguage\":\"fr-FR\"},{\"@type\":\"Person\",\"@id\":\"https:\/\/diariodalagoa.pt\/#\/schema\/person\/1615a002370e8857b6f972834bc43ece\",\"name\":\"Di\u00e1rio da Lagoa\",\"image\":{\"@type\":\"ImageObject\",\"inLanguage\":\"fr-FR\",\"@id\":\"https:\/\/diariodalagoa.pt\/#\/schema\/person\/image\/\",\"url\":\"https:\/\/secure.gravatar.com\/avatar\/2cb5cef90a26f8fbd4d9d930608102c5?s=96&d=mm&r=g\",\"contentUrl\":\"https:\/\/secure.gravatar.com\/avatar\/2cb5cef90a26f8fbd4d9d930608102c5?s=96&d=mm&r=g\",\"caption\":\"Di\u00e1rio da Lagoa\"},\"url\":\"https:\/\/diariodalagoa.pt\/fr\/author\/diariodalagoa\/\"}]}<\/script>\n<!-- \/ Yoast SEO plugin. -->","yoast_head_json":{"title":"Associa\u00e7\u00e3o de Emigrantes A\u00e7orianos celebra 15 anos com gala comemorativa - Di\u00e1rio da Lagoa","description":"Institui\u00e7\u00e3o \"representa um bra\u00e7o essencial do trabalho do Governo junto das nossas comunidades na di\u00e1spora\" diz a presidente, Andrea Moniz-DeSouza.","robots":{"index":"index","follow":"follow","max-snippet":"max-snippet:-1","max-image-preview":"max-image-preview:large","max-video-preview":"max-video-preview:-1"},"canonical":"https:\/\/diariodalagoa.pt\/fr\/associacao-de-emigrantes-acorianos-celebra-15-anos-com-gala-comemorativa\/","og_locale":"fr_FR","og_type":"article","og_title":"Associa\u00e7\u00e3o de Emigrantes A\u00e7orianos celebra 15 anos com gala comemorativa - Di\u00e1rio da Lagoa","og_description":"Institui\u00e7\u00e3o \"representa um bra\u00e7o essencial do trabalho do Governo junto das nossas comunidades na di\u00e1spora\" diz a presidente, Andrea Moniz-DeSouza.","og_url":"https:\/\/diariodalagoa.pt\/fr\/associacao-de-emigrantes-acorianos-celebra-15-anos-com-gala-comemorativa\/","og_site_name":"Di\u00e1rio da Lagoa","article_published_time":"2025-11-11T12:51:54+00:00","article_modified_time":"2025-11-11T12:51:55+00:00","og_image":[{"width":960,"height":720,"url":"https:\/\/diariodalagoa.pt\/wp-content\/uploads\/2025\/11\/gala-associacao-emigrantes-acorianos-2025-dr.jpg","type":"image\/jpeg"}],"author":"Di\u00e1rio da Lagoa","twitter_card":"summary_large_image","twitter_misc":{"\u00c9crit par":"Di\u00e1rio da Lagoa","Dur\u00e9e de lecture estim\u00e9e":"3 minutes"},"schema":{"@context":"https:\/\/schema.org","@graph":[{"@type":"WebPage","@id":"https:\/\/diariodalagoa.pt\/associacao-de-emigrantes-acorianos-celebra-15-anos-com-gala-comemorativa\/","url":"https:\/\/diariodalagoa.pt\/associacao-de-emigrantes-acorianos-celebra-15-anos-com-gala-comemorativa\/","name":"Associa\u00e7\u00e3o de Emigrantes A\u00e7orianos celebra 15 anos com gala comemorativa - Di\u00e1rio da Lagoa","isPartOf":{"@id":"https:\/\/diariodalagoa.pt\/#website"},"datePublished":"2025-11-11T12:51:54+00:00","dateModified":"2025-11-11T12:51:55+00:00","author":{"@id":"https:\/\/diariodalagoa.pt\/#\/schema\/person\/1615a002370e8857b6f972834bc43ece"},"description":"Institui\u00e7\u00e3o \"representa um bra\u00e7o essencial do trabalho do Governo junto das nossas comunidades na di\u00e1spora\" diz a presidente, Andrea Moniz-DeSouza.","breadcrumb":{"@id":"https:\/\/diariodalagoa.pt\/associacao-de-emigrantes-acorianos-celebra-15-anos-com-gala-comemorativa\/#breadcrumb"},"inLanguage":"fr-FR","potentialAction":[{"@type":"ReadAction","target":["https:\/\/diariodalagoa.pt\/associacao-de-emigrantes-acorianos-celebra-15-anos-com-gala-comemorativa\/"]}]},{"@type":"BreadcrumbList","@id":"https:\/\/diariodalagoa.pt\/associacao-de-emigrantes-acorianos-celebra-15-anos-com-gala-comemorativa\/#breadcrumb","itemListElement":[{"@type":"ListItem","position":1,"name":"In\u00edcio","item":"https:\/\/diariodalagoa.pt\/"},{"@type":"ListItem","position":2,"name":"Associa\u00e7\u00e3o de Emigrantes A\u00e7orianos celebra 15 anos com gala comemorativa"}]},{"@type":"WebSite","@id":"https:\/\/diariodalagoa.pt\/#website","url":"https:\/\/diariodalagoa.pt\/","name":"Di\u00e1rio da Lagoa","description":"Di\u00e1rio da Lagoa. As not\u00edcias que contam. A partir da Lagoa, nos A\u00e7ores, para o mundo.","potentialAction":[{"@type":"SearchAction","target":{"@type":"EntryPoint","urlTemplate":"https:\/\/diariodalagoa.pt\/?s={search_term_string}"},"query-input":"required name=search_term_string"}],"inLanguage":"fr-FR"},{"@type":"Person","@id":"https:\/\/diariodalagoa.pt\/#\/schema\/person\/1615a002370e8857b6f972834bc43ece","name":"Di\u00e1rio da Lagoa","image":{"@type":"ImageObject","inLanguage":"fr-FR","@id":"https:\/\/diariodalagoa.pt\/#\/schema\/person\/image\/","url":"https:\/\/secure.gravatar.com\/avatar\/2cb5cef90a26f8fbd4d9d930608102c5?s=96&d=mm&r=g","contentUrl":"https:\/\/secure.gravatar.com\/avatar\/2cb5cef90a26f8fbd4d9d930608102c5?s=96&d=mm&r=g","caption":"Di\u00e1rio da Lagoa"},"url":"https:\/\/diariodalagoa.pt\/fr\/author\/diariodalagoa\/"}]}},"_links":{"self":[{"href":"https:\/\/diariodalagoa.pt\/fr\/wp-json\/wp\/v2\/posts\/159712"}],"collection":[{"href":"https:\/\/diariodalagoa.pt\/fr\/wp-json\/wp\/v2\/posts"}],"about":[{"href":"https:\/\/diariodalagoa.pt\/fr\/wp-json\/wp\/v2\/types\/post"}],"author":[{"embeddable":true,"href":"https:\/\/diariodalagoa.pt\/fr\/wp-json\/wp\/v2\/users\/2"}],"replies":[{"embeddable":true,"href":"https:\/\/diariodalagoa.pt\/fr\/wp-json\/wp\/v2\/comments?post=159712"}],"version-history":[{"count":10,"href":"https:\/\/diariodalagoa.pt\/fr\/wp-json\/wp\/v2\/posts\/159712\/revisions"}],"predecessor-version":[{"id":159725,"href":"https:\/\/diariodalagoa.pt\/fr\/wp-json\/wp\/v2\/posts\/159712\/revisions\/159725"}],"wp:featuredmedia":[{"embeddable":true,"href":"https:\/\/diariodalagoa.pt\/fr\/wp-json\/wp\/v2\/media\/159724"}],"wp:attachment":[{"href":"https:\/\/diariodalagoa.pt\/fr\/wp-json\/wp\/v2\/media?parent=159712"}],"wp:term":[{"taxonomy":"category","embeddable":true,"href":"https:\/\/diariodalagoa.pt\/fr\/wp-json\/wp\/v2\/categories?post=159712"},{"taxonomy":"post_tag","embeddable":true,"href":"https:\/\/diariodalagoa.pt\/fr\/wp-json\/wp\/v2\/tags?post=159712"}],"curies":[{"name":"wp","href":"https:\/\/api.w.org\/{rel}","templated":true}]}}