{"id":159583,"date":"2025-11-03T18:51:38","date_gmt":"2025-11-03T18:51:38","guid":{"rendered":"https:\/\/diariodalagoa.pt\/?p=159583"},"modified":"2025-11-03T18:53:25","modified_gmt":"2025-11-03T18:53:25","slug":"freguesia-do-rosario-conta-com-mais-um-parque-de-estacionamento","status":"publish","type":"post","link":"https:\/\/diariodalagoa.pt\/fr\/freguesia-do-rosario-conta-com-mais-um-parque-de-estacionamento\/","title":{"rendered":"Freguesia do Ros\u00e1rio conta com mais um parque de estacionamento"},"content":{"rendered":"<figure class=\"wp-block-image size-full\"><img decoding=\"async\" width=\"960\" height=\"640\" src=\"https:\/\/diariodalagoa.pt\/wp-content\/uploads\/2025\/11\/parque-estacionamento-na-travessa-dr-jose-pereira-botelho-2025-cml.jpg\" alt=\"\" class=\"wp-image-159584\" srcset=\"https:\/\/diariodalagoa.pt\/wp-content\/uploads\/2025\/11\/parque-estacionamento-na-travessa-dr-jose-pereira-botelho-2025-cml.jpg 960w, https:\/\/diariodalagoa.pt\/wp-content\/uploads\/2025\/11\/parque-estacionamento-na-travessa-dr-jose-pereira-botelho-2025-cml-300x200.jpg 300w, https:\/\/diariodalagoa.pt\/wp-content\/uploads\/2025\/11\/parque-estacionamento-na-travessa-dr-jose-pereira-botelho-2025-cml-768x512.jpg 768w, https:\/\/diariodalagoa.pt\/wp-content\/uploads\/2025\/11\/parque-estacionamento-na-travessa-dr-jose-pereira-botelho-2025-cml-18x12.jpg 18w\" sizes=\"(max-width: 960px) 100vw, 960px\" \/><figcaption class=\"wp-element-caption\"><sup><mark style=\"background-color:rgba(0, 0, 0, 0)\" class=\"has-inline-color has-cyan-bluish-gray-color\">\u00a9 CM LAGOA<\/mark><\/sup><\/figcaption><\/figure>\n\n\n<p>Foi inaugurado esta segunda-feira, 3 de novembro, mais um parque de estacionamento na freguesia de Nossa Senhora do Ros\u00e1rio, na cidade da Lagoa, desta vez situado na travessa Dr. Jos\u00e9 Pereira Botelho.<\/p>\n<p>Segundo nota de imprensa enviada pela autarquia lagoense, o novo espa\u00e7o disp\u00f5e de capacidade para 18 viaturas. A C\u00e2mara Municipal de Lagoa revela, ainda, que pretende proceder \u00e0 elabora\u00e7\u00e3o de um projeto junto ao parque agora inaugurado para a instala\u00e7\u00e3o de um espa\u00e7o dedicado \u00e0 comunidade.<\/p>\n<p>\u201cA C\u00e2mara Municipal de Lagoa tem vindo a investir de forma cont\u00ednua na melhoria das condi\u00e7\u00f5es de mobilidade em todo o concelho, com especial enfoque nos principais centros urbanos, de modo a responder \u00e0 crescente procura de estacionamento e a melhorar a circula\u00e7\u00e3o e seguran\u00e7a de todos os cidad\u00e3os\u201d, salientou na ocasi\u00e3o o presidente da C\u00e2mara da Lagoa, Frederico Sousa, que procedeu \u00e0 inaugura\u00e7\u00e3o do novo parque.<\/p>\n<p>A autarquia conclui ainda que estas interven\u00e7\u00f5es &#8220;integram-se na estrat\u00e9gia municipal de promover solu\u00e7\u00f5es urbanas mais pr\u00e1ticas, contribuindo para o aumento da comodidade e seguran\u00e7a de quem utiliza os espa\u00e7os p\u00fablicos, tanto em zonas comerciais e de servi\u00e7os, como nas \u00e1reas residenciais envolventes&#8221;.<\/p>","protected":false},"excerpt":{"rendered":"<p>Novo parque est\u00e1 localizado na travessa Dr. Jos\u00e9 Pereira Botelho e disp\u00f5e de capacidade para 18 viaturas.<\/p>","protected":false},"author":2,"featured_media":159584,"comment_status":"open","ping_status":"closed","sticky":false,"template":"","format":"standard","meta":[],"categories":[21],"tags":[34,289,1184,1215],"acf":[],"yoast_head":"<!-- This site is optimized with the Yoast SEO plugin v20.10 - https:\/\/yoast.com\/wordpress\/plugins\/seo\/ -->\n<title>Freguesia do Ros\u00e1rio conta com mais um parque de estacionamento - Di\u00e1rio da Lagoa<\/title>\n<meta name=\"description\" content=\"Novo parque est\u00e1 localizado na travessa Dr. Jos\u00e9 Pereira Botelho e disp\u00f5e de capacidade para 18 viaturas.\" \/>\n<meta name=\"robots\" content=\"index, follow, max-snippet:-1, max-image-preview:large, max-video-preview:-1\" \/>\n<link rel=\"canonical\" href=\"https:\/\/diariodalagoa.pt\/fr\/freguesia-do-rosario-conta-com-mais-um-parque-de-estacionamento\/\" \/>\n<meta property=\"og:locale\" content=\"fr_FR\" \/>\n<meta property=\"og:type\" content=\"article\" \/>\n<meta property=\"og:title\" content=\"Freguesia do Ros\u00e1rio conta com mais um parque de estacionamento - Di\u00e1rio da Lagoa\" \/>\n<meta property=\"og:description\" content=\"Novo parque est\u00e1 localizado na travessa Dr. Jos\u00e9 Pereira Botelho e disp\u00f5e de capacidade para 18 viaturas.\" \/>\n<meta property=\"og:url\" content=\"https:\/\/diariodalagoa.pt\/fr\/freguesia-do-rosario-conta-com-mais-um-parque-de-estacionamento\/\" \/>\n<meta property=\"og:site_name\" content=\"Di\u00e1rio da Lagoa\" \/>\n<meta property=\"article:published_time\" content=\"2025-11-03T18:51:38+00:00\" \/>\n<meta property=\"article:modified_time\" content=\"2025-11-03T18:53:25+00:00\" \/>\n<meta property=\"og:image\" content=\"https:\/\/diariodalagoa.pt\/wp-content\/uploads\/2025\/11\/parque-estacionamento-na-travessa-dr-jose-pereira-botelho-2025-cml.jpg\" \/>\n\t<meta property=\"og:image:width\" content=\"960\" \/>\n\t<meta property=\"og:image:height\" content=\"640\" \/>\n\t<meta property=\"og:image:type\" content=\"image\/jpeg\" \/>\n<meta name=\"author\" content=\"Di\u00e1rio da Lagoa\" \/>\n<meta name=\"twitter:card\" content=\"summary_large_image\" \/>\n<meta name=\"twitter:label1\" content=\"\u00c9crit par\" \/>\n\t<meta name=\"twitter:data1\" content=\"Di\u00e1rio da Lagoa\" \/>\n\t<meta name=\"twitter:label2\" content=\"Dur\u00e9e de lecture estim\u00e9e\" \/>\n\t<meta name=\"twitter:data2\" content=\"2 minutes\" \/>\n<script type=\"application\/ld+json\" class=\"yoast-schema-graph\">{\"@context\":\"https:\/\/schema.org\",\"@graph\":[{\"@type\":\"WebPage\",\"@id\":\"https:\/\/diariodalagoa.pt\/freguesia-do-rosario-conta-com-mais-um-parque-de-estacionamento\/\",\"url\":\"https:\/\/diariodalagoa.pt\/freguesia-do-rosario-conta-com-mais-um-parque-de-estacionamento\/\",\"name\":\"Freguesia do Ros\u00e1rio conta com mais um parque de estacionamento - Di\u00e1rio da Lagoa\",\"isPartOf\":{\"@id\":\"https:\/\/diariodalagoa.pt\/#website\"},\"datePublished\":\"2025-11-03T18:51:38+00:00\",\"dateModified\":\"2025-11-03T18:53:25+00:00\",\"author\":{\"@id\":\"https:\/\/diariodalagoa.pt\/#\/schema\/person\/1615a002370e8857b6f972834bc43ece\"},\"description\":\"Novo parque est\u00e1 localizado na travessa Dr. Jos\u00e9 Pereira Botelho e disp\u00f5e de capacidade para 18 viaturas.\",\"breadcrumb\":{\"@id\":\"https:\/\/diariodalagoa.pt\/freguesia-do-rosario-conta-com-mais-um-parque-de-estacionamento\/#breadcrumb\"},\"inLanguage\":\"fr-FR\",\"potentialAction\":[{\"@type\":\"ReadAction\",\"target\":[\"https:\/\/diariodalagoa.pt\/freguesia-do-rosario-conta-com-mais-um-parque-de-estacionamento\/\"]}]},{\"@type\":\"BreadcrumbList\",\"@id\":\"https:\/\/diariodalagoa.pt\/freguesia-do-rosario-conta-com-mais-um-parque-de-estacionamento\/#breadcrumb\",\"itemListElement\":[{\"@type\":\"ListItem\",\"position\":1,\"name\":\"In\u00edcio\",\"item\":\"https:\/\/diariodalagoa.pt\/\"},{\"@type\":\"ListItem\",\"position\":2,\"name\":\"Freguesia do Ros\u00e1rio conta com mais um parque de estacionamento\"}]},{\"@type\":\"WebSite\",\"@id\":\"https:\/\/diariodalagoa.pt\/#website\",\"url\":\"https:\/\/diariodalagoa.pt\/\",\"name\":\"Di\u00e1rio da Lagoa\",\"description\":\"Di\u00e1rio da Lagoa. As not\u00edcias que contam. A partir da Lagoa, nos A\u00e7ores, para o mundo.\",\"potentialAction\":[{\"@type\":\"SearchAction\",\"target\":{\"@type\":\"EntryPoint\",\"urlTemplate\":\"https:\/\/diariodalagoa.pt\/?s={search_term_string}\"},\"query-input\":\"required name=search_term_string\"}],\"inLanguage\":\"fr-FR\"},{\"@type\":\"Person\",\"@id\":\"https:\/\/diariodalagoa.pt\/#\/schema\/person\/1615a002370e8857b6f972834bc43ece\",\"name\":\"Di\u00e1rio da Lagoa\",\"image\":{\"@type\":\"ImageObject\",\"inLanguage\":\"fr-FR\",\"@id\":\"https:\/\/diariodalagoa.pt\/#\/schema\/person\/image\/\",\"url\":\"https:\/\/secure.gravatar.com\/avatar\/2cb5cef90a26f8fbd4d9d930608102c5?s=96&d=mm&r=g\",\"contentUrl\":\"https:\/\/secure.gravatar.com\/avatar\/2cb5cef90a26f8fbd4d9d930608102c5?s=96&d=mm&r=g\",\"caption\":\"Di\u00e1rio da Lagoa\"},\"url\":\"https:\/\/diariodalagoa.pt\/fr\/author\/diariodalagoa\/\"}]}<\/script>\n<!-- \/ Yoast SEO plugin. -->","yoast_head_json":{"title":"Freguesia do Ros\u00e1rio conta com mais um parque de estacionamento - Di\u00e1rio da Lagoa","description":"Novo parque est\u00e1 localizado na travessa Dr. Jos\u00e9 Pereira Botelho e disp\u00f5e de capacidade para 18 viaturas.","robots":{"index":"index","follow":"follow","max-snippet":"max-snippet:-1","max-image-preview":"max-image-preview:large","max-video-preview":"max-video-preview:-1"},"canonical":"https:\/\/diariodalagoa.pt\/fr\/freguesia-do-rosario-conta-com-mais-um-parque-de-estacionamento\/","og_locale":"fr_FR","og_type":"article","og_title":"Freguesia do Ros\u00e1rio conta com mais um parque de estacionamento - Di\u00e1rio da Lagoa","og_description":"Novo parque est\u00e1 localizado na travessa Dr. Jos\u00e9 Pereira Botelho e disp\u00f5e de capacidade para 18 viaturas.","og_url":"https:\/\/diariodalagoa.pt\/fr\/freguesia-do-rosario-conta-com-mais-um-parque-de-estacionamento\/","og_site_name":"Di\u00e1rio da Lagoa","article_published_time":"2025-11-03T18:51:38+00:00","article_modified_time":"2025-11-03T18:53:25+00:00","og_image":[{"width":960,"height":640,"url":"https:\/\/diariodalagoa.pt\/wp-content\/uploads\/2025\/11\/parque-estacionamento-na-travessa-dr-jose-pereira-botelho-2025-cml.jpg","type":"image\/jpeg"}],"author":"Di\u00e1rio da Lagoa","twitter_card":"summary_large_image","twitter_misc":{"\u00c9crit par":"Di\u00e1rio da Lagoa","Dur\u00e9e de lecture estim\u00e9e":"2 minutes"},"schema":{"@context":"https:\/\/schema.org","@graph":[{"@type":"WebPage","@id":"https:\/\/diariodalagoa.pt\/freguesia-do-rosario-conta-com-mais-um-parque-de-estacionamento\/","url":"https:\/\/diariodalagoa.pt\/freguesia-do-rosario-conta-com-mais-um-parque-de-estacionamento\/","name":"Freguesia do Ros\u00e1rio conta com mais um parque de estacionamento - Di\u00e1rio da Lagoa","isPartOf":{"@id":"https:\/\/diariodalagoa.pt\/#website"},"datePublished":"2025-11-03T18:51:38+00:00","dateModified":"2025-11-03T18:53:25+00:00","author":{"@id":"https:\/\/diariodalagoa.pt\/#\/schema\/person\/1615a002370e8857b6f972834bc43ece"},"description":"Novo parque est\u00e1 localizado na travessa Dr. Jos\u00e9 Pereira Botelho e disp\u00f5e de capacidade para 18 viaturas.","breadcrumb":{"@id":"https:\/\/diariodalagoa.pt\/freguesia-do-rosario-conta-com-mais-um-parque-de-estacionamento\/#breadcrumb"},"inLanguage":"fr-FR","potentialAction":[{"@type":"ReadAction","target":["https:\/\/diariodalagoa.pt\/freguesia-do-rosario-conta-com-mais-um-parque-de-estacionamento\/"]}]},{"@type":"BreadcrumbList","@id":"https:\/\/diariodalagoa.pt\/freguesia-do-rosario-conta-com-mais-um-parque-de-estacionamento\/#breadcrumb","itemListElement":[{"@type":"ListItem","position":1,"name":"In\u00edcio","item":"https:\/\/diariodalagoa.pt\/"},{"@type":"ListItem","position":2,"name":"Freguesia do Ros\u00e1rio conta com mais um parque de estacionamento"}]},{"@type":"WebSite","@id":"https:\/\/diariodalagoa.pt\/#website","url":"https:\/\/diariodalagoa.pt\/","name":"Di\u00e1rio da Lagoa","description":"Di\u00e1rio da Lagoa. As not\u00edcias que contam. A partir da Lagoa, nos A\u00e7ores, para o mundo.","potentialAction":[{"@type":"SearchAction","target":{"@type":"EntryPoint","urlTemplate":"https:\/\/diariodalagoa.pt\/?s={search_term_string}"},"query-input":"required name=search_term_string"}],"inLanguage":"fr-FR"},{"@type":"Person","@id":"https:\/\/diariodalagoa.pt\/#\/schema\/person\/1615a002370e8857b6f972834bc43ece","name":"Di\u00e1rio da Lagoa","image":{"@type":"ImageObject","inLanguage":"fr-FR","@id":"https:\/\/diariodalagoa.pt\/#\/schema\/person\/image\/","url":"https:\/\/secure.gravatar.com\/avatar\/2cb5cef90a26f8fbd4d9d930608102c5?s=96&d=mm&r=g","contentUrl":"https:\/\/secure.gravatar.com\/avatar\/2cb5cef90a26f8fbd4d9d930608102c5?s=96&d=mm&r=g","caption":"Di\u00e1rio da Lagoa"},"url":"https:\/\/diariodalagoa.pt\/fr\/author\/diariodalagoa\/"}]}},"_links":{"self":[{"href":"https:\/\/diariodalagoa.pt\/fr\/wp-json\/wp\/v2\/posts\/159583"}],"collection":[{"href":"https:\/\/diariodalagoa.pt\/fr\/wp-json\/wp\/v2\/posts"}],"about":[{"href":"https:\/\/diariodalagoa.pt\/fr\/wp-json\/wp\/v2\/types\/post"}],"author":[{"embeddable":true,"href":"https:\/\/diariodalagoa.pt\/fr\/wp-json\/wp\/v2\/users\/2"}],"replies":[{"embeddable":true,"href":"https:\/\/diariodalagoa.pt\/fr\/wp-json\/wp\/v2\/comments?post=159583"}],"version-history":[{"count":2,"href":"https:\/\/diariodalagoa.pt\/fr\/wp-json\/wp\/v2\/posts\/159583\/revisions"}],"predecessor-version":[{"id":159586,"href":"https:\/\/diariodalagoa.pt\/fr\/wp-json\/wp\/v2\/posts\/159583\/revisions\/159586"}],"wp:featuredmedia":[{"embeddable":true,"href":"https:\/\/diariodalagoa.pt\/fr\/wp-json\/wp\/v2\/media\/159584"}],"wp:attachment":[{"href":"https:\/\/diariodalagoa.pt\/fr\/wp-json\/wp\/v2\/media?parent=159583"}],"wp:term":[{"taxonomy":"category","embeddable":true,"href":"https:\/\/diariodalagoa.pt\/fr\/wp-json\/wp\/v2\/categories?post=159583"},{"taxonomy":"post_tag","embeddable":true,"href":"https:\/\/diariodalagoa.pt\/fr\/wp-json\/wp\/v2\/tags?post=159583"}],"curies":[{"name":"wp","href":"https:\/\/api.w.org\/{rel}","templated":true}]}}