{"id":159384,"date":"2025-10-21T22:44:39","date_gmt":"2025-10-21T22:44:39","guid":{"rendered":"https:\/\/diariodalagoa.pt\/?p=159384"},"modified":"2025-10-22T10:59:52","modified_gmt":"2025-10-22T10:59:52","slug":"este-jornal-e-servico-publico-e-como-servico-publico-esta-a-trabalhar-para-o-bem-comum","status":"publish","type":"post","link":"https:\/\/diariodalagoa.pt\/fr\/este-jornal-e-servico-publico-e-como-servico-publico-esta-a-trabalhar-para-o-bem-comum\/","title":{"rendered":"\u201cEste jornal \u00e9 servi\u00e7o p\u00fablico e como servi\u00e7o p\u00fablico est\u00e1 a trabalhar para o bem comum\u201d"},"content":{"rendered":"<h3 class=\"wp-block-heading\">Os problemas e os principais desafios do jornalismo local serviram de pretexto para o encontro comemorativo dos 11 anos da edi\u00e7\u00e3o impressa do Di\u00e1rio da Lagoa.<\/h3>\n\n\n\n<figure class=\"wp-block-image size-full\"><img decoding=\"async\" width=\"960\" height=\"640\" src=\"https:\/\/diariodalagoa.pt\/wp-content\/uploads\/2025\/10\/11o-aniversario-diario-da-lagoa-15.jpg\" alt=\"\" class=\"wp-image-159032\" srcset=\"https:\/\/diariodalagoa.pt\/wp-content\/uploads\/2025\/10\/11o-aniversario-diario-da-lagoa-15.jpg 960w, https:\/\/diariodalagoa.pt\/wp-content\/uploads\/2025\/10\/11o-aniversario-diario-da-lagoa-15-300x200.jpg 300w, https:\/\/diariodalagoa.pt\/wp-content\/uploads\/2025\/10\/11o-aniversario-diario-da-lagoa-15-768x512.jpg 768w, https:\/\/diariodalagoa.pt\/wp-content\/uploads\/2025\/10\/11o-aniversario-diario-da-lagoa-15-18x12.jpg 18w\" sizes=\"(max-width: 960px) 100vw, 960px\" \/><figcaption class=\"wp-element-caption\"><sup><mark style=\"background-color:rgba(0, 0, 0, 0)\" class=\"has-inline-color has-cyan-bluish-gray-color\">\u00a9 AC\u00c1CIO MATEUS<\/mark><\/sup><\/figcaption><\/figure>\n\n\n\n<figure class=\"wp-block-audio\"><audio controls src=\"https:\/\/diariodalagoa.pt\/wp-content\/uploads\/2025\/10\/encontro-dos-acores-para-o-mundo.mp3\"><\/audio><\/figure>\n\n\n\n<div style=\"height:25px\" aria-hidden=\"true\" class=\"wp-block-spacer\"><\/div>\n\n\n\n<p>A sess\u00e3o foi registada em \u00e1udio, clique em <em>play<\/em> para ouvir.<\/p>","protected":false},"excerpt":{"rendered":"<p>Os problemas e os principais desafios do jornalismo local serviram de pretexto para o encontro comemorativo dos 11 anos da edi\u00e7\u00e3o impressa do Di\u00e1rio da Lagoa. A sess\u00e3o foi registada em \u00e1udio, clique em play para ouvir.<\/p>","protected":false},"author":2,"featured_media":159032,"comment_status":"open","ping_status":"closed","sticky":false,"template":"","format":"standard","meta":[],"categories":[14],"tags":[104,269,291,422,780,852,3558],"acf":[],"yoast_head":"<!-- This site is optimized with the Yoast SEO plugin v20.10 - https:\/\/yoast.com\/wordpress\/plugins\/seo\/ -->\n<title>\u201cEste jornal \u00e9 servi\u00e7o p\u00fablico e como servi\u00e7o p\u00fablico est\u00e1 a trabalhar para o bem comum\u201d - Di\u00e1rio da Lagoa<\/title>\n<meta name=\"description\" content=\"Os problemas e os principais desafios do jornalismo local serviram de pretexto para o encontro comemorativo dos 11 anos da edi\u00e7\u00e3o impressa do Di\u00e1rio da Lagoa.\" \/>\n<meta name=\"robots\" content=\"index, follow, max-snippet:-1, max-image-preview:large, max-video-preview:-1\" \/>\n<link rel=\"canonical\" href=\"https:\/\/diariodalagoa.pt\/fr\/este-jornal-e-servico-publico-e-como-servico-publico-esta-a-trabalhar-para-o-bem-comum\/\" \/>\n<meta property=\"og:locale\" content=\"fr_FR\" \/>\n<meta property=\"og:type\" content=\"article\" \/>\n<meta property=\"og:title\" content=\"\u201cEste jornal \u00e9 servi\u00e7o p\u00fablico e como servi\u00e7o p\u00fablico est\u00e1 a trabalhar para o bem comum\u201d - Di\u00e1rio da Lagoa\" \/>\n<meta property=\"og:description\" content=\"Os problemas e os principais desafios do jornalismo local serviram de pretexto para o encontro comemorativo dos 11 anos da edi\u00e7\u00e3o impressa do Di\u00e1rio da Lagoa.\" \/>\n<meta property=\"og:url\" content=\"https:\/\/diariodalagoa.pt\/fr\/este-jornal-e-servico-publico-e-como-servico-publico-esta-a-trabalhar-para-o-bem-comum\/\" \/>\n<meta property=\"og:site_name\" content=\"Di\u00e1rio da Lagoa\" \/>\n<meta property=\"article:published_time\" content=\"2025-10-21T22:44:39+00:00\" \/>\n<meta property=\"article:modified_time\" content=\"2025-10-22T10:59:52+00:00\" \/>\n<meta property=\"og:image\" content=\"https:\/\/diariodalagoa.pt\/wp-content\/uploads\/2025\/10\/11o-aniversario-diario-da-lagoa-15.jpg\" \/>\n\t<meta property=\"og:image:width\" content=\"960\" \/>\n\t<meta property=\"og:image:height\" content=\"640\" \/>\n\t<meta property=\"og:image:type\" content=\"image\/jpeg\" \/>\n<meta name=\"author\" content=\"Di\u00e1rio da Lagoa\" \/>\n<meta name=\"twitter:card\" content=\"summary_large_image\" \/>\n<meta name=\"twitter:label1\" content=\"\u00c9crit par\" \/>\n\t<meta name=\"twitter:data1\" content=\"Di\u00e1rio da Lagoa\" \/>\n\t<meta name=\"twitter:label2\" content=\"Dur\u00e9e de lecture estim\u00e9e\" \/>\n\t<meta name=\"twitter:data2\" content=\"1 minute\" \/>\n<script type=\"application\/ld+json\" class=\"yoast-schema-graph\">{\"@context\":\"https:\/\/schema.org\",\"@graph\":[{\"@type\":\"WebPage\",\"@id\":\"https:\/\/diariodalagoa.pt\/este-jornal-e-servico-publico-e-como-servico-publico-esta-a-trabalhar-para-o-bem-comum\/\",\"url\":\"https:\/\/diariodalagoa.pt\/este-jornal-e-servico-publico-e-como-servico-publico-esta-a-trabalhar-para-o-bem-comum\/\",\"name\":\"\u201cEste jornal \u00e9 servi\u00e7o p\u00fablico e como servi\u00e7o p\u00fablico est\u00e1 a trabalhar para o bem comum\u201d - Di\u00e1rio da Lagoa\",\"isPartOf\":{\"@id\":\"https:\/\/diariodalagoa.pt\/#website\"},\"datePublished\":\"2025-10-21T22:44:39+00:00\",\"dateModified\":\"2025-10-22T10:59:52+00:00\",\"author\":{\"@id\":\"https:\/\/diariodalagoa.pt\/#\/schema\/person\/1615a002370e8857b6f972834bc43ece\"},\"description\":\"Os problemas e os principais desafios do jornalismo local serviram de pretexto para o encontro comemorativo dos 11 anos da edi\u00e7\u00e3o impressa do Di\u00e1rio da Lagoa.\",\"breadcrumb\":{\"@id\":\"https:\/\/diariodalagoa.pt\/este-jornal-e-servico-publico-e-como-servico-publico-esta-a-trabalhar-para-o-bem-comum\/#breadcrumb\"},\"inLanguage\":\"fr-FR\",\"potentialAction\":[{\"@type\":\"ReadAction\",\"target\":[\"https:\/\/diariodalagoa.pt\/este-jornal-e-servico-publico-e-como-servico-publico-esta-a-trabalhar-para-o-bem-comum\/\"]}]},{\"@type\":\"BreadcrumbList\",\"@id\":\"https:\/\/diariodalagoa.pt\/este-jornal-e-servico-publico-e-como-servico-publico-esta-a-trabalhar-para-o-bem-comum\/#breadcrumb\",\"itemListElement\":[{\"@type\":\"ListItem\",\"position\":1,\"name\":\"In\u00edcio\",\"item\":\"https:\/\/diariodalagoa.pt\/\"},{\"@type\":\"ListItem\",\"position\":2,\"name\":\"\u201cEste jornal \u00e9 servi\u00e7o p\u00fablico e como servi\u00e7o p\u00fablico est\u00e1 a trabalhar para o bem comum\u201d\"}]},{\"@type\":\"WebSite\",\"@id\":\"https:\/\/diariodalagoa.pt\/#website\",\"url\":\"https:\/\/diariodalagoa.pt\/\",\"name\":\"Di\u00e1rio da Lagoa\",\"description\":\"Di\u00e1rio da Lagoa. As not\u00edcias que contam. A partir da Lagoa, nos A\u00e7ores, para o mundo.\",\"potentialAction\":[{\"@type\":\"SearchAction\",\"target\":{\"@type\":\"EntryPoint\",\"urlTemplate\":\"https:\/\/diariodalagoa.pt\/?s={search_term_string}\"},\"query-input\":\"required name=search_term_string\"}],\"inLanguage\":\"fr-FR\"},{\"@type\":\"Person\",\"@id\":\"https:\/\/diariodalagoa.pt\/#\/schema\/person\/1615a002370e8857b6f972834bc43ece\",\"name\":\"Di\u00e1rio da Lagoa\",\"image\":{\"@type\":\"ImageObject\",\"inLanguage\":\"fr-FR\",\"@id\":\"https:\/\/diariodalagoa.pt\/#\/schema\/person\/image\/\",\"url\":\"https:\/\/secure.gravatar.com\/avatar\/2cb5cef90a26f8fbd4d9d930608102c5?s=96&d=mm&r=g\",\"contentUrl\":\"https:\/\/secure.gravatar.com\/avatar\/2cb5cef90a26f8fbd4d9d930608102c5?s=96&d=mm&r=g\",\"caption\":\"Di\u00e1rio da Lagoa\"},\"url\":\"https:\/\/diariodalagoa.pt\/fr\/author\/diariodalagoa\/\"}]}<\/script>\n<!-- \/ Yoast SEO plugin. -->","yoast_head_json":{"title":"\u201cEste jornal \u00e9 servi\u00e7o p\u00fablico e como servi\u00e7o p\u00fablico est\u00e1 a trabalhar para o bem comum\u201d - Di\u00e1rio da Lagoa","description":"Os problemas e os principais desafios do jornalismo local serviram de pretexto para o encontro comemorativo dos 11 anos da edi\u00e7\u00e3o impressa do Di\u00e1rio da Lagoa.","robots":{"index":"index","follow":"follow","max-snippet":"max-snippet:-1","max-image-preview":"max-image-preview:large","max-video-preview":"max-video-preview:-1"},"canonical":"https:\/\/diariodalagoa.pt\/fr\/este-jornal-e-servico-publico-e-como-servico-publico-esta-a-trabalhar-para-o-bem-comum\/","og_locale":"fr_FR","og_type":"article","og_title":"\u201cEste jornal \u00e9 servi\u00e7o p\u00fablico e como servi\u00e7o p\u00fablico est\u00e1 a trabalhar para o bem comum\u201d - Di\u00e1rio da Lagoa","og_description":"Os problemas e os principais desafios do jornalismo local serviram de pretexto para o encontro comemorativo dos 11 anos da edi\u00e7\u00e3o impressa do Di\u00e1rio da Lagoa.","og_url":"https:\/\/diariodalagoa.pt\/fr\/este-jornal-e-servico-publico-e-como-servico-publico-esta-a-trabalhar-para-o-bem-comum\/","og_site_name":"Di\u00e1rio da Lagoa","article_published_time":"2025-10-21T22:44:39+00:00","article_modified_time":"2025-10-22T10:59:52+00:00","og_image":[{"width":960,"height":640,"url":"https:\/\/diariodalagoa.pt\/wp-content\/uploads\/2025\/10\/11o-aniversario-diario-da-lagoa-15.jpg","type":"image\/jpeg"}],"author":"Di\u00e1rio da Lagoa","twitter_card":"summary_large_image","twitter_misc":{"\u00c9crit par":"Di\u00e1rio da Lagoa","Dur\u00e9e de lecture estim\u00e9e":"1 minute"},"schema":{"@context":"https:\/\/schema.org","@graph":[{"@type":"WebPage","@id":"https:\/\/diariodalagoa.pt\/este-jornal-e-servico-publico-e-como-servico-publico-esta-a-trabalhar-para-o-bem-comum\/","url":"https:\/\/diariodalagoa.pt\/este-jornal-e-servico-publico-e-como-servico-publico-esta-a-trabalhar-para-o-bem-comum\/","name":"\u201cEste jornal \u00e9 servi\u00e7o p\u00fablico e como servi\u00e7o p\u00fablico est\u00e1 a trabalhar para o bem comum\u201d - Di\u00e1rio da Lagoa","isPartOf":{"@id":"https:\/\/diariodalagoa.pt\/#website"},"datePublished":"2025-10-21T22:44:39+00:00","dateModified":"2025-10-22T10:59:52+00:00","author":{"@id":"https:\/\/diariodalagoa.pt\/#\/schema\/person\/1615a002370e8857b6f972834bc43ece"},"description":"Os problemas e os principais desafios do jornalismo local serviram de pretexto para o encontro comemorativo dos 11 anos da edi\u00e7\u00e3o impressa do Di\u00e1rio da Lagoa.","breadcrumb":{"@id":"https:\/\/diariodalagoa.pt\/este-jornal-e-servico-publico-e-como-servico-publico-esta-a-trabalhar-para-o-bem-comum\/#breadcrumb"},"inLanguage":"fr-FR","potentialAction":[{"@type":"ReadAction","target":["https:\/\/diariodalagoa.pt\/este-jornal-e-servico-publico-e-como-servico-publico-esta-a-trabalhar-para-o-bem-comum\/"]}]},{"@type":"BreadcrumbList","@id":"https:\/\/diariodalagoa.pt\/este-jornal-e-servico-publico-e-como-servico-publico-esta-a-trabalhar-para-o-bem-comum\/#breadcrumb","itemListElement":[{"@type":"ListItem","position":1,"name":"In\u00edcio","item":"https:\/\/diariodalagoa.pt\/"},{"@type":"ListItem","position":2,"name":"\u201cEste jornal \u00e9 servi\u00e7o p\u00fablico e como servi\u00e7o p\u00fablico est\u00e1 a trabalhar para o bem comum\u201d"}]},{"@type":"WebSite","@id":"https:\/\/diariodalagoa.pt\/#website","url":"https:\/\/diariodalagoa.pt\/","name":"Di\u00e1rio da Lagoa","description":"Di\u00e1rio da Lagoa. As not\u00edcias que contam. A partir da Lagoa, nos A\u00e7ores, para o mundo.","potentialAction":[{"@type":"SearchAction","target":{"@type":"EntryPoint","urlTemplate":"https:\/\/diariodalagoa.pt\/?s={search_term_string}"},"query-input":"required name=search_term_string"}],"inLanguage":"fr-FR"},{"@type":"Person","@id":"https:\/\/diariodalagoa.pt\/#\/schema\/person\/1615a002370e8857b6f972834bc43ece","name":"Di\u00e1rio da Lagoa","image":{"@type":"ImageObject","inLanguage":"fr-FR","@id":"https:\/\/diariodalagoa.pt\/#\/schema\/person\/image\/","url":"https:\/\/secure.gravatar.com\/avatar\/2cb5cef90a26f8fbd4d9d930608102c5?s=96&d=mm&r=g","contentUrl":"https:\/\/secure.gravatar.com\/avatar\/2cb5cef90a26f8fbd4d9d930608102c5?s=96&d=mm&r=g","caption":"Di\u00e1rio da Lagoa"},"url":"https:\/\/diariodalagoa.pt\/fr\/author\/diariodalagoa\/"}]}},"_links":{"self":[{"href":"https:\/\/diariodalagoa.pt\/fr\/wp-json\/wp\/v2\/posts\/159384"}],"collection":[{"href":"https:\/\/diariodalagoa.pt\/fr\/wp-json\/wp\/v2\/posts"}],"about":[{"href":"https:\/\/diariodalagoa.pt\/fr\/wp-json\/wp\/v2\/types\/post"}],"author":[{"embeddable":true,"href":"https:\/\/diariodalagoa.pt\/fr\/wp-json\/wp\/v2\/users\/2"}],"replies":[{"embeddable":true,"href":"https:\/\/diariodalagoa.pt\/fr\/wp-json\/wp\/v2\/comments?post=159384"}],"version-history":[{"count":30,"href":"https:\/\/diariodalagoa.pt\/fr\/wp-json\/wp\/v2\/posts\/159384\/revisions"}],"predecessor-version":[{"id":159419,"href":"https:\/\/diariodalagoa.pt\/fr\/wp-json\/wp\/v2\/posts\/159384\/revisions\/159419"}],"wp:featuredmedia":[{"embeddable":true,"href":"https:\/\/diariodalagoa.pt\/fr\/wp-json\/wp\/v2\/media\/159032"}],"wp:attachment":[{"href":"https:\/\/diariodalagoa.pt\/fr\/wp-json\/wp\/v2\/media?parent=159384"}],"wp:term":[{"taxonomy":"category","embeddable":true,"href":"https:\/\/diariodalagoa.pt\/fr\/wp-json\/wp\/v2\/categories?post=159384"},{"taxonomy":"post_tag","embeddable":true,"href":"https:\/\/diariodalagoa.pt\/fr\/wp-json\/wp\/v2\/tags?post=159384"}],"curies":[{"name":"wp","href":"https:\/\/api.w.org\/{rel}","templated":true}]}}