{"id":158826,"date":"2025-09-23T12:11:18","date_gmt":"2025-09-23T12:11:18","guid":{"rendered":"https:\/\/diariodalagoa.pt\/?p=158826"},"modified":"2025-09-23T12:17:13","modified_gmt":"2025-09-23T12:17:13","slug":"cdu-apresenta-candidatura-a-camara-da-lagoa-com-foco-na-habitacao-e-servicos-essenciais","status":"publish","type":"post","link":"https:\/\/diariodalagoa.pt\/fr\/cdu-apresenta-candidatura-a-camara-da-lagoa-com-foco-na-habitacao-e-servicos-essenciais\/","title":{"rendered":"CDU apresenta candidatura \u00e0 C\u00e2mara da Lagoa com foco na habita\u00e7\u00e3o e servi\u00e7os essenciais"},"content":{"rendered":"<h3 class=\"wp-block-heading\">Apresenta\u00e7\u00e3o p\u00fablica de Ac\u00e1cio Vicente, candidato \u00e0 C\u00e2mara Municipal da Lagoa, e de Maria Antonietta Fabi, candidata \u00e0 Assembleia Municipal, juntou apoiantes no Porto dos Carneiros<\/h3>\n\n\n\n<figure class=\"wp-block-image size-full\"><img decoding=\"async\" width=\"960\" height=\"720\" src=\"https:\/\/diariodalagoa.pt\/wp-content\/uploads\/2025\/09\/candidatura-cdu-a-cm-lagoa-c-cdu-acores.jpg\" alt=\"\" class=\"wp-image-158827\" srcset=\"https:\/\/diariodalagoa.pt\/wp-content\/uploads\/2025\/09\/candidatura-cdu-a-cm-lagoa-c-cdu-acores.jpg 960w, https:\/\/diariodalagoa.pt\/wp-content\/uploads\/2025\/09\/candidatura-cdu-a-cm-lagoa-c-cdu-acores-300x225.jpg 300w, https:\/\/diariodalagoa.pt\/wp-content\/uploads\/2025\/09\/candidatura-cdu-a-cm-lagoa-c-cdu-acores-768x576.jpg 768w, https:\/\/diariodalagoa.pt\/wp-content\/uploads\/2025\/09\/candidatura-cdu-a-cm-lagoa-c-cdu-acores-16x12.jpg 16w\" sizes=\"(max-width: 960px) 100vw, 960px\" \/><figcaption class=\"wp-element-caption\"><sup><mark style=\"background-color:rgba(0, 0, 0, 0)\" class=\"has-inline-color has-cyan-bluish-gray-color\">\u00a9 CDU A\u00c7ORES<\/mark><\/sup><\/figcaption><\/figure>\n\n\n<p>A Coliga\u00e7\u00e3o Democr\u00e1tica Unit\u00e1ria (CDU) apresentou publicamente Ac\u00e1cio Vicente como candidato \u00e0 C\u00e2mara Municipal da Lagoa, na ilha de S\u00e3o Miguel, num evento realizado, esta segunda-feira, 22 de setembro, no Porto dos Carneiros, na freguesia de Nossa Senhora do Ros\u00e1rio. O candidato, natural de Lisboa mas residente na Lagoa h\u00e1 tr\u00eas anos, assume a lideran\u00e7a com um &#8220;esp\u00edrito humanista, democr\u00e1tico e progressista&#8221;.<\/p>\n<p>A candidatura \u00e0 Assembleia Municipal \u00e9 encabe\u00e7ada por Maria Antonietta Fabi. Nascida em Roma, It\u00e1lia, onde trabalhou durante 22 anos numa ag\u00eancia de publicidade, \u00e9 atualmente s\u00f3cia de uma empresa de design industrial. Em 2016, motivada por um ambiente de vida mais natural, mudou-se para os A\u00e7ores com a fam\u00edlia, fixando-se na Lagoa. Maria Antonietta Fabi est\u00e1 envolvida com causas ecol\u00f3gicas e de bem-estar animal, mantendo rela\u00e7\u00f5es com a comunidade local e estrangeira.<\/p>\n<p>Na tarde de segunda-feira, Ac\u00e1cio Vicente, no seu discurso, sublinhou que a CDU concorre com o objetivo de &#8220;fazer a diferen\u00e7a na vida das pessoas&#8221;, focando-se na resolu\u00e7\u00e3o do problema da habita\u00e7\u00e3o. O candidato classificou a habita\u00e7\u00e3o como um direito fundamental, criticando as pol\u00edticas que a transformaram numa &#8220;mercadoria ao dispor da especula\u00e7\u00e3o&#8221;, com &#8220;sucessivos aumentos de renda&#8221; e a prolifera\u00e7\u00e3o de &#8220;rendas especulativas&#8221;. Defendeu que a falta de habita\u00e7\u00e3o a custos controlados \u00e9 um fator que impede a fixa\u00e7\u00e3o da juventude e de profissionais de servi\u00e7os essenciais, como os da sa\u00fade, educa\u00e7\u00e3o e seguran\u00e7a.<\/p>\n<p>O programa eleitoral da CDU prop\u00f5e &#8220;alargar significativamente a oferta p\u00fablica de habita\u00e7\u00e3o&#8221;, apoiando o movimento cooperativo e o setor social para a constru\u00e7\u00e3o de um parque habitacional de qualidade. O candidato criticou a atual C\u00e2mara, considerando-a &#8220;muito pouco ambiciosa na aloca\u00e7\u00e3o de verbas do PRR&#8221; para este fim.<\/p>\n<p>Al\u00e9m da habita\u00e7\u00e3o, a candidatura da CDU apresenta outras propostas para a Lagoa, destacando a necessidade de obras de saneamento b\u00e1sico, com a constru\u00e7\u00e3o faseada de ETARs com tratamento completo, de forma a &#8220;proteger de forma definitiva e segura o nosso Oceano&#8221;.<\/p>\n<p>O programa inclui tamb\u00e9m a melhoria de equipamentos sociais, com a cria\u00e7\u00e3o de creches e lares p\u00fablicos, a requalifica\u00e7\u00e3o de todas as escolas do concelho, a cria\u00e7\u00e3o de um Mercado Municipal de Lagoa e de um Posto Permanente dos Bombeiros. No \u00e2mbito da mobilidade, a coliga\u00e7\u00e3o defende a implementa\u00e7\u00e3o de transportes p\u00fablicos &#8220;baratos e eficientes&#8221; que liguem todo o concelho, com rotas diretas para o aeroporto, o Hospital Divino Esp\u00edrito Santo e escolas profissionais.<\/p>\n<p>Para os jovens, prop\u00f5e-se a cria\u00e7\u00e3o de mais vagas em ATL e o acesso gratuito \u00e0s Piscinas Municipais para todos os estudantes da Lagoa. A CDU defende que \u00e9 dever da autarquia &#8220;assumir uma posi\u00e7\u00e3o clara&#8221; e &#8220;fazer valer o seu peso na tomada de decis\u00f5es p\u00fablicas&#8221;, mesmo em oposi\u00e7\u00e3o ao Governo regional dos A\u00e7ores.<\/p>\n<p>As elei\u00e7\u00f5es aut\u00e1rquicas est\u00e3o agendadas para o pr\u00f3ximo dia 12 de outubro.<\/p>","protected":false},"excerpt":{"rendered":"<p>Apresenta\u00e7\u00e3o p\u00fablica de Ac\u00e1cio Vicente, candidato \u00e0 C\u00e2mara Municipal da Lagoa, e de Maria Antonietta Fabi, candidata \u00e0 Assembleia Municipal, juntou apoiantes no Porto dos Carneiros.<\/p>","protected":false},"author":2,"featured_media":158827,"comment_status":"open","ping_status":"closed","sticky":false,"template":"","format":"standard","meta":[],"categories":[21],"tags":[34,115,1534,2262,2871,3431],"acf":[],"yoast_head":"<!-- This site is optimized with the Yoast SEO plugin v20.10 - https:\/\/yoast.com\/wordpress\/plugins\/seo\/ -->\n<title>CDU apresenta candidatura \u00e0 C\u00e2mara da Lagoa com foco na habita\u00e7\u00e3o e servi\u00e7os essenciais - Di\u00e1rio da Lagoa<\/title>\n<meta name=\"description\" content=\"Apresenta\u00e7\u00e3o p\u00fablica de Ac\u00e1cio Vicente, candidato \u00e0 C\u00e2mara Municipal da Lagoa, e de Maria Antonietta Fabi, candidata \u00e0 Assembleia Municipal, juntou apoiantes no Porto dos Carneiros.\" \/>\n<meta name=\"robots\" content=\"index, follow, max-snippet:-1, max-image-preview:large, max-video-preview:-1\" \/>\n<link rel=\"canonical\" href=\"https:\/\/diariodalagoa.pt\/fr\/cdu-apresenta-candidatura-a-camara-da-lagoa-com-foco-na-habitacao-e-servicos-essenciais\/\" \/>\n<meta property=\"og:locale\" content=\"fr_FR\" \/>\n<meta property=\"og:type\" content=\"article\" \/>\n<meta property=\"og:title\" content=\"CDU apresenta candidatura \u00e0 C\u00e2mara da Lagoa com foco na habita\u00e7\u00e3o e servi\u00e7os essenciais - Di\u00e1rio da Lagoa\" \/>\n<meta property=\"og:description\" content=\"Apresenta\u00e7\u00e3o p\u00fablica de Ac\u00e1cio Vicente, candidato \u00e0 C\u00e2mara Municipal da Lagoa, e de Maria Antonietta Fabi, candidata \u00e0 Assembleia Municipal, juntou apoiantes no Porto dos Carneiros.\" \/>\n<meta property=\"og:url\" content=\"https:\/\/diariodalagoa.pt\/fr\/cdu-apresenta-candidatura-a-camara-da-lagoa-com-foco-na-habitacao-e-servicos-essenciais\/\" \/>\n<meta property=\"og:site_name\" content=\"Di\u00e1rio da Lagoa\" \/>\n<meta property=\"article:published_time\" content=\"2025-09-23T12:11:18+00:00\" \/>\n<meta property=\"article:modified_time\" content=\"2025-09-23T12:17:13+00:00\" \/>\n<meta property=\"og:image\" content=\"https:\/\/diariodalagoa.pt\/wp-content\/uploads\/2025\/09\/candidatura-cdu-a-cm-lagoa-c-cdu-acores.jpg\" \/>\n\t<meta property=\"og:image:width\" content=\"960\" \/>\n\t<meta property=\"og:image:height\" content=\"720\" \/>\n\t<meta property=\"og:image:type\" content=\"image\/jpeg\" \/>\n<meta name=\"author\" content=\"Di\u00e1rio da Lagoa\" \/>\n<meta name=\"twitter:card\" content=\"summary_large_image\" \/>\n<meta name=\"twitter:label1\" content=\"\u00c9crit par\" \/>\n\t<meta name=\"twitter:data1\" content=\"Di\u00e1rio da Lagoa\" \/>\n\t<meta name=\"twitter:label2\" content=\"Dur\u00e9e de lecture estim\u00e9e\" \/>\n\t<meta name=\"twitter:data2\" content=\"3 minutes\" \/>\n<script type=\"application\/ld+json\" class=\"yoast-schema-graph\">{\"@context\":\"https:\/\/schema.org\",\"@graph\":[{\"@type\":\"WebPage\",\"@id\":\"https:\/\/diariodalagoa.pt\/cdu-apresenta-candidatura-a-camara-da-lagoa-com-foco-na-habitacao-e-servicos-essenciais\/\",\"url\":\"https:\/\/diariodalagoa.pt\/cdu-apresenta-candidatura-a-camara-da-lagoa-com-foco-na-habitacao-e-servicos-essenciais\/\",\"name\":\"CDU apresenta candidatura \u00e0 C\u00e2mara da Lagoa com foco na habita\u00e7\u00e3o e servi\u00e7os essenciais - Di\u00e1rio da Lagoa\",\"isPartOf\":{\"@id\":\"https:\/\/diariodalagoa.pt\/#website\"},\"datePublished\":\"2025-09-23T12:11:18+00:00\",\"dateModified\":\"2025-09-23T12:17:13+00:00\",\"author\":{\"@id\":\"https:\/\/diariodalagoa.pt\/#\/schema\/person\/1615a002370e8857b6f972834bc43ece\"},\"description\":\"Apresenta\u00e7\u00e3o p\u00fablica de Ac\u00e1cio Vicente, candidato \u00e0 C\u00e2mara Municipal da Lagoa, e de Maria Antonietta Fabi, candidata \u00e0 Assembleia Municipal, juntou apoiantes no Porto dos Carneiros.\",\"breadcrumb\":{\"@id\":\"https:\/\/diariodalagoa.pt\/cdu-apresenta-candidatura-a-camara-da-lagoa-com-foco-na-habitacao-e-servicos-essenciais\/#breadcrumb\"},\"inLanguage\":\"fr-FR\",\"potentialAction\":[{\"@type\":\"ReadAction\",\"target\":[\"https:\/\/diariodalagoa.pt\/cdu-apresenta-candidatura-a-camara-da-lagoa-com-foco-na-habitacao-e-servicos-essenciais\/\"]}]},{\"@type\":\"BreadcrumbList\",\"@id\":\"https:\/\/diariodalagoa.pt\/cdu-apresenta-candidatura-a-camara-da-lagoa-com-foco-na-habitacao-e-servicos-essenciais\/#breadcrumb\",\"itemListElement\":[{\"@type\":\"ListItem\",\"position\":1,\"name\":\"In\u00edcio\",\"item\":\"https:\/\/diariodalagoa.pt\/\"},{\"@type\":\"ListItem\",\"position\":2,\"name\":\"CDU apresenta candidatura \u00e0 C\u00e2mara da Lagoa com foco na habita\u00e7\u00e3o e servi\u00e7os essenciais\"}]},{\"@type\":\"WebSite\",\"@id\":\"https:\/\/diariodalagoa.pt\/#website\",\"url\":\"https:\/\/diariodalagoa.pt\/\",\"name\":\"Di\u00e1rio da Lagoa\",\"description\":\"Di\u00e1rio da Lagoa. As not\u00edcias que contam. A partir da Lagoa, nos A\u00e7ores, para o mundo.\",\"potentialAction\":[{\"@type\":\"SearchAction\",\"target\":{\"@type\":\"EntryPoint\",\"urlTemplate\":\"https:\/\/diariodalagoa.pt\/?s={search_term_string}\"},\"query-input\":\"required name=search_term_string\"}],\"inLanguage\":\"fr-FR\"},{\"@type\":\"Person\",\"@id\":\"https:\/\/diariodalagoa.pt\/#\/schema\/person\/1615a002370e8857b6f972834bc43ece\",\"name\":\"Di\u00e1rio da Lagoa\",\"image\":{\"@type\":\"ImageObject\",\"inLanguage\":\"fr-FR\",\"@id\":\"https:\/\/diariodalagoa.pt\/#\/schema\/person\/image\/\",\"url\":\"https:\/\/secure.gravatar.com\/avatar\/2cb5cef90a26f8fbd4d9d930608102c5?s=96&d=mm&r=g\",\"contentUrl\":\"https:\/\/secure.gravatar.com\/avatar\/2cb5cef90a26f8fbd4d9d930608102c5?s=96&d=mm&r=g\",\"caption\":\"Di\u00e1rio da Lagoa\"},\"url\":\"https:\/\/diariodalagoa.pt\/fr\/author\/diariodalagoa\/\"}]}<\/script>\n<!-- \/ Yoast SEO plugin. -->","yoast_head_json":{"title":"CDU apresenta candidatura \u00e0 C\u00e2mara da Lagoa com foco na habita\u00e7\u00e3o e servi\u00e7os essenciais - Di\u00e1rio da Lagoa","description":"Apresenta\u00e7\u00e3o p\u00fablica de Ac\u00e1cio Vicente, candidato \u00e0 C\u00e2mara Municipal da Lagoa, e de Maria Antonietta Fabi, candidata \u00e0 Assembleia Municipal, juntou apoiantes no Porto dos Carneiros.","robots":{"index":"index","follow":"follow","max-snippet":"max-snippet:-1","max-image-preview":"max-image-preview:large","max-video-preview":"max-video-preview:-1"},"canonical":"https:\/\/diariodalagoa.pt\/fr\/cdu-apresenta-candidatura-a-camara-da-lagoa-com-foco-na-habitacao-e-servicos-essenciais\/","og_locale":"fr_FR","og_type":"article","og_title":"CDU apresenta candidatura \u00e0 C\u00e2mara da Lagoa com foco na habita\u00e7\u00e3o e servi\u00e7os essenciais - Di\u00e1rio da Lagoa","og_description":"Apresenta\u00e7\u00e3o p\u00fablica de Ac\u00e1cio Vicente, candidato \u00e0 C\u00e2mara Municipal da Lagoa, e de Maria Antonietta Fabi, candidata \u00e0 Assembleia Municipal, juntou apoiantes no Porto dos Carneiros.","og_url":"https:\/\/diariodalagoa.pt\/fr\/cdu-apresenta-candidatura-a-camara-da-lagoa-com-foco-na-habitacao-e-servicos-essenciais\/","og_site_name":"Di\u00e1rio da Lagoa","article_published_time":"2025-09-23T12:11:18+00:00","article_modified_time":"2025-09-23T12:17:13+00:00","og_image":[{"width":960,"height":720,"url":"https:\/\/diariodalagoa.pt\/wp-content\/uploads\/2025\/09\/candidatura-cdu-a-cm-lagoa-c-cdu-acores.jpg","type":"image\/jpeg"}],"author":"Di\u00e1rio da Lagoa","twitter_card":"summary_large_image","twitter_misc":{"\u00c9crit par":"Di\u00e1rio da Lagoa","Dur\u00e9e de lecture estim\u00e9e":"3 minutes"},"schema":{"@context":"https:\/\/schema.org","@graph":[{"@type":"WebPage","@id":"https:\/\/diariodalagoa.pt\/cdu-apresenta-candidatura-a-camara-da-lagoa-com-foco-na-habitacao-e-servicos-essenciais\/","url":"https:\/\/diariodalagoa.pt\/cdu-apresenta-candidatura-a-camara-da-lagoa-com-foco-na-habitacao-e-servicos-essenciais\/","name":"CDU apresenta candidatura \u00e0 C\u00e2mara da Lagoa com foco na habita\u00e7\u00e3o e servi\u00e7os essenciais - Di\u00e1rio da Lagoa","isPartOf":{"@id":"https:\/\/diariodalagoa.pt\/#website"},"datePublished":"2025-09-23T12:11:18+00:00","dateModified":"2025-09-23T12:17:13+00:00","author":{"@id":"https:\/\/diariodalagoa.pt\/#\/schema\/person\/1615a002370e8857b6f972834bc43ece"},"description":"Apresenta\u00e7\u00e3o p\u00fablica de Ac\u00e1cio Vicente, candidato \u00e0 C\u00e2mara Municipal da Lagoa, e de Maria Antonietta Fabi, candidata \u00e0 Assembleia Municipal, juntou apoiantes no Porto dos Carneiros.","breadcrumb":{"@id":"https:\/\/diariodalagoa.pt\/cdu-apresenta-candidatura-a-camara-da-lagoa-com-foco-na-habitacao-e-servicos-essenciais\/#breadcrumb"},"inLanguage":"fr-FR","potentialAction":[{"@type":"ReadAction","target":["https:\/\/diariodalagoa.pt\/cdu-apresenta-candidatura-a-camara-da-lagoa-com-foco-na-habitacao-e-servicos-essenciais\/"]}]},{"@type":"BreadcrumbList","@id":"https:\/\/diariodalagoa.pt\/cdu-apresenta-candidatura-a-camara-da-lagoa-com-foco-na-habitacao-e-servicos-essenciais\/#breadcrumb","itemListElement":[{"@type":"ListItem","position":1,"name":"In\u00edcio","item":"https:\/\/diariodalagoa.pt\/"},{"@type":"ListItem","position":2,"name":"CDU apresenta candidatura \u00e0 C\u00e2mara da Lagoa com foco na habita\u00e7\u00e3o e servi\u00e7os essenciais"}]},{"@type":"WebSite","@id":"https:\/\/diariodalagoa.pt\/#website","url":"https:\/\/diariodalagoa.pt\/","name":"Di\u00e1rio da Lagoa","description":"Di\u00e1rio da Lagoa. As not\u00edcias que contam. A partir da Lagoa, nos A\u00e7ores, para o mundo.","potentialAction":[{"@type":"SearchAction","target":{"@type":"EntryPoint","urlTemplate":"https:\/\/diariodalagoa.pt\/?s={search_term_string}"},"query-input":"required name=search_term_string"}],"inLanguage":"fr-FR"},{"@type":"Person","@id":"https:\/\/diariodalagoa.pt\/#\/schema\/person\/1615a002370e8857b6f972834bc43ece","name":"Di\u00e1rio da Lagoa","image":{"@type":"ImageObject","inLanguage":"fr-FR","@id":"https:\/\/diariodalagoa.pt\/#\/schema\/person\/image\/","url":"https:\/\/secure.gravatar.com\/avatar\/2cb5cef90a26f8fbd4d9d930608102c5?s=96&d=mm&r=g","contentUrl":"https:\/\/secure.gravatar.com\/avatar\/2cb5cef90a26f8fbd4d9d930608102c5?s=96&d=mm&r=g","caption":"Di\u00e1rio da Lagoa"},"url":"https:\/\/diariodalagoa.pt\/fr\/author\/diariodalagoa\/"}]}},"_links":{"self":[{"href":"https:\/\/diariodalagoa.pt\/fr\/wp-json\/wp\/v2\/posts\/158826"}],"collection":[{"href":"https:\/\/diariodalagoa.pt\/fr\/wp-json\/wp\/v2\/posts"}],"about":[{"href":"https:\/\/diariodalagoa.pt\/fr\/wp-json\/wp\/v2\/types\/post"}],"author":[{"embeddable":true,"href":"https:\/\/diariodalagoa.pt\/fr\/wp-json\/wp\/v2\/users\/2"}],"replies":[{"embeddable":true,"href":"https:\/\/diariodalagoa.pt\/fr\/wp-json\/wp\/v2\/comments?post=158826"}],"version-history":[{"count":2,"href":"https:\/\/diariodalagoa.pt\/fr\/wp-json\/wp\/v2\/posts\/158826\/revisions"}],"predecessor-version":[{"id":158829,"href":"https:\/\/diariodalagoa.pt\/fr\/wp-json\/wp\/v2\/posts\/158826\/revisions\/158829"}],"wp:featuredmedia":[{"embeddable":true,"href":"https:\/\/diariodalagoa.pt\/fr\/wp-json\/wp\/v2\/media\/158827"}],"wp:attachment":[{"href":"https:\/\/diariodalagoa.pt\/fr\/wp-json\/wp\/v2\/media?parent=158826"}],"wp:term":[{"taxonomy":"category","embeddable":true,"href":"https:\/\/diariodalagoa.pt\/fr\/wp-json\/wp\/v2\/categories?post=158826"},{"taxonomy":"post_tag","embeddable":true,"href":"https:\/\/diariodalagoa.pt\/fr\/wp-json\/wp\/v2\/tags?post=158826"}],"curies":[{"name":"wp","href":"https:\/\/api.w.org\/{rel}","templated":true}]}}