{"id":158518,"date":"2025-09-05T15:38:31","date_gmt":"2025-09-05T15:38:31","guid":{"rendered":"https:\/\/diariodalagoa.pt\/?p=158518"},"modified":"2025-09-05T15:43:55","modified_gmt":"2025-09-05T15:43:55","slug":"novela-da-tvi-promete-reforcar-contornos-historicos-das-relacoes-entre-os-acores-e-o-brasil","status":"publish","type":"post","link":"https:\/\/diariodalagoa.pt\/fr\/novela-da-tvi-promete-reforcar-contornos-historicos-das-relacoes-entre-os-acores-e-o-brasil\/","title":{"rendered":"Novela da TVI promete refor\u00e7ar contornos hist\u00f3ricos das rela\u00e7\u00f5es entre os A\u00e7ores e o Brasil"},"content":{"rendered":"<h3 class=\"wp-block-heading\">\u201cTerra Forte\u201d: grava\u00e7\u00f5es passaram por Santa Catarina, no Brasil, e a ilha das Flores, nos A\u00e7ores; autoridades dos dois pa\u00edses defendem integra\u00e7\u00e3o cultural bilateral atrav\u00e9s da produ\u00e7\u00e3o televisiva<\/h3>\n\n\n\n<figure class=\"wp-block-image size-full\"><img decoding=\"async\" width=\"960\" height=\"540\" src=\"https:\/\/diariodalagoa.pt\/wp-content\/uploads\/2025\/09\/novela-terra-forte-1.jpg\" alt=\"\" class=\"wp-image-158521\" srcset=\"https:\/\/diariodalagoa.pt\/wp-content\/uploads\/2025\/09\/novela-terra-forte-1.jpg 960w, https:\/\/diariodalagoa.pt\/wp-content\/uploads\/2025\/09\/novela-terra-forte-1-300x169.jpg 300w, https:\/\/diariodalagoa.pt\/wp-content\/uploads\/2025\/09\/novela-terra-forte-1-768x432.jpg 768w, https:\/\/diariodalagoa.pt\/wp-content\/uploads\/2025\/09\/novela-terra-forte-1-18x10.jpg 18w\" sizes=\"(max-width: 960px) 100vw, 960px\" \/><figcaption class=\"wp-element-caption\"><sup><mark style=\"background-color:rgba(0, 0, 0, 0)\" class=\"has-inline-color has-cyan-bluish-gray-color\">\u00a9 DIREITOS RESERVADOS<\/mark><\/sup><\/figcaption><\/figure>\n\n\n<p>A esta\u00e7\u00e3o portuguesa TVI prepara-se para lan\u00e7ar \u201cTerra Forte\u201d, a nova grande produ\u00e7\u00e3o da fic\u00e7\u00e3o nacional lusa, que promete unir paisagens deslumbrantes e emo\u00e7\u00f5es intensas entre os A\u00e7ores e o Brasil. A trama, escrita por Maria Jo\u00e3o Costa, autora de sucessos como \u201cOuro Verde\u201d e \u201cCacau\u201d, conta com a coprodu\u00e7\u00e3o da Plural Entertainment e da plataforma Prime Video.<\/p>\n<p>Com grava\u00e7\u00f5es iniciadas em julho deste ano, a novela percorreu inicialmente o estado brasileiro de Santa Catarina, no Sul do pa\u00eds, seguindo depois para a ilha das Flores, nos A\u00e7ores, onde decorrem cenas em locais como a Faj\u00e3 Grande e Santa Cruz das Flores. \u00c9 ali que se desenrolam os primeiros cap\u00edtulos da hist\u00f3ria protagonizada por Flor (Benedita Pereira) e Ant\u00f3nio (Jo\u00e3o Catarr\u00e9), casal central desta narrativa marcada por reviravoltas dram\u00e1ticas e encontros do passado.<\/p>\n<p>A personagem de Flor, dada como morta no Brasil, regressa quase duas d\u00e9cadas depois aos A\u00e7ores determinada a recuperar a sua hist\u00f3ria, confrontando verdades ocultas e trai\u00e7\u00f5es antigas. Ao reencontrar Sammy, o homem que a amou, e descobrir que ele casou com a sua melhor amiga, Maria de F\u00e1tima, a protagonista mergulha num enredo de suspense emocional, com um passado que a liga a uma tentativa de homic\u00eddio em alto-mar. Ao seu lado est\u00e1 Ant\u00f3nio, com quem mant\u00e9m uma rela\u00e7\u00e3o s\u00f3lida, e que a apoia no regresso a Florian\u00f3polis para enfrentar as dores do passado.<\/p>\n<p>O elenco conta com nomes como Rita Pereira, Jos\u00e9 Fidalgo, Cust\u00f3dia Gallego, Francisca Salgado, Gustavo Alves, Sofia Nicholson, entre outros. As grava\u00e7\u00f5es em est\u00fadio tiveram in\u00edcio a 28 de julho, nas instala\u00e7\u00f5es da Plural, em Bucelas, Lisboa, e a estreia est\u00e1 prevista para breve.<\/p>\n\n\n<h3 class=\"wp-block-heading\"><strong>Investir nas ra\u00edzes a\u00e7orianas<\/strong><\/h3>\n\n\n<div class=\"wp-block-image\">\n<figure class=\"aligncenter size-full\"><img decoding=\"async\" width=\"540\" height=\"960\" src=\"https:\/\/diariodalagoa.pt\/wp-content\/uploads\/2025\/09\/catiane-seif-se-turismo-de-santa-catarina.jpg\" alt=\"\" class=\"wp-image-158522\" srcset=\"https:\/\/diariodalagoa.pt\/wp-content\/uploads\/2025\/09\/catiane-seif-se-turismo-de-santa-catarina.jpg 540w, https:\/\/diariodalagoa.pt\/wp-content\/uploads\/2025\/09\/catiane-seif-se-turismo-de-santa-catarina-169x300.jpg 169w, https:\/\/diariodalagoa.pt\/wp-content\/uploads\/2025\/09\/catiane-seif-se-turismo-de-santa-catarina-7x12.jpg 7w\" sizes=\"(max-width: 540px) 100vw, 540px\" \/><figcaption class=\"wp-element-caption\"><sup>Catiane Seif explicou ao Di\u00e1rio da Lagoa como surgiu a parceria entre o Governo de Santa Catarina e a produ\u00e7\u00e3o da novela <mark style=\"background-color:rgba(0, 0, 0, 0)\" class=\"has-inline-color has-cyan-bluish-gray-color\">\u00a9 S.E. TURISMO DE SANTA CATARINA<\/mark><\/sup><\/figcaption><\/figure><\/div>\n\n<p>Em entrevista ao Di\u00e1rio da Lagoa, a secret\u00e1ria de Estado do Turismo de Santa Catarina, Catiane Seif, explica como surgiu a parceria entre o Governo de Santa Catarina e a produ\u00e7\u00e3o da novela \u201cTerra Forte\u201d.<\/p>\n<p>\u201cCom a abertura do voo da TAP, o destino Santa Catarina despertou o interesse da Europa. Al\u00e9m da forte liga\u00e7\u00e3o hist\u00f3rica entre cidades geminadas de Santa Catarina e Portugal, iniciamos uma aproxima\u00e7\u00e3o com a TVI em mar\u00e7o, durante a BTL (Bolsa de Turismo de Lisboa). Outro fator que ajudou muito \u00e9 termos um governador vision\u00e1rio que acredita na internacionaliza\u00e7\u00e3o do Estado e apoia estrat\u00e9gias inovadoras e pioneiras que visam impulsionar o turismo, e assim, nossa economia\u201d, diz.<\/p>\n<p>E acrescenta: \u201cEm vez de focar em cidades e locais espec\u00edficos, decidimos destacar o Estado de Santa Catarina por inteiro. Dessa forma, conseguimos mostrar a diversidade e a qualidade das nossas paisagens, que v\u00e3o desde as belas praias do litoral at\u00e9 as serras. A ideia \u00e9 mostrar que Santa Catarina oferece m\u00faltiplas experi\u00eancias num s\u00f3 lugar. A equipa de produ\u00e7\u00e3o e o elenco ficaram entusiasmados e surpresos com as belezas naturais que encontraram. Eles expressaram o desejo de abordar mais a cultura e os lugares, pois consideram o Estado completo e com uma vasta diversidade. Mesmo com as filmagens tendo ocorrido no inverno, os atores conseguiram aproveitar os momentos ensolarados e os belos pores do sol\u201d.<\/p>\n<p>A novela, ainda em fase de grava\u00e7\u00f5es no arquip\u00e9lago, estabelece uma forte liga\u00e7\u00e3o entre os A\u00e7ores e o Brasil, especialmente com Santa Catarina, estado historicamente marcado por influ\u00eancias a\u00e7orianas, pontos que, de acordo com Catiane Seif, foram valorizados durante os trabalhos em solo brasileiro.<\/p>\n<p>\u201cConseguimos captar a forte liga\u00e7\u00e3o entre o nosso Estado e Portugal atrav\u00e9s de cenas que destacaram a gastronomia, a arquitetura similar e o modo de vida da nossa gente, preservando a heran\u00e7a cultural a\u00e7oriana\u201d, refere a secret\u00e1ria, que n\u00e3o esconde o desejo de conhecer o resultado desta iniciativa: \u201cAs nossas expetativas s\u00e3o altas.\u201d<\/p>\n\n\n<h3 class=\"wp-block-heading\">\u201c<strong>Saga hist\u00f3rica\u201d<\/strong><\/h3>\n\n\n<p>Por sua vez, o diretor regional das Comunidades do Governo dos A\u00e7ores, Jos\u00e9 Andrade, adianta que \u201ca grava\u00e7\u00e3o de uma novela portuguesa na ilha das Flores e na ilha de Santa Catarina demonstra que a cultura pode estar &#8211; e tem estado &#8211; ao servi\u00e7o das hist\u00f3ricas rela\u00e7\u00f5es entre os A\u00e7ores e o Brasil\u201d.<\/p>\n<p>\u201cA \u201cTerra Forte\u201d come\u00e7a no extremo ocidental dos A\u00e7ores, de Portugal e da Europa, com filmagens na freguesia da Faj\u00e3 Grande ou na vila de Santa Cruz, e chega at\u00e9 emblem\u00e1ticos lugares catarinenses de povoamento a\u00e7oriano, como Santo Ant\u00f3nio de Lisboa ou Ribeir\u00e3o da Ilha, ficcionando uma hist\u00f3ria de emigra\u00e7\u00e3o que ser\u00e1 vista em mais de 90 pa\u00edses durante 10 meses de exibi\u00e7\u00e3o. Quase tr\u00eas s\u00e9culos depois, revisitamos assim, ainda que simbolicamente, a saga her\u00f3ica dos casais a\u00e7orianos que foram povoar o Sul do Brasil a mando da coroa portuguesa, sucessivamente em Santa Catarina (1748), no Rio Grande do Sul (1752) e at\u00e9 no Uruguai (1763)\u201d, adianta.<\/p>\n<p>Para Jos\u00e9 Andrade, \u201cesta produ\u00e7\u00e3o televisiva tem fundamento no passado, mas tem, sobretudo, potencial para o futuro, na medida em que promove e valoriza a notoriedade e o relacionamento da Regi\u00e3o Aut\u00f3noma dos A\u00e7ores e da sua d\u00e9cima ilha\u201d.<\/p>\n<p>Santa Catarina conta com uma Casa dos A\u00e7ores, constitu\u00edda por descendentes de a\u00e7orianos que chegaram a Santa Catarina entre 1748 e 1753 e por simpatizantes da A\u00e7orianidade. A entidade, liderada por S\u00e9rgio Luiz Ferreira, \u00e9 conhecida por ter um perfil diferente da maioria das Casas dos A\u00e7ores, j\u00e1 que n\u00e3o \u00e9 constitu\u00edda por pessoas nascidas nos A\u00e7ores, mas por descendentes de sexta, s\u00e9tima, oitava e nona gera\u00e7\u00e3o. Fundada em dezembro de 1999, a Casa promove o desenvolvimento social, econ\u00f3mico e cultural das comunidades de raiz a\u00e7oriana no Estado de Santa Catarina.<\/p>","protected":false},"excerpt":{"rendered":"<p>Grava\u00e7\u00f5es passaram por Santa Catarina, no Brasil, e a ilha das Flores, nos A\u00e7ores; autoridades dos dois pa\u00edses defendem integra\u00e7\u00e3o cultural bilateral atrav\u00e9s da produ\u00e7\u00e3o televisiva.<\/p>","protected":false},"author":2,"featured_media":158521,"comment_status":"open","ping_status":"closed","sticky":false,"template":"","format":"standard","meta":[],"categories":[21],"tags":[787,3389,3390,3391,3392,31,415],"acf":[],"yoast_head":"<!-- This site is optimized with the Yoast SEO plugin v20.10 - https:\/\/yoast.com\/wordpress\/plugins\/seo\/ -->\n<title>Novela da TVI promete refor\u00e7ar contornos hist\u00f3ricos das rela\u00e7\u00f5es entre os A\u00e7ores e o Brasil - Di\u00e1rio da Lagoa<\/title>\n<meta name=\"description\" content=\"Grava\u00e7\u00f5es passaram por Santa Catarina, no Brasil, e a ilha das Flores, nos A\u00e7ores; autoridades dos dois pa\u00edses defendem integra\u00e7\u00e3o cultural bilateral atrav\u00e9s da produ\u00e7\u00e3o televisiva.\" \/>\n<meta name=\"robots\" content=\"index, follow, max-snippet:-1, max-image-preview:large, max-video-preview:-1\" \/>\n<link rel=\"canonical\" href=\"https:\/\/diariodalagoa.pt\/fr\/novela-da-tvi-promete-reforcar-contornos-historicos-das-relacoes-entre-os-acores-e-o-brasil\/\" \/>\n<meta property=\"og:locale\" content=\"fr_FR\" \/>\n<meta property=\"og:type\" content=\"article\" \/>\n<meta property=\"og:title\" content=\"Novela da TVI promete refor\u00e7ar contornos hist\u00f3ricos das rela\u00e7\u00f5es entre os A\u00e7ores e o Brasil - Di\u00e1rio da Lagoa\" \/>\n<meta property=\"og:description\" content=\"Grava\u00e7\u00f5es passaram por Santa Catarina, no Brasil, e a ilha das Flores, nos A\u00e7ores; autoridades dos dois pa\u00edses defendem integra\u00e7\u00e3o cultural bilateral atrav\u00e9s da produ\u00e7\u00e3o televisiva.\" \/>\n<meta property=\"og:url\" content=\"https:\/\/diariodalagoa.pt\/fr\/novela-da-tvi-promete-reforcar-contornos-historicos-das-relacoes-entre-os-acores-e-o-brasil\/\" \/>\n<meta property=\"og:site_name\" content=\"Di\u00e1rio da Lagoa\" \/>\n<meta property=\"article:published_time\" content=\"2025-09-05T15:38:31+00:00\" \/>\n<meta property=\"article:modified_time\" content=\"2025-09-05T15:43:55+00:00\" \/>\n<meta property=\"og:image\" content=\"https:\/\/diariodalagoa.pt\/wp-content\/uploads\/2025\/09\/novela-terra-forte-1.jpg\" \/>\n\t<meta property=\"og:image:width\" content=\"960\" \/>\n\t<meta property=\"og:image:height\" content=\"540\" \/>\n\t<meta property=\"og:image:type\" content=\"image\/jpeg\" \/>\n<meta name=\"author\" content=\"Di\u00e1rio da Lagoa\" \/>\n<meta name=\"twitter:card\" content=\"summary_large_image\" \/>\n<meta name=\"twitter:label1\" content=\"\u00c9crit par\" \/>\n\t<meta name=\"twitter:data1\" content=\"Di\u00e1rio da Lagoa\" \/>\n\t<meta name=\"twitter:label2\" content=\"Dur\u00e9e de lecture estim\u00e9e\" \/>\n\t<meta name=\"twitter:data2\" content=\"6 minutes\" \/>\n<script type=\"application\/ld+json\" class=\"yoast-schema-graph\">{\"@context\":\"https:\/\/schema.org\",\"@graph\":[{\"@type\":\"WebPage\",\"@id\":\"https:\/\/diariodalagoa.pt\/novela-da-tvi-promete-reforcar-contornos-historicos-das-relacoes-entre-os-acores-e-o-brasil\/\",\"url\":\"https:\/\/diariodalagoa.pt\/novela-da-tvi-promete-reforcar-contornos-historicos-das-relacoes-entre-os-acores-e-o-brasil\/\",\"name\":\"Novela da TVI promete refor\u00e7ar contornos hist\u00f3ricos das rela\u00e7\u00f5es entre os A\u00e7ores e o Brasil - Di\u00e1rio da Lagoa\",\"isPartOf\":{\"@id\":\"https:\/\/diariodalagoa.pt\/#website\"},\"datePublished\":\"2025-09-05T15:38:31+00:00\",\"dateModified\":\"2025-09-05T15:43:55+00:00\",\"author\":{\"@id\":\"https:\/\/diariodalagoa.pt\/#\/schema\/person\/1615a002370e8857b6f972834bc43ece\"},\"description\":\"Grava\u00e7\u00f5es passaram por Santa Catarina, no Brasil, e a ilha das Flores, nos A\u00e7ores; autoridades dos dois pa\u00edses defendem integra\u00e7\u00e3o cultural bilateral atrav\u00e9s da produ\u00e7\u00e3o televisiva.\",\"breadcrumb\":{\"@id\":\"https:\/\/diariodalagoa.pt\/novela-da-tvi-promete-reforcar-contornos-historicos-das-relacoes-entre-os-acores-e-o-brasil\/#breadcrumb\"},\"inLanguage\":\"fr-FR\",\"potentialAction\":[{\"@type\":\"ReadAction\",\"target\":[\"https:\/\/diariodalagoa.pt\/novela-da-tvi-promete-reforcar-contornos-historicos-das-relacoes-entre-os-acores-e-o-brasil\/\"]}]},{\"@type\":\"BreadcrumbList\",\"@id\":\"https:\/\/diariodalagoa.pt\/novela-da-tvi-promete-reforcar-contornos-historicos-das-relacoes-entre-os-acores-e-o-brasil\/#breadcrumb\",\"itemListElement\":[{\"@type\":\"ListItem\",\"position\":1,\"name\":\"In\u00edcio\",\"item\":\"https:\/\/diariodalagoa.pt\/\"},{\"@type\":\"ListItem\",\"position\":2,\"name\":\"Novela da TVI promete refor\u00e7ar contornos hist\u00f3ricos das rela\u00e7\u00f5es entre os A\u00e7ores e o Brasil\"}]},{\"@type\":\"WebSite\",\"@id\":\"https:\/\/diariodalagoa.pt\/#website\",\"url\":\"https:\/\/diariodalagoa.pt\/\",\"name\":\"Di\u00e1rio da Lagoa\",\"description\":\"Di\u00e1rio da Lagoa. As not\u00edcias que contam. A partir da Lagoa, nos A\u00e7ores, para o mundo.\",\"potentialAction\":[{\"@type\":\"SearchAction\",\"target\":{\"@type\":\"EntryPoint\",\"urlTemplate\":\"https:\/\/diariodalagoa.pt\/?s={search_term_string}\"},\"query-input\":\"required name=search_term_string\"}],\"inLanguage\":\"fr-FR\"},{\"@type\":\"Person\",\"@id\":\"https:\/\/diariodalagoa.pt\/#\/schema\/person\/1615a002370e8857b6f972834bc43ece\",\"name\":\"Di\u00e1rio da Lagoa\",\"image\":{\"@type\":\"ImageObject\",\"inLanguage\":\"fr-FR\",\"@id\":\"https:\/\/diariodalagoa.pt\/#\/schema\/person\/image\/\",\"url\":\"https:\/\/secure.gravatar.com\/avatar\/2cb5cef90a26f8fbd4d9d930608102c5?s=96&d=mm&r=g\",\"contentUrl\":\"https:\/\/secure.gravatar.com\/avatar\/2cb5cef90a26f8fbd4d9d930608102c5?s=96&d=mm&r=g\",\"caption\":\"Di\u00e1rio da Lagoa\"},\"url\":\"https:\/\/diariodalagoa.pt\/fr\/author\/diariodalagoa\/\"}]}<\/script>\n<!-- \/ Yoast SEO plugin. -->","yoast_head_json":{"title":"Novela da TVI promete refor\u00e7ar contornos hist\u00f3ricos das rela\u00e7\u00f5es entre os A\u00e7ores e o Brasil - Di\u00e1rio da Lagoa","description":"Grava\u00e7\u00f5es passaram por Santa Catarina, no Brasil, e a ilha das Flores, nos A\u00e7ores; autoridades dos dois pa\u00edses defendem integra\u00e7\u00e3o cultural bilateral atrav\u00e9s da produ\u00e7\u00e3o televisiva.","robots":{"index":"index","follow":"follow","max-snippet":"max-snippet:-1","max-image-preview":"max-image-preview:large","max-video-preview":"max-video-preview:-1"},"canonical":"https:\/\/diariodalagoa.pt\/fr\/novela-da-tvi-promete-reforcar-contornos-historicos-das-relacoes-entre-os-acores-e-o-brasil\/","og_locale":"fr_FR","og_type":"article","og_title":"Novela da TVI promete refor\u00e7ar contornos hist\u00f3ricos das rela\u00e7\u00f5es entre os A\u00e7ores e o Brasil - Di\u00e1rio da Lagoa","og_description":"Grava\u00e7\u00f5es passaram por Santa Catarina, no Brasil, e a ilha das Flores, nos A\u00e7ores; autoridades dos dois pa\u00edses defendem integra\u00e7\u00e3o cultural bilateral atrav\u00e9s da produ\u00e7\u00e3o televisiva.","og_url":"https:\/\/diariodalagoa.pt\/fr\/novela-da-tvi-promete-reforcar-contornos-historicos-das-relacoes-entre-os-acores-e-o-brasil\/","og_site_name":"Di\u00e1rio da Lagoa","article_published_time":"2025-09-05T15:38:31+00:00","article_modified_time":"2025-09-05T15:43:55+00:00","og_image":[{"width":960,"height":540,"url":"https:\/\/diariodalagoa.pt\/wp-content\/uploads\/2025\/09\/novela-terra-forte-1.jpg","type":"image\/jpeg"}],"author":"Di\u00e1rio da Lagoa","twitter_card":"summary_large_image","twitter_misc":{"\u00c9crit par":"Di\u00e1rio da Lagoa","Dur\u00e9e de lecture estim\u00e9e":"6 minutes"},"schema":{"@context":"https:\/\/schema.org","@graph":[{"@type":"WebPage","@id":"https:\/\/diariodalagoa.pt\/novela-da-tvi-promete-reforcar-contornos-historicos-das-relacoes-entre-os-acores-e-o-brasil\/","url":"https:\/\/diariodalagoa.pt\/novela-da-tvi-promete-reforcar-contornos-historicos-das-relacoes-entre-os-acores-e-o-brasil\/","name":"Novela da TVI promete refor\u00e7ar contornos hist\u00f3ricos das rela\u00e7\u00f5es entre os A\u00e7ores e o Brasil - Di\u00e1rio da Lagoa","isPartOf":{"@id":"https:\/\/diariodalagoa.pt\/#website"},"datePublished":"2025-09-05T15:38:31+00:00","dateModified":"2025-09-05T15:43:55+00:00","author":{"@id":"https:\/\/diariodalagoa.pt\/#\/schema\/person\/1615a002370e8857b6f972834bc43ece"},"description":"Grava\u00e7\u00f5es passaram por Santa Catarina, no Brasil, e a ilha das Flores, nos A\u00e7ores; autoridades dos dois pa\u00edses defendem integra\u00e7\u00e3o cultural bilateral atrav\u00e9s da produ\u00e7\u00e3o televisiva.","breadcrumb":{"@id":"https:\/\/diariodalagoa.pt\/novela-da-tvi-promete-reforcar-contornos-historicos-das-relacoes-entre-os-acores-e-o-brasil\/#breadcrumb"},"inLanguage":"fr-FR","potentialAction":[{"@type":"ReadAction","target":["https:\/\/diariodalagoa.pt\/novela-da-tvi-promete-reforcar-contornos-historicos-das-relacoes-entre-os-acores-e-o-brasil\/"]}]},{"@type":"BreadcrumbList","@id":"https:\/\/diariodalagoa.pt\/novela-da-tvi-promete-reforcar-contornos-historicos-das-relacoes-entre-os-acores-e-o-brasil\/#breadcrumb","itemListElement":[{"@type":"ListItem","position":1,"name":"In\u00edcio","item":"https:\/\/diariodalagoa.pt\/"},{"@type":"ListItem","position":2,"name":"Novela da TVI promete refor\u00e7ar contornos hist\u00f3ricos das rela\u00e7\u00f5es entre os A\u00e7ores e o Brasil"}]},{"@type":"WebSite","@id":"https:\/\/diariodalagoa.pt\/#website","url":"https:\/\/diariodalagoa.pt\/","name":"Di\u00e1rio da Lagoa","description":"Di\u00e1rio da Lagoa. As not\u00edcias que contam. A partir da Lagoa, nos A\u00e7ores, para o mundo.","potentialAction":[{"@type":"SearchAction","target":{"@type":"EntryPoint","urlTemplate":"https:\/\/diariodalagoa.pt\/?s={search_term_string}"},"query-input":"required name=search_term_string"}],"inLanguage":"fr-FR"},{"@type":"Person","@id":"https:\/\/diariodalagoa.pt\/#\/schema\/person\/1615a002370e8857b6f972834bc43ece","name":"Di\u00e1rio da Lagoa","image":{"@type":"ImageObject","inLanguage":"fr-FR","@id":"https:\/\/diariodalagoa.pt\/#\/schema\/person\/image\/","url":"https:\/\/secure.gravatar.com\/avatar\/2cb5cef90a26f8fbd4d9d930608102c5?s=96&d=mm&r=g","contentUrl":"https:\/\/secure.gravatar.com\/avatar\/2cb5cef90a26f8fbd4d9d930608102c5?s=96&d=mm&r=g","caption":"Di\u00e1rio da Lagoa"},"url":"https:\/\/diariodalagoa.pt\/fr\/author\/diariodalagoa\/"}]}},"_links":{"self":[{"href":"https:\/\/diariodalagoa.pt\/fr\/wp-json\/wp\/v2\/posts\/158518"}],"collection":[{"href":"https:\/\/diariodalagoa.pt\/fr\/wp-json\/wp\/v2\/posts"}],"about":[{"href":"https:\/\/diariodalagoa.pt\/fr\/wp-json\/wp\/v2\/types\/post"}],"author":[{"embeddable":true,"href":"https:\/\/diariodalagoa.pt\/fr\/wp-json\/wp\/v2\/users\/2"}],"replies":[{"embeddable":true,"href":"https:\/\/diariodalagoa.pt\/fr\/wp-json\/wp\/v2\/comments?post=158518"}],"version-history":[{"count":4,"href":"https:\/\/diariodalagoa.pt\/fr\/wp-json\/wp\/v2\/posts\/158518\/revisions"}],"predecessor-version":[{"id":158525,"href":"https:\/\/diariodalagoa.pt\/fr\/wp-json\/wp\/v2\/posts\/158518\/revisions\/158525"}],"wp:featuredmedia":[{"embeddable":true,"href":"https:\/\/diariodalagoa.pt\/fr\/wp-json\/wp\/v2\/media\/158521"}],"wp:attachment":[{"href":"https:\/\/diariodalagoa.pt\/fr\/wp-json\/wp\/v2\/media?parent=158518"}],"wp:term":[{"taxonomy":"category","embeddable":true,"href":"https:\/\/diariodalagoa.pt\/fr\/wp-json\/wp\/v2\/categories?post=158518"},{"taxonomy":"post_tag","embeddable":true,"href":"https:\/\/diariodalagoa.pt\/fr\/wp-json\/wp\/v2\/tags?post=158518"}],"curies":[{"name":"wp","href":"https:\/\/api.w.org\/{rel}","templated":true}]}}