{"id":158492,"date":"2025-09-04T21:44:27","date_gmt":"2025-09-04T21:44:27","guid":{"rendered":"https:\/\/diariodalagoa.pt\/?p=158492"},"modified":"2025-09-04T21:48:41","modified_gmt":"2025-09-04T21:48:41","slug":"jose-estevao-de-melo-o-percurso-de-um-informatico-empreendedor","status":"publish","type":"post","link":"https:\/\/diariodalagoa.pt\/fr\/jose-estevao-de-melo-o-percurso-de-um-informatico-empreendedor\/","title":{"rendered":"Jos\u00e9 Est\u00eav\u00e3o de Melo: o percurso de um inform\u00e1tico empreendedor"},"content":{"rendered":"<h3 class=\"wp-block-heading\">Inform\u00e1tico e empres\u00e1rio, vive um dia a dia bastante agitado que se divide entre o seu lado profissional e pessoal. Numa entrevista ao Di\u00e1rio da Lagoa, partilha o seu percurso e ponto de vista acerca da intelig\u00eancia artificial<\/h3>\n\n\n\n<figure class=\"wp-block-image size-full\"><img decoding=\"async\" width=\"960\" height=\"640\" src=\"https:\/\/diariodalagoa.pt\/wp-content\/uploads\/2025\/09\/jose-estevao-de-melo-2025-c-clife-botelho.jpg\" alt=\"\" class=\"wp-image-158493\" srcset=\"https:\/\/diariodalagoa.pt\/wp-content\/uploads\/2025\/09\/jose-estevao-de-melo-2025-c-clife-botelho.jpg 960w, https:\/\/diariodalagoa.pt\/wp-content\/uploads\/2025\/09\/jose-estevao-de-melo-2025-c-clife-botelho-300x200.jpg 300w, https:\/\/diariodalagoa.pt\/wp-content\/uploads\/2025\/09\/jose-estevao-de-melo-2025-c-clife-botelho-768x512.jpg 768w, https:\/\/diariodalagoa.pt\/wp-content\/uploads\/2025\/09\/jose-estevao-de-melo-2025-c-clife-botelho-18x12.jpg 18w\" sizes=\"(max-width: 960px) 100vw, 960px\" \/><figcaption class=\"wp-element-caption\"><sup>Jos\u00e9 Est\u00eav\u00e3o de Melo nasceu a 31 de agosto de 1979 <mark style=\"background-color:rgba(0, 0, 0, 0)\" class=\"has-inline-color has-cyan-bluish-gray-color\">\u00a9 CLIFE BOTELHO<\/mark><\/sup><\/figcaption><\/figure>\n\n\n<p>Natural de Vila Franca do Campo, Jos\u00e9 Melo vem de uma fam\u00edlia de cinco irm\u00e3os. \u00c9 filho de Jos\u00e9 Est\u00eavam Pacheco de Melo, que presidiu \u00e0 C\u00e2mara Municipal de Vila Franca do Campo durante mais de uma d\u00e9cada, entre os anos 80 e 90. \u201cCresci com o apelido de presidente\u201d, recorda.<\/p>\n<p>O seu percurso acad\u00e9mico come\u00e7ou em Vila Franca, onde estudou at\u00e9 ao nono ano, concluindo a escolaridade na Escola Antero de Quental. \u00c9 fora dos A\u00e7ores que ingressa no ensino superior, frequentando o curso de Engenharia Inform\u00e1tica, na Faculdade de Ci\u00eancias e Tecnologia da Universidade Nova de Lisboa. Jos\u00e9 Melo admite n\u00e3o ter passado por um per\u00edodo de adapta\u00e7\u00e3o dif\u00edcil ao sair dos A\u00e7ores, porque tinha os seus irm\u00e3os mais velhos a viver l\u00e1. \u201cFoi espetacular\u201d, afirma. &nbsp;<\/p>\n<p>O primeiro emprego surgiu em Lisboa. Estagiou numa \u201c<i>sub-holding<\/i> da Sonaecom\u201d, a antiga <i>WeDo Consulting<\/i>, e o seu bom resultado garantiu-lhe um lugar na empresa, onde ficou de 2007 a 2009. O inform\u00e1tico refere ter aprendido muito durante esse per\u00edodo e explica que desempenhou mais do que uma fun\u00e7\u00e3o na empresa. Come\u00e7ou por fazer parte da equipa de Optimus (atual NOS) e mais tarde integrou outra equipa de desenvolvimento. Jos\u00e9 \u201cgostava imenso\u201d da parte que o permitiu programar, apesar do desafio de o fazer numa empresa de telecomunica\u00e7\u00f5es.<\/p>\n\n\n<h3 class=\"wp-block-heading\"><strong>Uma nova etapa<\/strong><\/h3>\n\n\n<p>Embora gostasse daquilo que fazia em Lisboa, o desejo de voltar para casa fez Jos\u00e9 terminar esta etapa. De volta aos A\u00e7ores, chega sem emprego, mas com convic\u00e7\u00e3o de que \u201cia conseguir fazer alguma coisa\u201d. \u00c9 quando regressa que come\u00e7a a dar \u201cforma\u00e7\u00e3o\u201d em escolas profissionais. Deu aulas de TIC, uma \u00e1rea que n\u00e3o era exatamente a sua, mas considera ter sido uma experi\u00eancia positiva.<\/p>\n<p>A mudan\u00e7a de morada trouxe consigo o desejo de mudar de carreira e, por esta raz\u00e3o, cria com amigos a empresa <i>Control Alt Delete, Lda<\/i>, em 2010.&nbsp; Este neg\u00f3cio pr\u00f3prio, o qual gere atualmente com Pedro Lima, inclui servi\u00e7os que v\u00e3o desde o desenvolvimento de websites a solu\u00e7\u00f5es de \u201csoftware \u00e0 medida\u201d para cada cliente empresarial, embora hoje esteja mais focado na \u00e1rea de consultoria.<\/p>\n<p>Mais recentemente criou outra empresa com o objetivo de \u201cseparar algumas coisas\u201d da <i>Control Alt Delete<\/i>. A maior parte do seu tempo dedica-se ao desenvolvimento de software e, criar uma empresa para este fim, fez sentido.&nbsp; O seu lado empresarial foi um dos aspetos que Jos\u00e9 viu desenvolver em si ao longo dos tempos.<br>A vida de Jos\u00e9 Melo \u00e9 fortemente agitada, trabalha a partir de casa e n\u00e3o v\u00ea a necessidade de alterar essa rotina. Fazer programa\u00e7\u00e3o exige de si elevada concentra\u00e7\u00e3o: \u201cpor regra levanto-me \u00e0s tr\u00eas ou quatro da manh\u00e3, j\u00e1 experimentei trabalhar a horas normais, mas n\u00e3o consigo\u201d. Apesar da agenda preenchida, reserva espa\u00e7o para o lado pessoal. Casado e pai de dois filhos, vive atualmente na casa que pertenceu aos seus av\u00f3s. \u201cN\u00e3o aceitava muito bem a op\u00e7\u00e3o daquela casa ser vendida e comprei-a\u201d, diz.<\/p>\n<p>Em 2019 volta a dar aulas, desta vez na Universidade dos A\u00e7ores. No entanto, por ter pouca disponibilidade e projetos que ainda desejar p\u00f4r em pr\u00e1tica, tomou recentemente a decis\u00e3o de deixar o ensino.<\/p>\n\n\n<h3 class=\"wp-block-heading\"><strong>\u201cA intelig\u00eancia artificial n\u00e3o tem que ser uma coisa m\u00e1\u201d<\/strong><\/h3>\n\n\n<p>O Di\u00e1rio da Lagoa falou com Jos\u00e9 Melo sobre um dos temas que mais marca a atualidade: a Intelig\u00eancia Artificial (IA). Colaborador do nosso jornal e autor de artigos dedicados a este tema, sublinha que, \u201capesar de n\u00e3o ser especialista nem investigador\u201d de IA, usa a ferramenta frequentemente. \u201cPara mim \u00e9 positivo e tem ajudado muita gente\u201d, afirma. Com a ajuda da IA, Jos\u00e9 Melo criou um \u201cprograma de treino de for\u00e7a\u201d e observa um futuro com o aux\u00edlio desta ferramenta cada vez mais presente no nosso dia a dia. \u201cA intelig\u00eancia artificial n\u00e3o tem que ser uma coisa m\u00e1\u201d, conclui. Ainda assim, manifesta preocupa\u00e7\u00e3o com o impacto que a tecnologia poder\u00e1 ter na redu\u00e7\u00e3o de postos de trabalho.<\/p>\n<p>Em rela\u00e7\u00e3o ao futuro, Jos\u00e9 Estev\u00e3o de Melo afirma n\u00e3o ambicionar grandes mudan\u00e7as, al\u00e9m do desenvolvimento de algumas ideias pessoais. N\u00e3o obstante, revela interesse em visitar Angola, j\u00e1 que desenvolve, atualmente, um software para um parceiro local.<\/p>","protected":false},"excerpt":{"rendered":"<p>Inform\u00e1tico e empres\u00e1rio, vive um dia a dia bastante agitado que se divide entre o seu lado profissional e pessoal. Numa entrevista ao Di\u00e1rio da Lagoa, partilha o seu percurso e ponto de vista acerca da intelig\u00eancia artificial.<\/p>","protected":false},"author":2,"featured_media":158493,"comment_status":"open","ping_status":"closed","sticky":false,"template":"","format":"standard","meta":[],"categories":[7],"tags":[785,1437,3021,3382,3383],"acf":[],"yoast_head":"<!-- This site is optimized with the Yoast SEO plugin v20.10 - https:\/\/yoast.com\/wordpress\/plugins\/seo\/ -->\n<title>Jos\u00e9 Est\u00eav\u00e3o de Melo: o percurso de um inform\u00e1tico empreendedor - Di\u00e1rio da Lagoa<\/title>\n<meta name=\"description\" content=\"Inform\u00e1tico e empres\u00e1rio, vive um dia a dia bastante agitado que se divide entre o seu lado profissional e pessoal. Numa entrevista ao Di\u00e1rio da Lagoa, partilha o seu percurso e ponto de vista acerca da intelig\u00eancia artificial.\" \/>\n<meta name=\"robots\" content=\"index, follow, max-snippet:-1, max-image-preview:large, max-video-preview:-1\" \/>\n<link rel=\"canonical\" href=\"https:\/\/diariodalagoa.pt\/fr\/jose-estevao-de-melo-o-percurso-de-um-informatico-empreendedor\/\" \/>\n<meta property=\"og:locale\" content=\"fr_FR\" \/>\n<meta property=\"og:type\" content=\"article\" \/>\n<meta property=\"og:title\" content=\"Jos\u00e9 Est\u00eav\u00e3o de Melo: o percurso de um inform\u00e1tico empreendedor - Di\u00e1rio da Lagoa\" \/>\n<meta property=\"og:description\" content=\"Inform\u00e1tico e empres\u00e1rio, vive um dia a dia bastante agitado que se divide entre o seu lado profissional e pessoal. Numa entrevista ao Di\u00e1rio da Lagoa, partilha o seu percurso e ponto de vista acerca da intelig\u00eancia artificial.\" \/>\n<meta property=\"og:url\" content=\"https:\/\/diariodalagoa.pt\/fr\/jose-estevao-de-melo-o-percurso-de-um-informatico-empreendedor\/\" \/>\n<meta property=\"og:site_name\" content=\"Di\u00e1rio da Lagoa\" \/>\n<meta property=\"article:published_time\" content=\"2025-09-04T21:44:27+00:00\" \/>\n<meta property=\"article:modified_time\" content=\"2025-09-04T21:48:41+00:00\" \/>\n<meta property=\"og:image\" content=\"https:\/\/diariodalagoa.pt\/wp-content\/uploads\/2025\/09\/jose-estevao-de-melo-2025-c-clife-botelho.jpg\" \/>\n\t<meta property=\"og:image:width\" content=\"960\" \/>\n\t<meta property=\"og:image:height\" content=\"640\" \/>\n\t<meta property=\"og:image:type\" content=\"image\/jpeg\" \/>\n<meta name=\"author\" content=\"Di\u00e1rio da Lagoa\" \/>\n<meta name=\"twitter:card\" content=\"summary_large_image\" \/>\n<meta name=\"twitter:label1\" content=\"\u00c9crit par\" \/>\n\t<meta name=\"twitter:data1\" content=\"Di\u00e1rio da Lagoa\" \/>\n\t<meta name=\"twitter:label2\" content=\"Dur\u00e9e de lecture estim\u00e9e\" \/>\n\t<meta name=\"twitter:data2\" content=\"5 minutes\" \/>\n<script type=\"application\/ld+json\" class=\"yoast-schema-graph\">{\"@context\":\"https:\/\/schema.org\",\"@graph\":[{\"@type\":\"WebPage\",\"@id\":\"https:\/\/diariodalagoa.pt\/jose-estevao-de-melo-o-percurso-de-um-informatico-empreendedor\/\",\"url\":\"https:\/\/diariodalagoa.pt\/jose-estevao-de-melo-o-percurso-de-um-informatico-empreendedor\/\",\"name\":\"Jos\u00e9 Est\u00eav\u00e3o de Melo: o percurso de um inform\u00e1tico empreendedor - Di\u00e1rio da Lagoa\",\"isPartOf\":{\"@id\":\"https:\/\/diariodalagoa.pt\/#website\"},\"datePublished\":\"2025-09-04T21:44:27+00:00\",\"dateModified\":\"2025-09-04T21:48:41+00:00\",\"author\":{\"@id\":\"https:\/\/diariodalagoa.pt\/#\/schema\/person\/1615a002370e8857b6f972834bc43ece\"},\"description\":\"Inform\u00e1tico e empres\u00e1rio, vive um dia a dia bastante agitado que se divide entre o seu lado profissional e pessoal. Numa entrevista ao Di\u00e1rio da Lagoa, partilha o seu percurso e ponto de vista acerca da intelig\u00eancia artificial.\",\"breadcrumb\":{\"@id\":\"https:\/\/diariodalagoa.pt\/jose-estevao-de-melo-o-percurso-de-um-informatico-empreendedor\/#breadcrumb\"},\"inLanguage\":\"fr-FR\",\"potentialAction\":[{\"@type\":\"ReadAction\",\"target\":[\"https:\/\/diariodalagoa.pt\/jose-estevao-de-melo-o-percurso-de-um-informatico-empreendedor\/\"]}]},{\"@type\":\"BreadcrumbList\",\"@id\":\"https:\/\/diariodalagoa.pt\/jose-estevao-de-melo-o-percurso-de-um-informatico-empreendedor\/#breadcrumb\",\"itemListElement\":[{\"@type\":\"ListItem\",\"position\":1,\"name\":\"In\u00edcio\",\"item\":\"https:\/\/diariodalagoa.pt\/\"},{\"@type\":\"ListItem\",\"position\":2,\"name\":\"Jos\u00e9 Est\u00eav\u00e3o de Melo: o percurso de um inform\u00e1tico empreendedor\"}]},{\"@type\":\"WebSite\",\"@id\":\"https:\/\/diariodalagoa.pt\/#website\",\"url\":\"https:\/\/diariodalagoa.pt\/\",\"name\":\"Di\u00e1rio da Lagoa\",\"description\":\"Di\u00e1rio da Lagoa. As not\u00edcias que contam. A partir da Lagoa, nos A\u00e7ores, para o mundo.\",\"potentialAction\":[{\"@type\":\"SearchAction\",\"target\":{\"@type\":\"EntryPoint\",\"urlTemplate\":\"https:\/\/diariodalagoa.pt\/?s={search_term_string}\"},\"query-input\":\"required name=search_term_string\"}],\"inLanguage\":\"fr-FR\"},{\"@type\":\"Person\",\"@id\":\"https:\/\/diariodalagoa.pt\/#\/schema\/person\/1615a002370e8857b6f972834bc43ece\",\"name\":\"Di\u00e1rio da Lagoa\",\"image\":{\"@type\":\"ImageObject\",\"inLanguage\":\"fr-FR\",\"@id\":\"https:\/\/diariodalagoa.pt\/#\/schema\/person\/image\/\",\"url\":\"https:\/\/secure.gravatar.com\/avatar\/2cb5cef90a26f8fbd4d9d930608102c5?s=96&d=mm&r=g\",\"contentUrl\":\"https:\/\/secure.gravatar.com\/avatar\/2cb5cef90a26f8fbd4d9d930608102c5?s=96&d=mm&r=g\",\"caption\":\"Di\u00e1rio da Lagoa\"},\"url\":\"https:\/\/diariodalagoa.pt\/fr\/author\/diariodalagoa\/\"}]}<\/script>\n<!-- \/ Yoast SEO plugin. -->","yoast_head_json":{"title":"Jos\u00e9 Est\u00eav\u00e3o de Melo: o percurso de um inform\u00e1tico empreendedor - Di\u00e1rio da Lagoa","description":"Inform\u00e1tico e empres\u00e1rio, vive um dia a dia bastante agitado que se divide entre o seu lado profissional e pessoal. Numa entrevista ao Di\u00e1rio da Lagoa, partilha o seu percurso e ponto de vista acerca da intelig\u00eancia artificial.","robots":{"index":"index","follow":"follow","max-snippet":"max-snippet:-1","max-image-preview":"max-image-preview:large","max-video-preview":"max-video-preview:-1"},"canonical":"https:\/\/diariodalagoa.pt\/fr\/jose-estevao-de-melo-o-percurso-de-um-informatico-empreendedor\/","og_locale":"fr_FR","og_type":"article","og_title":"Jos\u00e9 Est\u00eav\u00e3o de Melo: o percurso de um inform\u00e1tico empreendedor - Di\u00e1rio da Lagoa","og_description":"Inform\u00e1tico e empres\u00e1rio, vive um dia a dia bastante agitado que se divide entre o seu lado profissional e pessoal. Numa entrevista ao Di\u00e1rio da Lagoa, partilha o seu percurso e ponto de vista acerca da intelig\u00eancia artificial.","og_url":"https:\/\/diariodalagoa.pt\/fr\/jose-estevao-de-melo-o-percurso-de-um-informatico-empreendedor\/","og_site_name":"Di\u00e1rio da Lagoa","article_published_time":"2025-09-04T21:44:27+00:00","article_modified_time":"2025-09-04T21:48:41+00:00","og_image":[{"width":960,"height":640,"url":"https:\/\/diariodalagoa.pt\/wp-content\/uploads\/2025\/09\/jose-estevao-de-melo-2025-c-clife-botelho.jpg","type":"image\/jpeg"}],"author":"Di\u00e1rio da Lagoa","twitter_card":"summary_large_image","twitter_misc":{"\u00c9crit par":"Di\u00e1rio da Lagoa","Dur\u00e9e de lecture estim\u00e9e":"5 minutes"},"schema":{"@context":"https:\/\/schema.org","@graph":[{"@type":"WebPage","@id":"https:\/\/diariodalagoa.pt\/jose-estevao-de-melo-o-percurso-de-um-informatico-empreendedor\/","url":"https:\/\/diariodalagoa.pt\/jose-estevao-de-melo-o-percurso-de-um-informatico-empreendedor\/","name":"Jos\u00e9 Est\u00eav\u00e3o de Melo: o percurso de um inform\u00e1tico empreendedor - Di\u00e1rio da Lagoa","isPartOf":{"@id":"https:\/\/diariodalagoa.pt\/#website"},"datePublished":"2025-09-04T21:44:27+00:00","dateModified":"2025-09-04T21:48:41+00:00","author":{"@id":"https:\/\/diariodalagoa.pt\/#\/schema\/person\/1615a002370e8857b6f972834bc43ece"},"description":"Inform\u00e1tico e empres\u00e1rio, vive um dia a dia bastante agitado que se divide entre o seu lado profissional e pessoal. Numa entrevista ao Di\u00e1rio da Lagoa, partilha o seu percurso e ponto de vista acerca da intelig\u00eancia artificial.","breadcrumb":{"@id":"https:\/\/diariodalagoa.pt\/jose-estevao-de-melo-o-percurso-de-um-informatico-empreendedor\/#breadcrumb"},"inLanguage":"fr-FR","potentialAction":[{"@type":"ReadAction","target":["https:\/\/diariodalagoa.pt\/jose-estevao-de-melo-o-percurso-de-um-informatico-empreendedor\/"]}]},{"@type":"BreadcrumbList","@id":"https:\/\/diariodalagoa.pt\/jose-estevao-de-melo-o-percurso-de-um-informatico-empreendedor\/#breadcrumb","itemListElement":[{"@type":"ListItem","position":1,"name":"In\u00edcio","item":"https:\/\/diariodalagoa.pt\/"},{"@type":"ListItem","position":2,"name":"Jos\u00e9 Est\u00eav\u00e3o de Melo: o percurso de um inform\u00e1tico empreendedor"}]},{"@type":"WebSite","@id":"https:\/\/diariodalagoa.pt\/#website","url":"https:\/\/diariodalagoa.pt\/","name":"Di\u00e1rio da Lagoa","description":"Di\u00e1rio da Lagoa. As not\u00edcias que contam. A partir da Lagoa, nos A\u00e7ores, para o mundo.","potentialAction":[{"@type":"SearchAction","target":{"@type":"EntryPoint","urlTemplate":"https:\/\/diariodalagoa.pt\/?s={search_term_string}"},"query-input":"required name=search_term_string"}],"inLanguage":"fr-FR"},{"@type":"Person","@id":"https:\/\/diariodalagoa.pt\/#\/schema\/person\/1615a002370e8857b6f972834bc43ece","name":"Di\u00e1rio da Lagoa","image":{"@type":"ImageObject","inLanguage":"fr-FR","@id":"https:\/\/diariodalagoa.pt\/#\/schema\/person\/image\/","url":"https:\/\/secure.gravatar.com\/avatar\/2cb5cef90a26f8fbd4d9d930608102c5?s=96&d=mm&r=g","contentUrl":"https:\/\/secure.gravatar.com\/avatar\/2cb5cef90a26f8fbd4d9d930608102c5?s=96&d=mm&r=g","caption":"Di\u00e1rio da Lagoa"},"url":"https:\/\/diariodalagoa.pt\/fr\/author\/diariodalagoa\/"}]}},"_links":{"self":[{"href":"https:\/\/diariodalagoa.pt\/fr\/wp-json\/wp\/v2\/posts\/158492"}],"collection":[{"href":"https:\/\/diariodalagoa.pt\/fr\/wp-json\/wp\/v2\/posts"}],"about":[{"href":"https:\/\/diariodalagoa.pt\/fr\/wp-json\/wp\/v2\/types\/post"}],"author":[{"embeddable":true,"href":"https:\/\/diariodalagoa.pt\/fr\/wp-json\/wp\/v2\/users\/2"}],"replies":[{"embeddable":true,"href":"https:\/\/diariodalagoa.pt\/fr\/wp-json\/wp\/v2\/comments?post=158492"}],"version-history":[{"count":4,"href":"https:\/\/diariodalagoa.pt\/fr\/wp-json\/wp\/v2\/posts\/158492\/revisions"}],"predecessor-version":[{"id":158497,"href":"https:\/\/diariodalagoa.pt\/fr\/wp-json\/wp\/v2\/posts\/158492\/revisions\/158497"}],"wp:featuredmedia":[{"embeddable":true,"href":"https:\/\/diariodalagoa.pt\/fr\/wp-json\/wp\/v2\/media\/158493"}],"wp:attachment":[{"href":"https:\/\/diariodalagoa.pt\/fr\/wp-json\/wp\/v2\/media?parent=158492"}],"wp:term":[{"taxonomy":"category","embeddable":true,"href":"https:\/\/diariodalagoa.pt\/fr\/wp-json\/wp\/v2\/categories?post=158492"},{"taxonomy":"post_tag","embeddable":true,"href":"https:\/\/diariodalagoa.pt\/fr\/wp-json\/wp\/v2\/tags?post=158492"}],"curies":[{"name":"wp","href":"https:\/\/api.w.org\/{rel}","templated":true}]}}