{"id":158359,"date":"2025-08-18T15:17:54","date_gmt":"2025-08-18T15:17:54","guid":{"rendered":"https:\/\/diariodalagoa.pt\/?p=158359"},"modified":"2025-08-18T15:17:56","modified_gmt":"2025-08-18T15:17:56","slug":"nucleo-museologico-das-lavadeiras-em-agua-de-pau-acolhe-arte-urbana","status":"publish","type":"post","link":"https:\/\/diariodalagoa.pt\/fr\/nucleo-museologico-das-lavadeiras-em-agua-de-pau-acolhe-arte-urbana\/","title":{"rendered":"N\u00facleo Museol\u00f3gico das Lavadeiras em \u00c1gua de Pau acolhe arte urbana"},"content":{"rendered":"<h3 class=\"wp-block-heading\">A interven\u00e7\u00e3o art\u00edstica de Vanessa Branco evoca mem\u00f3rias para promover novas reflex\u00f5es sobre o passado e o presente<\/h3>\n\n\n\n<figure class=\"wp-block-image size-full\"><img decoding=\"async\" width=\"960\" height=\"855\" src=\"https:\/\/diariodalagoa.pt\/wp-content\/uploads\/2025\/08\/obra-vanessa-branco-no-nucleo-museologico-lavadeiras-cml-1.jpg\" alt=\"\" class=\"wp-image-158361\" srcset=\"https:\/\/diariodalagoa.pt\/wp-content\/uploads\/2025\/08\/obra-vanessa-branco-no-nucleo-museologico-lavadeiras-cml-1.jpg 960w, https:\/\/diariodalagoa.pt\/wp-content\/uploads\/2025\/08\/obra-vanessa-branco-no-nucleo-museologico-lavadeiras-cml-1-300x267.jpg 300w, https:\/\/diariodalagoa.pt\/wp-content\/uploads\/2025\/08\/obra-vanessa-branco-no-nucleo-museologico-lavadeiras-cml-1-768x684.jpg 768w, https:\/\/diariodalagoa.pt\/wp-content\/uploads\/2025\/08\/obra-vanessa-branco-no-nucleo-museologico-lavadeiras-cml-1-13x12.jpg 13w\" sizes=\"(max-width: 960px) 100vw, 960px\" \/><figcaption class=\"wp-element-caption\"><mark style=\"background-color:rgba(0, 0, 0, 0)\" class=\"has-inline-color has-cyan-bluish-gray-color\"><sup>\u00a9 CM LAGOA<\/sup><\/mark><\/figcaption><\/figure>\n\n\n<p>O N\u00facleo Museol\u00f3gico das Lavadeiras, na Vila de \u00c1gua de Pau, foi alvo de uma nova interven\u00e7\u00e3o de arte urbana da artista Vanessa Branco.<\/p>\n<p>Segundo nota de imprensa enviada pela C\u00e2mara Municipal de Lagoa, a interven\u00e7\u00e3o art\u00edstica abrange as fachadas sul e norte de um edif\u00edcio, que est\u00e1 sob a tutela da Junta de Freguesia de \u00c1gua de Pau. Atrav\u00e9s do olhar da artista, \u00e9 revisitado o papel das lavadeiras na vida comunit\u00e1ria e s\u00e3o evocadas mem\u00f3rias que promovem novas reflex\u00f5es sobre o passado e o presente.<\/p>\n<p>&#8220;A obra alia o respeito pela arquitetura tradicional \u00e0 liberdade est\u00e9tica da arte urbana, promovendo a apropria\u00e7\u00e3o comunit\u00e1ria do espa\u00e7o e refor\u00e7ando o sentimento de perten\u00e7a e identidade local&#8221;, refere a autarquia lagoense.<\/p>\n<p>A C\u00e2mara Municipal explica, ainda, que a artista partiu de um conjunto de fotografias hist\u00f3ricas das lavadeiras de \u00c1gua de Pau e de orienta\u00e7\u00f5es tem\u00e1ticas assentes nos conceitos de mem\u00f3ria, identidade coletiva e hist\u00f3ria local. &#8220;O resultado \u00e9 uma composi\u00e7\u00e3o sens\u00edvel e vibrante, que combina elementos figurativos e crom\u00e1ticos com forte carga simb\u00f3lica&#8221;, l\u00ea-se na nota.<\/p>\n<p>&#8220;Na fachada sul, a artista apresenta um estendal de roupas, remetendo para o gesto quotidiano da lavagem, enquanto na fachada norte se destaca a figura de uma lavadeira, vis\u00edvel para quem percorre o Trilho das Pedras Brancas. As cores vivas utilizadas evocam a Cer\u00e2mica Vieira, um dos \u00edcones patrimoniais do concelho da Lagoa, criando uma ponte visual e afetiva entre diferentes express\u00f5es culturais da regi\u00e3o&#8221;, descreve a autarquia no comunicado.<\/p>\n<p>O interior do n\u00facleo museol\u00f3gico em quest\u00e3o e que est\u00e1 a ser alvo de uma renova\u00e7\u00e3o museogr\u00e1fica por parte do Museu da Lagoa, fruto de um trabalho conjunto entre a Junta de Freguesia de \u00c1gua de Pau e a C\u00e2mara Municipal de Lagoa<\/p>\n<p style=\"text-align: left;\">A artista Vanessa Branco \u00e9 licenciada em Design Industrial pela Universidade de Lisboa, com p\u00f3s-gradua\u00e7\u00e3o em Comunica\u00e7\u00e3o e Imagem pelo IADE \u2013 Creative University. Desde 2015, atua como designer e ilustradora <em>freelancer<\/em>, desenvolvendo projetos que exploram os cruzamentos entre imagem, identidade e territ\u00f3rio, tendo j\u00e1 participado em outros projetos de arte urbana.<\/p>","protected":false},"excerpt":{"rendered":"<p>A interven\u00e7\u00e3o art\u00edstica de Vanessa Branco evoca mem\u00f3rias para promover novas reflex\u00f5es sobre o passado e o presente.<\/p>","protected":false},"author":2,"featured_media":158360,"comment_status":"open","ping_status":"closed","sticky":false,"template":"","format":"standard","meta":[],"categories":[21],"tags":[3352,3351],"acf":[],"yoast_head":"<!-- This site is optimized with the Yoast SEO plugin v20.10 - https:\/\/yoast.com\/wordpress\/plugins\/seo\/ -->\n<title>N\u00facleo Museol\u00f3gico das Lavadeiras em \u00c1gua de Pau acolhe arte urbana - Di\u00e1rio da Lagoa<\/title>\n<meta name=\"description\" content=\"A interven\u00e7\u00e3o art\u00edstica de Vanessa Branco evoca mem\u00f3rias para promover novas reflex\u00f5es sobre o passado e o presente.\" \/>\n<meta name=\"robots\" content=\"index, follow, max-snippet:-1, max-image-preview:large, max-video-preview:-1\" \/>\n<link rel=\"canonical\" href=\"https:\/\/diariodalagoa.pt\/fr\/nucleo-museologico-das-lavadeiras-em-agua-de-pau-acolhe-arte-urbana\/\" \/>\n<meta property=\"og:locale\" content=\"fr_FR\" \/>\n<meta property=\"og:type\" content=\"article\" \/>\n<meta property=\"og:title\" content=\"N\u00facleo Museol\u00f3gico das Lavadeiras em \u00c1gua de Pau acolhe arte urbana - Di\u00e1rio da Lagoa\" \/>\n<meta property=\"og:description\" content=\"A interven\u00e7\u00e3o art\u00edstica de Vanessa Branco evoca mem\u00f3rias para promover novas reflex\u00f5es sobre o passado e o presente.\" \/>\n<meta property=\"og:url\" content=\"https:\/\/diariodalagoa.pt\/fr\/nucleo-museologico-das-lavadeiras-em-agua-de-pau-acolhe-arte-urbana\/\" \/>\n<meta property=\"og:site_name\" content=\"Di\u00e1rio da Lagoa\" \/>\n<meta property=\"article:published_time\" content=\"2025-08-18T15:17:54+00:00\" \/>\n<meta property=\"article:modified_time\" content=\"2025-08-18T15:17:56+00:00\" \/>\n<meta property=\"og:image\" content=\"https:\/\/diariodalagoa.pt\/wp-content\/uploads\/2025\/08\/obra-vanessa-branco-no-nucleo-museologico-lavadeiras-cml.jpg\" \/>\n\t<meta property=\"og:image:width\" content=\"960\" \/>\n\t<meta property=\"og:image:height\" content=\"855\" \/>\n\t<meta property=\"og:image:type\" content=\"image\/jpeg\" \/>\n<meta name=\"author\" content=\"Di\u00e1rio da Lagoa\" \/>\n<meta name=\"twitter:card\" content=\"summary_large_image\" \/>\n<meta name=\"twitter:label1\" content=\"\u00c9crit par\" \/>\n\t<meta name=\"twitter:data1\" content=\"Di\u00e1rio da Lagoa\" \/>\n\t<meta name=\"twitter:label2\" content=\"Dur\u00e9e de lecture estim\u00e9e\" \/>\n\t<meta name=\"twitter:data2\" content=\"3 minutes\" \/>\n<script type=\"application\/ld+json\" class=\"yoast-schema-graph\">{\"@context\":\"https:\/\/schema.org\",\"@graph\":[{\"@type\":\"WebPage\",\"@id\":\"https:\/\/diariodalagoa.pt\/nucleo-museologico-das-lavadeiras-em-agua-de-pau-acolhe-arte-urbana\/\",\"url\":\"https:\/\/diariodalagoa.pt\/nucleo-museologico-das-lavadeiras-em-agua-de-pau-acolhe-arte-urbana\/\",\"name\":\"N\u00facleo Museol\u00f3gico das Lavadeiras em \u00c1gua de Pau acolhe arte urbana - Di\u00e1rio da Lagoa\",\"isPartOf\":{\"@id\":\"https:\/\/diariodalagoa.pt\/#website\"},\"datePublished\":\"2025-08-18T15:17:54+00:00\",\"dateModified\":\"2025-08-18T15:17:56+00:00\",\"author\":{\"@id\":\"https:\/\/diariodalagoa.pt\/#\/schema\/person\/1615a002370e8857b6f972834bc43ece\"},\"description\":\"A interven\u00e7\u00e3o art\u00edstica de Vanessa Branco evoca mem\u00f3rias para promover novas reflex\u00f5es sobre o passado e o presente.\",\"breadcrumb\":{\"@id\":\"https:\/\/diariodalagoa.pt\/nucleo-museologico-das-lavadeiras-em-agua-de-pau-acolhe-arte-urbana\/#breadcrumb\"},\"inLanguage\":\"fr-FR\",\"potentialAction\":[{\"@type\":\"ReadAction\",\"target\":[\"https:\/\/diariodalagoa.pt\/nucleo-museologico-das-lavadeiras-em-agua-de-pau-acolhe-arte-urbana\/\"]}]},{\"@type\":\"BreadcrumbList\",\"@id\":\"https:\/\/diariodalagoa.pt\/nucleo-museologico-das-lavadeiras-em-agua-de-pau-acolhe-arte-urbana\/#breadcrumb\",\"itemListElement\":[{\"@type\":\"ListItem\",\"position\":1,\"name\":\"In\u00edcio\",\"item\":\"https:\/\/diariodalagoa.pt\/\"},{\"@type\":\"ListItem\",\"position\":2,\"name\":\"N\u00facleo Museol\u00f3gico das Lavadeiras em \u00c1gua de Pau acolhe arte urbana\"}]},{\"@type\":\"WebSite\",\"@id\":\"https:\/\/diariodalagoa.pt\/#website\",\"url\":\"https:\/\/diariodalagoa.pt\/\",\"name\":\"Di\u00e1rio da Lagoa\",\"description\":\"Di\u00e1rio da Lagoa. As not\u00edcias que contam. A partir da Lagoa, nos A\u00e7ores, para o mundo.\",\"potentialAction\":[{\"@type\":\"SearchAction\",\"target\":{\"@type\":\"EntryPoint\",\"urlTemplate\":\"https:\/\/diariodalagoa.pt\/?s={search_term_string}\"},\"query-input\":\"required name=search_term_string\"}],\"inLanguage\":\"fr-FR\"},{\"@type\":\"Person\",\"@id\":\"https:\/\/diariodalagoa.pt\/#\/schema\/person\/1615a002370e8857b6f972834bc43ece\",\"name\":\"Di\u00e1rio da Lagoa\",\"image\":{\"@type\":\"ImageObject\",\"inLanguage\":\"fr-FR\",\"@id\":\"https:\/\/diariodalagoa.pt\/#\/schema\/person\/image\/\",\"url\":\"https:\/\/secure.gravatar.com\/avatar\/2cb5cef90a26f8fbd4d9d930608102c5?s=96&d=mm&r=g\",\"contentUrl\":\"https:\/\/secure.gravatar.com\/avatar\/2cb5cef90a26f8fbd4d9d930608102c5?s=96&d=mm&r=g\",\"caption\":\"Di\u00e1rio da Lagoa\"},\"url\":\"https:\/\/diariodalagoa.pt\/fr\/author\/diariodalagoa\/\"}]}<\/script>\n<!-- \/ Yoast SEO plugin. -->","yoast_head_json":{"title":"N\u00facleo Museol\u00f3gico das Lavadeiras em \u00c1gua de Pau acolhe arte urbana - Di\u00e1rio da Lagoa","description":"A interven\u00e7\u00e3o art\u00edstica de Vanessa Branco evoca mem\u00f3rias para promover novas reflex\u00f5es sobre o passado e o presente.","robots":{"index":"index","follow":"follow","max-snippet":"max-snippet:-1","max-image-preview":"max-image-preview:large","max-video-preview":"max-video-preview:-1"},"canonical":"https:\/\/diariodalagoa.pt\/fr\/nucleo-museologico-das-lavadeiras-em-agua-de-pau-acolhe-arte-urbana\/","og_locale":"fr_FR","og_type":"article","og_title":"N\u00facleo Museol\u00f3gico das Lavadeiras em \u00c1gua de Pau acolhe arte urbana - Di\u00e1rio da Lagoa","og_description":"A interven\u00e7\u00e3o art\u00edstica de Vanessa Branco evoca mem\u00f3rias para promover novas reflex\u00f5es sobre o passado e o presente.","og_url":"https:\/\/diariodalagoa.pt\/fr\/nucleo-museologico-das-lavadeiras-em-agua-de-pau-acolhe-arte-urbana\/","og_site_name":"Di\u00e1rio da Lagoa","article_published_time":"2025-08-18T15:17:54+00:00","article_modified_time":"2025-08-18T15:17:56+00:00","og_image":[{"width":960,"height":855,"url":"https:\/\/diariodalagoa.pt\/wp-content\/uploads\/2025\/08\/obra-vanessa-branco-no-nucleo-museologico-lavadeiras-cml.jpg","type":"image\/jpeg"}],"author":"Di\u00e1rio da Lagoa","twitter_card":"summary_large_image","twitter_misc":{"\u00c9crit par":"Di\u00e1rio da Lagoa","Dur\u00e9e de lecture estim\u00e9e":"3 minutes"},"schema":{"@context":"https:\/\/schema.org","@graph":[{"@type":"WebPage","@id":"https:\/\/diariodalagoa.pt\/nucleo-museologico-das-lavadeiras-em-agua-de-pau-acolhe-arte-urbana\/","url":"https:\/\/diariodalagoa.pt\/nucleo-museologico-das-lavadeiras-em-agua-de-pau-acolhe-arte-urbana\/","name":"N\u00facleo Museol\u00f3gico das Lavadeiras em \u00c1gua de Pau acolhe arte urbana - Di\u00e1rio da Lagoa","isPartOf":{"@id":"https:\/\/diariodalagoa.pt\/#website"},"datePublished":"2025-08-18T15:17:54+00:00","dateModified":"2025-08-18T15:17:56+00:00","author":{"@id":"https:\/\/diariodalagoa.pt\/#\/schema\/person\/1615a002370e8857b6f972834bc43ece"},"description":"A interven\u00e7\u00e3o art\u00edstica de Vanessa Branco evoca mem\u00f3rias para promover novas reflex\u00f5es sobre o passado e o presente.","breadcrumb":{"@id":"https:\/\/diariodalagoa.pt\/nucleo-museologico-das-lavadeiras-em-agua-de-pau-acolhe-arte-urbana\/#breadcrumb"},"inLanguage":"fr-FR","potentialAction":[{"@type":"ReadAction","target":["https:\/\/diariodalagoa.pt\/nucleo-museologico-das-lavadeiras-em-agua-de-pau-acolhe-arte-urbana\/"]}]},{"@type":"BreadcrumbList","@id":"https:\/\/diariodalagoa.pt\/nucleo-museologico-das-lavadeiras-em-agua-de-pau-acolhe-arte-urbana\/#breadcrumb","itemListElement":[{"@type":"ListItem","position":1,"name":"In\u00edcio","item":"https:\/\/diariodalagoa.pt\/"},{"@type":"ListItem","position":2,"name":"N\u00facleo Museol\u00f3gico das Lavadeiras em \u00c1gua de Pau acolhe arte urbana"}]},{"@type":"WebSite","@id":"https:\/\/diariodalagoa.pt\/#website","url":"https:\/\/diariodalagoa.pt\/","name":"Di\u00e1rio da Lagoa","description":"Di\u00e1rio da Lagoa. As not\u00edcias que contam. A partir da Lagoa, nos A\u00e7ores, para o mundo.","potentialAction":[{"@type":"SearchAction","target":{"@type":"EntryPoint","urlTemplate":"https:\/\/diariodalagoa.pt\/?s={search_term_string}"},"query-input":"required name=search_term_string"}],"inLanguage":"fr-FR"},{"@type":"Person","@id":"https:\/\/diariodalagoa.pt\/#\/schema\/person\/1615a002370e8857b6f972834bc43ece","name":"Di\u00e1rio da Lagoa","image":{"@type":"ImageObject","inLanguage":"fr-FR","@id":"https:\/\/diariodalagoa.pt\/#\/schema\/person\/image\/","url":"https:\/\/secure.gravatar.com\/avatar\/2cb5cef90a26f8fbd4d9d930608102c5?s=96&d=mm&r=g","contentUrl":"https:\/\/secure.gravatar.com\/avatar\/2cb5cef90a26f8fbd4d9d930608102c5?s=96&d=mm&r=g","caption":"Di\u00e1rio da Lagoa"},"url":"https:\/\/diariodalagoa.pt\/fr\/author\/diariodalagoa\/"}]}},"_links":{"self":[{"href":"https:\/\/diariodalagoa.pt\/fr\/wp-json\/wp\/v2\/posts\/158359"}],"collection":[{"href":"https:\/\/diariodalagoa.pt\/fr\/wp-json\/wp\/v2\/posts"}],"about":[{"href":"https:\/\/diariodalagoa.pt\/fr\/wp-json\/wp\/v2\/types\/post"}],"author":[{"embeddable":true,"href":"https:\/\/diariodalagoa.pt\/fr\/wp-json\/wp\/v2\/users\/2"}],"replies":[{"embeddable":true,"href":"https:\/\/diariodalagoa.pt\/fr\/wp-json\/wp\/v2\/comments?post=158359"}],"version-history":[{"count":2,"href":"https:\/\/diariodalagoa.pt\/fr\/wp-json\/wp\/v2\/posts\/158359\/revisions"}],"predecessor-version":[{"id":158363,"href":"https:\/\/diariodalagoa.pt\/fr\/wp-json\/wp\/v2\/posts\/158359\/revisions\/158363"}],"wp:featuredmedia":[{"embeddable":true,"href":"https:\/\/diariodalagoa.pt\/fr\/wp-json\/wp\/v2\/media\/158360"}],"wp:attachment":[{"href":"https:\/\/diariodalagoa.pt\/fr\/wp-json\/wp\/v2\/media?parent=158359"}],"wp:term":[{"taxonomy":"category","embeddable":true,"href":"https:\/\/diariodalagoa.pt\/fr\/wp-json\/wp\/v2\/categories?post=158359"},{"taxonomy":"post_tag","embeddable":true,"href":"https:\/\/diariodalagoa.pt\/fr\/wp-json\/wp\/v2\/tags?post=158359"}],"curies":[{"name":"wp","href":"https:\/\/api.w.org\/{rel}","templated":true}]}}