{"id":158117,"date":"2025-08-05T11:58:49","date_gmt":"2025-08-05T11:58:49","guid":{"rendered":"https:\/\/diariodalagoa.pt\/?p=158117"},"modified":"2025-08-05T12:19:44","modified_gmt":"2025-08-05T12:19:44","slug":"ruben-cabral-uma-camara-nao-e-uma-empresa-mas-por-vezes-os-autarcas-comportam-se-como-se-fosse","status":"publish","type":"post","link":"https:\/\/diariodalagoa.pt\/fr\/ruben-cabral-uma-camara-nao-e-uma-empresa-mas-por-vezes-os-autarcas-comportam-se-como-se-fosse\/","title":{"rendered":"R\u00faben Cabral: \u201cUma c\u00e2mara n\u00e3o \u00e9 uma empresa, mas por vezes os autarcas comportam-se como se fosse\u201d"},"content":{"rendered":"<h3 class=\"wp-block-heading\">Candidato social-democrata \u00e0 C\u00e2mara da Lagoa critica a gest\u00e3o atual da autarquia. Em entrevista ao Di\u00e1rio da Lagoa afirma que as pessoas devem estar \u201cno topo das suas prioridades e no centro da sua a\u00e7\u00e3o\u201d<\/h3>\n\n\n\n<figure class=\"wp-block-image size-large\"><img decoding=\"async\" width=\"1024\" height=\"711\" src=\"https:\/\/diariodalagoa.pt\/wp-content\/uploads\/2025\/08\/ruben-cabral-2025-c-clife-botelho-1024x711.jpg\" alt=\"\" class=\"wp-image-158118\" srcset=\"https:\/\/diariodalagoa.pt\/wp-content\/uploads\/2025\/08\/ruben-cabral-2025-c-clife-botelho-1024x711.jpg 1024w, https:\/\/diariodalagoa.pt\/wp-content\/uploads\/2025\/08\/ruben-cabral-2025-c-clife-botelho-300x208.jpg 300w, https:\/\/diariodalagoa.pt\/wp-content\/uploads\/2025\/08\/ruben-cabral-2025-c-clife-botelho-768x533.jpg 768w, https:\/\/diariodalagoa.pt\/wp-content\/uploads\/2025\/08\/ruben-cabral-2025-c-clife-botelho-1536x1066.jpg 1536w, https:\/\/diariodalagoa.pt\/wp-content\/uploads\/2025\/08\/ruben-cabral-2025-c-clife-botelho-2048x1421.jpg 2048w, https:\/\/diariodalagoa.pt\/wp-content\/uploads\/2025\/08\/ruben-cabral-2025-c-clife-botelho-18x12.jpg 18w\" sizes=\"(max-width: 1024px) 100vw, 1024px\" \/><figcaption class=\"wp-element-caption\"><sup>R\u00faben Cabral, natural de Santa Cruz, Lagoa, nasceu a 4 de agosto de 1989 <mark style=\"background-color:rgba(0, 0, 0, 0)\" class=\"has-inline-color has-cyan-bluish-gray-color\">\u00a9 CLIFE BOTELHO<\/mark><\/sup><\/figcaption><\/figure>\n\n\n<p><b>DL: \u00c9 candidato \u00e0 C\u00e2mara Municipal de Lagoa nas pr\u00f3ximas aut\u00e1rquicas, porqu\u00ea?<\/b><b><br><\/b>Sou candidato, mas sou o primeiro de um vasto conjunto de lagoenses, filiados e independentes, de provas dadas em termos profissionais e de cidadania, que est\u00e3o organizados comigo e est\u00e3o focados em preparar o futuro da Lagoa com os olhos postos, em primeiro lugar, na melhoria da qualidade de vida dos que c\u00e1 vivem ou trabalham.<\/p>\n<p><b>DL: Quais as preocupa\u00e7\u00f5es do PSD Lagoa a n\u00edvel do concelho?<\/b><b><br><\/b>Vivemos numa \u00e9poca em que a informa\u00e7\u00e3o \u00e9 transmitida a uma velocidade alucinante e as pessoas \u2014 e os agentes pol\u00edticos tamb\u00e9m \u2014 instintivamente tendem a copiar modelos e iniciativas j\u00e1 existentes noutras paragens. Conv\u00e9m acautelar que nem tudo nos interessa e nem tudo pode ser implementado da mesma maneira.<br>Quando a Vila da Lagoa foi elevada a cidade foi-nos vendida a ideia de que os autarcas teriam acesso a todo um novo conjunto de parcerias e interconex\u00f5es pr\u00f3prias das cidades. Eu pr\u00f3prio, confesso que fiquei entusiasmado. Agora, passados estes anos, tenho um sentimento de desilus\u00e3o. Uma c\u00e2mara n\u00e3o \u00e9 uma empresa, mas por vezes os autarcas comportam-se como se fosse. Tentam importar modelos de fora, como se estivessem em concorr\u00eancia ou num campeonato com os autarcas vizinhos, e por vezes a velocidade desse processo \u00e9 tanta que se esquecem que o essencial \u00e9 a inclus\u00e3o de todos os lagoenses. A Lagoa do futuro deve ser estruturada para os mais novos e para os mais idosos, onde os pais encontrem, a par da sa\u00fade e seguran\u00e7a, servi\u00e7os para educar, exercitar e entreter os seus filhos e servi\u00e7os que garantam o conforto para os seus pais em idade de reforma. Neste momento, a procura por servi\u00e7os de CATL e creche s\u00e3o superiores \u00e0 oferta, tal como o facto de que a Lagoa est\u00e1 entre os tr\u00eas munic\u00edpios dos A\u00e7ores com mais casos de depend\u00eancias e criminalidade associada. E a Lagoa \u00e9 dos concelhos mais jovens dos A\u00e7ores e at\u00e9 do pa\u00eds, por isso \u00e9 necess\u00e1rio garantir mais educa\u00e7\u00e3o, mais desporto, mais seguran\u00e7a, mais emprego e sobretudo, aquilo que deve ser um dos principais focos do executivo camar\u00e1rio, mais habita\u00e7\u00e3o compat\u00edvel com os rendimentos e estilos de vida. Habita\u00e7\u00e3o em regime de autoconstru\u00e7\u00e3o, por exemplo. E mais que uma <i>smart city<\/i>, a Lagoa precisa ser uma cidade verde, refor\u00e7ando a rela\u00e7\u00e3o entre os lagoenses e a sua natureza de terra e de mar. Mas, infelizmente, a Lagoa \u00e9 dos munic\u00edpios dos A\u00e7ores que menos investe na recolha de res\u00edduos e na prote\u00e7\u00e3o da biodiversidade, enquanto praticamente n\u00e3o tem pol\u00edticas para o meio rural e agr\u00edcola, e isto \u00e9 algo que o PSD quer inverter o quanto antes.<\/p>\n<p><b>DL: Defende que o Tecnoparque precisa de empresas de \u201ccultura lagoense\u201d. Quer explicar?<\/b><br>O Tecnoparque, na sua raiz, n\u00e3o foi criado para ser um ninho ou incubadora de empresas lagoenses. Era um projeto aut\u00f3nomo ao programa de desenvolvimento do concelho com vista a atrair investimento e cujo concelho pudesse vir a ser benefici\u00e1rio como \u201cinquilino\u201d e \u201cmentor\u201d. Este plano j\u00e1 foi tema de muitas campanhas. As coisas n\u00e3o correram como foram pensadas. O pr\u00f3prio executivo PS tem vindo a afastar-se de muitas ideias iniciais do projeto.<br>Mas estou convicto que os espa\u00e7os e os recursos que podem advir do Tecnoparque podiam, podem e devem ser melhor direcionados para o apoio a projetos que tenham maior liga\u00e7\u00e3o \u00e0 Lagoa. Temos de ser honestos e de admitir que o que vemos nessa zona n\u00e3o espelha a realidade do que se passa em todo o concelho. \u00c9 preocupante os recursos que consome e que podiam ser direcionados para outras zonas do concelho.<\/p>\n<p><b>DL: \u00c9 p\u00fablico que defende a cria\u00e7\u00e3o de uma associa\u00e7\u00e3o de bombeiros. Porqu\u00ea?<\/b><b><br><\/b>A responsabilidade pela prote\u00e7\u00e3o civil da Lagoa \u00e9 da C\u00e2mara da Lagoa e a maioria dos lagoenses j\u00e1 percebeu que a Lagoa precisa de melhorar a resposta no socorro urgente e que isso implica investimento em infraestruturas e recursos materiais e humanos. A Lagoa deve ter a sua corpora\u00e7\u00e3o de bombeiros com instala\u00e7\u00f5es e recursos pr\u00f3prios, pois, se a Prote\u00e7\u00e3o Civil tem como primeiro tutor a C\u00e2mara Municipal, significa que cabe a cada concelho encontrar as suas solu\u00e7\u00f5es e cuidar e proteger da sua popula\u00e7\u00e3o, desde logo garantindo a presta\u00e7\u00e3o, atempada, de socorro.<br>\u00c9 por isso que nos A\u00e7ores existem apenas dois concelhos sem a sua pr\u00f3pria corpora\u00e7\u00e3o de bombeiros: Lajes das Flores e Lagoa. Sabemos que este ser\u00e1 um processo demorado e que requer investimento e articula\u00e7\u00e3o com muitas outras entidades, mas algum dia tem de se come\u00e7ar e n\u00f3s vamos come\u00e7ar.<\/p>\n<p><b>DL: Considera que se fez progressos quanto ao futuro da F\u00e1brica do \u00c1lcool?<\/b><b><br><\/b>Absolutamente. Foi algo que sempre defendi: democracia participativa.<br>A \u00e1rea e as infraestruturas da F\u00e1brica s\u00e3o propriedade do Governo Regional, mas est\u00e3o na Lagoa, fazem parte da hist\u00f3ria da Lagoa e nada far\u00e1 mais sentido do que colocar a sociedade civil lagoense a refletir sobre o que ali fazer, pois \u00e9, principalmente, aos lagoenses, que deve servir o que ali se perspetivar. Estou confiante nas boas decis\u00f5es e quero garantir aos lagoenses que comigo na C\u00e2mara da Lagoa haver\u00e1 sempre uma voz a lembrar que as instala\u00e7\u00f5es n\u00e3o s\u00e3o meras ru\u00ednas, mas um testemunho da nossa hist\u00f3ria coletiva.<\/p>\n<p><b>DL: Quer deixar uma mensagem aos lagoenses?<\/b><b><br><\/b>Prefiro conversar com os lagoenses no dia a dia, falar e ouvir, trocar ideias.<br>Desde que assumi a lideran\u00e7a do PSD Lagoa e, posteriormente, na Assembleia Legislativa Regional dos A\u00e7ores, percebo que os receios quanto ao futuro s\u00e3o generalizados. E n\u00e3o posso deixar outra mensagem que n\u00e3o seja a de esperan\u00e7a.<br>A Lagoa n\u00e3o nasceu ontem, os lagoenses j\u00e1 superaram desafios maiores. Desde que estejamos unidos e com os p\u00e9s assentes na nossa realidade iremos ultrapassar o que a\u00ed vem. As pessoas sabem quem sou e que lidero um grupo de gente, de carne e osso, que ama a sua terra, e que quer contribuir para o seu progresso, na constru\u00e7\u00e3o de uma autarquia que tenha as pessoas no topo das suas prioridades e no centro da sua a\u00e7\u00e3o e, assim, construir uma Lagoa mais lagoense e para os lagoenses.<\/p>","protected":false},"excerpt":{"rendered":"<p>Candidato social-democrata \u00e0 C\u00e2mara da Lagoa critica a gest\u00e3o atual da autarquia. Em entrevista ao Di\u00e1rio da Lagoa afirma que as pessoas devem estar \u201cno topo das suas prioridades e no centro da sua a\u00e7\u00e3o\u201d.<\/p>","protected":false},"author":2,"featured_media":158118,"comment_status":"open","ping_status":"closed","sticky":false,"template":"","format":"standard","meta":[],"categories":[12],"tags":[34,331,1027,2262,3297],"acf":[],"yoast_head":"<!-- This site is optimized with the Yoast SEO plugin v20.10 - https:\/\/yoast.com\/wordpress\/plugins\/seo\/ -->\n<title>R\u00faben Cabral: \u201cUma c\u00e2mara n\u00e3o \u00e9 uma empresa, mas por vezes os autarcas comportam-se como se fosse\u201d - Di\u00e1rio da Lagoa<\/title>\n<meta name=\"description\" content=\"Candidato social-democrata \u00e0 C\u00e2mara da Lagoa critica a gest\u00e3o atual da autarquia. Em entrevista ao Di\u00e1rio da Lagoa afirma que as pessoas devem estar \u201cno topo das suas prioridades e no centro da sua a\u00e7\u00e3o\u201d.\" \/>\n<meta name=\"robots\" content=\"index, follow, max-snippet:-1, max-image-preview:large, max-video-preview:-1\" \/>\n<link rel=\"canonical\" href=\"https:\/\/diariodalagoa.pt\/fr\/ruben-cabral-uma-camara-nao-e-uma-empresa-mas-por-vezes-os-autarcas-comportam-se-como-se-fosse\/\" \/>\n<meta property=\"og:locale\" content=\"fr_FR\" \/>\n<meta property=\"og:type\" content=\"article\" \/>\n<meta property=\"og:title\" content=\"R\u00faben Cabral: \u201cUma c\u00e2mara n\u00e3o \u00e9 uma empresa, mas por vezes os autarcas comportam-se como se fosse\u201d - Di\u00e1rio da Lagoa\" \/>\n<meta property=\"og:description\" content=\"Candidato social-democrata \u00e0 C\u00e2mara da Lagoa critica a gest\u00e3o atual da autarquia. Em entrevista ao Di\u00e1rio da Lagoa afirma que as pessoas devem estar \u201cno topo das suas prioridades e no centro da sua a\u00e7\u00e3o\u201d.\" \/>\n<meta property=\"og:url\" content=\"https:\/\/diariodalagoa.pt\/fr\/ruben-cabral-uma-camara-nao-e-uma-empresa-mas-por-vezes-os-autarcas-comportam-se-como-se-fosse\/\" \/>\n<meta property=\"og:site_name\" content=\"Di\u00e1rio da Lagoa\" \/>\n<meta property=\"article:published_time\" content=\"2025-08-05T11:58:49+00:00\" \/>\n<meta property=\"article:modified_time\" content=\"2025-08-05T12:19:44+00:00\" \/>\n<meta property=\"og:image\" content=\"https:\/\/diariodalagoa.pt\/wp-content\/uploads\/2025\/08\/ruben-cabral-2025-c-clife-botelho-scaled.jpg\" \/>\n\t<meta property=\"og:image:width\" content=\"2560\" \/>\n\t<meta property=\"og:image:height\" content=\"1777\" \/>\n\t<meta property=\"og:image:type\" content=\"image\/jpeg\" \/>\n<meta name=\"author\" content=\"Di\u00e1rio da Lagoa\" \/>\n<meta name=\"twitter:card\" content=\"summary_large_image\" \/>\n<meta name=\"twitter:label1\" content=\"\u00c9crit par\" \/>\n\t<meta name=\"twitter:data1\" content=\"Di\u00e1rio da Lagoa\" \/>\n\t<meta name=\"twitter:label2\" content=\"Dur\u00e9e de lecture estim\u00e9e\" \/>\n\t<meta name=\"twitter:data2\" content=\"7 minutes\" \/>\n<script type=\"application\/ld+json\" class=\"yoast-schema-graph\">{\"@context\":\"https:\/\/schema.org\",\"@graph\":[{\"@type\":\"WebPage\",\"@id\":\"https:\/\/diariodalagoa.pt\/ruben-cabral-uma-camara-nao-e-uma-empresa-mas-por-vezes-os-autarcas-comportam-se-como-se-fosse\/\",\"url\":\"https:\/\/diariodalagoa.pt\/ruben-cabral-uma-camara-nao-e-uma-empresa-mas-por-vezes-os-autarcas-comportam-se-como-se-fosse\/\",\"name\":\"R\u00faben Cabral: \u201cUma c\u00e2mara n\u00e3o \u00e9 uma empresa, mas por vezes os autarcas comportam-se como se fosse\u201d - Di\u00e1rio da Lagoa\",\"isPartOf\":{\"@id\":\"https:\/\/diariodalagoa.pt\/#website\"},\"datePublished\":\"2025-08-05T11:58:49+00:00\",\"dateModified\":\"2025-08-05T12:19:44+00:00\",\"author\":{\"@id\":\"https:\/\/diariodalagoa.pt\/#\/schema\/person\/1615a002370e8857b6f972834bc43ece\"},\"description\":\"Candidato social-democrata \u00e0 C\u00e2mara da Lagoa critica a gest\u00e3o atual da autarquia. Em entrevista ao Di\u00e1rio da Lagoa afirma que as pessoas devem estar \u201cno topo das suas prioridades e no centro da sua a\u00e7\u00e3o\u201d.\",\"breadcrumb\":{\"@id\":\"https:\/\/diariodalagoa.pt\/ruben-cabral-uma-camara-nao-e-uma-empresa-mas-por-vezes-os-autarcas-comportam-se-como-se-fosse\/#breadcrumb\"},\"inLanguage\":\"fr-FR\",\"potentialAction\":[{\"@type\":\"ReadAction\",\"target\":[\"https:\/\/diariodalagoa.pt\/ruben-cabral-uma-camara-nao-e-uma-empresa-mas-por-vezes-os-autarcas-comportam-se-como-se-fosse\/\"]}]},{\"@type\":\"BreadcrumbList\",\"@id\":\"https:\/\/diariodalagoa.pt\/ruben-cabral-uma-camara-nao-e-uma-empresa-mas-por-vezes-os-autarcas-comportam-se-como-se-fosse\/#breadcrumb\",\"itemListElement\":[{\"@type\":\"ListItem\",\"position\":1,\"name\":\"In\u00edcio\",\"item\":\"https:\/\/diariodalagoa.pt\/\"},{\"@type\":\"ListItem\",\"position\":2,\"name\":\"R\u00faben Cabral: \u201cUma c\u00e2mara n\u00e3o \u00e9 uma empresa, mas por vezes os autarcas comportam-se como se fosse\u201d\"}]},{\"@type\":\"WebSite\",\"@id\":\"https:\/\/diariodalagoa.pt\/#website\",\"url\":\"https:\/\/diariodalagoa.pt\/\",\"name\":\"Di\u00e1rio da Lagoa\",\"description\":\"Di\u00e1rio da Lagoa. As not\u00edcias que contam. A partir da Lagoa, nos A\u00e7ores, para o mundo.\",\"potentialAction\":[{\"@type\":\"SearchAction\",\"target\":{\"@type\":\"EntryPoint\",\"urlTemplate\":\"https:\/\/diariodalagoa.pt\/?s={search_term_string}\"},\"query-input\":\"required name=search_term_string\"}],\"inLanguage\":\"fr-FR\"},{\"@type\":\"Person\",\"@id\":\"https:\/\/diariodalagoa.pt\/#\/schema\/person\/1615a002370e8857b6f972834bc43ece\",\"name\":\"Di\u00e1rio da Lagoa\",\"image\":{\"@type\":\"ImageObject\",\"inLanguage\":\"fr-FR\",\"@id\":\"https:\/\/diariodalagoa.pt\/#\/schema\/person\/image\/\",\"url\":\"https:\/\/secure.gravatar.com\/avatar\/2cb5cef90a26f8fbd4d9d930608102c5?s=96&d=mm&r=g\",\"contentUrl\":\"https:\/\/secure.gravatar.com\/avatar\/2cb5cef90a26f8fbd4d9d930608102c5?s=96&d=mm&r=g\",\"caption\":\"Di\u00e1rio da Lagoa\"},\"url\":\"https:\/\/diariodalagoa.pt\/fr\/author\/diariodalagoa\/\"}]}<\/script>\n<!-- \/ Yoast SEO plugin. -->","yoast_head_json":{"title":"R\u00faben Cabral: \u201cUma c\u00e2mara n\u00e3o \u00e9 uma empresa, mas por vezes os autarcas comportam-se como se fosse\u201d - Di\u00e1rio da Lagoa","description":"Candidato social-democrata \u00e0 C\u00e2mara da Lagoa critica a gest\u00e3o atual da autarquia. Em entrevista ao Di\u00e1rio da Lagoa afirma que as pessoas devem estar \u201cno topo das suas prioridades e no centro da sua a\u00e7\u00e3o\u201d.","robots":{"index":"index","follow":"follow","max-snippet":"max-snippet:-1","max-image-preview":"max-image-preview:large","max-video-preview":"max-video-preview:-1"},"canonical":"https:\/\/diariodalagoa.pt\/fr\/ruben-cabral-uma-camara-nao-e-uma-empresa-mas-por-vezes-os-autarcas-comportam-se-como-se-fosse\/","og_locale":"fr_FR","og_type":"article","og_title":"R\u00faben Cabral: \u201cUma c\u00e2mara n\u00e3o \u00e9 uma empresa, mas por vezes os autarcas comportam-se como se fosse\u201d - Di\u00e1rio da Lagoa","og_description":"Candidato social-democrata \u00e0 C\u00e2mara da Lagoa critica a gest\u00e3o atual da autarquia. Em entrevista ao Di\u00e1rio da Lagoa afirma que as pessoas devem estar \u201cno topo das suas prioridades e no centro da sua a\u00e7\u00e3o\u201d.","og_url":"https:\/\/diariodalagoa.pt\/fr\/ruben-cabral-uma-camara-nao-e-uma-empresa-mas-por-vezes-os-autarcas-comportam-se-como-se-fosse\/","og_site_name":"Di\u00e1rio da Lagoa","article_published_time":"2025-08-05T11:58:49+00:00","article_modified_time":"2025-08-05T12:19:44+00:00","og_image":[{"width":2560,"height":1777,"url":"https:\/\/diariodalagoa.pt\/wp-content\/uploads\/2025\/08\/ruben-cabral-2025-c-clife-botelho-scaled.jpg","type":"image\/jpeg"}],"author":"Di\u00e1rio da Lagoa","twitter_card":"summary_large_image","twitter_misc":{"\u00c9crit par":"Di\u00e1rio da Lagoa","Dur\u00e9e de lecture estim\u00e9e":"7 minutes"},"schema":{"@context":"https:\/\/schema.org","@graph":[{"@type":"WebPage","@id":"https:\/\/diariodalagoa.pt\/ruben-cabral-uma-camara-nao-e-uma-empresa-mas-por-vezes-os-autarcas-comportam-se-como-se-fosse\/","url":"https:\/\/diariodalagoa.pt\/ruben-cabral-uma-camara-nao-e-uma-empresa-mas-por-vezes-os-autarcas-comportam-se-como-se-fosse\/","name":"R\u00faben Cabral: \u201cUma c\u00e2mara n\u00e3o \u00e9 uma empresa, mas por vezes os autarcas comportam-se como se fosse\u201d - Di\u00e1rio da Lagoa","isPartOf":{"@id":"https:\/\/diariodalagoa.pt\/#website"},"datePublished":"2025-08-05T11:58:49+00:00","dateModified":"2025-08-05T12:19:44+00:00","author":{"@id":"https:\/\/diariodalagoa.pt\/#\/schema\/person\/1615a002370e8857b6f972834bc43ece"},"description":"Candidato social-democrata \u00e0 C\u00e2mara da Lagoa critica a gest\u00e3o atual da autarquia. Em entrevista ao Di\u00e1rio da Lagoa afirma que as pessoas devem estar \u201cno topo das suas prioridades e no centro da sua a\u00e7\u00e3o\u201d.","breadcrumb":{"@id":"https:\/\/diariodalagoa.pt\/ruben-cabral-uma-camara-nao-e-uma-empresa-mas-por-vezes-os-autarcas-comportam-se-como-se-fosse\/#breadcrumb"},"inLanguage":"fr-FR","potentialAction":[{"@type":"ReadAction","target":["https:\/\/diariodalagoa.pt\/ruben-cabral-uma-camara-nao-e-uma-empresa-mas-por-vezes-os-autarcas-comportam-se-como-se-fosse\/"]}]},{"@type":"BreadcrumbList","@id":"https:\/\/diariodalagoa.pt\/ruben-cabral-uma-camara-nao-e-uma-empresa-mas-por-vezes-os-autarcas-comportam-se-como-se-fosse\/#breadcrumb","itemListElement":[{"@type":"ListItem","position":1,"name":"In\u00edcio","item":"https:\/\/diariodalagoa.pt\/"},{"@type":"ListItem","position":2,"name":"R\u00faben Cabral: \u201cUma c\u00e2mara n\u00e3o \u00e9 uma empresa, mas por vezes os autarcas comportam-se como se fosse\u201d"}]},{"@type":"WebSite","@id":"https:\/\/diariodalagoa.pt\/#website","url":"https:\/\/diariodalagoa.pt\/","name":"Di\u00e1rio da Lagoa","description":"Di\u00e1rio da Lagoa. As not\u00edcias que contam. A partir da Lagoa, nos A\u00e7ores, para o mundo.","potentialAction":[{"@type":"SearchAction","target":{"@type":"EntryPoint","urlTemplate":"https:\/\/diariodalagoa.pt\/?s={search_term_string}"},"query-input":"required name=search_term_string"}],"inLanguage":"fr-FR"},{"@type":"Person","@id":"https:\/\/diariodalagoa.pt\/#\/schema\/person\/1615a002370e8857b6f972834bc43ece","name":"Di\u00e1rio da Lagoa","image":{"@type":"ImageObject","inLanguage":"fr-FR","@id":"https:\/\/diariodalagoa.pt\/#\/schema\/person\/image\/","url":"https:\/\/secure.gravatar.com\/avatar\/2cb5cef90a26f8fbd4d9d930608102c5?s=96&d=mm&r=g","contentUrl":"https:\/\/secure.gravatar.com\/avatar\/2cb5cef90a26f8fbd4d9d930608102c5?s=96&d=mm&r=g","caption":"Di\u00e1rio da Lagoa"},"url":"https:\/\/diariodalagoa.pt\/fr\/author\/diariodalagoa\/"}]}},"_links":{"self":[{"href":"https:\/\/diariodalagoa.pt\/fr\/wp-json\/wp\/v2\/posts\/158117"}],"collection":[{"href":"https:\/\/diariodalagoa.pt\/fr\/wp-json\/wp\/v2\/posts"}],"about":[{"href":"https:\/\/diariodalagoa.pt\/fr\/wp-json\/wp\/v2\/types\/post"}],"author":[{"embeddable":true,"href":"https:\/\/diariodalagoa.pt\/fr\/wp-json\/wp\/v2\/users\/2"}],"replies":[{"embeddable":true,"href":"https:\/\/diariodalagoa.pt\/fr\/wp-json\/wp\/v2\/comments?post=158117"}],"version-history":[{"count":4,"href":"https:\/\/diariodalagoa.pt\/fr\/wp-json\/wp\/v2\/posts\/158117\/revisions"}],"predecessor-version":[{"id":158132,"href":"https:\/\/diariodalagoa.pt\/fr\/wp-json\/wp\/v2\/posts\/158117\/revisions\/158132"}],"wp:featuredmedia":[{"embeddable":true,"href":"https:\/\/diariodalagoa.pt\/fr\/wp-json\/wp\/v2\/media\/158118"}],"wp:attachment":[{"href":"https:\/\/diariodalagoa.pt\/fr\/wp-json\/wp\/v2\/media?parent=158117"}],"wp:term":[{"taxonomy":"category","embeddable":true,"href":"https:\/\/diariodalagoa.pt\/fr\/wp-json\/wp\/v2\/categories?post=158117"},{"taxonomy":"post_tag","embeddable":true,"href":"https:\/\/diariodalagoa.pt\/fr\/wp-json\/wp\/v2\/tags?post=158117"}],"curies":[{"name":"wp","href":"https:\/\/api.w.org\/{rel}","templated":true}]}}