{"id":157778,"date":"2025-07-17T11:52:53","date_gmt":"2025-07-17T11:52:53","guid":{"rendered":"https:\/\/diariodalagoa.pt\/?p=157778"},"modified":"2025-07-17T12:00:34","modified_gmt":"2025-07-17T12:00:34","slug":"uma-nova-postura-de-respeito-pelos-agricultores-acorianos","status":"publish","type":"post","link":"https:\/\/diariodalagoa.pt\/fr\/uma-nova-postura-de-respeito-pelos-agricultores-acorianos\/","title":{"rendered":"Uma nova postura de respeito pelos agricultores a\u00e7orianos"},"content":{"rendered":"<div class=\"wp-block-image is-style-rounded\">\n<figure class=\"aligncenter size-full is-resized\"><img decoding=\"async\" src=\"https:\/\/diariodalagoa.pt\/wp-content\/uploads\/2025\/07\/paulo-silveira.jpg\" alt=\"\" class=\"wp-image-157779\" width=\"441\" height=\"441\" srcset=\"https:\/\/diariodalagoa.pt\/wp-content\/uploads\/2025\/07\/paulo-silveira.jpg 960w, https:\/\/diariodalagoa.pt\/wp-content\/uploads\/2025\/07\/paulo-silveira-300x300.jpg 300w, https:\/\/diariodalagoa.pt\/wp-content\/uploads\/2025\/07\/paulo-silveira-150x150.jpg 150w, https:\/\/diariodalagoa.pt\/wp-content\/uploads\/2025\/07\/paulo-silveira-768x768.jpg 768w, https:\/\/diariodalagoa.pt\/wp-content\/uploads\/2025\/07\/paulo-silveira-12x12.jpg 12w\" sizes=\"(max-width: 441px) 100vw, 441px\" \/><\/figure><\/div>\n\n\n<div style=\"height:24px\" aria-hidden=\"true\" class=\"wp-block-spacer\"><\/div>\n\n\n<p style=\"text-align: center;\"><strong>Paulo Silveira<br><\/strong>Deputado PSD\/A\u00e7ores<\/p>\n\n\n<div style=\"height:24px\" aria-hidden=\"true\" class=\"wp-block-spacer\"><\/div>\n\n\n<p style=\"text-align: left;\" align=\"JUSTIFY\">Nos \u00faltimos anos, o Governo Regional dos A\u00e7ores, sob a lideran\u00e7a de Jos\u00e9 Manuel Bolieiro e da Coliga\u00e7\u00e3o PSD\/CDS-PP\/PPM, tem vindo a dar sinais concretos de mudan\u00e7a na forma como a pol\u00edtica agr\u00edcola e alimentar \u00e9 conduzida na Regi\u00e3o Aut\u00f3noma dos A\u00e7ores. A principal diferen\u00e7a? Um compromisso inequ\u00edvoco com a transpar\u00eancia, o cumprimento dos compromissos e a valoriza\u00e7\u00e3o do trabalho de quem produz.<\/p>\n<p style=\"text-align: left;\" align=\"JUSTIFY\">Um dos exemplos mais significativos desta nova abordagem est\u00e1 na gest\u00e3o do regime de apoios POSEI (Programa de Op\u00e7\u00f5es Espec\u00edficas para fazer face ao Afastamento e \u00e0 Insularidade), um instrumento essencial para os agricultores das regi\u00f5es ultraperif\u00e9ricas da Uni\u00e3o Europeia. Durante anos, os agricultores a\u00e7orianos viram-se confrontados com uma pr\u00e1tica recorrente de \u201crateios\u201d, ou seja, recebiam menos do que o valor validado nas suas candidaturas, sem que lhes fosse prestada a devida justifica\u00e7\u00e3o. Esta situa\u00e7\u00e3o aconteceu durante anos de governa\u00e7\u00e3o socialista, tendo gerado frustra\u00e7\u00e3o e desconfian\u00e7a no setor agr\u00edcola.<\/p>\n<p style=\"text-align: left;\" align=\"JUSTIFY\">Desde a entrada em fun\u00e7\u00f5es do atual governo, liderado por Jos\u00e9 Manuel Bolieiro, e com Ant\u00f3nio Ventura na Secretaria Regional da Agricultura e Alimenta\u00e7\u00e3o, foi assumido um compromisso claro: acabar com os rateios nos apoios POSEI. De acordo com informa\u00e7\u00e3o veiculada pela pr\u00f3pria Secretaria Regional, os montantes aprovados e validados s\u00e3o agora integralmente pagos, num investimento que ronda os 15 milh\u00f5es de euros anuais, suportado pelo Or\u00e7amento Regional.<\/p>\n<p style=\"text-align: left;\" align=\"JUSTIFY\">Este investimento representa uma mudan\u00e7a disruptiva na forma de tratar o setor agroalimentar \u2014 n\u00e3o apenas pelo impacto financeiro, mas sobretudo pela reposi\u00e7\u00e3o da confian\u00e7a entre os agricultores e o poder pol\u00edtico. Ao contr\u00e1rio do passado, em que promessas nem sempre resultavam em a\u00e7\u00f5es concretas, hoje os produtores sabem com o que contar.<\/p>\n<p style=\"text-align: left;\" align=\"JUSTIFY\">Importa sublinhar que, ao contr\u00e1rio do que acontece noutras regi\u00f5es ultraperif\u00e9ricas da Uni\u00e3o Europeia, como as Can\u00e1rias ou os departamentos ultramarinos franceses, onde \u00e9 o Estado que suporta este investimento, nos A\u00e7ores \u00e9 o Governo Regional que tem assumido essa responsabilidade. No entanto, com a recente mudan\u00e7a no Governo da Rep\u00fablica e com Lu\u00eds Montenegro \u00e0 frente do executivo nacional, abriu-se finalmente a possibilidade de negocia\u00e7\u00e3o para que o Or\u00e7amento do Estado assuma, em 2025, os referidos 15 milh\u00f5es de euros.<\/p>\n<p style=\"text-align: left;\" align=\"JUSTIFY\">De facto, neste momento temos um Governo da Rep\u00fablica solid\u00e1rio e dispon\u00edvel para com as Regi\u00f5es Aut\u00f3nomas, o que tamb\u00e9m representa um sinal evidente de que o Governo da Rep\u00fablica, liderado por Lu\u00eds Montenegro como Primeiro-Ministro, entende a import\u00e2ncia da coes\u00e3o territorial e do reconhecimento das especificidades regionais.<\/p>\n<p style=\"text-align: left;\" align=\"JUSTIFY\">Mas o compromisso com o setor agr\u00edcola n\u00e3o se fica por aqui. Tamb\u00e9m no que toca \u00e0 dignifica\u00e7\u00e3o dos trabalhadores, o Governo Regional dos A\u00e7ores, da Coliga\u00e7\u00e3o PSD\/CDS-PP\/PPM, demonstrou a\u00e7\u00e3o.<\/p>\n<p style=\"text-align: left;\" align=\"JUSTIFY\">Ap\u00f3s anos de reivindica\u00e7\u00e3o por parte dos trabalhadores dos matadouros da Regi\u00e3o, foi finalmente criada uma carreira especial, com direitos ajustados \u00e0s exig\u00eancias da profiss\u00e3o. A medida, aprovada na Assembleia Legislativa Regional, foi acompanhada pelo pagamento dos retroativos a janeiro de 2024, no valor de 1,9 milh\u00f5es de euros, conforme noticiado recentemente pela comunica\u00e7\u00e3o social regional.<\/p>\n<p style=\"text-align: left;\" align=\"JUSTIFY\">Esta decis\u00e3o n\u00e3o \u00e9 apenas uma resposta a uma reivindica\u00e7\u00e3o justa, \u00e9 uma demonstra\u00e7\u00e3o clara de uma pol\u00edtica que reconhece o valor do capital humano e a import\u00e2ncia dos servi\u00e7os p\u00fablicos associados \u00e0 cadeia alimentar.<\/p>\n<p style=\"text-align: left;\" align=\"JUSTIFY\">Portanto, a pol\u00edtica agr\u00edcola e alimentar nos A\u00e7ores entrou, nos \u00faltimos anos, numa nova fase: mais pr\u00f3xima, mais transparente e mais respeitadora dos compromissos. Ainda h\u00e1 desafios por enfrentar, \u00e9 certo. Mas os passos dados at\u00e9 agora demonstram que \u00e9 poss\u00edvel governar com verdade e dignidade, ao lado de quem trabalha e produz.<\/p>","protected":false},"excerpt":{"rendered":"<p>\u00abAinda h\u00e1 desafios por enfrentar, \u00e9 certo. Mas os passos dados at\u00e9 agora demonstram que \u00e9 poss\u00edvel governar com verdade e dignidade, ao lado de quem trabalha e produz.\u00bb<\/p>","protected":false},"author":2,"featured_media":157780,"comment_status":"open","ping_status":"closed","sticky":false,"template":"","format":"standard","meta":[],"categories":[11],"tags":[31,115,331,2610,3096,3212,3213],"acf":[],"yoast_head":"<!-- This site is optimized with the Yoast SEO plugin v20.10 - https:\/\/yoast.com\/wordpress\/plugins\/seo\/ -->\n<title>Uma nova postura de respeito pelos agricultores a\u00e7orianos - Di\u00e1rio da Lagoa<\/title>\n<meta name=\"description\" content=\"\u00abAinda h\u00e1 desafios por enfrentar, \u00e9 certo. Mas os passos dados at\u00e9 agora demonstram que \u00e9 poss\u00edvel governar com verdade e dignidade, ao lado de quem trabalha e produz.\u00bb\" \/>\n<meta name=\"robots\" content=\"index, follow, max-snippet:-1, max-image-preview:large, max-video-preview:-1\" \/>\n<link rel=\"canonical\" href=\"https:\/\/diariodalagoa.pt\/fr\/uma-nova-postura-de-respeito-pelos-agricultores-acorianos\/\" \/>\n<meta property=\"og:locale\" content=\"fr_FR\" \/>\n<meta property=\"og:type\" content=\"article\" \/>\n<meta property=\"og:title\" content=\"Uma nova postura de respeito pelos agricultores a\u00e7orianos - Di\u00e1rio da Lagoa\" \/>\n<meta property=\"og:description\" content=\"\u00abAinda h\u00e1 desafios por enfrentar, \u00e9 certo. Mas os passos dados at\u00e9 agora demonstram que \u00e9 poss\u00edvel governar com verdade e dignidade, ao lado de quem trabalha e produz.\u00bb\" \/>\n<meta property=\"og:url\" content=\"https:\/\/diariodalagoa.pt\/fr\/uma-nova-postura-de-respeito-pelos-agricultores-acorianos\/\" \/>\n<meta property=\"og:site_name\" content=\"Di\u00e1rio da Lagoa\" \/>\n<meta property=\"article:published_time\" content=\"2025-07-17T11:52:53+00:00\" \/>\n<meta property=\"article:modified_time\" content=\"2025-07-17T12:00:34+00:00\" \/>\n<meta property=\"og:image\" content=\"https:\/\/diariodalagoa.pt\/wp-content\/uploads\/2025\/07\/paulo-silveira-2.jpg\" \/>\n\t<meta property=\"og:image:width\" content=\"960\" \/>\n\t<meta property=\"og:image:height\" content=\"953\" \/>\n\t<meta property=\"og:image:type\" content=\"image\/jpeg\" \/>\n<meta name=\"author\" content=\"Di\u00e1rio da Lagoa\" \/>\n<meta name=\"twitter:card\" content=\"summary_large_image\" \/>\n<meta name=\"twitter:label1\" content=\"\u00c9crit par\" \/>\n\t<meta name=\"twitter:data1\" content=\"Di\u00e1rio da Lagoa\" \/>\n\t<meta name=\"twitter:label2\" content=\"Dur\u00e9e de lecture estim\u00e9e\" \/>\n\t<meta name=\"twitter:data2\" content=\"4 minutes\" \/>\n<script type=\"application\/ld+json\" class=\"yoast-schema-graph\">{\"@context\":\"https:\/\/schema.org\",\"@graph\":[{\"@type\":\"WebPage\",\"@id\":\"https:\/\/diariodalagoa.pt\/uma-nova-postura-de-respeito-pelos-agricultores-acorianos\/\",\"url\":\"https:\/\/diariodalagoa.pt\/uma-nova-postura-de-respeito-pelos-agricultores-acorianos\/\",\"name\":\"Uma nova postura de respeito pelos agricultores a\u00e7orianos - Di\u00e1rio da Lagoa\",\"isPartOf\":{\"@id\":\"https:\/\/diariodalagoa.pt\/#website\"},\"datePublished\":\"2025-07-17T11:52:53+00:00\",\"dateModified\":\"2025-07-17T12:00:34+00:00\",\"author\":{\"@id\":\"https:\/\/diariodalagoa.pt\/#\/schema\/person\/1615a002370e8857b6f972834bc43ece\"},\"description\":\"\u00abAinda h\u00e1 desafios por enfrentar, \u00e9 certo. Mas os passos dados at\u00e9 agora demonstram que \u00e9 poss\u00edvel governar com verdade e dignidade, ao lado de quem trabalha e produz.\u00bb\",\"breadcrumb\":{\"@id\":\"https:\/\/diariodalagoa.pt\/uma-nova-postura-de-respeito-pelos-agricultores-acorianos\/#breadcrumb\"},\"inLanguage\":\"fr-FR\",\"potentialAction\":[{\"@type\":\"ReadAction\",\"target\":[\"https:\/\/diariodalagoa.pt\/uma-nova-postura-de-respeito-pelos-agricultores-acorianos\/\"]}]},{\"@type\":\"BreadcrumbList\",\"@id\":\"https:\/\/diariodalagoa.pt\/uma-nova-postura-de-respeito-pelos-agricultores-acorianos\/#breadcrumb\",\"itemListElement\":[{\"@type\":\"ListItem\",\"position\":1,\"name\":\"In\u00edcio\",\"item\":\"https:\/\/diariodalagoa.pt\/\"},{\"@type\":\"ListItem\",\"position\":2,\"name\":\"Uma nova postura de respeito pelos agricultores a\u00e7orianos\"}]},{\"@type\":\"WebSite\",\"@id\":\"https:\/\/diariodalagoa.pt\/#website\",\"url\":\"https:\/\/diariodalagoa.pt\/\",\"name\":\"Di\u00e1rio da Lagoa\",\"description\":\"Di\u00e1rio da Lagoa. As not\u00edcias que contam. A partir da Lagoa, nos A\u00e7ores, para o mundo.\",\"potentialAction\":[{\"@type\":\"SearchAction\",\"target\":{\"@type\":\"EntryPoint\",\"urlTemplate\":\"https:\/\/diariodalagoa.pt\/?s={search_term_string}\"},\"query-input\":\"required name=search_term_string\"}],\"inLanguage\":\"fr-FR\"},{\"@type\":\"Person\",\"@id\":\"https:\/\/diariodalagoa.pt\/#\/schema\/person\/1615a002370e8857b6f972834bc43ece\",\"name\":\"Di\u00e1rio da Lagoa\",\"image\":{\"@type\":\"ImageObject\",\"inLanguage\":\"fr-FR\",\"@id\":\"https:\/\/diariodalagoa.pt\/#\/schema\/person\/image\/\",\"url\":\"https:\/\/secure.gravatar.com\/avatar\/2cb5cef90a26f8fbd4d9d930608102c5?s=96&d=mm&r=g\",\"contentUrl\":\"https:\/\/secure.gravatar.com\/avatar\/2cb5cef90a26f8fbd4d9d930608102c5?s=96&d=mm&r=g\",\"caption\":\"Di\u00e1rio da Lagoa\"},\"url\":\"https:\/\/diariodalagoa.pt\/fr\/author\/diariodalagoa\/\"}]}<\/script>\n<!-- \/ Yoast SEO plugin. -->","yoast_head_json":{"title":"Uma nova postura de respeito pelos agricultores a\u00e7orianos - Di\u00e1rio da Lagoa","description":"\u00abAinda h\u00e1 desafios por enfrentar, \u00e9 certo. Mas os passos dados at\u00e9 agora demonstram que \u00e9 poss\u00edvel governar com verdade e dignidade, ao lado de quem trabalha e produz.\u00bb","robots":{"index":"index","follow":"follow","max-snippet":"max-snippet:-1","max-image-preview":"max-image-preview:large","max-video-preview":"max-video-preview:-1"},"canonical":"https:\/\/diariodalagoa.pt\/fr\/uma-nova-postura-de-respeito-pelos-agricultores-acorianos\/","og_locale":"fr_FR","og_type":"article","og_title":"Uma nova postura de respeito pelos agricultores a\u00e7orianos - Di\u00e1rio da Lagoa","og_description":"\u00abAinda h\u00e1 desafios por enfrentar, \u00e9 certo. Mas os passos dados at\u00e9 agora demonstram que \u00e9 poss\u00edvel governar com verdade e dignidade, ao lado de quem trabalha e produz.\u00bb","og_url":"https:\/\/diariodalagoa.pt\/fr\/uma-nova-postura-de-respeito-pelos-agricultores-acorianos\/","og_site_name":"Di\u00e1rio da Lagoa","article_published_time":"2025-07-17T11:52:53+00:00","article_modified_time":"2025-07-17T12:00:34+00:00","og_image":[{"width":960,"height":953,"url":"https:\/\/diariodalagoa.pt\/wp-content\/uploads\/2025\/07\/paulo-silveira-2.jpg","type":"image\/jpeg"}],"author":"Di\u00e1rio da Lagoa","twitter_card":"summary_large_image","twitter_misc":{"\u00c9crit par":"Di\u00e1rio da Lagoa","Dur\u00e9e de lecture estim\u00e9e":"4 minutes"},"schema":{"@context":"https:\/\/schema.org","@graph":[{"@type":"WebPage","@id":"https:\/\/diariodalagoa.pt\/uma-nova-postura-de-respeito-pelos-agricultores-acorianos\/","url":"https:\/\/diariodalagoa.pt\/uma-nova-postura-de-respeito-pelos-agricultores-acorianos\/","name":"Uma nova postura de respeito pelos agricultores a\u00e7orianos - Di\u00e1rio da Lagoa","isPartOf":{"@id":"https:\/\/diariodalagoa.pt\/#website"},"datePublished":"2025-07-17T11:52:53+00:00","dateModified":"2025-07-17T12:00:34+00:00","author":{"@id":"https:\/\/diariodalagoa.pt\/#\/schema\/person\/1615a002370e8857b6f972834bc43ece"},"description":"\u00abAinda h\u00e1 desafios por enfrentar, \u00e9 certo. Mas os passos dados at\u00e9 agora demonstram que \u00e9 poss\u00edvel governar com verdade e dignidade, ao lado de quem trabalha e produz.\u00bb","breadcrumb":{"@id":"https:\/\/diariodalagoa.pt\/uma-nova-postura-de-respeito-pelos-agricultores-acorianos\/#breadcrumb"},"inLanguage":"fr-FR","potentialAction":[{"@type":"ReadAction","target":["https:\/\/diariodalagoa.pt\/uma-nova-postura-de-respeito-pelos-agricultores-acorianos\/"]}]},{"@type":"BreadcrumbList","@id":"https:\/\/diariodalagoa.pt\/uma-nova-postura-de-respeito-pelos-agricultores-acorianos\/#breadcrumb","itemListElement":[{"@type":"ListItem","position":1,"name":"In\u00edcio","item":"https:\/\/diariodalagoa.pt\/"},{"@type":"ListItem","position":2,"name":"Uma nova postura de respeito pelos agricultores a\u00e7orianos"}]},{"@type":"WebSite","@id":"https:\/\/diariodalagoa.pt\/#website","url":"https:\/\/diariodalagoa.pt\/","name":"Di\u00e1rio da Lagoa","description":"Di\u00e1rio da Lagoa. As not\u00edcias que contam. A partir da Lagoa, nos A\u00e7ores, para o mundo.","potentialAction":[{"@type":"SearchAction","target":{"@type":"EntryPoint","urlTemplate":"https:\/\/diariodalagoa.pt\/?s={search_term_string}"},"query-input":"required name=search_term_string"}],"inLanguage":"fr-FR"},{"@type":"Person","@id":"https:\/\/diariodalagoa.pt\/#\/schema\/person\/1615a002370e8857b6f972834bc43ece","name":"Di\u00e1rio da Lagoa","image":{"@type":"ImageObject","inLanguage":"fr-FR","@id":"https:\/\/diariodalagoa.pt\/#\/schema\/person\/image\/","url":"https:\/\/secure.gravatar.com\/avatar\/2cb5cef90a26f8fbd4d9d930608102c5?s=96&d=mm&r=g","contentUrl":"https:\/\/secure.gravatar.com\/avatar\/2cb5cef90a26f8fbd4d9d930608102c5?s=96&d=mm&r=g","caption":"Di\u00e1rio da Lagoa"},"url":"https:\/\/diariodalagoa.pt\/fr\/author\/diariodalagoa\/"}]}},"_links":{"self":[{"href":"https:\/\/diariodalagoa.pt\/fr\/wp-json\/wp\/v2\/posts\/157778"}],"collection":[{"href":"https:\/\/diariodalagoa.pt\/fr\/wp-json\/wp\/v2\/posts"}],"about":[{"href":"https:\/\/diariodalagoa.pt\/fr\/wp-json\/wp\/v2\/types\/post"}],"author":[{"embeddable":true,"href":"https:\/\/diariodalagoa.pt\/fr\/wp-json\/wp\/v2\/users\/2"}],"replies":[{"embeddable":true,"href":"https:\/\/diariodalagoa.pt\/fr\/wp-json\/wp\/v2\/comments?post=157778"}],"version-history":[{"count":3,"href":"https:\/\/diariodalagoa.pt\/fr\/wp-json\/wp\/v2\/posts\/157778\/revisions"}],"predecessor-version":[{"id":157784,"href":"https:\/\/diariodalagoa.pt\/fr\/wp-json\/wp\/v2\/posts\/157778\/revisions\/157784"}],"wp:featuredmedia":[{"embeddable":true,"href":"https:\/\/diariodalagoa.pt\/fr\/wp-json\/wp\/v2\/media\/157780"}],"wp:attachment":[{"href":"https:\/\/diariodalagoa.pt\/fr\/wp-json\/wp\/v2\/media?parent=157778"}],"wp:term":[{"taxonomy":"category","embeddable":true,"href":"https:\/\/diariodalagoa.pt\/fr\/wp-json\/wp\/v2\/categories?post=157778"},{"taxonomy":"post_tag","embeddable":true,"href":"https:\/\/diariodalagoa.pt\/fr\/wp-json\/wp\/v2\/tags?post=157778"}],"curies":[{"name":"wp","href":"https:\/\/api.w.org\/{rel}","templated":true}]}}