{"id":157757,"date":"2025-07-16T23:31:39","date_gmt":"2025-07-16T23:31:39","guid":{"rendered":"https:\/\/diariodalagoa.pt\/?p=157757"},"modified":"2025-07-17T10:35:50","modified_gmt":"2025-07-17T10:35:50","slug":"a-distancia-nao-apaga-as-raizes-nem-esmorece-o-sentimento-de-pertenca","status":"publish","type":"post","link":"https:\/\/diariodalagoa.pt\/fr\/a-distancia-nao-apaga-as-raizes-nem-esmorece-o-sentimento-de-pertenca\/","title":{"rendered":"\u201cA dist\u00e2ncia n\u00e3o apaga as ra\u00edzes nem esmorece o sentimento de perten\u00e7a\u201d"},"content":{"rendered":"<h3 class=\"wp-block-heading\">Encontro dos Amigos do Nordeste dos Estados Unidos da Am\u00e9rica teve lugar na Lomba da Fazenda. Cerca de meio milhar de pessoas marcou presen\u00e7a<\/h3>\n\n\n\n<figure class=\"wp-block-image size-full\"><img decoding=\"async\" width=\"960\" height=\"640\" src=\"https:\/\/diariodalagoa.pt\/wp-content\/uploads\/2025\/07\/dsc8712.jpg\" alt=\"\" class=\"wp-image-157758\" srcset=\"https:\/\/diariodalagoa.pt\/wp-content\/uploads\/2025\/07\/dsc8712.jpg 960w, https:\/\/diariodalagoa.pt\/wp-content\/uploads\/2025\/07\/dsc8712-300x200.jpg 300w, https:\/\/diariodalagoa.pt\/wp-content\/uploads\/2025\/07\/dsc8712-768x512.jpg 768w, https:\/\/diariodalagoa.pt\/wp-content\/uploads\/2025\/07\/dsc8712-18x12.jpg 18w\" sizes=\"(max-width: 960px) 100vw, 960px\" \/><figcaption class=\"wp-element-caption\"><sub><mark style=\"background-color:rgba(0, 0, 0, 0)\" class=\"has-inline-color has-cyan-bluish-gray-color\">\u00a9 AC\u00c1CIO MATEUS<\/mark><\/sub><\/figcaption><\/figure>\n\n\n\n<p>Pela terceira vez em trinta edi\u00e7\u00f5es, o munic\u00edpio do Nordeste acolheu o Encontro dos Amigos do Nordeste dos Estados Unidos da Am\u00e9rica. A freguesia da Lomba da Fazenda foi anfitri\u00e3 de cerca de meio milhar de nordestenses que marcaram presen\u00e7a num evento que juntou o conv\u00edvio \u00e0 saudade, partilha de momentos em fam\u00edlia com m\u00fasica tradicional.<\/p>\n\n\n\n<p>Apesar da chuva inesperada que ajudou a \u201ctemperar\u201d o porco no espeto, ningu\u00e9m arredou p\u00e9 do Parque de Lazer da Lomba da Fazenda. E como um munic\u00edpio precavido vale por dois, a autarquia ponderou a possibilidade de chuva e acomodou os presentes \u00e0 guarda de um toldo que evitou molhas desnecess\u00e1rias em pleno ver\u00e3o.<\/p>\n\n\n\n<p>Com cerca de quinhentas pessoas presentes, a festa fez-se ao sabor da comida tradicional e ao som da m\u00fasica que animou os esp\u00edritos mais desconfort\u00e1veis pela presen\u00e7a inesperada de uma chuvada que pouco depois deu lugar a um c\u00e9u azul e a um p\u00f4r-do-sol de fazer inveja.<\/p>\n\n\n\n<p>Entre os presentes, o presidente da C\u00e2mara Municipal do Nordeste, Ant\u00f3nio Miguel Soares, que n\u00e3o escondeu o orgulho pelo sucesso da iniciativa. \u201c\u00c9 com enorme satisfa\u00e7\u00e3o que acolhemos no nosso concelho o 30.\u00aa Encontro dos Amigos do Nordeste dos Estados Unidos da Am\u00e9rica. S\u00e3o a ponte viva entre quem partiu e quem ficou e a prova de que a dist\u00e2ncia n\u00e3o apaga as ra\u00edzes nem esmorece o sentimento de perten\u00e7a\u201d, disse.<\/p>\n\n\n\n<p>O autarca acrescentou que \u201ceste grupo tem sabido manter vivo os la\u00e7os de amizade, confraterniza\u00e7\u00e3o entre os emigrantes nordestenses nos Estados Unidos da Am\u00e9rica, celebrando a nossa cultura, valores e o amor \u00e0 terra que os viu nascer\u201d. <\/p>\n\n\n\n<p>Ant\u00f3nio Miguel Soares deixou vincado que \u201ceste encontro \u00e9 muito mais do que um momento de conv\u00edvio. Tem um prop\u00f3sito maior de cariz solid\u00e1rio, pois a receita angariada vai reverter \u00e0s associa\u00e7\u00f5es do concelho, ajudando os que mais precisam\u201d, deixando elogios aos emigrantes que contribuam para as iniciativas solid\u00e1rias: \u201cEste gesto de partilha \u00e9 o que mais valorizamos porque ser emigrante n\u00e3o \u00e9 apenas viver noutro pa\u00eds, \u00e9 continuar a cuidar da terra onde temos ra\u00edzes\u201d.<\/p>","protected":false},"excerpt":{"rendered":"<p>30.\u00ba Encontro dos Amigos do Nordeste dos Estados Unidos da Am\u00e9rica teve lugar na Lomba da Fazenda. Cerca de meio milhar de pessoas marcou presen\u00e7a<\/p>","protected":false},"author":2,"featured_media":157758,"comment_status":"closed","ping_status":"open","sticky":false,"template":"","format":"standard","meta":[],"categories":[21],"tags":[87,1681,2397,3209],"acf":[],"yoast_head":"<!-- This site is optimized with the Yoast SEO plugin v20.10 - https:\/\/yoast.com\/wordpress\/plugins\/seo\/ -->\n<title>\u201cA dist\u00e2ncia n\u00e3o apaga as ra\u00edzes nem esmorece o sentimento de perten\u00e7a\u201d - Di\u00e1rio da Lagoa<\/title>\n<meta name=\"description\" content=\"30.\u00ba Encontro dos Amigos do Nordeste dos Estados Unidos da Am\u00e9rica teve lugar na Lomba da Fazenda. Cerca de meio milhar de pessoas marcou presen\u00e7a.\" \/>\n<meta name=\"robots\" content=\"index, follow, max-snippet:-1, max-image-preview:large, max-video-preview:-1\" \/>\n<link rel=\"canonical\" href=\"https:\/\/diariodalagoa.pt\/fr\/a-distancia-nao-apaga-as-raizes-nem-esmorece-o-sentimento-de-pertenca\/\" \/>\n<meta property=\"og:locale\" content=\"fr_FR\" \/>\n<meta property=\"og:type\" content=\"article\" \/>\n<meta property=\"og:title\" content=\"\u201cA dist\u00e2ncia n\u00e3o apaga as ra\u00edzes nem esmorece o sentimento de perten\u00e7a\u201d - Di\u00e1rio da Lagoa\" \/>\n<meta property=\"og:description\" content=\"30.\u00ba Encontro dos Amigos do Nordeste dos Estados Unidos da Am\u00e9rica teve lugar na Lomba da Fazenda. Cerca de meio milhar de pessoas marcou presen\u00e7a.\" \/>\n<meta property=\"og:url\" content=\"https:\/\/diariodalagoa.pt\/fr\/a-distancia-nao-apaga-as-raizes-nem-esmorece-o-sentimento-de-pertenca\/\" \/>\n<meta property=\"og:site_name\" content=\"Di\u00e1rio da Lagoa\" \/>\n<meta property=\"article:published_time\" content=\"2025-07-16T23:31:39+00:00\" \/>\n<meta property=\"article:modified_time\" content=\"2025-07-17T10:35:50+00:00\" \/>\n<meta property=\"og:image\" content=\"https:\/\/diariodalagoa.pt\/wp-content\/uploads\/2025\/07\/dsc8712.jpg\" \/>\n\t<meta property=\"og:image:width\" content=\"960\" \/>\n\t<meta property=\"og:image:height\" content=\"640\" \/>\n\t<meta property=\"og:image:type\" content=\"image\/jpeg\" \/>\n<meta name=\"author\" content=\"Di\u00e1rio da Lagoa\" \/>\n<meta name=\"twitter:card\" content=\"summary_large_image\" \/>\n<meta name=\"twitter:label1\" content=\"\u00c9crit par\" \/>\n\t<meta name=\"twitter:data1\" content=\"Di\u00e1rio da Lagoa\" \/>\n\t<meta name=\"twitter:label2\" content=\"Dur\u00e9e de lecture estim\u00e9e\" \/>\n\t<meta name=\"twitter:data2\" content=\"3 minutes\" \/>\n<script type=\"application\/ld+json\" class=\"yoast-schema-graph\">{\"@context\":\"https:\/\/schema.org\",\"@graph\":[{\"@type\":\"WebPage\",\"@id\":\"https:\/\/diariodalagoa.pt\/a-distancia-nao-apaga-as-raizes-nem-esmorece-o-sentimento-de-pertenca\/\",\"url\":\"https:\/\/diariodalagoa.pt\/a-distancia-nao-apaga-as-raizes-nem-esmorece-o-sentimento-de-pertenca\/\",\"name\":\"\u201cA dist\u00e2ncia n\u00e3o apaga as ra\u00edzes nem esmorece o sentimento de perten\u00e7a\u201d - Di\u00e1rio da Lagoa\",\"isPartOf\":{\"@id\":\"https:\/\/diariodalagoa.pt\/#website\"},\"datePublished\":\"2025-07-16T23:31:39+00:00\",\"dateModified\":\"2025-07-17T10:35:50+00:00\",\"author\":{\"@id\":\"https:\/\/diariodalagoa.pt\/#\/schema\/person\/1615a002370e8857b6f972834bc43ece\"},\"description\":\"30.\u00ba Encontro dos Amigos do Nordeste dos Estados Unidos da Am\u00e9rica teve lugar na Lomba da Fazenda. Cerca de meio milhar de pessoas marcou presen\u00e7a.\",\"breadcrumb\":{\"@id\":\"https:\/\/diariodalagoa.pt\/a-distancia-nao-apaga-as-raizes-nem-esmorece-o-sentimento-de-pertenca\/#breadcrumb\"},\"inLanguage\":\"fr-FR\",\"potentialAction\":[{\"@type\":\"ReadAction\",\"target\":[\"https:\/\/diariodalagoa.pt\/a-distancia-nao-apaga-as-raizes-nem-esmorece-o-sentimento-de-pertenca\/\"]}]},{\"@type\":\"BreadcrumbList\",\"@id\":\"https:\/\/diariodalagoa.pt\/a-distancia-nao-apaga-as-raizes-nem-esmorece-o-sentimento-de-pertenca\/#breadcrumb\",\"itemListElement\":[{\"@type\":\"ListItem\",\"position\":1,\"name\":\"In\u00edcio\",\"item\":\"https:\/\/diariodalagoa.pt\/\"},{\"@type\":\"ListItem\",\"position\":2,\"name\":\"\u201cA dist\u00e2ncia n\u00e3o apaga as ra\u00edzes nem esmorece o sentimento de perten\u00e7a\u201d\"}]},{\"@type\":\"WebSite\",\"@id\":\"https:\/\/diariodalagoa.pt\/#website\",\"url\":\"https:\/\/diariodalagoa.pt\/\",\"name\":\"Di\u00e1rio da Lagoa\",\"description\":\"Di\u00e1rio da Lagoa. As not\u00edcias que contam. A partir da Lagoa, nos A\u00e7ores, para o mundo.\",\"potentialAction\":[{\"@type\":\"SearchAction\",\"target\":{\"@type\":\"EntryPoint\",\"urlTemplate\":\"https:\/\/diariodalagoa.pt\/?s={search_term_string}\"},\"query-input\":\"required name=search_term_string\"}],\"inLanguage\":\"fr-FR\"},{\"@type\":\"Person\",\"@id\":\"https:\/\/diariodalagoa.pt\/#\/schema\/person\/1615a002370e8857b6f972834bc43ece\",\"name\":\"Di\u00e1rio da Lagoa\",\"image\":{\"@type\":\"ImageObject\",\"inLanguage\":\"fr-FR\",\"@id\":\"https:\/\/diariodalagoa.pt\/#\/schema\/person\/image\/\",\"url\":\"https:\/\/secure.gravatar.com\/avatar\/2cb5cef90a26f8fbd4d9d930608102c5?s=96&d=mm&r=g\",\"contentUrl\":\"https:\/\/secure.gravatar.com\/avatar\/2cb5cef90a26f8fbd4d9d930608102c5?s=96&d=mm&r=g\",\"caption\":\"Di\u00e1rio da Lagoa\"},\"url\":\"https:\/\/diariodalagoa.pt\/fr\/author\/diariodalagoa\/\"}]}<\/script>\n<!-- \/ Yoast SEO plugin. -->","yoast_head_json":{"title":"\u201cA dist\u00e2ncia n\u00e3o apaga as ra\u00edzes nem esmorece o sentimento de perten\u00e7a\u201d - Di\u00e1rio da Lagoa","description":"30.\u00ba Encontro dos Amigos do Nordeste dos Estados Unidos da Am\u00e9rica teve lugar na Lomba da Fazenda. Cerca de meio milhar de pessoas marcou presen\u00e7a.","robots":{"index":"index","follow":"follow","max-snippet":"max-snippet:-1","max-image-preview":"max-image-preview:large","max-video-preview":"max-video-preview:-1"},"canonical":"https:\/\/diariodalagoa.pt\/fr\/a-distancia-nao-apaga-as-raizes-nem-esmorece-o-sentimento-de-pertenca\/","og_locale":"fr_FR","og_type":"article","og_title":"\u201cA dist\u00e2ncia n\u00e3o apaga as ra\u00edzes nem esmorece o sentimento de perten\u00e7a\u201d - Di\u00e1rio da Lagoa","og_description":"30.\u00ba Encontro dos Amigos do Nordeste dos Estados Unidos da Am\u00e9rica teve lugar na Lomba da Fazenda. Cerca de meio milhar de pessoas marcou presen\u00e7a.","og_url":"https:\/\/diariodalagoa.pt\/fr\/a-distancia-nao-apaga-as-raizes-nem-esmorece-o-sentimento-de-pertenca\/","og_site_name":"Di\u00e1rio da Lagoa","article_published_time":"2025-07-16T23:31:39+00:00","article_modified_time":"2025-07-17T10:35:50+00:00","og_image":[{"width":960,"height":640,"url":"https:\/\/diariodalagoa.pt\/wp-content\/uploads\/2025\/07\/dsc8712.jpg","type":"image\/jpeg"}],"author":"Di\u00e1rio da Lagoa","twitter_card":"summary_large_image","twitter_misc":{"\u00c9crit par":"Di\u00e1rio da Lagoa","Dur\u00e9e de lecture estim\u00e9e":"3 minutes"},"schema":{"@context":"https:\/\/schema.org","@graph":[{"@type":"WebPage","@id":"https:\/\/diariodalagoa.pt\/a-distancia-nao-apaga-as-raizes-nem-esmorece-o-sentimento-de-pertenca\/","url":"https:\/\/diariodalagoa.pt\/a-distancia-nao-apaga-as-raizes-nem-esmorece-o-sentimento-de-pertenca\/","name":"\u201cA dist\u00e2ncia n\u00e3o apaga as ra\u00edzes nem esmorece o sentimento de perten\u00e7a\u201d - Di\u00e1rio da Lagoa","isPartOf":{"@id":"https:\/\/diariodalagoa.pt\/#website"},"datePublished":"2025-07-16T23:31:39+00:00","dateModified":"2025-07-17T10:35:50+00:00","author":{"@id":"https:\/\/diariodalagoa.pt\/#\/schema\/person\/1615a002370e8857b6f972834bc43ece"},"description":"30.\u00ba Encontro dos Amigos do Nordeste dos Estados Unidos da Am\u00e9rica teve lugar na Lomba da Fazenda. Cerca de meio milhar de pessoas marcou presen\u00e7a.","breadcrumb":{"@id":"https:\/\/diariodalagoa.pt\/a-distancia-nao-apaga-as-raizes-nem-esmorece-o-sentimento-de-pertenca\/#breadcrumb"},"inLanguage":"fr-FR","potentialAction":[{"@type":"ReadAction","target":["https:\/\/diariodalagoa.pt\/a-distancia-nao-apaga-as-raizes-nem-esmorece-o-sentimento-de-pertenca\/"]}]},{"@type":"BreadcrumbList","@id":"https:\/\/diariodalagoa.pt\/a-distancia-nao-apaga-as-raizes-nem-esmorece-o-sentimento-de-pertenca\/#breadcrumb","itemListElement":[{"@type":"ListItem","position":1,"name":"In\u00edcio","item":"https:\/\/diariodalagoa.pt\/"},{"@type":"ListItem","position":2,"name":"\u201cA dist\u00e2ncia n\u00e3o apaga as ra\u00edzes nem esmorece o sentimento de perten\u00e7a\u201d"}]},{"@type":"WebSite","@id":"https:\/\/diariodalagoa.pt\/#website","url":"https:\/\/diariodalagoa.pt\/","name":"Di\u00e1rio da Lagoa","description":"Di\u00e1rio da Lagoa. As not\u00edcias que contam. A partir da Lagoa, nos A\u00e7ores, para o mundo.","potentialAction":[{"@type":"SearchAction","target":{"@type":"EntryPoint","urlTemplate":"https:\/\/diariodalagoa.pt\/?s={search_term_string}"},"query-input":"required name=search_term_string"}],"inLanguage":"fr-FR"},{"@type":"Person","@id":"https:\/\/diariodalagoa.pt\/#\/schema\/person\/1615a002370e8857b6f972834bc43ece","name":"Di\u00e1rio da Lagoa","image":{"@type":"ImageObject","inLanguage":"fr-FR","@id":"https:\/\/diariodalagoa.pt\/#\/schema\/person\/image\/","url":"https:\/\/secure.gravatar.com\/avatar\/2cb5cef90a26f8fbd4d9d930608102c5?s=96&d=mm&r=g","contentUrl":"https:\/\/secure.gravatar.com\/avatar\/2cb5cef90a26f8fbd4d9d930608102c5?s=96&d=mm&r=g","caption":"Di\u00e1rio da Lagoa"},"url":"https:\/\/diariodalagoa.pt\/fr\/author\/diariodalagoa\/"}]}},"_links":{"self":[{"href":"https:\/\/diariodalagoa.pt\/fr\/wp-json\/wp\/v2\/posts\/157757"}],"collection":[{"href":"https:\/\/diariodalagoa.pt\/fr\/wp-json\/wp\/v2\/posts"}],"about":[{"href":"https:\/\/diariodalagoa.pt\/fr\/wp-json\/wp\/v2\/types\/post"}],"author":[{"embeddable":true,"href":"https:\/\/diariodalagoa.pt\/fr\/wp-json\/wp\/v2\/users\/2"}],"replies":[{"embeddable":true,"href":"https:\/\/diariodalagoa.pt\/fr\/wp-json\/wp\/v2\/comments?post=157757"}],"version-history":[{"count":6,"href":"https:\/\/diariodalagoa.pt\/fr\/wp-json\/wp\/v2\/posts\/157757\/revisions"}],"predecessor-version":[{"id":157764,"href":"https:\/\/diariodalagoa.pt\/fr\/wp-json\/wp\/v2\/posts\/157757\/revisions\/157764"}],"wp:featuredmedia":[{"embeddable":true,"href":"https:\/\/diariodalagoa.pt\/fr\/wp-json\/wp\/v2\/media\/157758"}],"wp:attachment":[{"href":"https:\/\/diariodalagoa.pt\/fr\/wp-json\/wp\/v2\/media?parent=157757"}],"wp:term":[{"taxonomy":"category","embeddable":true,"href":"https:\/\/diariodalagoa.pt\/fr\/wp-json\/wp\/v2\/categories?post=157757"},{"taxonomy":"post_tag","embeddable":true,"href":"https:\/\/diariodalagoa.pt\/fr\/wp-json\/wp\/v2\/tags?post=157757"}],"curies":[{"name":"wp","href":"https:\/\/api.w.org\/{rel}","templated":true}]}}