{"id":157587,"date":"2025-07-11T10:21:56","date_gmt":"2025-07-11T10:21:56","guid":{"rendered":"https:\/\/diariodalagoa.pt\/?p=157587"},"modified":"2025-07-11T14:21:36","modified_gmt":"2025-07-11T14:21:36","slug":"programa-estagiar-u-com-mais-de-800-estudantes-inscritos","status":"publish","type":"post","link":"https:\/\/diariodalagoa.pt\/fr\/programa-estagiar-u-com-mais-de-800-estudantes-inscritos\/","title":{"rendered":"Programa Estagiar U com mais de 800 estudantes inscritos"},"content":{"rendered":"<figure class=\"wp-block-image size-full is-resized\"><img decoding=\"async\" src=\"https:\/\/diariodalagoa.pt\/wp-content\/uploads\/2025\/07\/estagiar-u-srjhe.jpg\" alt=\"\" class=\"wp-image-157588\" width=\"840\" height=\"560\" srcset=\"https:\/\/diariodalagoa.pt\/wp-content\/uploads\/2025\/07\/estagiar-u-srjhe.jpg 960w, https:\/\/diariodalagoa.pt\/wp-content\/uploads\/2025\/07\/estagiar-u-srjhe-300x200.jpg 300w, https:\/\/diariodalagoa.pt\/wp-content\/uploads\/2025\/07\/estagiar-u-srjhe-768x512.jpg 768w, https:\/\/diariodalagoa.pt\/wp-content\/uploads\/2025\/07\/estagiar-u-srjhe-18x12.jpg 18w\" sizes=\"(max-width: 840px) 100vw, 840px\" \/><figcaption class=\"wp-element-caption\"><mark style=\"background-color:rgba(0, 0, 0, 0)\" class=\"has-inline-color has-cyan-bluish-gray-color\"><sup>\u00a9<\/sup><\/mark> <mark style=\"background-color:rgba(0, 0, 0, 0)\" class=\"has-inline-color has-cyan-bluish-gray-color\"><sup>SRJHE<\/sup><\/mark><\/figcaption><\/figure>\n\n\n<p>Mais de 850 jovens estudantes que frequentam cursos de licenciatura, mestrado ou p\u00f3s-gradua\u00e7\u00e3o est\u00e3o a iniciar ou v\u00e3o iniciar nos pr\u00f3ximos dois meses o seu est\u00e1gio profissional em contexto real de trabalho no \u00e2mbito do programa ESTAGIAR U.<\/p>\n<p>Este n\u00famero total reflete uma varia\u00e7\u00e3o de mais 215 jovens colocados no ESTAGIAR U em rela\u00e7\u00e3o a 2024, resultado do aumento da procura e da participa\u00e7\u00e3o dos estudantes do Ensino Superior neste programa promovido pela Secretaria Regional da Juventude, Habita\u00e7\u00e3o e Emprego, atrav\u00e9s da Dire\u00e7\u00e3o Regional de Qualifica\u00e7\u00e3o Profissional e Emprego.<\/p>\n<p>Em termos de meses de est\u00e1gio, 57% dos jovens decidiram fazer o seu est\u00e1gio no m\u00eas de julho, 41% no m\u00eas de agosto e 1,7% no m\u00eas de setembro.<\/p>\n<p>Este ano, regista-se ainda uma significativa ades\u00e3o dos estagi\u00e1rios \u00e0 componente formativa associada ao programa, j\u00e1 que 85,4% dos jovens colocados optou por fazer forma\u00e7\u00e3o certificada com carga hor\u00e1ria n\u00e3o inferior a 20 horas em \u00e1reas como Empreendedorismo, Desenvolvimento Pessoal, Intelig\u00eancia Artificial ou Educa\u00e7\u00e3o Medi\u00e1tica e Ciberseguran\u00e7a, entre outras do seu interesse pessoal e profissional.<\/p>\n<p>Os est\u00e1gios t\u00eam a dura\u00e7\u00e3o de um m\u00eas, podendo decorrer em julho, agosto ou setembro, com in\u00edcio e fim no mesmo m\u00eas, num m\u00e1ximo semanal de 25 horas, em hor\u00e1rio id\u00eantico ao praticado pela entidade promotora, que podem ser empresas privadas, cooperativas, empresas p\u00fablicas e entidades sem fins lucrativos.<\/p>\n<p>Aos jovens \u00e9 atribu\u00edda uma compensa\u00e7\u00e3o monet\u00e1ria no valor atual da Retribui\u00e7\u00e3o M\u00ednima Mensal Garantida na Regi\u00e3o.<\/p>","protected":false},"excerpt":{"rendered":"<p>Este ano o programa conta com mais inscritos do que no ano passado. Mais de metade dos estudantes decidiu fazer o seu est\u00e1gio em julho. <\/p>","protected":false},"author":2,"featured_media":157588,"comment_status":"open","ping_status":"closed","sticky":false,"template":"","format":"standard","meta":[],"categories":[21],"tags":[31,177,1105],"acf":[],"yoast_head":"<!-- This site is optimized with the Yoast SEO plugin v20.10 - https:\/\/yoast.com\/wordpress\/plugins\/seo\/ -->\n<title>Programa Estagiar U com mais de 800 estudantes inscritos - Di\u00e1rio da Lagoa<\/title>\n<meta name=\"description\" content=\"Este ano o programa conta com mais inscritos do que no ano passado. Mais de metade dos estudantes decidiu fazer o seu est\u00e1gio em julho.\" \/>\n<meta name=\"robots\" content=\"index, follow, max-snippet:-1, max-image-preview:large, max-video-preview:-1\" \/>\n<link rel=\"canonical\" href=\"https:\/\/diariodalagoa.pt\/fr\/programa-estagiar-u-com-mais-de-800-estudantes-inscritos\/\" \/>\n<meta property=\"og:locale\" content=\"fr_FR\" \/>\n<meta property=\"og:type\" content=\"article\" \/>\n<meta property=\"og:title\" content=\"Programa Estagiar U com mais de 800 estudantes inscritos - Di\u00e1rio da Lagoa\" \/>\n<meta property=\"og:description\" content=\"Este ano o programa conta com mais inscritos do que no ano passado. Mais de metade dos estudantes decidiu fazer o seu est\u00e1gio em julho.\" \/>\n<meta property=\"og:url\" content=\"https:\/\/diariodalagoa.pt\/fr\/programa-estagiar-u-com-mais-de-800-estudantes-inscritos\/\" \/>\n<meta property=\"og:site_name\" content=\"Di\u00e1rio da Lagoa\" \/>\n<meta property=\"article:published_time\" content=\"2025-07-11T10:21:56+00:00\" \/>\n<meta property=\"article:modified_time\" content=\"2025-07-11T14:21:36+00:00\" \/>\n<meta property=\"og:image\" content=\"https:\/\/diariodalagoa.pt\/wp-content\/uploads\/2025\/07\/estagiar-u-srjhe.jpg\" \/>\n\t<meta property=\"og:image:width\" content=\"960\" \/>\n\t<meta property=\"og:image:height\" content=\"640\" \/>\n\t<meta property=\"og:image:type\" content=\"image\/jpeg\" \/>\n<meta name=\"author\" content=\"Di\u00e1rio da Lagoa\" \/>\n<meta name=\"twitter:card\" content=\"summary_large_image\" \/>\n<meta name=\"twitter:label1\" content=\"\u00c9crit par\" \/>\n\t<meta name=\"twitter:data1\" content=\"Di\u00e1rio da Lagoa\" \/>\n\t<meta name=\"twitter:label2\" content=\"Dur\u00e9e de lecture estim\u00e9e\" \/>\n\t<meta name=\"twitter:data2\" content=\"2 minutes\" \/>\n<script type=\"application\/ld+json\" class=\"yoast-schema-graph\">{\"@context\":\"https:\/\/schema.org\",\"@graph\":[{\"@type\":\"WebPage\",\"@id\":\"https:\/\/diariodalagoa.pt\/programa-estagiar-u-com-mais-de-800-estudantes-inscritos\/\",\"url\":\"https:\/\/diariodalagoa.pt\/programa-estagiar-u-com-mais-de-800-estudantes-inscritos\/\",\"name\":\"Programa Estagiar U com mais de 800 estudantes inscritos - Di\u00e1rio da Lagoa\",\"isPartOf\":{\"@id\":\"https:\/\/diariodalagoa.pt\/#website\"},\"datePublished\":\"2025-07-11T10:21:56+00:00\",\"dateModified\":\"2025-07-11T14:21:36+00:00\",\"author\":{\"@id\":\"https:\/\/diariodalagoa.pt\/#\/schema\/person\/1615a002370e8857b6f972834bc43ece\"},\"description\":\"Este ano o programa conta com mais inscritos do que no ano passado. Mais de metade dos estudantes decidiu fazer o seu est\u00e1gio em julho.\",\"breadcrumb\":{\"@id\":\"https:\/\/diariodalagoa.pt\/programa-estagiar-u-com-mais-de-800-estudantes-inscritos\/#breadcrumb\"},\"inLanguage\":\"fr-FR\",\"potentialAction\":[{\"@type\":\"ReadAction\",\"target\":[\"https:\/\/diariodalagoa.pt\/programa-estagiar-u-com-mais-de-800-estudantes-inscritos\/\"]}]},{\"@type\":\"BreadcrumbList\",\"@id\":\"https:\/\/diariodalagoa.pt\/programa-estagiar-u-com-mais-de-800-estudantes-inscritos\/#breadcrumb\",\"itemListElement\":[{\"@type\":\"ListItem\",\"position\":1,\"name\":\"In\u00edcio\",\"item\":\"https:\/\/diariodalagoa.pt\/\"},{\"@type\":\"ListItem\",\"position\":2,\"name\":\"Programa Estagiar U com mais de 800 estudantes inscritos\"}]},{\"@type\":\"WebSite\",\"@id\":\"https:\/\/diariodalagoa.pt\/#website\",\"url\":\"https:\/\/diariodalagoa.pt\/\",\"name\":\"Di\u00e1rio da Lagoa\",\"description\":\"Di\u00e1rio da Lagoa. As not\u00edcias que contam. A partir da Lagoa, nos A\u00e7ores, para o mundo.\",\"potentialAction\":[{\"@type\":\"SearchAction\",\"target\":{\"@type\":\"EntryPoint\",\"urlTemplate\":\"https:\/\/diariodalagoa.pt\/?s={search_term_string}\"},\"query-input\":\"required name=search_term_string\"}],\"inLanguage\":\"fr-FR\"},{\"@type\":\"Person\",\"@id\":\"https:\/\/diariodalagoa.pt\/#\/schema\/person\/1615a002370e8857b6f972834bc43ece\",\"name\":\"Di\u00e1rio da Lagoa\",\"image\":{\"@type\":\"ImageObject\",\"inLanguage\":\"fr-FR\",\"@id\":\"https:\/\/diariodalagoa.pt\/#\/schema\/person\/image\/\",\"url\":\"https:\/\/secure.gravatar.com\/avatar\/2cb5cef90a26f8fbd4d9d930608102c5?s=96&d=mm&r=g\",\"contentUrl\":\"https:\/\/secure.gravatar.com\/avatar\/2cb5cef90a26f8fbd4d9d930608102c5?s=96&d=mm&r=g\",\"caption\":\"Di\u00e1rio da Lagoa\"},\"url\":\"https:\/\/diariodalagoa.pt\/fr\/author\/diariodalagoa\/\"}]}<\/script>\n<!-- \/ Yoast SEO plugin. -->","yoast_head_json":{"title":"Programa Estagiar U com mais de 800 estudantes inscritos - Di\u00e1rio da Lagoa","description":"Este ano o programa conta com mais inscritos do que no ano passado. Mais de metade dos estudantes decidiu fazer o seu est\u00e1gio em julho.","robots":{"index":"index","follow":"follow","max-snippet":"max-snippet:-1","max-image-preview":"max-image-preview:large","max-video-preview":"max-video-preview:-1"},"canonical":"https:\/\/diariodalagoa.pt\/fr\/programa-estagiar-u-com-mais-de-800-estudantes-inscritos\/","og_locale":"fr_FR","og_type":"article","og_title":"Programa Estagiar U com mais de 800 estudantes inscritos - Di\u00e1rio da Lagoa","og_description":"Este ano o programa conta com mais inscritos do que no ano passado. Mais de metade dos estudantes decidiu fazer o seu est\u00e1gio em julho.","og_url":"https:\/\/diariodalagoa.pt\/fr\/programa-estagiar-u-com-mais-de-800-estudantes-inscritos\/","og_site_name":"Di\u00e1rio da Lagoa","article_published_time":"2025-07-11T10:21:56+00:00","article_modified_time":"2025-07-11T14:21:36+00:00","og_image":[{"width":960,"height":640,"url":"https:\/\/diariodalagoa.pt\/wp-content\/uploads\/2025\/07\/estagiar-u-srjhe.jpg","type":"image\/jpeg"}],"author":"Di\u00e1rio da Lagoa","twitter_card":"summary_large_image","twitter_misc":{"\u00c9crit par":"Di\u00e1rio da Lagoa","Dur\u00e9e de lecture estim\u00e9e":"2 minutes"},"schema":{"@context":"https:\/\/schema.org","@graph":[{"@type":"WebPage","@id":"https:\/\/diariodalagoa.pt\/programa-estagiar-u-com-mais-de-800-estudantes-inscritos\/","url":"https:\/\/diariodalagoa.pt\/programa-estagiar-u-com-mais-de-800-estudantes-inscritos\/","name":"Programa Estagiar U com mais de 800 estudantes inscritos - Di\u00e1rio da Lagoa","isPartOf":{"@id":"https:\/\/diariodalagoa.pt\/#website"},"datePublished":"2025-07-11T10:21:56+00:00","dateModified":"2025-07-11T14:21:36+00:00","author":{"@id":"https:\/\/diariodalagoa.pt\/#\/schema\/person\/1615a002370e8857b6f972834bc43ece"},"description":"Este ano o programa conta com mais inscritos do que no ano passado. Mais de metade dos estudantes decidiu fazer o seu est\u00e1gio em julho.","breadcrumb":{"@id":"https:\/\/diariodalagoa.pt\/programa-estagiar-u-com-mais-de-800-estudantes-inscritos\/#breadcrumb"},"inLanguage":"fr-FR","potentialAction":[{"@type":"ReadAction","target":["https:\/\/diariodalagoa.pt\/programa-estagiar-u-com-mais-de-800-estudantes-inscritos\/"]}]},{"@type":"BreadcrumbList","@id":"https:\/\/diariodalagoa.pt\/programa-estagiar-u-com-mais-de-800-estudantes-inscritos\/#breadcrumb","itemListElement":[{"@type":"ListItem","position":1,"name":"In\u00edcio","item":"https:\/\/diariodalagoa.pt\/"},{"@type":"ListItem","position":2,"name":"Programa Estagiar U com mais de 800 estudantes inscritos"}]},{"@type":"WebSite","@id":"https:\/\/diariodalagoa.pt\/#website","url":"https:\/\/diariodalagoa.pt\/","name":"Di\u00e1rio da Lagoa","description":"Di\u00e1rio da Lagoa. As not\u00edcias que contam. A partir da Lagoa, nos A\u00e7ores, para o mundo.","potentialAction":[{"@type":"SearchAction","target":{"@type":"EntryPoint","urlTemplate":"https:\/\/diariodalagoa.pt\/?s={search_term_string}"},"query-input":"required name=search_term_string"}],"inLanguage":"fr-FR"},{"@type":"Person","@id":"https:\/\/diariodalagoa.pt\/#\/schema\/person\/1615a002370e8857b6f972834bc43ece","name":"Di\u00e1rio da Lagoa","image":{"@type":"ImageObject","inLanguage":"fr-FR","@id":"https:\/\/diariodalagoa.pt\/#\/schema\/person\/image\/","url":"https:\/\/secure.gravatar.com\/avatar\/2cb5cef90a26f8fbd4d9d930608102c5?s=96&d=mm&r=g","contentUrl":"https:\/\/secure.gravatar.com\/avatar\/2cb5cef90a26f8fbd4d9d930608102c5?s=96&d=mm&r=g","caption":"Di\u00e1rio da Lagoa"},"url":"https:\/\/diariodalagoa.pt\/fr\/author\/diariodalagoa\/"}]}},"_links":{"self":[{"href":"https:\/\/diariodalagoa.pt\/fr\/wp-json\/wp\/v2\/posts\/157587"}],"collection":[{"href":"https:\/\/diariodalagoa.pt\/fr\/wp-json\/wp\/v2\/posts"}],"about":[{"href":"https:\/\/diariodalagoa.pt\/fr\/wp-json\/wp\/v2\/types\/post"}],"author":[{"embeddable":true,"href":"https:\/\/diariodalagoa.pt\/fr\/wp-json\/wp\/v2\/users\/2"}],"replies":[{"embeddable":true,"href":"https:\/\/diariodalagoa.pt\/fr\/wp-json\/wp\/v2\/comments?post=157587"}],"version-history":[{"count":4,"href":"https:\/\/diariodalagoa.pt\/fr\/wp-json\/wp\/v2\/posts\/157587\/revisions"}],"predecessor-version":[{"id":157595,"href":"https:\/\/diariodalagoa.pt\/fr\/wp-json\/wp\/v2\/posts\/157587\/revisions\/157595"}],"wp:featuredmedia":[{"embeddable":true,"href":"https:\/\/diariodalagoa.pt\/fr\/wp-json\/wp\/v2\/media\/157588"}],"wp:attachment":[{"href":"https:\/\/diariodalagoa.pt\/fr\/wp-json\/wp\/v2\/media?parent=157587"}],"wp:term":[{"taxonomy":"category","embeddable":true,"href":"https:\/\/diariodalagoa.pt\/fr\/wp-json\/wp\/v2\/categories?post=157587"},{"taxonomy":"post_tag","embeddable":true,"href":"https:\/\/diariodalagoa.pt\/fr\/wp-json\/wp\/v2\/tags?post=157587"}],"curies":[{"name":"wp","href":"https:\/\/api.w.org\/{rel}","templated":true}]}}