{"id":157564,"date":"2025-07-10T09:21:03","date_gmt":"2025-07-10T09:21:03","guid":{"rendered":"https:\/\/diariodalagoa.pt\/?p=157564"},"modified":"2025-07-10T09:23:12","modified_gmt":"2025-07-10T09:23:12","slug":"povoacao-prepara-se-para-a-segunda-edicao-do-kids-festival","status":"publish","type":"post","link":"https:\/\/diariodalagoa.pt\/fr\/povoacao-prepara-se-para-a-segunda-edicao-do-kids-festival\/","title":{"rendered":"Povoa\u00e7\u00e3o prepara-se para a segunda edi\u00e7\u00e3o do Kids Festival"},"content":{"rendered":"<figure class=\"wp-block-image size-full\"><img decoding=\"async\" width=\"960\" height=\"720\" src=\"https:\/\/diariodalagoa.pt\/wp-content\/uploads\/2025\/07\/kids-festival-na-povacao-cmp.jpg\" alt=\"\" class=\"wp-image-157565\" srcset=\"https:\/\/diariodalagoa.pt\/wp-content\/uploads\/2025\/07\/kids-festival-na-povacao-cmp.jpg 960w, https:\/\/diariodalagoa.pt\/wp-content\/uploads\/2025\/07\/kids-festival-na-povacao-cmp-300x225.jpg 300w, https:\/\/diariodalagoa.pt\/wp-content\/uploads\/2025\/07\/kids-festival-na-povacao-cmp-768x576.jpg 768w, https:\/\/diariodalagoa.pt\/wp-content\/uploads\/2025\/07\/kids-festival-na-povacao-cmp-16x12.jpg 16w\" sizes=\"(max-width: 960px) 100vw, 960px\" \/><figcaption class=\"wp-element-caption\"><sup><mark style=\"background-color:rgba(0, 0, 0, 0)\" class=\"has-inline-color has-cyan-bluish-gray-color\">\u00a9 CM POVOA\u00c7\u00c3O<\/mark><\/sup><\/figcaption><\/figure>\n\n\n<p>A Pra\u00e7a dos Pelames, na Vila da Povoa\u00e7\u00e3o, vai ser palco do Povoa\u00e7\u00e3o Kids Festival, nos dias 19 e 20 de julho. O evento \u00e9 entrada livre e totalmente dedicado \u00e0s crian\u00e7as, aos jovens e \u00e0s suas fam\u00edlias e vai ter como cabe\u00e7as de cartaz \u201cCindy\u201d e \u201cIris\u201d.<\/p>\n<p>A C\u00e2mara Municipal da Povoa\u00e7\u00e3o, em comunicado, anunciou que est\u00e1 a preparar o acontecimento l\u00fadico e cultural, que envolve uma vasta pan\u00f3plia de atividades, pensada para conquistar o p\u00fablico de todas as idades, em dois dias de programa\u00e7\u00e3o, das 15 \u00e0s 19h30 horas.<\/p>\n<p>O cartaz do festival de ver\u00e3o, aberto ao p\u00fablico, e vocacionado para os mais jovens e as suas fam\u00edlias come\u00e7a, assim, no dia 19 de julho. Est\u00e3o agendados jogos tradicionais; a atua\u00e7\u00e3o do palha\u00e7o Ticcosi &#8211; ATLAN; uma aula de zumba para pais e filhos; a atua\u00e7\u00e3o da artista \u201cIris\u201d e, mesmo no final da tarde, um espet\u00e1culo de cores, ao som do DJ Diogo Aguiar.<\/p>\n<p>No dia 20 de julho, a anima\u00e7\u00e3o ter\u00e1 in\u00edcio, novamente, com jogos tradicionais, mas tamb\u00e9m pinturas faciais e modulagem de bal\u00f5es; um espet\u00e1culo Circense, denominado de \u201cAlgazarra\u201d; uma demonstra\u00e7\u00e3o de Karat\u00e9 do Clube Karat\u00e9 Shotokan da Povoa\u00e7\u00e3o; a atua\u00e7\u00e3o da artista \u201cCindy\u201d e a encerrar em grande a segunda edi\u00e7\u00e3o do Povoa\u00e7\u00e3o Kids Festival, uma festa de espuma com o DJ Ma\u00e7aroca.<\/p>","protected":false},"excerpt":{"rendered":"<p>Evento \u00e9 de entrada livre e acontece a 19 e 20 de julho, sendo totalmente dedicado \u00e0s crian\u00e7as, jovens e suas fam\u00edlias.<\/p>","protected":false},"author":2,"featured_media":157565,"comment_status":"open","ping_status":"closed","sticky":false,"template":"","format":"standard","meta":[],"categories":[21],"tags":[254,255],"acf":[],"yoast_head":"<!-- This site is optimized with the Yoast SEO plugin v20.10 - https:\/\/yoast.com\/wordpress\/plugins\/seo\/ -->\n<title>Povoa\u00e7\u00e3o prepara-se para a segunda edi\u00e7\u00e3o do Kids Festival - Di\u00e1rio da Lagoa<\/title>\n<meta name=\"description\" content=\"Evento \u00e9 de entrada livre e acontece de 19 a 20 de julho, sendo totalmente dedicado \u00e0s crian\u00e7as, jovens e suas fam\u00edlias.\" \/>\n<meta name=\"robots\" content=\"index, follow, max-snippet:-1, max-image-preview:large, max-video-preview:-1\" \/>\n<link rel=\"canonical\" href=\"https:\/\/diariodalagoa.pt\/fr\/povoacao-prepara-se-para-a-segunda-edicao-do-kids-festival\/\" \/>\n<meta property=\"og:locale\" content=\"fr_FR\" \/>\n<meta property=\"og:type\" content=\"article\" \/>\n<meta property=\"og:title\" content=\"Povoa\u00e7\u00e3o prepara-se para a segunda edi\u00e7\u00e3o do Kids Festival - Di\u00e1rio da Lagoa\" \/>\n<meta property=\"og:description\" content=\"Evento \u00e9 de entrada livre e acontece de 19 a 20 de julho, sendo totalmente dedicado \u00e0s crian\u00e7as, jovens e suas fam\u00edlias.\" \/>\n<meta property=\"og:url\" content=\"https:\/\/diariodalagoa.pt\/fr\/povoacao-prepara-se-para-a-segunda-edicao-do-kids-festival\/\" \/>\n<meta property=\"og:site_name\" content=\"Di\u00e1rio da Lagoa\" \/>\n<meta property=\"article:published_time\" content=\"2025-07-10T09:21:03+00:00\" \/>\n<meta property=\"article:modified_time\" content=\"2025-07-10T09:23:12+00:00\" \/>\n<meta property=\"og:image\" content=\"https:\/\/diariodalagoa.pt\/wp-content\/uploads\/2025\/07\/kids-festival-na-povacao-cmp.jpg\" \/>\n\t<meta property=\"og:image:width\" content=\"960\" \/>\n\t<meta property=\"og:image:height\" content=\"720\" \/>\n\t<meta property=\"og:image:type\" content=\"image\/jpeg\" \/>\n<meta name=\"author\" content=\"Di\u00e1rio da Lagoa\" \/>\n<meta name=\"twitter:card\" content=\"summary_large_image\" \/>\n<meta name=\"twitter:label1\" content=\"\u00c9crit par\" \/>\n\t<meta name=\"twitter:data1\" content=\"Di\u00e1rio da Lagoa\" \/>\n\t<meta name=\"twitter:label2\" content=\"Dur\u00e9e de lecture estim\u00e9e\" \/>\n\t<meta name=\"twitter:data2\" content=\"2 minutes\" \/>\n<script type=\"application\/ld+json\" class=\"yoast-schema-graph\">{\"@context\":\"https:\/\/schema.org\",\"@graph\":[{\"@type\":\"WebPage\",\"@id\":\"https:\/\/diariodalagoa.pt\/povoacao-prepara-se-para-a-segunda-edicao-do-kids-festival\/\",\"url\":\"https:\/\/diariodalagoa.pt\/povoacao-prepara-se-para-a-segunda-edicao-do-kids-festival\/\",\"name\":\"Povoa\u00e7\u00e3o prepara-se para a segunda edi\u00e7\u00e3o do Kids Festival - Di\u00e1rio da Lagoa\",\"isPartOf\":{\"@id\":\"https:\/\/diariodalagoa.pt\/#website\"},\"datePublished\":\"2025-07-10T09:21:03+00:00\",\"dateModified\":\"2025-07-10T09:23:12+00:00\",\"author\":{\"@id\":\"https:\/\/diariodalagoa.pt\/#\/schema\/person\/1615a002370e8857b6f972834bc43ece\"},\"description\":\"Evento \u00e9 de entrada livre e acontece de 19 a 20 de julho, sendo totalmente dedicado \u00e0s crian\u00e7as, jovens e suas fam\u00edlias.\",\"breadcrumb\":{\"@id\":\"https:\/\/diariodalagoa.pt\/povoacao-prepara-se-para-a-segunda-edicao-do-kids-festival\/#breadcrumb\"},\"inLanguage\":\"fr-FR\",\"potentialAction\":[{\"@type\":\"ReadAction\",\"target\":[\"https:\/\/diariodalagoa.pt\/povoacao-prepara-se-para-a-segunda-edicao-do-kids-festival\/\"]}]},{\"@type\":\"BreadcrumbList\",\"@id\":\"https:\/\/diariodalagoa.pt\/povoacao-prepara-se-para-a-segunda-edicao-do-kids-festival\/#breadcrumb\",\"itemListElement\":[{\"@type\":\"ListItem\",\"position\":1,\"name\":\"In\u00edcio\",\"item\":\"https:\/\/diariodalagoa.pt\/\"},{\"@type\":\"ListItem\",\"position\":2,\"name\":\"Povoa\u00e7\u00e3o prepara-se para a segunda edi\u00e7\u00e3o do Kids Festival\"}]},{\"@type\":\"WebSite\",\"@id\":\"https:\/\/diariodalagoa.pt\/#website\",\"url\":\"https:\/\/diariodalagoa.pt\/\",\"name\":\"Di\u00e1rio da Lagoa\",\"description\":\"Di\u00e1rio da Lagoa. As not\u00edcias que contam. A partir da Lagoa, nos A\u00e7ores, para o mundo.\",\"potentialAction\":[{\"@type\":\"SearchAction\",\"target\":{\"@type\":\"EntryPoint\",\"urlTemplate\":\"https:\/\/diariodalagoa.pt\/?s={search_term_string}\"},\"query-input\":\"required name=search_term_string\"}],\"inLanguage\":\"fr-FR\"},{\"@type\":\"Person\",\"@id\":\"https:\/\/diariodalagoa.pt\/#\/schema\/person\/1615a002370e8857b6f972834bc43ece\",\"name\":\"Di\u00e1rio da Lagoa\",\"image\":{\"@type\":\"ImageObject\",\"inLanguage\":\"fr-FR\",\"@id\":\"https:\/\/diariodalagoa.pt\/#\/schema\/person\/image\/\",\"url\":\"https:\/\/secure.gravatar.com\/avatar\/2cb5cef90a26f8fbd4d9d930608102c5?s=96&d=mm&r=g\",\"contentUrl\":\"https:\/\/secure.gravatar.com\/avatar\/2cb5cef90a26f8fbd4d9d930608102c5?s=96&d=mm&r=g\",\"caption\":\"Di\u00e1rio da Lagoa\"},\"url\":\"https:\/\/diariodalagoa.pt\/fr\/author\/diariodalagoa\/\"}]}<\/script>\n<!-- \/ Yoast SEO plugin. -->","yoast_head_json":{"title":"Povoa\u00e7\u00e3o prepara-se para a segunda edi\u00e7\u00e3o do Kids Festival - Di\u00e1rio da Lagoa","description":"Evento \u00e9 de entrada livre e acontece de 19 a 20 de julho, sendo totalmente dedicado \u00e0s crian\u00e7as, jovens e suas fam\u00edlias.","robots":{"index":"index","follow":"follow","max-snippet":"max-snippet:-1","max-image-preview":"max-image-preview:large","max-video-preview":"max-video-preview:-1"},"canonical":"https:\/\/diariodalagoa.pt\/fr\/povoacao-prepara-se-para-a-segunda-edicao-do-kids-festival\/","og_locale":"fr_FR","og_type":"article","og_title":"Povoa\u00e7\u00e3o prepara-se para a segunda edi\u00e7\u00e3o do Kids Festival - Di\u00e1rio da Lagoa","og_description":"Evento \u00e9 de entrada livre e acontece de 19 a 20 de julho, sendo totalmente dedicado \u00e0s crian\u00e7as, jovens e suas fam\u00edlias.","og_url":"https:\/\/diariodalagoa.pt\/fr\/povoacao-prepara-se-para-a-segunda-edicao-do-kids-festival\/","og_site_name":"Di\u00e1rio da Lagoa","article_published_time":"2025-07-10T09:21:03+00:00","article_modified_time":"2025-07-10T09:23:12+00:00","og_image":[{"width":960,"height":720,"url":"https:\/\/diariodalagoa.pt\/wp-content\/uploads\/2025\/07\/kids-festival-na-povacao-cmp.jpg","type":"image\/jpeg"}],"author":"Di\u00e1rio da Lagoa","twitter_card":"summary_large_image","twitter_misc":{"\u00c9crit par":"Di\u00e1rio da Lagoa","Dur\u00e9e de lecture estim\u00e9e":"2 minutes"},"schema":{"@context":"https:\/\/schema.org","@graph":[{"@type":"WebPage","@id":"https:\/\/diariodalagoa.pt\/povoacao-prepara-se-para-a-segunda-edicao-do-kids-festival\/","url":"https:\/\/diariodalagoa.pt\/povoacao-prepara-se-para-a-segunda-edicao-do-kids-festival\/","name":"Povoa\u00e7\u00e3o prepara-se para a segunda edi\u00e7\u00e3o do Kids Festival - Di\u00e1rio da Lagoa","isPartOf":{"@id":"https:\/\/diariodalagoa.pt\/#website"},"datePublished":"2025-07-10T09:21:03+00:00","dateModified":"2025-07-10T09:23:12+00:00","author":{"@id":"https:\/\/diariodalagoa.pt\/#\/schema\/person\/1615a002370e8857b6f972834bc43ece"},"description":"Evento \u00e9 de entrada livre e acontece de 19 a 20 de julho, sendo totalmente dedicado \u00e0s crian\u00e7as, jovens e suas fam\u00edlias.","breadcrumb":{"@id":"https:\/\/diariodalagoa.pt\/povoacao-prepara-se-para-a-segunda-edicao-do-kids-festival\/#breadcrumb"},"inLanguage":"fr-FR","potentialAction":[{"@type":"ReadAction","target":["https:\/\/diariodalagoa.pt\/povoacao-prepara-se-para-a-segunda-edicao-do-kids-festival\/"]}]},{"@type":"BreadcrumbList","@id":"https:\/\/diariodalagoa.pt\/povoacao-prepara-se-para-a-segunda-edicao-do-kids-festival\/#breadcrumb","itemListElement":[{"@type":"ListItem","position":1,"name":"In\u00edcio","item":"https:\/\/diariodalagoa.pt\/"},{"@type":"ListItem","position":2,"name":"Povoa\u00e7\u00e3o prepara-se para a segunda edi\u00e7\u00e3o do Kids Festival"}]},{"@type":"WebSite","@id":"https:\/\/diariodalagoa.pt\/#website","url":"https:\/\/diariodalagoa.pt\/","name":"Di\u00e1rio da Lagoa","description":"Di\u00e1rio da Lagoa. As not\u00edcias que contam. A partir da Lagoa, nos A\u00e7ores, para o mundo.","potentialAction":[{"@type":"SearchAction","target":{"@type":"EntryPoint","urlTemplate":"https:\/\/diariodalagoa.pt\/?s={search_term_string}"},"query-input":"required name=search_term_string"}],"inLanguage":"fr-FR"},{"@type":"Person","@id":"https:\/\/diariodalagoa.pt\/#\/schema\/person\/1615a002370e8857b6f972834bc43ece","name":"Di\u00e1rio da Lagoa","image":{"@type":"ImageObject","inLanguage":"fr-FR","@id":"https:\/\/diariodalagoa.pt\/#\/schema\/person\/image\/","url":"https:\/\/secure.gravatar.com\/avatar\/2cb5cef90a26f8fbd4d9d930608102c5?s=96&d=mm&r=g","contentUrl":"https:\/\/secure.gravatar.com\/avatar\/2cb5cef90a26f8fbd4d9d930608102c5?s=96&d=mm&r=g","caption":"Di\u00e1rio da Lagoa"},"url":"https:\/\/diariodalagoa.pt\/fr\/author\/diariodalagoa\/"}]}},"_links":{"self":[{"href":"https:\/\/diariodalagoa.pt\/fr\/wp-json\/wp\/v2\/posts\/157564"}],"collection":[{"href":"https:\/\/diariodalagoa.pt\/fr\/wp-json\/wp\/v2\/posts"}],"about":[{"href":"https:\/\/diariodalagoa.pt\/fr\/wp-json\/wp\/v2\/types\/post"}],"author":[{"embeddable":true,"href":"https:\/\/diariodalagoa.pt\/fr\/wp-json\/wp\/v2\/users\/2"}],"replies":[{"embeddable":true,"href":"https:\/\/diariodalagoa.pt\/fr\/wp-json\/wp\/v2\/comments?post=157564"}],"version-history":[{"count":5,"href":"https:\/\/diariodalagoa.pt\/fr\/wp-json\/wp\/v2\/posts\/157564\/revisions"}],"predecessor-version":[{"id":157570,"href":"https:\/\/diariodalagoa.pt\/fr\/wp-json\/wp\/v2\/posts\/157564\/revisions\/157570"}],"wp:featuredmedia":[{"embeddable":true,"href":"https:\/\/diariodalagoa.pt\/fr\/wp-json\/wp\/v2\/media\/157565"}],"wp:attachment":[{"href":"https:\/\/diariodalagoa.pt\/fr\/wp-json\/wp\/v2\/media?parent=157564"}],"wp:term":[{"taxonomy":"category","embeddable":true,"href":"https:\/\/diariodalagoa.pt\/fr\/wp-json\/wp\/v2\/categories?post=157564"},{"taxonomy":"post_tag","embeddable":true,"href":"https:\/\/diariodalagoa.pt\/fr\/wp-json\/wp\/v2\/tags?post=157564"}],"curies":[{"name":"wp","href":"https:\/\/api.w.org\/{rel}","templated":true}]}}