{"id":157378,"date":"2025-06-30T12:24:36","date_gmt":"2025-06-30T12:24:36","guid":{"rendered":"https:\/\/diariodalagoa.pt\/?p=157378"},"modified":"2025-06-30T12:28:41","modified_gmt":"2025-06-30T12:28:41","slug":"deixem-os-tomates-em-paz","status":"publish","type":"post","link":"https:\/\/diariodalagoa.pt\/fr\/deixem-os-tomates-em-paz\/","title":{"rendered":"Deixem os tomates em paz"},"content":{"rendered":"<div class=\"wp-block-image is-style-rounded\">\n<figure class=\"aligncenter size-large is-resized\"><img decoding=\"async\" src=\"https:\/\/diariodalagoa.pt\/wp-content\/uploads\/2024\/08\/carlos-caetano-martins-1024x961.jpg\" alt=\"\" class=\"wp-image-140073\" width=\"378\" height=\"355\" srcset=\"https:\/\/diariodalagoa.pt\/wp-content\/uploads\/2024\/08\/carlos-caetano-martins-1024x961.jpg 1024w, https:\/\/diariodalagoa.pt\/wp-content\/uploads\/2024\/08\/carlos-caetano-martins-300x282.jpg 300w, https:\/\/diariodalagoa.pt\/wp-content\/uploads\/2024\/08\/carlos-caetano-martins-768x721.jpg 768w, https:\/\/diariodalagoa.pt\/wp-content\/uploads\/2024\/08\/carlos-caetano-martins-1536x1442.jpg 1536w, https:\/\/diariodalagoa.pt\/wp-content\/uploads\/2024\/08\/carlos-caetano-martins-2048x1922.jpg 2048w, https:\/\/diariodalagoa.pt\/wp-content\/uploads\/2024\/08\/carlos-caetano-martins-13x12.jpg 13w\" sizes=\"(max-width: 378px) 100vw, 378px\" \/><\/figure><\/div>\n\n\n<div style=\"height:25px\" aria-hidden=\"true\" class=\"wp-block-spacer\"><\/div>\n\n\n<p style=\"text-align: center;\"><strong>Carlos Caetano Martins<\/strong><br \/>Dirigente Iniciativa Liberal \u2013 A\u00e7ores<\/p>\n\n\n<div style=\"height:25px\" aria-hidden=\"true\" class=\"wp-block-spacer\"><\/div>\n\n\n<p style=\"text-align: left;\" align=\"JUSTIFY\">Numa ida recente ao mercado, vivi um momento digno de um filme noir hort\u00edcola. Ao pedir um saco para levar tomates, o feirante, em tom conspirativo, puxou discretamente de um rolo escondido e sussurrou: \u201cLeve este de pl\u00e1stico&#8230; o de papel rasga com o peso\u201d. Por um segundo, senti que estava a cometer um crime ambiental \u2014 o tr\u00e1fico do saco proibido.<\/p>\n<p style=\"text-align: left;\" align=\"JUSTIFY\">A cena, que faria corar qualquer fiscal da ASAE, diz muito sobre o absurdo a que cheg\u00e1mos. N\u00e3o \u00e9 que eu seja contra proteger o planeta \u2014 antes pelo contr\u00e1rio. Mas h\u00e1 limites para o nonsense disfar\u00e7ado de virtude ecol\u00f3gica.<\/p>\n<p style=\"text-align: left;\" align=\"JUSTIFY\">Na mesma banca onde o saco de pl\u00e1stico \u00e9 proibido, encontrei morangos e mirtilos em embalagens pl\u00e1sticas, mangas enroladas em rede de espuma, metade de melancias cobertas com pelicula aderente, batatas em rede sint\u00e9tica e at\u00e9 caldo verde j\u00e1 embalado em pl\u00e1stico opaco. Quer isto dizer que, para o legislador, o problema s\u00e3o os sacos. Os pl\u00e1sticos, todos os outros aparentemente, vivem numa esp\u00e9cie de zona franca ambiental.<\/p>\n<p style=\"text-align: left;\" align=\"JUSTIFY\">Nos hipermercados, a incoer\u00eancia ganha escala industrial: carne em esferovite, peixe em saco pl\u00e1stico, iogurtes em embalagem dupla, frutas importadas com mais prote\u00e7\u00e3o que porcelana chinesa. Mas o vil\u00e3o da hist\u00f3ria continua a ser o saco leve e inofensivo para a cenoura.<\/p>\n<p style=\"text-align: left;\" align=\"JUSTIFY\">E tudo isto gra\u00e7as ao <strong>Decreto Legislativo Regional n.\u00ba 5\/2022\/A<\/strong>, que pro\u00edbe sacos pl\u00e1sticos de utiliza\u00e7\u00e3o \u00fanica no com\u00e9rcio a granel \u2014 exceto para carne e peixe. Portanto, saco para peixe cru e escorregadio? Tudo bem. Mas para umas courgettes lavadas, isso \u00e9 um atentado ecol\u00f3gico. Uma l\u00f3gica t\u00e3o cristalina quanto a \u00e1gua engarrafada em pl\u00e1stico que compramos sem qualquer culpa.<\/p>\n<p style=\"text-align: left;\" align=\"JUSTIFY\">Claro que reconhe\u00e7o a inten\u00e7\u00e3o da lei \u2014 reduzir o desperd\u00edcio e promover a reutiliza\u00e7\u00e3o. E claro que precisamos de agir. Mas tamb\u00e9m precisamos de pensar. Porque substituir sacos pl\u00e1sticos reutiliz\u00e1veis por sacos de papel que se desfazem ao primeiro contacto com a humidade n\u00e3o \u00e9 exatamente um salto civilizacional. \u00c9 mais uma cambalhota legislativa.<\/p>\n<p style=\"text-align: left;\" align=\"JUSTIFY\">Depois admiram-se que as pessoas fiquem c\u00e9ticas, que brinquem com as regras, ou que olhem para as pol\u00edticas ambientais como imposi\u00e7\u00f5es desconectadas da realidade. Se queremos que a sustentabilidade seja levada a s\u00e9rio, \u00e9 preciso que ela tamb\u00e9m o seja. Que se baseie em dados, coer\u00eancia e solu\u00e7\u00f5es pr\u00e1ticas \u2014 e n\u00e3o num festival de proibi\u00e7\u00f5es arbitr\u00e1rias que fazem do saco de pl\u00e1stico o bode expiat\u00f3rio de todo o colapso ambiental.<\/p>\n<p style=\"text-align: left;\" align=\"JUSTIFY\">Porque, convenhamos, o planeta merece mais do que um combate simb\u00f3lico contra o saco dos tomates. E n\u00f3s tamb\u00e9m.<\/p>","protected":false},"excerpt":{"rendered":"<p>\u00ab(&#8230;) carne em esferovite, peixe em saco pl\u00e1stico, iogurtes em embalagem dupla, frutas importadas com mais prote\u00e7\u00e3o que porcelana chinesa. Mas o vil\u00e3o da hist\u00f3ria continua a ser o saco leve e inofensivo para a cenoura.\u00bb<\/p>","protected":false},"author":2,"featured_media":140073,"comment_status":"open","ping_status":"closed","sticky":false,"template":"","format":"standard","meta":[],"categories":[11],"tags":[114,2207,3112,3113,3114],"acf":[],"yoast_head":"<!-- This site is optimized with the Yoast SEO plugin v20.10 - https:\/\/yoast.com\/wordpress\/plugins\/seo\/ -->\n<title>Deixem os tomates em paz - Di\u00e1rio da Lagoa<\/title>\n<meta name=\"description\" content=\"\u00ab(...) carne em esferovite, peixe em saco pl\u00e1stico, iogurtes em embalagem dupla, frutas importadas com mais prote\u00e7\u00e3o que porcelana chinesa. Mas o vil\u00e3o da hist\u00f3ria continua a ser o saco leve e inofensivo para a cenoura.\u00bb\" \/>\n<meta name=\"robots\" content=\"index, follow, max-snippet:-1, max-image-preview:large, max-video-preview:-1\" \/>\n<link rel=\"canonical\" href=\"https:\/\/diariodalagoa.pt\/fr\/deixem-os-tomates-em-paz\/\" \/>\n<meta property=\"og:locale\" content=\"fr_FR\" \/>\n<meta property=\"og:type\" content=\"article\" \/>\n<meta property=\"og:title\" content=\"Deixem os tomates em paz - Di\u00e1rio da Lagoa\" \/>\n<meta property=\"og:description\" content=\"\u00ab(...) carne em esferovite, peixe em saco pl\u00e1stico, iogurtes em embalagem dupla, frutas importadas com mais prote\u00e7\u00e3o que porcelana chinesa. Mas o vil\u00e3o da hist\u00f3ria continua a ser o saco leve e inofensivo para a cenoura.\u00bb\" \/>\n<meta property=\"og:url\" content=\"https:\/\/diariodalagoa.pt\/fr\/deixem-os-tomates-em-paz\/\" \/>\n<meta property=\"og:site_name\" content=\"Di\u00e1rio da Lagoa\" \/>\n<meta property=\"article:published_time\" content=\"2025-06-30T12:24:36+00:00\" \/>\n<meta property=\"article:modified_time\" content=\"2025-06-30T12:28:41+00:00\" \/>\n<meta property=\"og:image\" content=\"https:\/\/diariodalagoa.pt\/wp-content\/uploads\/2024\/08\/carlos-caetano-martins-scaled.jpg\" \/>\n\t<meta property=\"og:image:width\" content=\"2560\" \/>\n\t<meta property=\"og:image:height\" content=\"2403\" \/>\n\t<meta property=\"og:image:type\" content=\"image\/jpeg\" \/>\n<meta name=\"author\" content=\"Di\u00e1rio da Lagoa\" \/>\n<meta name=\"twitter:card\" content=\"summary_large_image\" \/>\n<meta name=\"twitter:label1\" content=\"\u00c9crit par\" \/>\n\t<meta name=\"twitter:data1\" content=\"Di\u00e1rio da Lagoa\" \/>\n\t<meta name=\"twitter:label2\" content=\"Dur\u00e9e de lecture estim\u00e9e\" \/>\n\t<meta name=\"twitter:data2\" content=\"3 minutes\" \/>\n<script type=\"application\/ld+json\" class=\"yoast-schema-graph\">{\"@context\":\"https:\/\/schema.org\",\"@graph\":[{\"@type\":\"WebPage\",\"@id\":\"https:\/\/diariodalagoa.pt\/deixem-os-tomates-em-paz\/\",\"url\":\"https:\/\/diariodalagoa.pt\/deixem-os-tomates-em-paz\/\",\"name\":\"Deixem os tomates em paz - Di\u00e1rio da Lagoa\",\"isPartOf\":{\"@id\":\"https:\/\/diariodalagoa.pt\/#website\"},\"datePublished\":\"2025-06-30T12:24:36+00:00\",\"dateModified\":\"2025-06-30T12:28:41+00:00\",\"author\":{\"@id\":\"https:\/\/diariodalagoa.pt\/#\/schema\/person\/1615a002370e8857b6f972834bc43ece\"},\"description\":\"\u00ab(...) carne em esferovite, peixe em saco pl\u00e1stico, iogurtes em embalagem dupla, frutas importadas com mais prote\u00e7\u00e3o que porcelana chinesa. Mas o vil\u00e3o da hist\u00f3ria continua a ser o saco leve e inofensivo para a cenoura.\u00bb\",\"breadcrumb\":{\"@id\":\"https:\/\/diariodalagoa.pt\/deixem-os-tomates-em-paz\/#breadcrumb\"},\"inLanguage\":\"fr-FR\",\"potentialAction\":[{\"@type\":\"ReadAction\",\"target\":[\"https:\/\/diariodalagoa.pt\/deixem-os-tomates-em-paz\/\"]}]},{\"@type\":\"BreadcrumbList\",\"@id\":\"https:\/\/diariodalagoa.pt\/deixem-os-tomates-em-paz\/#breadcrumb\",\"itemListElement\":[{\"@type\":\"ListItem\",\"position\":1,\"name\":\"In\u00edcio\",\"item\":\"https:\/\/diariodalagoa.pt\/\"},{\"@type\":\"ListItem\",\"position\":2,\"name\":\"Deixem os tomates em paz\"}]},{\"@type\":\"WebSite\",\"@id\":\"https:\/\/diariodalagoa.pt\/#website\",\"url\":\"https:\/\/diariodalagoa.pt\/\",\"name\":\"Di\u00e1rio da Lagoa\",\"description\":\"Di\u00e1rio da Lagoa. As not\u00edcias que contam. A partir da Lagoa, nos A\u00e7ores, para o mundo.\",\"potentialAction\":[{\"@type\":\"SearchAction\",\"target\":{\"@type\":\"EntryPoint\",\"urlTemplate\":\"https:\/\/diariodalagoa.pt\/?s={search_term_string}\"},\"query-input\":\"required name=search_term_string\"}],\"inLanguage\":\"fr-FR\"},{\"@type\":\"Person\",\"@id\":\"https:\/\/diariodalagoa.pt\/#\/schema\/person\/1615a002370e8857b6f972834bc43ece\",\"name\":\"Di\u00e1rio da Lagoa\",\"image\":{\"@type\":\"ImageObject\",\"inLanguage\":\"fr-FR\",\"@id\":\"https:\/\/diariodalagoa.pt\/#\/schema\/person\/image\/\",\"url\":\"https:\/\/secure.gravatar.com\/avatar\/2cb5cef90a26f8fbd4d9d930608102c5?s=96&d=mm&r=g\",\"contentUrl\":\"https:\/\/secure.gravatar.com\/avatar\/2cb5cef90a26f8fbd4d9d930608102c5?s=96&d=mm&r=g\",\"caption\":\"Di\u00e1rio da Lagoa\"},\"url\":\"https:\/\/diariodalagoa.pt\/fr\/author\/diariodalagoa\/\"}]}<\/script>\n<!-- \/ Yoast SEO plugin. -->","yoast_head_json":{"title":"Deixem os tomates em paz - Di\u00e1rio da Lagoa","description":"\u00ab(...) carne em esferovite, peixe em saco pl\u00e1stico, iogurtes em embalagem dupla, frutas importadas com mais prote\u00e7\u00e3o que porcelana chinesa. Mas o vil\u00e3o da hist\u00f3ria continua a ser o saco leve e inofensivo para a cenoura.\u00bb","robots":{"index":"index","follow":"follow","max-snippet":"max-snippet:-1","max-image-preview":"max-image-preview:large","max-video-preview":"max-video-preview:-1"},"canonical":"https:\/\/diariodalagoa.pt\/fr\/deixem-os-tomates-em-paz\/","og_locale":"fr_FR","og_type":"article","og_title":"Deixem os tomates em paz - Di\u00e1rio da Lagoa","og_description":"\u00ab(...) carne em esferovite, peixe em saco pl\u00e1stico, iogurtes em embalagem dupla, frutas importadas com mais prote\u00e7\u00e3o que porcelana chinesa. Mas o vil\u00e3o da hist\u00f3ria continua a ser o saco leve e inofensivo para a cenoura.\u00bb","og_url":"https:\/\/diariodalagoa.pt\/fr\/deixem-os-tomates-em-paz\/","og_site_name":"Di\u00e1rio da Lagoa","article_published_time":"2025-06-30T12:24:36+00:00","article_modified_time":"2025-06-30T12:28:41+00:00","og_image":[{"width":2560,"height":2403,"url":"https:\/\/diariodalagoa.pt\/wp-content\/uploads\/2024\/08\/carlos-caetano-martins-scaled.jpg","type":"image\/jpeg"}],"author":"Di\u00e1rio da Lagoa","twitter_card":"summary_large_image","twitter_misc":{"\u00c9crit par":"Di\u00e1rio da Lagoa","Dur\u00e9e de lecture estim\u00e9e":"3 minutes"},"schema":{"@context":"https:\/\/schema.org","@graph":[{"@type":"WebPage","@id":"https:\/\/diariodalagoa.pt\/deixem-os-tomates-em-paz\/","url":"https:\/\/diariodalagoa.pt\/deixem-os-tomates-em-paz\/","name":"Deixem os tomates em paz - Di\u00e1rio da Lagoa","isPartOf":{"@id":"https:\/\/diariodalagoa.pt\/#website"},"datePublished":"2025-06-30T12:24:36+00:00","dateModified":"2025-06-30T12:28:41+00:00","author":{"@id":"https:\/\/diariodalagoa.pt\/#\/schema\/person\/1615a002370e8857b6f972834bc43ece"},"description":"\u00ab(...) carne em esferovite, peixe em saco pl\u00e1stico, iogurtes em embalagem dupla, frutas importadas com mais prote\u00e7\u00e3o que porcelana chinesa. Mas o vil\u00e3o da hist\u00f3ria continua a ser o saco leve e inofensivo para a cenoura.\u00bb","breadcrumb":{"@id":"https:\/\/diariodalagoa.pt\/deixem-os-tomates-em-paz\/#breadcrumb"},"inLanguage":"fr-FR","potentialAction":[{"@type":"ReadAction","target":["https:\/\/diariodalagoa.pt\/deixem-os-tomates-em-paz\/"]}]},{"@type":"BreadcrumbList","@id":"https:\/\/diariodalagoa.pt\/deixem-os-tomates-em-paz\/#breadcrumb","itemListElement":[{"@type":"ListItem","position":1,"name":"In\u00edcio","item":"https:\/\/diariodalagoa.pt\/"},{"@type":"ListItem","position":2,"name":"Deixem os tomates em paz"}]},{"@type":"WebSite","@id":"https:\/\/diariodalagoa.pt\/#website","url":"https:\/\/diariodalagoa.pt\/","name":"Di\u00e1rio da Lagoa","description":"Di\u00e1rio da Lagoa. As not\u00edcias que contam. A partir da Lagoa, nos A\u00e7ores, para o mundo.","potentialAction":[{"@type":"SearchAction","target":{"@type":"EntryPoint","urlTemplate":"https:\/\/diariodalagoa.pt\/?s={search_term_string}"},"query-input":"required name=search_term_string"}],"inLanguage":"fr-FR"},{"@type":"Person","@id":"https:\/\/diariodalagoa.pt\/#\/schema\/person\/1615a002370e8857b6f972834bc43ece","name":"Di\u00e1rio da Lagoa","image":{"@type":"ImageObject","inLanguage":"fr-FR","@id":"https:\/\/diariodalagoa.pt\/#\/schema\/person\/image\/","url":"https:\/\/secure.gravatar.com\/avatar\/2cb5cef90a26f8fbd4d9d930608102c5?s=96&d=mm&r=g","contentUrl":"https:\/\/secure.gravatar.com\/avatar\/2cb5cef90a26f8fbd4d9d930608102c5?s=96&d=mm&r=g","caption":"Di\u00e1rio da Lagoa"},"url":"https:\/\/diariodalagoa.pt\/fr\/author\/diariodalagoa\/"}]}},"_links":{"self":[{"href":"https:\/\/diariodalagoa.pt\/fr\/wp-json\/wp\/v2\/posts\/157378"}],"collection":[{"href":"https:\/\/diariodalagoa.pt\/fr\/wp-json\/wp\/v2\/posts"}],"about":[{"href":"https:\/\/diariodalagoa.pt\/fr\/wp-json\/wp\/v2\/types\/post"}],"author":[{"embeddable":true,"href":"https:\/\/diariodalagoa.pt\/fr\/wp-json\/wp\/v2\/users\/2"}],"replies":[{"embeddable":true,"href":"https:\/\/diariodalagoa.pt\/fr\/wp-json\/wp\/v2\/comments?post=157378"}],"version-history":[{"count":4,"href":"https:\/\/diariodalagoa.pt\/fr\/wp-json\/wp\/v2\/posts\/157378\/revisions"}],"predecessor-version":[{"id":157383,"href":"https:\/\/diariodalagoa.pt\/fr\/wp-json\/wp\/v2\/posts\/157378\/revisions\/157383"}],"wp:featuredmedia":[{"embeddable":true,"href":"https:\/\/diariodalagoa.pt\/fr\/wp-json\/wp\/v2\/media\/140073"}],"wp:attachment":[{"href":"https:\/\/diariodalagoa.pt\/fr\/wp-json\/wp\/v2\/media?parent=157378"}],"wp:term":[{"taxonomy":"category","embeddable":true,"href":"https:\/\/diariodalagoa.pt\/fr\/wp-json\/wp\/v2\/categories?post=157378"},{"taxonomy":"post_tag","embeddable":true,"href":"https:\/\/diariodalagoa.pt\/fr\/wp-json\/wp\/v2\/tags?post=157378"}],"curies":[{"name":"wp","href":"https:\/\/api.w.org\/{rel}","templated":true}]}}