{"id":152054,"date":"2025-05-13T14:05:16","date_gmt":"2025-05-13T14:05:16","guid":{"rendered":"https:\/\/diariodalagoa.pt\/?p=152054"},"modified":"2025-05-14T16:27:58","modified_gmt":"2025-05-14T16:27:58","slug":"valorizacao","status":"publish","type":"post","link":"https:\/\/diariodalagoa.pt\/fr\/valorizacao\/","title":{"rendered":"Valoriza\u00e7\u00e3o"},"content":{"rendered":"<div class=\"wp-block-image is-style-rounded\">\n<figure class=\"aligncenter size-full is-resized\"><img decoding=\"async\" src=\"https:\/\/diariodalagoa.pt\/wp-content\/uploads\/2024\/06\/alexandre-pascoal-perfil-eduardo-resendes.jpg\" alt=\"\" class=\"wp-image-134731\" width=\"385\" height=\"385\" srcset=\"https:\/\/diariodalagoa.pt\/wp-content\/uploads\/2024\/06\/alexandre-pascoal-perfil-eduardo-resendes.jpg 327w, https:\/\/diariodalagoa.pt\/wp-content\/uploads\/2024\/06\/alexandre-pascoal-perfil-eduardo-resendes-300x300.jpg 300w, https:\/\/diariodalagoa.pt\/wp-content\/uploads\/2024\/06\/alexandre-pascoal-perfil-eduardo-resendes-150x150.jpg 150w, https:\/\/diariodalagoa.pt\/wp-content\/uploads\/2024\/06\/alexandre-pascoal-perfil-eduardo-resendes-12x12.jpg 12w\" sizes=\"(max-width: 385px) 100vw, 385px\" \/><\/figure><\/div>\n\n\n<div style=\"height:25px\" aria-hidden=\"true\" class=\"wp-block-spacer\"><\/div>\n\n\n<p style=\"text-align: center;\"><strong>Alexandre Pascoal<\/strong><br>Gestor Cultural<\/p>\n\n\n<div style=\"height:25px\" aria-hidden=\"true\" class=\"wp-block-spacer\"><\/div>\n\n\n\n<p>Ap\u00f3s anos de \u201cchumbo\u201d (e \u201cencostados \u00e0 parede\u201d), os governos (da rep\u00fablica) liderados pelo Partido Socialista (PS), entre 2015 e 2023, deram \u00e0 Cultura a centralidade que ela merece, um assento \u00e0 mesa do conselho de ministros e a implementa\u00e7\u00e3o de uma estrat\u00e9gia de refor\u00e7o or\u00e7amental (gradual e continuado).<\/p>\n\n\n\n<p>A Dire\u00e7\u00e3o-Geral das Artes (DGARTES), um dos principais organismos do Minist\u00e9rio da Cultura (MC), teve (e tem tido) um papel fundamental na implementa\u00e7\u00e3o de pol\u00edticas p\u00fablicas que visam responder \u00e0s naturais expectativas de profissionais e das estruturas do sector das artes em todo o territ\u00f3rio nacional.<\/p>\n\n\n\n<p>Contudo, pela primeira vez, em oito anos de concursos, a Declara\u00e7\u00e3o Anual 2025 da DGARTES, na qual s\u00e3o publicitados os concursos a abrir, contrariou a tend\u00eancia de crescimento das dota\u00e7\u00f5es alocadas a cada modalidade de apoio.<\/p>\n\n\n\n<p>O valor do programa de Apoio a Projetos (concursos para Artes Visuais, Cria\u00e7\u00e3o e Edi\u00e7\u00e3o, Internacionaliza\u00e7\u00e3o, M\u00fasica e \u00d3pera, Programa\u00e7\u00e3o e Procedimento Simplificado) foi o mesmo de 2024 (ainda aprovado pelo PS), outros programas de apoio foram revistos em baixa (Apoio Complementar Europa Criativa) e os concursos &#8211; Arte e Coes\u00e3o Territorial (destinado aos territ\u00f3rios de baixa densidade cultural) e o Arte pela Democracia (uma parceria entre a DGARTES e a Estrutura de Miss\u00e3o para as Comemora\u00e7\u00f5es do 50.\u00ba anivers\u00e1rio da Revolu\u00e7\u00e3o de 25 de Abril de 1974), foram, simplesmente, obliterados.<\/p>\n\n\n\n<p>Estamos longe da promessa de aumentar em 50% o or\u00e7amento do Minist\u00e9rio da Cultura (MC), e estes 11 meses de (des)governa\u00e7\u00e3o, demonstraram o seu contr\u00e1rio, nos quais (n\u00e3o) fomos surpreendidos pelo rol de decis\u00f5es persecut\u00f3rias, medidas in\u00f3cuas e op\u00e7\u00f5es err\u00e1ticas. Exemplo(s) flagrantes da falta de estrat\u00e9gia e do profundo desconhecimento da diversidade (e complexidade) das estruturas tuteladas (pelo MC) e do tecido art\u00edstico portugu\u00eas.<\/p>\n\n\n\n<p>As enormes assimetrias territoriais implicam a necessidade imperiosa de continuar a investir em pol\u00edticas de coes\u00e3o territorial, da\u00ed os incentivos \u00e0 Rede de Teatros e Cineteatros Portugueses (RTCP) e \u00e0 Rede Portuguesa de Arte Contempor\u00e2nea (RPAC), instrumentos fundamentais para prosseguir a miss\u00e3o de fomentar (e descentralizar) o acesso \u00e0s artes, mas cujo novo ciclo de concursos \u00e0 programa\u00e7\u00e3o n\u00e3o acompanha a infla\u00e7\u00e3o, nem a din\u00e2mica crescente. O que na pr\u00e1tica \u00e9 mais uma evid\u00eancia do retrocesso anunciado.<\/p>\n\n\n\n<p>A campanha eleitoral termina na pr\u00f3xima sexta-feira e, infelizmente, a Cultura \u00e9 sistematicamente ignorada no roteiro eleitoral. No entanto, honra seja feita \u00e0 esquerda, em particular, ao Partido Socialista, que tem chamado \u00e0 aten\u00e7\u00e3o para a import\u00e2ncia dos apoios nacionais na sedimenta\u00e7\u00e3o da actividade art\u00edstica nos A\u00e7ores e como isto tem contribu\u00eddo (ou poder\u00e1 estimular) \u00e0 fixa\u00e7\u00e3o, profissionaliza\u00e7\u00e3o e valoriza\u00e7\u00e3o de recursos humanos especializados.<\/p>\n\n\n\n<p>Para melhor atendermos \u00e0 dimens\u00e3o alcan\u00e7ada, o montante anual de apoios da DGARTES injectado no arquip\u00e9lago \u00e9 (hoje) superior a 1.5 milh\u00f5es de euros. E esta possibilidade s\u00f3 foi tornada poss\u00edvel com um governo do Partido Socialista, o qual, desde 2018, viabilizou o acesso aos artistas e institui\u00e7\u00f5es regionais \u00e0s linhas de financiamento nacional (e \u00e9, actualmente, o garante de parte substantiva da cria\u00e7\u00e3o art\u00edstica na regi\u00e3o, do funcionamento de v\u00e1rias estruturas e da seguran\u00e7a laboral dos seus profissionais).<\/p>\n\n\n\n<p>Perante o \u201cfosso \u00e9tico\u201d para o qual o primeiro-ministro arrastou o governo e o pa\u00eds, a 18 maio, a nossa op\u00e7\u00e3o de futuro recai, inexoravelmente, por um caminho que n\u00e3o se constitua como uma desvaloriza\u00e7\u00e3o, um entrave ou, at\u00e9 mesmo, uma estagna\u00e7\u00e3o (por tudo aquilo que tem sido arduamente conquistado).<\/p>","protected":false},"excerpt":{"rendered":"<p>Na opini\u00e3o do cronista Alexandre Pascoal, as &#8220;enormes assimetrias territoriais implicam a necessidade imperiosa de continuar a investir em pol\u00edticas de coes\u00e3o territorial&#8221;.<\/p>","protected":false},"author":2,"featured_media":109864,"comment_status":"open","ping_status":"closed","sticky":false,"template":"","format":"standard","meta":[],"categories":[11],"tags":[114,115,203,2879],"acf":[],"yoast_head":"<!-- This site is optimized with the Yoast SEO plugin v20.10 - https:\/\/yoast.com\/wordpress\/plugins\/seo\/ -->\n<title>Valoriza\u00e7\u00e3o - Di\u00e1rio da Lagoa<\/title>\n<meta name=\"description\" content=\"Na opini\u00e3o do cronista Alexandre Pascoal, as &quot;enormes assimetrias territoriais implicam a necessidade imperiosa de continuar a investir em pol\u00edticas de coes\u00e3o territorial&quot;.\" \/>\n<meta name=\"robots\" content=\"index, follow, max-snippet:-1, max-image-preview:large, max-video-preview:-1\" \/>\n<link rel=\"canonical\" href=\"https:\/\/diariodalagoa.pt\/fr\/valorizacao\/\" \/>\n<meta property=\"og:locale\" content=\"fr_FR\" \/>\n<meta property=\"og:type\" content=\"article\" \/>\n<meta property=\"og:title\" content=\"Valoriza\u00e7\u00e3o - Di\u00e1rio da Lagoa\" \/>\n<meta property=\"og:description\" content=\"Na opini\u00e3o do cronista Alexandre Pascoal, as &quot;enormes assimetrias territoriais implicam a necessidade imperiosa de continuar a investir em pol\u00edticas de coes\u00e3o territorial&quot;.\" \/>\n<meta property=\"og:url\" content=\"https:\/\/diariodalagoa.pt\/fr\/valorizacao\/\" \/>\n<meta property=\"og:site_name\" content=\"Di\u00e1rio da Lagoa\" \/>\n<meta property=\"article:published_time\" content=\"2025-05-13T14:05:16+00:00\" \/>\n<meta property=\"article:modified_time\" content=\"2025-05-14T16:27:58+00:00\" \/>\n<meta property=\"og:image\" content=\"https:\/\/diariodalagoa.pt\/wp-content\/uploads\/2022\/07\/alexandre-pascoal-perfil-eduardo-resendes.jpg\" \/>\n\t<meta property=\"og:image:width\" content=\"466\" \/>\n\t<meta property=\"og:image:height\" content=\"405\" \/>\n\t<meta property=\"og:image:type\" content=\"image\/jpeg\" \/>\n<meta name=\"author\" content=\"Di\u00e1rio da Lagoa\" \/>\n<meta name=\"twitter:card\" content=\"summary_large_image\" \/>\n<meta name=\"twitter:label1\" content=\"\u00c9crit par\" \/>\n\t<meta name=\"twitter:data1\" content=\"Di\u00e1rio da Lagoa\" \/>\n\t<meta name=\"twitter:label2\" content=\"Dur\u00e9e de lecture estim\u00e9e\" \/>\n\t<meta name=\"twitter:data2\" content=\"4 minutes\" \/>\n<script type=\"application\/ld+json\" class=\"yoast-schema-graph\">{\"@context\":\"https:\/\/schema.org\",\"@graph\":[{\"@type\":\"WebPage\",\"@id\":\"https:\/\/diariodalagoa.pt\/valorizacao\/\",\"url\":\"https:\/\/diariodalagoa.pt\/valorizacao\/\",\"name\":\"Valoriza\u00e7\u00e3o - Di\u00e1rio da Lagoa\",\"isPartOf\":{\"@id\":\"https:\/\/diariodalagoa.pt\/#website\"},\"datePublished\":\"2025-05-13T14:05:16+00:00\",\"dateModified\":\"2025-05-14T16:27:58+00:00\",\"author\":{\"@id\":\"https:\/\/diariodalagoa.pt\/#\/schema\/person\/1615a002370e8857b6f972834bc43ece\"},\"description\":\"Na opini\u00e3o do cronista Alexandre Pascoal, as \\\"enormes assimetrias territoriais implicam a necessidade imperiosa de continuar a investir em pol\u00edticas de coes\u00e3o territorial\\\".\",\"breadcrumb\":{\"@id\":\"https:\/\/diariodalagoa.pt\/valorizacao\/#breadcrumb\"},\"inLanguage\":\"fr-FR\",\"potentialAction\":[{\"@type\":\"ReadAction\",\"target\":[\"https:\/\/diariodalagoa.pt\/valorizacao\/\"]}]},{\"@type\":\"BreadcrumbList\",\"@id\":\"https:\/\/diariodalagoa.pt\/valorizacao\/#breadcrumb\",\"itemListElement\":[{\"@type\":\"ListItem\",\"position\":1,\"name\":\"In\u00edcio\",\"item\":\"https:\/\/diariodalagoa.pt\/\"},{\"@type\":\"ListItem\",\"position\":2,\"name\":\"Valoriza\u00e7\u00e3o\"}]},{\"@type\":\"WebSite\",\"@id\":\"https:\/\/diariodalagoa.pt\/#website\",\"url\":\"https:\/\/diariodalagoa.pt\/\",\"name\":\"Di\u00e1rio da Lagoa\",\"description\":\"Di\u00e1rio da Lagoa. As not\u00edcias que contam. A partir da Lagoa, nos A\u00e7ores, para o mundo.\",\"potentialAction\":[{\"@type\":\"SearchAction\",\"target\":{\"@type\":\"EntryPoint\",\"urlTemplate\":\"https:\/\/diariodalagoa.pt\/?s={search_term_string}\"},\"query-input\":\"required name=search_term_string\"}],\"inLanguage\":\"fr-FR\"},{\"@type\":\"Person\",\"@id\":\"https:\/\/diariodalagoa.pt\/#\/schema\/person\/1615a002370e8857b6f972834bc43ece\",\"name\":\"Di\u00e1rio da Lagoa\",\"image\":{\"@type\":\"ImageObject\",\"inLanguage\":\"fr-FR\",\"@id\":\"https:\/\/diariodalagoa.pt\/#\/schema\/person\/image\/\",\"url\":\"https:\/\/secure.gravatar.com\/avatar\/2cb5cef90a26f8fbd4d9d930608102c5?s=96&d=mm&r=g\",\"contentUrl\":\"https:\/\/secure.gravatar.com\/avatar\/2cb5cef90a26f8fbd4d9d930608102c5?s=96&d=mm&r=g\",\"caption\":\"Di\u00e1rio da Lagoa\"},\"url\":\"https:\/\/diariodalagoa.pt\/fr\/author\/diariodalagoa\/\"}]}<\/script>\n<!-- \/ Yoast SEO plugin. -->","yoast_head_json":{"title":"Valoriza\u00e7\u00e3o - Di\u00e1rio da Lagoa","description":"Na opini\u00e3o do cronista Alexandre Pascoal, as \"enormes assimetrias territoriais implicam a necessidade imperiosa de continuar a investir em pol\u00edticas de coes\u00e3o territorial\".","robots":{"index":"index","follow":"follow","max-snippet":"max-snippet:-1","max-image-preview":"max-image-preview:large","max-video-preview":"max-video-preview:-1"},"canonical":"https:\/\/diariodalagoa.pt\/fr\/valorizacao\/","og_locale":"fr_FR","og_type":"article","og_title":"Valoriza\u00e7\u00e3o - Di\u00e1rio da Lagoa","og_description":"Na opini\u00e3o do cronista Alexandre Pascoal, as \"enormes assimetrias territoriais implicam a necessidade imperiosa de continuar a investir em pol\u00edticas de coes\u00e3o territorial\".","og_url":"https:\/\/diariodalagoa.pt\/fr\/valorizacao\/","og_site_name":"Di\u00e1rio da Lagoa","article_published_time":"2025-05-13T14:05:16+00:00","article_modified_time":"2025-05-14T16:27:58+00:00","og_image":[{"width":466,"height":405,"url":"https:\/\/diariodalagoa.pt\/wp-content\/uploads\/2022\/07\/alexandre-pascoal-perfil-eduardo-resendes.jpg","type":"image\/jpeg"}],"author":"Di\u00e1rio da Lagoa","twitter_card":"summary_large_image","twitter_misc":{"\u00c9crit par":"Di\u00e1rio da Lagoa","Dur\u00e9e de lecture estim\u00e9e":"4 minutes"},"schema":{"@context":"https:\/\/schema.org","@graph":[{"@type":"WebPage","@id":"https:\/\/diariodalagoa.pt\/valorizacao\/","url":"https:\/\/diariodalagoa.pt\/valorizacao\/","name":"Valoriza\u00e7\u00e3o - Di\u00e1rio da Lagoa","isPartOf":{"@id":"https:\/\/diariodalagoa.pt\/#website"},"datePublished":"2025-05-13T14:05:16+00:00","dateModified":"2025-05-14T16:27:58+00:00","author":{"@id":"https:\/\/diariodalagoa.pt\/#\/schema\/person\/1615a002370e8857b6f972834bc43ece"},"description":"Na opini\u00e3o do cronista Alexandre Pascoal, as \"enormes assimetrias territoriais implicam a necessidade imperiosa de continuar a investir em pol\u00edticas de coes\u00e3o territorial\".","breadcrumb":{"@id":"https:\/\/diariodalagoa.pt\/valorizacao\/#breadcrumb"},"inLanguage":"fr-FR","potentialAction":[{"@type":"ReadAction","target":["https:\/\/diariodalagoa.pt\/valorizacao\/"]}]},{"@type":"BreadcrumbList","@id":"https:\/\/diariodalagoa.pt\/valorizacao\/#breadcrumb","itemListElement":[{"@type":"ListItem","position":1,"name":"In\u00edcio","item":"https:\/\/diariodalagoa.pt\/"},{"@type":"ListItem","position":2,"name":"Valoriza\u00e7\u00e3o"}]},{"@type":"WebSite","@id":"https:\/\/diariodalagoa.pt\/#website","url":"https:\/\/diariodalagoa.pt\/","name":"Di\u00e1rio da Lagoa","description":"Di\u00e1rio da Lagoa. As not\u00edcias que contam. A partir da Lagoa, nos A\u00e7ores, para o mundo.","potentialAction":[{"@type":"SearchAction","target":{"@type":"EntryPoint","urlTemplate":"https:\/\/diariodalagoa.pt\/?s={search_term_string}"},"query-input":"required name=search_term_string"}],"inLanguage":"fr-FR"},{"@type":"Person","@id":"https:\/\/diariodalagoa.pt\/#\/schema\/person\/1615a002370e8857b6f972834bc43ece","name":"Di\u00e1rio da Lagoa","image":{"@type":"ImageObject","inLanguage":"fr-FR","@id":"https:\/\/diariodalagoa.pt\/#\/schema\/person\/image\/","url":"https:\/\/secure.gravatar.com\/avatar\/2cb5cef90a26f8fbd4d9d930608102c5?s=96&d=mm&r=g","contentUrl":"https:\/\/secure.gravatar.com\/avatar\/2cb5cef90a26f8fbd4d9d930608102c5?s=96&d=mm&r=g","caption":"Di\u00e1rio da Lagoa"},"url":"https:\/\/diariodalagoa.pt\/fr\/author\/diariodalagoa\/"}]}},"_links":{"self":[{"href":"https:\/\/diariodalagoa.pt\/fr\/wp-json\/wp\/v2\/posts\/152054"}],"collection":[{"href":"https:\/\/diariodalagoa.pt\/fr\/wp-json\/wp\/v2\/posts"}],"about":[{"href":"https:\/\/diariodalagoa.pt\/fr\/wp-json\/wp\/v2\/types\/post"}],"author":[{"embeddable":true,"href":"https:\/\/diariodalagoa.pt\/fr\/wp-json\/wp\/v2\/users\/2"}],"replies":[{"embeddable":true,"href":"https:\/\/diariodalagoa.pt\/fr\/wp-json\/wp\/v2\/comments?post=152054"}],"version-history":[{"count":6,"href":"https:\/\/diariodalagoa.pt\/fr\/wp-json\/wp\/v2\/posts\/152054\/revisions"}],"predecessor-version":[{"id":152067,"href":"https:\/\/diariodalagoa.pt\/fr\/wp-json\/wp\/v2\/posts\/152054\/revisions\/152067"}],"wp:featuredmedia":[{"embeddable":true,"href":"https:\/\/diariodalagoa.pt\/fr\/wp-json\/wp\/v2\/media\/109864"}],"wp:attachment":[{"href":"https:\/\/diariodalagoa.pt\/fr\/wp-json\/wp\/v2\/media?parent=152054"}],"wp:term":[{"taxonomy":"category","embeddable":true,"href":"https:\/\/diariodalagoa.pt\/fr\/wp-json\/wp\/v2\/categories?post=152054"},{"taxonomy":"post_tag","embeddable":true,"href":"https:\/\/diariodalagoa.pt\/fr\/wp-json\/wp\/v2\/tags?post=152054"}],"curies":[{"name":"wp","href":"https:\/\/api.w.org\/{rel}","templated":true}]}}