{"id":150381,"date":"2025-03-08T14:02:18","date_gmt":"2025-03-08T14:02:18","guid":{"rendered":"https:\/\/diariodalagoa.pt\/?p=150381"},"modified":"2025-03-08T14:05:09","modified_gmt":"2025-03-08T14:05:09","slug":"presidente-do-governo-regional-acredita-que-e-possivel-transformar-os-acores-numa-regiao-de-oportunidades","status":"publish","type":"post","link":"https:\/\/diariodalagoa.pt\/fr\/presidente-do-governo-regional-acredita-que-e-possivel-transformar-os-acores-numa-regiao-de-oportunidades\/","title":{"rendered":"Presidente do Governo regional acredita que \u00e9 poss\u00edvel transformar os A\u00e7ores \u201cnuma regi\u00e3o de oportunidades\u201d"},"content":{"rendered":"<h3 class=\"wp-block-heading\">Jos\u00e9 Manuel Bolieiro recebeu o Di\u00e1rio da Lagoa no Pal\u00e1cio de Sant\u00b4Ana para uma longa e descontra\u00edda entrevista. Durante uma hora, falou do seu percurso e dos desafios que a regi\u00e3o enfrentou e enfrenta atualmente<\/h3>\n\n\n\n<figure class=\"wp-block-image size-full\"><img decoding=\"async\" width=\"960\" height=\"641\" src=\"https:\/\/diariodalagoa.pt\/wp-content\/uploads\/2025\/03\/ose-manuel-bolieiro-3-2025-mariana-rovoredo-dl.jpg\" alt=\"\" class=\"wp-image-150399\" srcset=\"https:\/\/diariodalagoa.pt\/wp-content\/uploads\/2025\/03\/ose-manuel-bolieiro-3-2025-mariana-rovoredo-dl.jpg 960w, https:\/\/diariodalagoa.pt\/wp-content\/uploads\/2025\/03\/ose-manuel-bolieiro-3-2025-mariana-rovoredo-dl-300x200.jpg 300w, https:\/\/diariodalagoa.pt\/wp-content\/uploads\/2025\/03\/ose-manuel-bolieiro-3-2025-mariana-rovoredo-dl-768x513.jpg 768w, https:\/\/diariodalagoa.pt\/wp-content\/uploads\/2025\/03\/ose-manuel-bolieiro-3-2025-mariana-rovoredo-dl-18x12.jpg 18w\" sizes=\"(max-width: 960px) 100vw, 960px\" \/><figcaption class=\"wp-element-caption\"><sup>Presidente do Governo dos A\u00e7ores recebeu o Di\u00e1rio da Lagoa no Pal\u00e1cio de Sant\u00b4Ana <mark style=\"background-color:rgba(0, 0, 0, 0)\" class=\"has-inline-color has-cyan-bluish-gray-color\">\u00a9 MARIANA ROVOREDO\/DL<\/mark><\/sup><\/figcaption><\/figure>\n\n\n<p>Foi na Lomba do Lou\u00e7\u00e3o, Nossa Senhora dos Rem\u00e9dios, concelho da Povoa\u00e7\u00e3o, que cresceu at\u00e9 aos 14 anos. Teve \u201cuma inf\u00e2ncia num meio rural muito distante, perif\u00e9rico\u201d, aponta, enquanto assegura nunca lhe ter faltado o \u201ccalor\u201d e o \u201camor\u201d da fam\u00edlia onde nasceu a 23 de junho de 1965. Aos 14 anos, rumou a Ponta Delgada para prosseguir os estudos na Escola Secund\u00e1ria Antero de Quental. Foi na casa de uma das suas irm\u00e3s, na Calheta, que ficou at\u00e9 concluir o 12\u00ba ano, em 1983 Como bolseiro, ingressou na Faculdade de Direito da Universidade de Coimbra. \u201cConsegui bolsa, foi a primeira vez que andei de avi\u00e3o na minha vida, a primeira vez que andei de comboio\u201d, recorda Jos\u00e9 Manuel Bolieiro. \u201cFelizmente encarei esse desafio com grande vontade\u201d e \u201cgostei muito\u201d, acrescenta.<\/p>\n<p>Finalizou, depois, o curso de Direito em 1988, onde procurou ser um estudante que queria \u201csaber e compreender\u201d, at\u00e9 que decidiu regressar aos A\u00e7ores onde come\u00e7ou a trabalhar na presid\u00eancia do Governo dos A\u00e7ores, como consultor jur\u00eddico.<\/p>\n<p>Na pol\u00edtica diz que se iniciou com o incentivo de amigos, destacando a influ\u00eancia de V\u00edtor Cruz. Come\u00e7ou primeiro como independente, passando depois a militante da Juventude Social Democrata e depois no PSD. Inicialmente na terra que o viu crescer, na Povoa\u00e7\u00e3o, mais tarde j\u00e1 na presid\u00eancia da C\u00e2mara Municipal de Ponta Delgada at\u00e9 chegar a presidente do Governo dos A\u00e7ores.<\/p>\n<p>Ao nosso jornal confessa que atualmente n\u00e3o lhe sobra muito tempo livre mas gosta de andar de mota. Atualmente ocupa praticamente todo o seu tempo \u201c\u00e0 causa p\u00fablica\u201d, por\u00e9m, real\u00e7a que o que conta \u00e9 a \u201cconsci\u00eancia\u201d de estar a dedicar-se, no melhor que sabe, \u201cpara servir bem os a\u00e7orianos\u201d.<\/p>\n\n\n<figure class=\"wp-block-image size-full\"><img decoding=\"async\" width=\"960\" height=\"640\" src=\"https:\/\/diariodalagoa.pt\/wp-content\/uploads\/2025\/03\/jose-manuel-bolieiro-1-2025-mariana-rovoredo-dl.jpg\" alt=\"\" class=\"wp-image-150397\" srcset=\"https:\/\/diariodalagoa.pt\/wp-content\/uploads\/2025\/03\/jose-manuel-bolieiro-1-2025-mariana-rovoredo-dl.jpg 960w, https:\/\/diariodalagoa.pt\/wp-content\/uploads\/2025\/03\/jose-manuel-bolieiro-1-2025-mariana-rovoredo-dl-300x200.jpg 300w, https:\/\/diariodalagoa.pt\/wp-content\/uploads\/2025\/03\/jose-manuel-bolieiro-1-2025-mariana-rovoredo-dl-768x512.jpg 768w, https:\/\/diariodalagoa.pt\/wp-content\/uploads\/2025\/03\/jose-manuel-bolieiro-1-2025-mariana-rovoredo-dl-18x12.jpg 18w\" sizes=\"(max-width: 960px) 100vw, 960px\" \/><figcaption class=\"wp-element-caption\"><sup><mark style=\"background-color:rgba(0, 0, 0, 0)\" class=\"has-inline-color has-cyan-bluish-gray-color\">\u00a9 MARIANA ROVOREDO\/DL<\/mark><\/sup><\/figcaption><\/figure>\n\n\n<p><b>DL: Como \u00e9 que tomou a decis\u00e3o de se candidatar a l\u00edder do PSD\/A\u00e7ores em 2019? <\/b><br>Foi dif\u00edcil porque eu era presidente da C\u00e2mara Municipal de Ponta Delgada, estava focado no meu desempenho como autarca. Mas, por outro lado, sentia que podia dar o meu contributo face a tantos incentivos. Foram as circunst\u00e2ncias e era o meu dever, perante o apelo e a oportunidade de devolver uma certa unidade ao PSD. Tive que, assim, dedicar-me a um trabalho dif\u00edcil de projetar o partido para se afirmar como alternativa de governa\u00e7\u00e3o.<br>Eu senti que era importante e poss\u00edvel, e fruto tamb\u00e9m das minhas convic\u00e7\u00f5es ideol\u00f3gicas.<br>Um partido que tinha acabado de sofrer uma crise de lideran\u00e7a, que estava relativamente desagregado, que h\u00e1 24 anos estava na oposi\u00e7\u00e3o, cria reservas de confian\u00e7a. E agregar as pessoas com a convic\u00e7\u00e3o e alguma coragem para exporem a sua diferen\u00e7a e a afirma\u00e7\u00e3o da nossa alternativa coletiva, foi dif\u00edcil. Mas foi-se conquistando aos poucos.<\/p>\n<p><b>DL: Houve quem duvidasse da sua capacidade em manter o Governo. Qual tem sido o segredo?<\/b><br>Muita paci\u00eancia democr\u00e1tica, humildade e capacidade de aceitar as diferen\u00e7as, logo que elas n\u00e3o sejam deturpadas da matriz principal do nosso percurso e possam ser absorvidas. \u00c9 o tal esp\u00edrito de que n\u00f3s n\u00e3o estamos aqui num eleitoralismo, pois tendo a responsabilidade do essencial da sua doutrina, da sua mensagem, do seu projeto que deve ser cumprido, pode e deve-se ter flexibilidade para, num quadro de denominadores comuns, introduzir outras ideias. Nem sempre s\u00e3o ideias novas, mas \u00e2ngulos de vis\u00e3o relativamente diferentes e mais catalizadores e, num caso ou outro, at\u00e9 disruptivos. Eu quando falo na capacidade de envolver as pessoas, n\u00e3o \u00e9 apenas do lado do decisor, \u00e9 o lado do decisor e do destinat\u00e1rio das decis\u00f5es. Ao serem envolvidos, a decis\u00e3o tem mais capacidade de ter sucesso e efic\u00e1cia.<\/p>\n<p><b>DL: Considera-se um presidente de consensos?<\/b><br>Eu procuro fazer isso. E eu direi que sim, eu gosto dos consensos.<br>Os consensos s\u00e3o, para mim, a melhor maneira de um decisor encontrar realiza\u00e7\u00e3o no destinat\u00e1rio da decis\u00e3o. Portanto, eu quando falo no consenso, ou na capacidade de ideologia de envolver as pessoas, n\u00e3o \u00e9 apenas do lado do decisor, \u00e9 o lado do decisor e do destinat\u00e1rio das decis\u00f5es. Porque sem terem envolvidos com isso, a decis\u00e3o tem mais capacidade de ter sucesso e efic\u00e1cia do que propriamente ter um exerc\u00edcio autorit\u00e1rio e depois bater na parede por resist\u00eancia e at\u00e9 rep\u00fadio dos destinat\u00e1rios das decis\u00f5es.<\/p>\n<p><b>DL: Como encontra tempo para si e o que \u00e9 que faz nos tempos livres? <\/b><br>Infelizmente, tenho dedicado muito do meu tempo \u00e0 miss\u00e3o. Gosto de andar de mota. Obviamente gosto da minha fam\u00edlia, mas para que saibam, estou divorciado, tenho duas filhas adultas, e portanto vivo sozinho. E isso tem-me permitido ter mais dedica\u00e7\u00e3o \u00e0 causa p\u00fablica. Eu n\u00e3o tenho v\u00edcios. Gosto de andar de mota mas passeio muito pouco. E n\u00e3o tenho tirado f\u00e9rias de longa dura\u00e7\u00e3o, s\u00e3o muito poucas, e portanto tenho tido pouco descanso.<br>Mas o que me conta \u00e9 o meu estado de alma e a minha consci\u00eancia. Por isso, tenho tido pouco tempo para mim, mas tamb\u00e9m tenho a minha consci\u00eancia de que neste esp\u00edrito de miss\u00e3o tenho feito e dedicado o meu melhor para fazer e servir bem aos A\u00e7ores e aos a\u00e7orianos. <\/p>\n<p><b>DL: Neste tempo de governa\u00e7\u00e3o, qual foi o momento mais dif\u00edcil?<\/b><b><br><\/b>Foram v\u00e1rios. Tivemos que ser inovadores, pioneiros neste processo democr\u00e1tico de pluralidade partid\u00e1ria na governa\u00e7\u00e3o. No in\u00edcio havia o medo, a proibi\u00e7\u00e3o, o condicionamento da viv\u00eancia das pessoas, tendo em conta um controle epidemiol\u00f3gico. Quase simultaneamente, o risco de fechar as portas da SATA, que \u00e9 uma empresa decisiva para a mobilidade dos a\u00e7orianos. Tamb\u00e9m as dificuldades financeiras, toda a despesa com a pandemia. Ter que salvaguardar empregos, a sustentabilidade e seguran\u00e7a das empresas, tudo isto foi muito penoso. E muitos achavam que o Governo n\u00e3o ia durar seis meses, mas fomos, paulatinamente, construindo solu\u00e7\u00f5es. Tamb\u00e9m a situa\u00e7\u00e3o com a crise sismovulc\u00e2nica em S\u00e3o Jorge, na qual tivemos uma boa gest\u00e3o. A\u00ed ficou claro que a linguagem tinha que ser igualmente verdadeira e cient\u00edfica. Depois, o chumbo or\u00e7amental, os seis meses sem or\u00e7amento, as novas elei\u00e7\u00f5es em que penso que houve uma dose de irresponsabilidade, pois n\u00e3o posso negar a evid\u00eancia de que o Partido Socialista (PS) achava que com novas elei\u00e7\u00f5es voltaria ao poder. A coliga\u00e7\u00e3o foi testada, ganhamos novamente. Ali\u00e1s, mais do que isso, o PS voltou a perder as elei\u00e7\u00f5es.<\/p>\n<p><b>DL: E as cr\u00edticas ao hospital modular? Acredita que \u00e9 a melhor op\u00e7\u00e3o?<\/b><b><br><\/b>Sobre quest\u00f5es de grande especialidade t\u00e9cnica, prefiro ouvir quem sabe e n\u00e3o quem tem opini\u00e3o sem conhecimento. Intui\u00e7\u00f5es, perspetivas de um determinado \u00e2ngulo, s\u00e3o poss\u00edveis e at\u00e9 respeit\u00e1veis, mas outra coisa \u00e9 a amplitude essencial da solu\u00e7\u00e3o.<br>Relativamente a tudo que aqui j\u00e1 relatei, faltava o inc\u00eandio no HDES. \u00c9 a verifica\u00e7\u00e3o dos impactos, que n\u00e3o \u00e9 de constru\u00e7\u00e3o civil, \u00e9 do sistema, dos equipamentos, das redund\u00e2ncias, da certifica\u00e7\u00e3o e de toda a log\u00edstica que \u00e9 necess\u00e1ria para tratar as pessoas, pois ter doentes com cuidados de grande sensibilidade com obras ao lado, \u00e9 um absurdo. Estamos a falar de garantias de seguran\u00e7a, n\u00e3o \u00e9 preciso ser cientista para perceber isso. A pr\u00f3pria preocupa\u00e7\u00e3o que eu senti nos testemunhos dos cl\u00ednicos, entre os da direc\u00e7\u00e3o cl\u00ednica, com o consenso maiorit\u00e1rio, em que a prioridade era a seguran\u00e7a do doente. N\u00e3o \u00e9 o c\u00eantimo, nem o milh\u00e3o, mas sim a seguran\u00e7a. A estrutura cl\u00ednica fez as suas avalia\u00e7\u00f5es e entendeu que esta \u00e9 a melhor solu\u00e7\u00e3o. O modular serve, porque tem garantia de qualidade e, por outro lado, pode ser deslocalizado e utilizado no futuro em outros lugares em S\u00e3o Miguel ou at\u00e9 em outras ilhas. Estou convencido que fizemos bem.<\/p>\n<p><b>DL: O PS acusa-o muitas vezes de estar ref\u00e9m do Chega. Sente-se ref\u00e9m?<\/b><br>Eu habituei-me, infelizmente e em certa medida, a essas acusa\u00e7\u00f5es. Mas, quem se afirmou dispon\u00edvel para viabilizar a estabilidade do mandato foi o Chega, e tem sido leal. Isto n\u00e3o quer dizer que se confunda com a governa\u00e7\u00e3o, que pense como o governo pensa. At\u00e9 discutem muitas diferen\u00e7as, mais com o CDS e PPM. Torna-se dif\u00edcil esse trabalho, mas tenho que reconhecer que o di\u00e1logo tem permitido a estabilidade governativa. H\u00e1 algumas coisas em que s\u00e3o absolutamente diferentes, porque obviamente manifesta-se como um partido anti-regime. N\u00e3o me sinto ref\u00e9m, porque tenho sentido a responsabilidade e a concretiza\u00e7\u00e3o de um esfor\u00e7o por parte do Chega, que \u00e9 decisivo no apoio \u00e0 estabilidade governativa, seja na aprova\u00e7\u00e3o ou na viabiliza\u00e7\u00e3o do programa de governo, na aprova\u00e7\u00e3o das orienta\u00e7\u00f5es a m\u00e9dio prazo ou dos planos de or\u00e7amento anuais.<\/p>\n<p><b>DL: Na Lagoa j\u00e1 temos um Centro de Sa\u00fade, recentemente levantou-se a quest\u00e3o da cria\u00e7\u00e3o de uma associa\u00e7\u00e3o de bombeiros. Vai ser este Governo a resolver esta lacuna?<\/b><b><br><\/b>Eu nunca vi uma grande reivindica\u00e7\u00e3o relativamente ao Centro de Sa\u00fade na Lagoa. Fui eu, pela minha convic\u00e7\u00e3o, numa ideia de mudan\u00e7as de paradigmas, pois n\u00e3o faz sentido, na ilha de S\u00e3o Miguel, termos seis concelhos e um deles n\u00e3o ter um Centro de Sa\u00fade. Aproveitando as instala\u00e7\u00f5es e as capacidades instaladas no posto de sa\u00fade, apostamos numa remodela\u00e7\u00e3o do edif\u00edcio e reconfigura\u00e7\u00e3o da gest\u00e3o de recursos humanos t\u00e9cnicos diferenciados. Esta governa\u00e7\u00e3o fez o que foi sempre recusado, pelos anteriores governos, em 24 anos de PS.<br>Relativamente \u00e0 constitui\u00e7\u00e3o, ou n\u00e3o, de uma associa\u00e7\u00e3o de bombeiros, essa cabe ao dom\u00ednio da iniciativa privada. Deve ter, na minha opini\u00e3o, um forte financiamento do poder local para a sua sustentabilidade. Entendo, por isso, que \u00e9 importante termos uma estrat\u00e9gia de protec\u00e7\u00e3o civil de proximidade, mas deixo isso no dom\u00ednio do impulso c\u00edvico da popula\u00e7\u00e3o da Lagoa. O que posso garantir \u00e9 que da parte do governo ter\u00e1 de existir apoio. Isso envolve muita despesa, o que me parece \u00e9 que se pode otimizar as capacidades instaladas e at\u00e9 refor\u00e7\u00e1-las. Vejo com bons olhos se houver este impulso e a garantia da sustentabilidade. Se surgir, o governo estar\u00e1 c\u00e1 para contribuir como tem feito com todas as outras associa\u00e7\u00f5es de bombeiros.<\/p>\n<p><b>DL: Como imagina os A\u00e7ores daqui a quatro anos?<\/b><br>Com oportunidades devido \u00e0 sua geografia, quer seja na moderniza\u00e7\u00e3o, na qualifica\u00e7\u00e3o humana, na dimens\u00e3o mar\u00edtima e espacial, associada \u00e0s novas tecnologias, \u00e0 ci\u00eancia, \u00e0 investiga\u00e7\u00e3o e ao digital, onde pode existir uma grande oportunidade para o pa\u00eds e para a Europa. A economia azul, a economia espacial, a economia da inova\u00e7\u00e3o e da investiga\u00e7\u00e3o tecnol\u00f3gica, a explora\u00e7\u00e3o e o conhecimento do mar profundo e das oportunidades espaciais s\u00e3o fundamentais para os A\u00e7ores. E, tamb\u00e9m, enquanto destino tur\u00edstico e arquip\u00e9lago de sustentabilidade. Isso permite-nos criar riqueza, porque \u00e9 o consumidor que vem a ter connosco e consome o nosso produto de valor acrescentado. Trata-se de transformar os A\u00e7ores numa regi\u00e3o de oportunidades.<\/p>","protected":false},"excerpt":{"rendered":"<p>Jos\u00e9 Manuel Bolieiro recebeu o Di\u00e1rio da Lagoa no Pal\u00e1cio de Sant\u00b4Ana para uma longa e descontra\u00edda entrevista. Durante uma hora, falou do seu percurso e dos desafios que a regi\u00e3o enfrentou e enfrenta atualmente.<\/p>","protected":false},"author":2,"featured_media":150399,"comment_status":"open","ping_status":"closed","sticky":false,"template":"","format":"standard","meta":[],"categories":[12],"tags":[31,269,326,359,648,1061,1965],"acf":[],"yoast_head":"<!-- This site is optimized with the Yoast SEO plugin v20.10 - https:\/\/yoast.com\/wordpress\/plugins\/seo\/ -->\n<title>Presidente do Governo regional acredita que \u00e9 poss\u00edvel transformar os A\u00e7ores \u201cnuma regi\u00e3o de oportunidades\u201d - Di\u00e1rio da Lagoa<\/title>\n<meta name=\"description\" content=\"Jos\u00e9 Manuel Bolieiro recebeu o Di\u00e1rio da Lagoa no Pal\u00e1cio de Sant\u00b4Ana para uma longa e descontra\u00edda entrevista. Durante uma hora, falou do seu percurso e dos desafios que a regi\u00e3o enfrentou e enfrenta atualmente.\" \/>\n<meta name=\"robots\" content=\"index, follow, max-snippet:-1, max-image-preview:large, max-video-preview:-1\" \/>\n<link rel=\"canonical\" href=\"https:\/\/diariodalagoa.pt\/fr\/presidente-do-governo-regional-acredita-que-e-possivel-transformar-os-acores-numa-regiao-de-oportunidades\/\" \/>\n<meta property=\"og:locale\" content=\"fr_FR\" \/>\n<meta property=\"og:type\" content=\"article\" \/>\n<meta property=\"og:title\" content=\"Presidente do Governo regional acredita que \u00e9 poss\u00edvel transformar os A\u00e7ores \u201cnuma regi\u00e3o de oportunidades\u201d - Di\u00e1rio da Lagoa\" \/>\n<meta property=\"og:description\" content=\"Jos\u00e9 Manuel Bolieiro recebeu o Di\u00e1rio da Lagoa no Pal\u00e1cio de Sant\u00b4Ana para uma longa e descontra\u00edda entrevista. Durante uma hora, falou do seu percurso e dos desafios que a regi\u00e3o enfrentou e enfrenta atualmente.\" \/>\n<meta property=\"og:url\" content=\"https:\/\/diariodalagoa.pt\/fr\/presidente-do-governo-regional-acredita-que-e-possivel-transformar-os-acores-numa-regiao-de-oportunidades\/\" \/>\n<meta property=\"og:site_name\" content=\"Di\u00e1rio da Lagoa\" \/>\n<meta property=\"article:published_time\" content=\"2025-03-08T14:02:18+00:00\" \/>\n<meta property=\"article:modified_time\" content=\"2025-03-08T14:05:09+00:00\" \/>\n<meta property=\"og:image\" content=\"https:\/\/diariodalagoa.pt\/wp-content\/uploads\/2025\/03\/ose-manuel-bolieiro-3-2025-mariana-rovoredo-dl.jpg\" \/>\n\t<meta property=\"og:image:width\" content=\"960\" \/>\n\t<meta property=\"og:image:height\" content=\"641\" \/>\n\t<meta property=\"og:image:type\" content=\"image\/jpeg\" \/>\n<meta name=\"author\" content=\"Di\u00e1rio da Lagoa\" \/>\n<meta name=\"twitter:card\" content=\"summary_large_image\" \/>\n<meta name=\"twitter:label1\" content=\"\u00c9crit par\" \/>\n\t<meta name=\"twitter:data1\" content=\"Di\u00e1rio da Lagoa\" \/>\n\t<meta name=\"twitter:label2\" content=\"Dur\u00e9e de lecture estim\u00e9e\" \/>\n\t<meta name=\"twitter:data2\" content=\"11 minutes\" \/>\n<script type=\"application\/ld+json\" class=\"yoast-schema-graph\">{\"@context\":\"https:\/\/schema.org\",\"@graph\":[{\"@type\":\"WebPage\",\"@id\":\"https:\/\/diariodalagoa.pt\/presidente-do-governo-regional-acredita-que-e-possivel-transformar-os-acores-numa-regiao-de-oportunidades\/\",\"url\":\"https:\/\/diariodalagoa.pt\/presidente-do-governo-regional-acredita-que-e-possivel-transformar-os-acores-numa-regiao-de-oportunidades\/\",\"name\":\"Presidente do Governo regional acredita que \u00e9 poss\u00edvel transformar os A\u00e7ores \u201cnuma regi\u00e3o de oportunidades\u201d - Di\u00e1rio da Lagoa\",\"isPartOf\":{\"@id\":\"https:\/\/diariodalagoa.pt\/#website\"},\"datePublished\":\"2025-03-08T14:02:18+00:00\",\"dateModified\":\"2025-03-08T14:05:09+00:00\",\"author\":{\"@id\":\"https:\/\/diariodalagoa.pt\/#\/schema\/person\/1615a002370e8857b6f972834bc43ece\"},\"description\":\"Jos\u00e9 Manuel Bolieiro recebeu o Di\u00e1rio da Lagoa no Pal\u00e1cio de Sant\u00b4Ana para uma longa e descontra\u00edda entrevista. Durante uma hora, falou do seu percurso e dos desafios que a regi\u00e3o enfrentou e enfrenta atualmente.\",\"breadcrumb\":{\"@id\":\"https:\/\/diariodalagoa.pt\/presidente-do-governo-regional-acredita-que-e-possivel-transformar-os-acores-numa-regiao-de-oportunidades\/#breadcrumb\"},\"inLanguage\":\"fr-FR\",\"potentialAction\":[{\"@type\":\"ReadAction\",\"target\":[\"https:\/\/diariodalagoa.pt\/presidente-do-governo-regional-acredita-que-e-possivel-transformar-os-acores-numa-regiao-de-oportunidades\/\"]}]},{\"@type\":\"BreadcrumbList\",\"@id\":\"https:\/\/diariodalagoa.pt\/presidente-do-governo-regional-acredita-que-e-possivel-transformar-os-acores-numa-regiao-de-oportunidades\/#breadcrumb\",\"itemListElement\":[{\"@type\":\"ListItem\",\"position\":1,\"name\":\"In\u00edcio\",\"item\":\"https:\/\/diariodalagoa.pt\/\"},{\"@type\":\"ListItem\",\"position\":2,\"name\":\"Presidente do Governo regional acredita que \u00e9 poss\u00edvel transformar os A\u00e7ores \u201cnuma regi\u00e3o de oportunidades\u201d\"}]},{\"@type\":\"WebSite\",\"@id\":\"https:\/\/diariodalagoa.pt\/#website\",\"url\":\"https:\/\/diariodalagoa.pt\/\",\"name\":\"Di\u00e1rio da Lagoa\",\"description\":\"Di\u00e1rio da Lagoa. As not\u00edcias que contam. A partir da Lagoa, nos A\u00e7ores, para o mundo.\",\"potentialAction\":[{\"@type\":\"SearchAction\",\"target\":{\"@type\":\"EntryPoint\",\"urlTemplate\":\"https:\/\/diariodalagoa.pt\/?s={search_term_string}\"},\"query-input\":\"required name=search_term_string\"}],\"inLanguage\":\"fr-FR\"},{\"@type\":\"Person\",\"@id\":\"https:\/\/diariodalagoa.pt\/#\/schema\/person\/1615a002370e8857b6f972834bc43ece\",\"name\":\"Di\u00e1rio da Lagoa\",\"image\":{\"@type\":\"ImageObject\",\"inLanguage\":\"fr-FR\",\"@id\":\"https:\/\/diariodalagoa.pt\/#\/schema\/person\/image\/\",\"url\":\"https:\/\/secure.gravatar.com\/avatar\/2cb5cef90a26f8fbd4d9d930608102c5?s=96&d=mm&r=g\",\"contentUrl\":\"https:\/\/secure.gravatar.com\/avatar\/2cb5cef90a26f8fbd4d9d930608102c5?s=96&d=mm&r=g\",\"caption\":\"Di\u00e1rio da Lagoa\"},\"url\":\"https:\/\/diariodalagoa.pt\/fr\/author\/diariodalagoa\/\"}]}<\/script>\n<!-- \/ Yoast SEO plugin. -->","yoast_head_json":{"title":"Presidente do Governo regional acredita que \u00e9 poss\u00edvel transformar os A\u00e7ores \u201cnuma regi\u00e3o de oportunidades\u201d - Di\u00e1rio da Lagoa","description":"Jos\u00e9 Manuel Bolieiro recebeu o Di\u00e1rio da Lagoa no Pal\u00e1cio de Sant\u00b4Ana para uma longa e descontra\u00edda entrevista. Durante uma hora, falou do seu percurso e dos desafios que a regi\u00e3o enfrentou e enfrenta atualmente.","robots":{"index":"index","follow":"follow","max-snippet":"max-snippet:-1","max-image-preview":"max-image-preview:large","max-video-preview":"max-video-preview:-1"},"canonical":"https:\/\/diariodalagoa.pt\/fr\/presidente-do-governo-regional-acredita-que-e-possivel-transformar-os-acores-numa-regiao-de-oportunidades\/","og_locale":"fr_FR","og_type":"article","og_title":"Presidente do Governo regional acredita que \u00e9 poss\u00edvel transformar os A\u00e7ores \u201cnuma regi\u00e3o de oportunidades\u201d - Di\u00e1rio da Lagoa","og_description":"Jos\u00e9 Manuel Bolieiro recebeu o Di\u00e1rio da Lagoa no Pal\u00e1cio de Sant\u00b4Ana para uma longa e descontra\u00edda entrevista. Durante uma hora, falou do seu percurso e dos desafios que a regi\u00e3o enfrentou e enfrenta atualmente.","og_url":"https:\/\/diariodalagoa.pt\/fr\/presidente-do-governo-regional-acredita-que-e-possivel-transformar-os-acores-numa-regiao-de-oportunidades\/","og_site_name":"Di\u00e1rio da Lagoa","article_published_time":"2025-03-08T14:02:18+00:00","article_modified_time":"2025-03-08T14:05:09+00:00","og_image":[{"width":960,"height":641,"url":"https:\/\/diariodalagoa.pt\/wp-content\/uploads\/2025\/03\/ose-manuel-bolieiro-3-2025-mariana-rovoredo-dl.jpg","type":"image\/jpeg"}],"author":"Di\u00e1rio da Lagoa","twitter_card":"summary_large_image","twitter_misc":{"\u00c9crit par":"Di\u00e1rio da Lagoa","Dur\u00e9e de lecture estim\u00e9e":"11 minutes"},"schema":{"@context":"https:\/\/schema.org","@graph":[{"@type":"WebPage","@id":"https:\/\/diariodalagoa.pt\/presidente-do-governo-regional-acredita-que-e-possivel-transformar-os-acores-numa-regiao-de-oportunidades\/","url":"https:\/\/diariodalagoa.pt\/presidente-do-governo-regional-acredita-que-e-possivel-transformar-os-acores-numa-regiao-de-oportunidades\/","name":"Presidente do Governo regional acredita que \u00e9 poss\u00edvel transformar os A\u00e7ores \u201cnuma regi\u00e3o de oportunidades\u201d - Di\u00e1rio da Lagoa","isPartOf":{"@id":"https:\/\/diariodalagoa.pt\/#website"},"datePublished":"2025-03-08T14:02:18+00:00","dateModified":"2025-03-08T14:05:09+00:00","author":{"@id":"https:\/\/diariodalagoa.pt\/#\/schema\/person\/1615a002370e8857b6f972834bc43ece"},"description":"Jos\u00e9 Manuel Bolieiro recebeu o Di\u00e1rio da Lagoa no Pal\u00e1cio de Sant\u00b4Ana para uma longa e descontra\u00edda entrevista. Durante uma hora, falou do seu percurso e dos desafios que a regi\u00e3o enfrentou e enfrenta atualmente.","breadcrumb":{"@id":"https:\/\/diariodalagoa.pt\/presidente-do-governo-regional-acredita-que-e-possivel-transformar-os-acores-numa-regiao-de-oportunidades\/#breadcrumb"},"inLanguage":"fr-FR","potentialAction":[{"@type":"ReadAction","target":["https:\/\/diariodalagoa.pt\/presidente-do-governo-regional-acredita-que-e-possivel-transformar-os-acores-numa-regiao-de-oportunidades\/"]}]},{"@type":"BreadcrumbList","@id":"https:\/\/diariodalagoa.pt\/presidente-do-governo-regional-acredita-que-e-possivel-transformar-os-acores-numa-regiao-de-oportunidades\/#breadcrumb","itemListElement":[{"@type":"ListItem","position":1,"name":"In\u00edcio","item":"https:\/\/diariodalagoa.pt\/"},{"@type":"ListItem","position":2,"name":"Presidente do Governo regional acredita que \u00e9 poss\u00edvel transformar os A\u00e7ores \u201cnuma regi\u00e3o de oportunidades\u201d"}]},{"@type":"WebSite","@id":"https:\/\/diariodalagoa.pt\/#website","url":"https:\/\/diariodalagoa.pt\/","name":"Di\u00e1rio da Lagoa","description":"Di\u00e1rio da Lagoa. As not\u00edcias que contam. A partir da Lagoa, nos A\u00e7ores, para o mundo.","potentialAction":[{"@type":"SearchAction","target":{"@type":"EntryPoint","urlTemplate":"https:\/\/diariodalagoa.pt\/?s={search_term_string}"},"query-input":"required name=search_term_string"}],"inLanguage":"fr-FR"},{"@type":"Person","@id":"https:\/\/diariodalagoa.pt\/#\/schema\/person\/1615a002370e8857b6f972834bc43ece","name":"Di\u00e1rio da Lagoa","image":{"@type":"ImageObject","inLanguage":"fr-FR","@id":"https:\/\/diariodalagoa.pt\/#\/schema\/person\/image\/","url":"https:\/\/secure.gravatar.com\/avatar\/2cb5cef90a26f8fbd4d9d930608102c5?s=96&d=mm&r=g","contentUrl":"https:\/\/secure.gravatar.com\/avatar\/2cb5cef90a26f8fbd4d9d930608102c5?s=96&d=mm&r=g","caption":"Di\u00e1rio da Lagoa"},"url":"https:\/\/diariodalagoa.pt\/fr\/author\/diariodalagoa\/"}]}},"_links":{"self":[{"href":"https:\/\/diariodalagoa.pt\/fr\/wp-json\/wp\/v2\/posts\/150381"}],"collection":[{"href":"https:\/\/diariodalagoa.pt\/fr\/wp-json\/wp\/v2\/posts"}],"about":[{"href":"https:\/\/diariodalagoa.pt\/fr\/wp-json\/wp\/v2\/types\/post"}],"author":[{"embeddable":true,"href":"https:\/\/diariodalagoa.pt\/fr\/wp-json\/wp\/v2\/users\/2"}],"replies":[{"embeddable":true,"href":"https:\/\/diariodalagoa.pt\/fr\/wp-json\/wp\/v2\/comments?post=150381"}],"version-history":[{"count":7,"href":"https:\/\/diariodalagoa.pt\/fr\/wp-json\/wp\/v2\/posts\/150381\/revisions"}],"predecessor-version":[{"id":150435,"href":"https:\/\/diariodalagoa.pt\/fr\/wp-json\/wp\/v2\/posts\/150381\/revisions\/150435"}],"wp:featuredmedia":[{"embeddable":true,"href":"https:\/\/diariodalagoa.pt\/fr\/wp-json\/wp\/v2\/media\/150399"}],"wp:attachment":[{"href":"https:\/\/diariodalagoa.pt\/fr\/wp-json\/wp\/v2\/media?parent=150381"}],"wp:term":[{"taxonomy":"category","embeddable":true,"href":"https:\/\/diariodalagoa.pt\/fr\/wp-json\/wp\/v2\/categories?post=150381"},{"taxonomy":"post_tag","embeddable":true,"href":"https:\/\/diariodalagoa.pt\/fr\/wp-json\/wp\/v2\/tags?post=150381"}],"curies":[{"name":"wp","href":"https:\/\/api.w.org\/{rel}","templated":true}]}}