{"id":144830,"date":"2024-11-15T21:09:46","date_gmt":"2024-11-15T21:09:46","guid":{"rendered":"https:\/\/diariodalagoa.pt\/?p=144830"},"modified":"2024-11-15T21:30:03","modified_gmt":"2024-11-15T21:30:03","slug":"bolieiro-quer-reforco-de-75-milhoes-de-euros-para-os-acores","status":"publish","type":"post","link":"https:\/\/diariodalagoa.pt\/fr\/bolieiro-quer-reforco-de-75-milhoes-de-euros-para-os-acores\/","title":{"rendered":"Bolieiro quer refor\u00e7o de 75 milh\u00f5es de euros para os A\u00e7ores"},"content":{"rendered":"<figure class=\"wp-block-image size-full\"><img decoding=\"async\" width=\"960\" height=\"639\" src=\"https:\/\/diariodalagoa.pt\/wp-content\/uploads\/2024\/11\/jose-manuel-bolieiro-15nov24-psda.jpg\" alt=\"\" class=\"wp-image-144831\" srcset=\"https:\/\/diariodalagoa.pt\/wp-content\/uploads\/2024\/11\/jose-manuel-bolieiro-15nov24-psda.jpg 960w, https:\/\/diariodalagoa.pt\/wp-content\/uploads\/2024\/11\/jose-manuel-bolieiro-15nov24-psda-300x200.jpg 300w, https:\/\/diariodalagoa.pt\/wp-content\/uploads\/2024\/11\/jose-manuel-bolieiro-15nov24-psda-768x511.jpg 768w, https:\/\/diariodalagoa.pt\/wp-content\/uploads\/2024\/11\/jose-manuel-bolieiro-15nov24-psda-18x12.jpg 18w\" sizes=\"(max-width: 960px) 100vw, 960px\" \/><figcaption class=\"wp-element-caption\"><sup><mark style=\"background-color:rgba(0, 0, 0, 0)\" class=\"has-inline-color has-cyan-bluish-gray-color\">\u00a9 DIREITOS RESERVADOS<\/mark><\/sup><\/figcaption><\/figure>\n\n\n<p>Ser\u00e1 apresentada na Assembleia da Rep\u00fablica, no \u00e2mbito do debate na especialidade do Or\u00e7amento do Estado para 2025, uma proposta de refor\u00e7o de 75 milh\u00f5es de euros nas transfer\u00eancias para a regi\u00e3o no pr\u00f3ximo ano. O an\u00fancio foi feito esta sexta-feira, 15 de novembro, pelo presidente do PSD\/A\u00e7ores, Jos\u00e9 Manuel Bolieiro.<\/p>\n<p>De acordo com nota de imprensa enviada pelos sociais-democratas a\u00e7orianos, Jos\u00e9 Manuel Bolieiro diz que a realiza\u00e7\u00e3o do refor\u00e7o de 75 milh\u00f5es de euros nas transfer\u00eancias do Or\u00e7amento do Estado para os A\u00e7ores s\u00f3 ser\u00e1 poss\u00edvel &#8220;desde que n\u00e3o inviabilizem essa possibilidade&#8221;, referindo-se ao sentido de voto dos partidos da oposi\u00e7\u00e3o.<\/p>\n<p>O presidente do PSD\/A\u00e7ores falava na sess\u00e3o de encerramento das Jornadas Parlamentares dos partidos que suportam o Governo regional, que reuniu os deputados da Coliga\u00e7\u00e3o PSD\/CDS\/PPM, em Ponta Delgada.<\/p>\n<p>O l\u00edder dos sociais-democratas a\u00e7orianos anunciou ainda que foi definido iniciar o processo de revis\u00e3o da Lei das Finan\u00e7as Regionais no primeiro semestre de 2025, com o objetivo de se proceder a uma &#8220;reforma robusta, uma atualiza\u00e7\u00e3o e um &#8216;upgrade&#8217; do diploma&#8221;, ap\u00f3s reivindica\u00e7\u00e3o dos A\u00e7ores junto do Governo da Rep\u00fablica.<\/p>\n<p>&#8220;As revis\u00f5es socialistas e no per\u00edodo da &#8216;Troika&#8217; foram feitas em baixa&#8221;, no que diz respeito \u00e0s transfer\u00eancias financeiras para as Regi\u00f5es Aut\u00f3nomas, lembrou, salientando que se pretende &#8220;fazer uma revis\u00e3o em alta n\u00e3o s\u00f3 para fazer jus \u00e0 lei origin\u00e1ria, como tamb\u00e9m [instituir uma] ideia mais estrat\u00e9gica sobre a responsabilidade do Estado, relativamente \u00e0 distribui\u00e7\u00e3o de riqueza de forma justa para o desenvolvimento dos A\u00e7ores e da Madeira&#8221;.<\/p>\n<p>Bolieiro disse, igualmente, aos parlamentares da Coliga\u00e7\u00e3o PSD\/CDS\/PPM que o Governo regional obteve autoriza\u00e7\u00e3o do IGCP \u2013 Ag\u00eancia de Gest\u00e3o da Tesouraria e da D\u00edvida P\u00fablica para transformar &#8220;a d\u00edvida comercial de 150 milh\u00f5es de euros no setor da Sa\u00fade em d\u00edvida financeira&#8221;.<\/p>\n<p>Num balan\u00e7o ao per\u00edodo de governa\u00e7\u00e3o sob a sua lideran\u00e7a, o presidente do PSD\/A\u00e7ores demonstrou tamb\u00e9m estar satisfeito com o caminho percorrido pela Coliga\u00e7\u00e3o PSD\/CDS\/PPM.<\/p>\n<p>&#8220;Quando chegamos ao ano pol\u00edtico de 2024, j\u00e1 temos resultados que s\u00e3o motiva\u00e7\u00e3o e inspira\u00e7\u00e3o para o percurso. Se at\u00e9 2024 foram os projetos e pol\u00edticas p\u00fablicas que assumimos, agora j\u00e1 estamos fundados em resultados que potenciam o projeto pol\u00edtico&#8221;, destacou.<\/p>\n<p>Quanto a eventuais negocia\u00e7\u00f5es sobre a proposta de Or\u00e7amento da Regi\u00e3o para 2025, o presidente dos sociais-democratas manifestou a sua disponibilidade para dialogar com outros partidos sobre &#8220;propostas concretas&#8221;, acusando, contudo, o PS de apresentar &#8220;ideias flutuantes e sem qualquer concretiza\u00e7\u00e3o&#8221;.<\/p>","protected":false},"excerpt":{"rendered":"<p>Presidente dos sociais-democratas a\u00e7orianos manifesta disponibilidade para dialogar com outros partidos sobre &#8220;propostas concretas&#8221;.<\/p>","protected":false},"author":2,"featured_media":144831,"comment_status":"open","ping_status":"closed","sticky":false,"template":"","format":"standard","meta":[],"categories":[21],"tags":[31,331,648,1900,1947],"acf":[],"yoast_head":"<!-- This site is optimized with the Yoast SEO plugin v20.10 - https:\/\/yoast.com\/wordpress\/plugins\/seo\/ -->\n<title>Bolieiro quer refor\u00e7o de 75 milh\u00f5es de euros para os A\u00e7ores - Di\u00e1rio da Lagoa<\/title>\n<meta name=\"description\" content=\"Presidente dos sociais-democratas a\u00e7orianos manifesta disponibilidade para dialogar com outros partidos sobre &quot;propostas concretas&quot;.\" \/>\n<meta name=\"robots\" content=\"index, follow, max-snippet:-1, max-image-preview:large, max-video-preview:-1\" \/>\n<link rel=\"canonical\" href=\"https:\/\/diariodalagoa.pt\/fr\/bolieiro-quer-reforco-de-75-milhoes-de-euros-para-os-acores\/\" \/>\n<meta property=\"og:locale\" content=\"fr_FR\" \/>\n<meta property=\"og:type\" content=\"article\" \/>\n<meta property=\"og:title\" content=\"Bolieiro quer refor\u00e7o de 75 milh\u00f5es de euros para os A\u00e7ores - Di\u00e1rio da Lagoa\" \/>\n<meta property=\"og:description\" content=\"Presidente dos sociais-democratas a\u00e7orianos manifesta disponibilidade para dialogar com outros partidos sobre &quot;propostas concretas&quot;.\" \/>\n<meta property=\"og:url\" content=\"https:\/\/diariodalagoa.pt\/fr\/bolieiro-quer-reforco-de-75-milhoes-de-euros-para-os-acores\/\" \/>\n<meta property=\"og:site_name\" content=\"Di\u00e1rio da Lagoa\" \/>\n<meta property=\"article:published_time\" content=\"2024-11-15T21:09:46+00:00\" \/>\n<meta property=\"article:modified_time\" content=\"2024-11-15T21:30:03+00:00\" \/>\n<meta property=\"og:image\" content=\"https:\/\/diariodalagoa.pt\/wp-content\/uploads\/2024\/11\/jose-manuel-bolieiro-15nov24-psda.jpg\" \/>\n\t<meta property=\"og:image:width\" content=\"960\" \/>\n\t<meta property=\"og:image:height\" content=\"639\" \/>\n\t<meta property=\"og:image:type\" content=\"image\/jpeg\" \/>\n<meta name=\"author\" content=\"Di\u00e1rio da Lagoa\" \/>\n<meta name=\"twitter:card\" content=\"summary_large_image\" \/>\n<meta name=\"twitter:label1\" content=\"\u00c9crit par\" \/>\n\t<meta name=\"twitter:data1\" content=\"Di\u00e1rio da Lagoa\" \/>\n\t<meta name=\"twitter:label2\" content=\"Dur\u00e9e de lecture estim\u00e9e\" \/>\n\t<meta name=\"twitter:data2\" content=\"3 minutes\" \/>\n<script type=\"application\/ld+json\" class=\"yoast-schema-graph\">{\"@context\":\"https:\/\/schema.org\",\"@graph\":[{\"@type\":\"WebPage\",\"@id\":\"https:\/\/diariodalagoa.pt\/bolieiro-quer-reforco-de-75-milhoes-de-euros-para-os-acores\/\",\"url\":\"https:\/\/diariodalagoa.pt\/bolieiro-quer-reforco-de-75-milhoes-de-euros-para-os-acores\/\",\"name\":\"Bolieiro quer refor\u00e7o de 75 milh\u00f5es de euros para os A\u00e7ores - Di\u00e1rio da Lagoa\",\"isPartOf\":{\"@id\":\"https:\/\/diariodalagoa.pt\/#website\"},\"datePublished\":\"2024-11-15T21:09:46+00:00\",\"dateModified\":\"2024-11-15T21:30:03+00:00\",\"author\":{\"@id\":\"https:\/\/diariodalagoa.pt\/#\/schema\/person\/1615a002370e8857b6f972834bc43ece\"},\"description\":\"Presidente dos sociais-democratas a\u00e7orianos manifesta disponibilidade para dialogar com outros partidos sobre \\\"propostas concretas\\\".\",\"breadcrumb\":{\"@id\":\"https:\/\/diariodalagoa.pt\/bolieiro-quer-reforco-de-75-milhoes-de-euros-para-os-acores\/#breadcrumb\"},\"inLanguage\":\"fr-FR\",\"potentialAction\":[{\"@type\":\"ReadAction\",\"target\":[\"https:\/\/diariodalagoa.pt\/bolieiro-quer-reforco-de-75-milhoes-de-euros-para-os-acores\/\"]}]},{\"@type\":\"BreadcrumbList\",\"@id\":\"https:\/\/diariodalagoa.pt\/bolieiro-quer-reforco-de-75-milhoes-de-euros-para-os-acores\/#breadcrumb\",\"itemListElement\":[{\"@type\":\"ListItem\",\"position\":1,\"name\":\"In\u00edcio\",\"item\":\"https:\/\/diariodalagoa.pt\/\"},{\"@type\":\"ListItem\",\"position\":2,\"name\":\"Bolieiro quer refor\u00e7o de 75 milh\u00f5es de euros para os A\u00e7ores\"}]},{\"@type\":\"WebSite\",\"@id\":\"https:\/\/diariodalagoa.pt\/#website\",\"url\":\"https:\/\/diariodalagoa.pt\/\",\"name\":\"Di\u00e1rio da Lagoa\",\"description\":\"Di\u00e1rio da Lagoa. As not\u00edcias que contam. A partir da Lagoa, nos A\u00e7ores, para o mundo.\",\"potentialAction\":[{\"@type\":\"SearchAction\",\"target\":{\"@type\":\"EntryPoint\",\"urlTemplate\":\"https:\/\/diariodalagoa.pt\/?s={search_term_string}\"},\"query-input\":\"required name=search_term_string\"}],\"inLanguage\":\"fr-FR\"},{\"@type\":\"Person\",\"@id\":\"https:\/\/diariodalagoa.pt\/#\/schema\/person\/1615a002370e8857b6f972834bc43ece\",\"name\":\"Di\u00e1rio da Lagoa\",\"image\":{\"@type\":\"ImageObject\",\"inLanguage\":\"fr-FR\",\"@id\":\"https:\/\/diariodalagoa.pt\/#\/schema\/person\/image\/\",\"url\":\"https:\/\/secure.gravatar.com\/avatar\/2cb5cef90a26f8fbd4d9d930608102c5?s=96&d=mm&r=g\",\"contentUrl\":\"https:\/\/secure.gravatar.com\/avatar\/2cb5cef90a26f8fbd4d9d930608102c5?s=96&d=mm&r=g\",\"caption\":\"Di\u00e1rio da Lagoa\"},\"url\":\"https:\/\/diariodalagoa.pt\/fr\/author\/diariodalagoa\/\"}]}<\/script>\n<!-- \/ Yoast SEO plugin. -->","yoast_head_json":{"title":"Bolieiro quer refor\u00e7o de 75 milh\u00f5es de euros para os A\u00e7ores - Di\u00e1rio da Lagoa","description":"Presidente dos sociais-democratas a\u00e7orianos manifesta disponibilidade para dialogar com outros partidos sobre \"propostas concretas\".","robots":{"index":"index","follow":"follow","max-snippet":"max-snippet:-1","max-image-preview":"max-image-preview:large","max-video-preview":"max-video-preview:-1"},"canonical":"https:\/\/diariodalagoa.pt\/fr\/bolieiro-quer-reforco-de-75-milhoes-de-euros-para-os-acores\/","og_locale":"fr_FR","og_type":"article","og_title":"Bolieiro quer refor\u00e7o de 75 milh\u00f5es de euros para os A\u00e7ores - Di\u00e1rio da Lagoa","og_description":"Presidente dos sociais-democratas a\u00e7orianos manifesta disponibilidade para dialogar com outros partidos sobre \"propostas concretas\".","og_url":"https:\/\/diariodalagoa.pt\/fr\/bolieiro-quer-reforco-de-75-milhoes-de-euros-para-os-acores\/","og_site_name":"Di\u00e1rio da Lagoa","article_published_time":"2024-11-15T21:09:46+00:00","article_modified_time":"2024-11-15T21:30:03+00:00","og_image":[{"width":960,"height":639,"url":"https:\/\/diariodalagoa.pt\/wp-content\/uploads\/2024\/11\/jose-manuel-bolieiro-15nov24-psda.jpg","type":"image\/jpeg"}],"author":"Di\u00e1rio da Lagoa","twitter_card":"summary_large_image","twitter_misc":{"\u00c9crit par":"Di\u00e1rio da Lagoa","Dur\u00e9e de lecture estim\u00e9e":"3 minutes"},"schema":{"@context":"https:\/\/schema.org","@graph":[{"@type":"WebPage","@id":"https:\/\/diariodalagoa.pt\/bolieiro-quer-reforco-de-75-milhoes-de-euros-para-os-acores\/","url":"https:\/\/diariodalagoa.pt\/bolieiro-quer-reforco-de-75-milhoes-de-euros-para-os-acores\/","name":"Bolieiro quer refor\u00e7o de 75 milh\u00f5es de euros para os A\u00e7ores - Di\u00e1rio da Lagoa","isPartOf":{"@id":"https:\/\/diariodalagoa.pt\/#website"},"datePublished":"2024-11-15T21:09:46+00:00","dateModified":"2024-11-15T21:30:03+00:00","author":{"@id":"https:\/\/diariodalagoa.pt\/#\/schema\/person\/1615a002370e8857b6f972834bc43ece"},"description":"Presidente dos sociais-democratas a\u00e7orianos manifesta disponibilidade para dialogar com outros partidos sobre \"propostas concretas\".","breadcrumb":{"@id":"https:\/\/diariodalagoa.pt\/bolieiro-quer-reforco-de-75-milhoes-de-euros-para-os-acores\/#breadcrumb"},"inLanguage":"fr-FR","potentialAction":[{"@type":"ReadAction","target":["https:\/\/diariodalagoa.pt\/bolieiro-quer-reforco-de-75-milhoes-de-euros-para-os-acores\/"]}]},{"@type":"BreadcrumbList","@id":"https:\/\/diariodalagoa.pt\/bolieiro-quer-reforco-de-75-milhoes-de-euros-para-os-acores\/#breadcrumb","itemListElement":[{"@type":"ListItem","position":1,"name":"In\u00edcio","item":"https:\/\/diariodalagoa.pt\/"},{"@type":"ListItem","position":2,"name":"Bolieiro quer refor\u00e7o de 75 milh\u00f5es de euros para os A\u00e7ores"}]},{"@type":"WebSite","@id":"https:\/\/diariodalagoa.pt\/#website","url":"https:\/\/diariodalagoa.pt\/","name":"Di\u00e1rio da Lagoa","description":"Di\u00e1rio da Lagoa. As not\u00edcias que contam. A partir da Lagoa, nos A\u00e7ores, para o mundo.","potentialAction":[{"@type":"SearchAction","target":{"@type":"EntryPoint","urlTemplate":"https:\/\/diariodalagoa.pt\/?s={search_term_string}"},"query-input":"required name=search_term_string"}],"inLanguage":"fr-FR"},{"@type":"Person","@id":"https:\/\/diariodalagoa.pt\/#\/schema\/person\/1615a002370e8857b6f972834bc43ece","name":"Di\u00e1rio da Lagoa","image":{"@type":"ImageObject","inLanguage":"fr-FR","@id":"https:\/\/diariodalagoa.pt\/#\/schema\/person\/image\/","url":"https:\/\/secure.gravatar.com\/avatar\/2cb5cef90a26f8fbd4d9d930608102c5?s=96&d=mm&r=g","contentUrl":"https:\/\/secure.gravatar.com\/avatar\/2cb5cef90a26f8fbd4d9d930608102c5?s=96&d=mm&r=g","caption":"Di\u00e1rio da Lagoa"},"url":"https:\/\/diariodalagoa.pt\/fr\/author\/diariodalagoa\/"}]}},"_links":{"self":[{"href":"https:\/\/diariodalagoa.pt\/fr\/wp-json\/wp\/v2\/posts\/144830"}],"collection":[{"href":"https:\/\/diariodalagoa.pt\/fr\/wp-json\/wp\/v2\/posts"}],"about":[{"href":"https:\/\/diariodalagoa.pt\/fr\/wp-json\/wp\/v2\/types\/post"}],"author":[{"embeddable":true,"href":"https:\/\/diariodalagoa.pt\/fr\/wp-json\/wp\/v2\/users\/2"}],"replies":[{"embeddable":true,"href":"https:\/\/diariodalagoa.pt\/fr\/wp-json\/wp\/v2\/comments?post=144830"}],"version-history":[{"count":10,"href":"https:\/\/diariodalagoa.pt\/fr\/wp-json\/wp\/v2\/posts\/144830\/revisions"}],"predecessor-version":[{"id":144843,"href":"https:\/\/diariodalagoa.pt\/fr\/wp-json\/wp\/v2\/posts\/144830\/revisions\/144843"}],"wp:featuredmedia":[{"embeddable":true,"href":"https:\/\/diariodalagoa.pt\/fr\/wp-json\/wp\/v2\/media\/144831"}],"wp:attachment":[{"href":"https:\/\/diariodalagoa.pt\/fr\/wp-json\/wp\/v2\/media?parent=144830"}],"wp:term":[{"taxonomy":"category","embeddable":true,"href":"https:\/\/diariodalagoa.pt\/fr\/wp-json\/wp\/v2\/categories?post=144830"},{"taxonomy":"post_tag","embeddable":true,"href":"https:\/\/diariodalagoa.pt\/fr\/wp-json\/wp\/v2\/tags?post=144830"}],"curies":[{"name":"wp","href":"https:\/\/api.w.org\/{rel}","templated":true}]}}