{"id":144724,"date":"2024-11-17T09:30:00","date_gmt":"2024-11-17T09:30:00","guid":{"rendered":"https:\/\/diariodalagoa.pt\/?p=144724"},"modified":"2024-11-17T10:43:56","modified_gmt":"2024-11-17T10:43:56","slug":"sabia-que-por-cada-cigarro-que-fuma-perde-em-media-8-minutos-de-vida","status":"publish","type":"post","link":"https:\/\/diariodalagoa.pt\/fr\/sabia-que-por-cada-cigarro-que-fuma-perde-em-media-8-minutos-de-vida\/","title":{"rendered":"Sabia que por cada cigarro que fuma perde em m\u00e9dia oito minutos de vida?"},"content":{"rendered":"<div class=\"wp-block-image is-style-rounded\">\n<figure class=\"aligncenter size-large is-resized\"><img decoding=\"async\" src=\"https:\/\/diariodalagoa.pt\/wp-content\/uploads\/2024\/11\/mariana-meireles-1-1024x1024.jpg\" alt=\"\" class=\"wp-image-144850\" width=\"442\" height=\"442\"\/><\/figure><\/div>\n\n\n<div style=\"height:25px\" aria-hidden=\"true\" class=\"wp-block-spacer\"><\/div>\n\n\n<p style=\"text-align: center;\"><strong>Mariana Meireles<\/strong><br>Assistente Hospitalar em Medicina Interna<\/p>\n\n\n<div style=\"height:25px\" aria-hidden=\"true\" class=\"wp-block-spacer\"><\/div>\n\n\n\n<p>Hoje, 17 de novembro, celebra-se o Dia Mundial do N\u00e3o Fumador. Em Portugal, estima-se que 11,7% das mortes em 2019 foram causadas pelo tabaco. Foram 13.559 vidas que se perderam, a maioria entre os 50 e 69 anos. O consumo de tabaco \u00e9 uma das principais causas evit\u00e1veis de doen\u00e7as n\u00e3o transmiss\u00edveis, com destaque para o cancro, as doen\u00e7as c\u00e9rebro-cardiovasculares, as doen\u00e7as respirat\u00f3rias cr\u00f3nicas e a diabetes. Fumar diminui a imunidade e aumenta a suscetibilidade para o desenvolvimento de infe\u00e7\u00f5es respirat\u00f3rias e morte por tuberculose.<\/p>\n\n\n\n<p>Por cada cigarro que fumamos perdemos em m\u00e9dia 8 minutos de vida. Isto significa que um homem fumador arrisca perder, em m\u00e9dia, 13 anos de vida, enquanto uma mulher perde cerca de 15 anos de vida. Pela sua sa\u00fade, n\u00e3o comece a fumar. Mas, se j\u00e1 fuma, saiba que os benef\u00edcios de deixar de fumar s\u00e3o muitos!<\/p>\n\n\n\n<h3 class=\"wp-block-heading\"><strong>Tabagismo e doen\u00e7a cardiovascular<\/strong><\/h3>\n\n\n\n<p>Fumar faz com que haja um aumento da tens\u00e3o arterial em 10 a 20mmHg e da frequ\u00eancia card\u00edaca em 15 a 25 pulsa\u00e7\u00f5es por minuto, o que acelera os processos de envelhecimento e o desenvolvimento de doen\u00e7as cardiovasculares. &nbsp;Aumenta os n\u00edveis de adrenalina, causando estreitamento das art\u00e9rias e agrega\u00e7\u00e3o das plaquetas sangu\u00edneas, o que torna o sangue mais viscoso e com tend\u00eancia a formar co\u00e1gulos, levando ao AVC e enfarte agudo do mioc\u00e1rdio. O tabaco aumenta a liberta\u00e7\u00e3o de radicais livres contribuindo para o processo de aterosclerose.<\/p>\n\n\n\n<p>Porque vale a pena parar de fumar? &nbsp;Ap\u00f3s 20 minutos a press\u00e3o arterial e a frequ\u00eancia card\u00edaca voltam ao normal. &nbsp;Ap\u00f3s 48h a tens\u00e3o arterial estabiliza. Ao fim de 2 a 3 semanas a circula\u00e7\u00e3o melhora e o risco de enfarte agudo do mioc\u00e1rdio come\u00e7a a reduzir. Ao fim de um ano o risco de ataque card\u00edaco reduz para metade e ao fim de 5 anos o risco de enfarte agudo do mioc\u00e1rdio e AVC torna-se igual ao de uma pessoa que nunca fumou.<\/p>\n\n\n\n<h3 class=\"wp-block-heading\"><strong>Tabagismo e doen\u00e7a pulmonar<\/strong><\/h3>\n\n\n\n<p>O fumo do tabaco \u00e9 a principal causa de bronquite, enfisema e doen\u00e7a pulmonar obstrutiva cr\u00f3nica (DPOC). Estima-se que a DPOC seja, atualmente, a 3.\u00aa causa de morte a n\u00edvel mundial.<\/p>\n\n\n\n<p>Porque vale a pena parar de fumar? &nbsp;Ap\u00f3s 8h os n\u00edveis de nicotina e di\u00f3xido de carbono diminuem em 50% e o oxig\u00e9nio sobe para valores normais. &nbsp;Ap\u00f3s 72h os br\u00f4nquios dilatam e a sua respira\u00e7\u00e3o melhora. Ao fim de um a nove meses, a falta de ar e a tosse diminuem, bem como as alergias e as infe\u00e7\u00f5es respirat\u00f3rias.<\/p>\n\n\n\n<h3 class=\"wp-block-heading\"><strong>Tabagismo e cancro<\/strong><\/h3>\n\n\n\n<p>O tabagismo \u00e9 a principal causa de cancro conhecida, sendo respons\u00e1vel por mais de 30% das mortes por neoplasia. O risco de cancro aumenta em todos os \u00f3rg\u00e3os do corpo por onde o tabaco passa at\u00e9 chegar aos pulm\u00f5es (boca, garganta, laringe e pulm\u00f5es), no seu caminho de elimina\u00e7\u00e3o do organismo (rim e bexiga) e ainda noutros \u00f3rg\u00e3os interm\u00e9dios (p\u00e2ncreas e colo do \u00fatero). Cerca de 90% dos cancros do pulm\u00e3o s\u00e3o devidos ao tabagismo.<\/p>\n\n\n\n<p>Porque vale a pena parar de fumar? &nbsp;Ap\u00f3s 5 anos o risco de cancro da boca e es\u00f3fago reduz para metade. Ap\u00f3s 10 anos tem 50% menos risco de vir a desenvolver cancro do pulm\u00e3o. Aos quinze anos, o risco de cancro do pulm\u00e3o \u00e9 praticamente igual ao de uma pessoa que nunca fumou.<\/p>\n\n\n\n<p>Porque parar de fumar \u00e9 ganhar vida retenha estes n\u00fameros: Se deixar de fumar aos 40 anos, ganha 9 anos de vida. Se deixar de fumar aos 50 anos, ganha 6 anos de vida. Se deixar de fumar aos 60 anos ganha 3 anos de vida.<\/p>\n\n\n\n<p>Se fumar 20 cigarros por dia, poupa cerca de 5 euros por dia, 150 euros por m\u00eas, 1.800 euros por ano. Poupe a sua sa\u00fade e leve a sua fam\u00edlia a passear!<\/p>","protected":false},"excerpt":{"rendered":"<p>No Dia Mundial do N\u00e3o Fumador, a Assistente hospitalar em Medicina Interna, Mariana Meireles, fala-nos dos riscos deste h\u00e1bito.<\/p>","protected":false},"author":2,"featured_media":144852,"comment_status":"open","ping_status":"closed","sticky":false,"template":"","format":"standard","meta":[],"categories":[11],"tags":[31,257,1937,1938,1939],"acf":[],"yoast_head":"<!-- This site is optimized with the Yoast SEO plugin v20.10 - https:\/\/yoast.com\/wordpress\/plugins\/seo\/ -->\n<title>Sabia que por cada cigarro que fuma perde em m\u00e9dia oito minutos de vida? - Di\u00e1rio da Lagoa<\/title>\n<meta name=\"description\" content=\"No Dia Mundial do N\u00e3o Fumador, a Assistente hospitalar em Medicina Interna, Mariana Meireles, fala-nos dos riscos deste h\u00e1bito.\" \/>\n<meta name=\"robots\" content=\"index, follow, max-snippet:-1, max-image-preview:large, max-video-preview:-1\" \/>\n<link rel=\"canonical\" href=\"https:\/\/diariodalagoa.pt\/fr\/sabia-que-por-cada-cigarro-que-fuma-perde-em-media-8-minutos-de-vida\/\" \/>\n<meta property=\"og:locale\" content=\"fr_FR\" \/>\n<meta property=\"og:type\" content=\"article\" \/>\n<meta property=\"og:title\" content=\"Sabia que por cada cigarro que fuma perde em m\u00e9dia oito minutos de vida? - Di\u00e1rio da Lagoa\" \/>\n<meta property=\"og:description\" content=\"No Dia Mundial do N\u00e3o Fumador, a Assistente hospitalar em Medicina Interna, Mariana Meireles, fala-nos dos riscos deste h\u00e1bito.\" \/>\n<meta property=\"og:url\" content=\"https:\/\/diariodalagoa.pt\/fr\/sabia-que-por-cada-cigarro-que-fuma-perde-em-media-8-minutos-de-vida\/\" \/>\n<meta property=\"og:site_name\" content=\"Di\u00e1rio da Lagoa\" \/>\n<meta property=\"article:published_time\" content=\"2024-11-17T09:30:00+00:00\" \/>\n<meta property=\"article:modified_time\" content=\"2024-11-17T10:43:56+00:00\" \/>\n<meta property=\"og:image\" content=\"https:\/\/diariodalagoa.pt\/wp-content\/uploads\/2024\/11\/mariana-meireles-2.jpg\" \/>\n\t<meta property=\"og:image:width\" content=\"960\" \/>\n\t<meta property=\"og:image:height\" content=\"804\" \/>\n\t<meta property=\"og:image:type\" content=\"image\/jpeg\" \/>\n<meta name=\"author\" content=\"Di\u00e1rio da Lagoa\" \/>\n<meta name=\"twitter:card\" content=\"summary_large_image\" \/>\n<meta name=\"twitter:label1\" content=\"\u00c9crit par\" \/>\n\t<meta name=\"twitter:data1\" content=\"Di\u00e1rio da Lagoa\" \/>\n\t<meta name=\"twitter:label2\" content=\"Dur\u00e9e de lecture estim\u00e9e\" \/>\n\t<meta name=\"twitter:data2\" content=\"4 minutes\" \/>\n<script type=\"application\/ld+json\" class=\"yoast-schema-graph\">{\"@context\":\"https:\/\/schema.org\",\"@graph\":[{\"@type\":\"WebPage\",\"@id\":\"https:\/\/diariodalagoa.pt\/sabia-que-por-cada-cigarro-que-fuma-perde-em-media-8-minutos-de-vida\/\",\"url\":\"https:\/\/diariodalagoa.pt\/sabia-que-por-cada-cigarro-que-fuma-perde-em-media-8-minutos-de-vida\/\",\"name\":\"Sabia que por cada cigarro que fuma perde em m\u00e9dia oito minutos de vida? - Di\u00e1rio da Lagoa\",\"isPartOf\":{\"@id\":\"https:\/\/diariodalagoa.pt\/#website\"},\"datePublished\":\"2024-11-17T09:30:00+00:00\",\"dateModified\":\"2024-11-17T10:43:56+00:00\",\"author\":{\"@id\":\"https:\/\/diariodalagoa.pt\/#\/schema\/person\/1615a002370e8857b6f972834bc43ece\"},\"description\":\"No Dia Mundial do N\u00e3o Fumador, a Assistente hospitalar em Medicina Interna, Mariana Meireles, fala-nos dos riscos deste h\u00e1bito.\",\"breadcrumb\":{\"@id\":\"https:\/\/diariodalagoa.pt\/sabia-que-por-cada-cigarro-que-fuma-perde-em-media-8-minutos-de-vida\/#breadcrumb\"},\"inLanguage\":\"fr-FR\",\"potentialAction\":[{\"@type\":\"ReadAction\",\"target\":[\"https:\/\/diariodalagoa.pt\/sabia-que-por-cada-cigarro-que-fuma-perde-em-media-8-minutos-de-vida\/\"]}]},{\"@type\":\"BreadcrumbList\",\"@id\":\"https:\/\/diariodalagoa.pt\/sabia-que-por-cada-cigarro-que-fuma-perde-em-media-8-minutos-de-vida\/#breadcrumb\",\"itemListElement\":[{\"@type\":\"ListItem\",\"position\":1,\"name\":\"In\u00edcio\",\"item\":\"https:\/\/diariodalagoa.pt\/\"},{\"@type\":\"ListItem\",\"position\":2,\"name\":\"Sabia que por cada cigarro que fuma perde em m\u00e9dia oito minutos de vida?\"}]},{\"@type\":\"WebSite\",\"@id\":\"https:\/\/diariodalagoa.pt\/#website\",\"url\":\"https:\/\/diariodalagoa.pt\/\",\"name\":\"Di\u00e1rio da Lagoa\",\"description\":\"Di\u00e1rio da Lagoa. As not\u00edcias que contam. A partir da Lagoa, nos A\u00e7ores, para o mundo.\",\"potentialAction\":[{\"@type\":\"SearchAction\",\"target\":{\"@type\":\"EntryPoint\",\"urlTemplate\":\"https:\/\/diariodalagoa.pt\/?s={search_term_string}\"},\"query-input\":\"required name=search_term_string\"}],\"inLanguage\":\"fr-FR\"},{\"@type\":\"Person\",\"@id\":\"https:\/\/diariodalagoa.pt\/#\/schema\/person\/1615a002370e8857b6f972834bc43ece\",\"name\":\"Di\u00e1rio da Lagoa\",\"image\":{\"@type\":\"ImageObject\",\"inLanguage\":\"fr-FR\",\"@id\":\"https:\/\/diariodalagoa.pt\/#\/schema\/person\/image\/\",\"url\":\"https:\/\/secure.gravatar.com\/avatar\/2cb5cef90a26f8fbd4d9d930608102c5?s=96&d=mm&r=g\",\"contentUrl\":\"https:\/\/secure.gravatar.com\/avatar\/2cb5cef90a26f8fbd4d9d930608102c5?s=96&d=mm&r=g\",\"caption\":\"Di\u00e1rio da Lagoa\"},\"url\":\"https:\/\/diariodalagoa.pt\/fr\/author\/diariodalagoa\/\"}]}<\/script>\n<!-- \/ Yoast SEO plugin. -->","yoast_head_json":{"title":"Sabia que por cada cigarro que fuma perde em m\u00e9dia oito minutos de vida? - Di\u00e1rio da Lagoa","description":"No Dia Mundial do N\u00e3o Fumador, a Assistente hospitalar em Medicina Interna, Mariana Meireles, fala-nos dos riscos deste h\u00e1bito.","robots":{"index":"index","follow":"follow","max-snippet":"max-snippet:-1","max-image-preview":"max-image-preview:large","max-video-preview":"max-video-preview:-1"},"canonical":"https:\/\/diariodalagoa.pt\/fr\/sabia-que-por-cada-cigarro-que-fuma-perde-em-media-8-minutos-de-vida\/","og_locale":"fr_FR","og_type":"article","og_title":"Sabia que por cada cigarro que fuma perde em m\u00e9dia oito minutos de vida? - Di\u00e1rio da Lagoa","og_description":"No Dia Mundial do N\u00e3o Fumador, a Assistente hospitalar em Medicina Interna, Mariana Meireles, fala-nos dos riscos deste h\u00e1bito.","og_url":"https:\/\/diariodalagoa.pt\/fr\/sabia-que-por-cada-cigarro-que-fuma-perde-em-media-8-minutos-de-vida\/","og_site_name":"Di\u00e1rio da Lagoa","article_published_time":"2024-11-17T09:30:00+00:00","article_modified_time":"2024-11-17T10:43:56+00:00","og_image":[{"width":960,"height":804,"url":"https:\/\/diariodalagoa.pt\/wp-content\/uploads\/2024\/11\/mariana-meireles-2.jpg","type":"image\/jpeg"}],"author":"Di\u00e1rio da Lagoa","twitter_card":"summary_large_image","twitter_misc":{"\u00c9crit par":"Di\u00e1rio da Lagoa","Dur\u00e9e de lecture estim\u00e9e":"4 minutes"},"schema":{"@context":"https:\/\/schema.org","@graph":[{"@type":"WebPage","@id":"https:\/\/diariodalagoa.pt\/sabia-que-por-cada-cigarro-que-fuma-perde-em-media-8-minutos-de-vida\/","url":"https:\/\/diariodalagoa.pt\/sabia-que-por-cada-cigarro-que-fuma-perde-em-media-8-minutos-de-vida\/","name":"Sabia que por cada cigarro que fuma perde em m\u00e9dia oito minutos de vida? - Di\u00e1rio da Lagoa","isPartOf":{"@id":"https:\/\/diariodalagoa.pt\/#website"},"datePublished":"2024-11-17T09:30:00+00:00","dateModified":"2024-11-17T10:43:56+00:00","author":{"@id":"https:\/\/diariodalagoa.pt\/#\/schema\/person\/1615a002370e8857b6f972834bc43ece"},"description":"No Dia Mundial do N\u00e3o Fumador, a Assistente hospitalar em Medicina Interna, Mariana Meireles, fala-nos dos riscos deste h\u00e1bito.","breadcrumb":{"@id":"https:\/\/diariodalagoa.pt\/sabia-que-por-cada-cigarro-que-fuma-perde-em-media-8-minutos-de-vida\/#breadcrumb"},"inLanguage":"fr-FR","potentialAction":[{"@type":"ReadAction","target":["https:\/\/diariodalagoa.pt\/sabia-que-por-cada-cigarro-que-fuma-perde-em-media-8-minutos-de-vida\/"]}]},{"@type":"BreadcrumbList","@id":"https:\/\/diariodalagoa.pt\/sabia-que-por-cada-cigarro-que-fuma-perde-em-media-8-minutos-de-vida\/#breadcrumb","itemListElement":[{"@type":"ListItem","position":1,"name":"In\u00edcio","item":"https:\/\/diariodalagoa.pt\/"},{"@type":"ListItem","position":2,"name":"Sabia que por cada cigarro que fuma perde em m\u00e9dia oito minutos de vida?"}]},{"@type":"WebSite","@id":"https:\/\/diariodalagoa.pt\/#website","url":"https:\/\/diariodalagoa.pt\/","name":"Di\u00e1rio da Lagoa","description":"Di\u00e1rio da Lagoa. As not\u00edcias que contam. A partir da Lagoa, nos A\u00e7ores, para o mundo.","potentialAction":[{"@type":"SearchAction","target":{"@type":"EntryPoint","urlTemplate":"https:\/\/diariodalagoa.pt\/?s={search_term_string}"},"query-input":"required name=search_term_string"}],"inLanguage":"fr-FR"},{"@type":"Person","@id":"https:\/\/diariodalagoa.pt\/#\/schema\/person\/1615a002370e8857b6f972834bc43ece","name":"Di\u00e1rio da Lagoa","image":{"@type":"ImageObject","inLanguage":"fr-FR","@id":"https:\/\/diariodalagoa.pt\/#\/schema\/person\/image\/","url":"https:\/\/secure.gravatar.com\/avatar\/2cb5cef90a26f8fbd4d9d930608102c5?s=96&d=mm&r=g","contentUrl":"https:\/\/secure.gravatar.com\/avatar\/2cb5cef90a26f8fbd4d9d930608102c5?s=96&d=mm&r=g","caption":"Di\u00e1rio da Lagoa"},"url":"https:\/\/diariodalagoa.pt\/fr\/author\/diariodalagoa\/"}]}},"_links":{"self":[{"href":"https:\/\/diariodalagoa.pt\/fr\/wp-json\/wp\/v2\/posts\/144724"}],"collection":[{"href":"https:\/\/diariodalagoa.pt\/fr\/wp-json\/wp\/v2\/posts"}],"about":[{"href":"https:\/\/diariodalagoa.pt\/fr\/wp-json\/wp\/v2\/types\/post"}],"author":[{"embeddable":true,"href":"https:\/\/diariodalagoa.pt\/fr\/wp-json\/wp\/v2\/users\/2"}],"replies":[{"embeddable":true,"href":"https:\/\/diariodalagoa.pt\/fr\/wp-json\/wp\/v2\/comments?post=144724"}],"version-history":[{"count":18,"href":"https:\/\/diariodalagoa.pt\/fr\/wp-json\/wp\/v2\/posts\/144724\/revisions"}],"predecessor-version":[{"id":145595,"href":"https:\/\/diariodalagoa.pt\/fr\/wp-json\/wp\/v2\/posts\/144724\/revisions\/145595"}],"wp:featuredmedia":[{"embeddable":true,"href":"https:\/\/diariodalagoa.pt\/fr\/wp-json\/wp\/v2\/media\/144852"}],"wp:attachment":[{"href":"https:\/\/diariodalagoa.pt\/fr\/wp-json\/wp\/v2\/media?parent=144724"}],"wp:term":[{"taxonomy":"category","embeddable":true,"href":"https:\/\/diariodalagoa.pt\/fr\/wp-json\/wp\/v2\/categories?post=144724"},{"taxonomy":"post_tag","embeddable":true,"href":"https:\/\/diariodalagoa.pt\/fr\/wp-json\/wp\/v2\/tags?post=144724"}],"curies":[{"name":"wp","href":"https:\/\/api.w.org\/{rel}","templated":true}]}}