{"id":142110,"date":"2024-10-14T12:12:41","date_gmt":"2024-10-14T12:12:41","guid":{"rendered":"https:\/\/diariodalagoa.pt\/?p=142110"},"modified":"2024-10-14T12:12:43","modified_gmt":"2024-10-14T12:12:43","slug":"diaspora-acoriana-ajuda-a-prestigiar-regiao-afirma-jose-manuel-bolieiro","status":"publish","type":"post","link":"https:\/\/diariodalagoa.pt\/fr\/diaspora-acoriana-ajuda-a-prestigiar-regiao-afirma-jose-manuel-bolieiro\/","title":{"rendered":"Di\u00e1spora a\u00e7oriana \u201cajuda a prestigiar\u201d regi\u00e3o afirma Jos\u00e9 Manuel Bolieiro"},"content":{"rendered":"<figure class=\"wp-block-image size-full\"><img decoding=\"async\" width=\"960\" height=\"640\" src=\"https:\/\/diariodalagoa.pt\/wp-content\/uploads\/2024\/10\/diaspora-acoriana-2024-gra-mm.jpg\" alt=\"\" class=\"wp-image-142111\" srcset=\"https:\/\/diariodalagoa.pt\/wp-content\/uploads\/2024\/10\/diaspora-acoriana-2024-gra-mm.jpg 960w, https:\/\/diariodalagoa.pt\/wp-content\/uploads\/2024\/10\/diaspora-acoriana-2024-gra-mm-300x200.jpg 300w, https:\/\/diariodalagoa.pt\/wp-content\/uploads\/2024\/10\/diaspora-acoriana-2024-gra-mm-768x512.jpg 768w, https:\/\/diariodalagoa.pt\/wp-content\/uploads\/2024\/10\/diaspora-acoriana-2024-gra-mm-18x12.jpg 18w\" sizes=\"(max-width: 960px) 100vw, 960px\" \/><figcaption class=\"wp-element-caption\"><mark style=\"background-color:rgba(0, 0, 0, 0)\" class=\"has-inline-color has-cyan-bluish-gray-color\"><sup>\u00a9 GRA\/MM<\/sup><\/mark><\/figcaption><\/figure>\n\n\n\n<p>O presidente do Governo dos A\u00e7ores, Jos\u00e9 Manuel Bolieiro, presidiu, ontem, 13 de outubro, \u00e0 cerim\u00f3nia de encerramento da XXVI Assembleia Geral do Conselho Mundial das Casas dos A\u00e7ores (CMCA), realizada na ilha de S\u00e3o Jorge, onde destacou a import\u00e2ncia da di\u00e1spora a\u00e7oriana na valoriza\u00e7\u00e3o da identidade cultural dos A\u00e7ores, segundo nota do governo regional.<\/p>\n\n\n\n<p>O encontro, que decorreu ao longo desta semana, sublinhou o papel vital das Casas dos A\u00e7ores na manuten\u00e7\u00e3o de la\u00e7os culturais e sociais entre o arquip\u00e9lago e as comunidades a\u00e7orianas espalhadas pelo mundo.<\/p>\n\n\n\n<p>Com representantes de v\u00e1rias regi\u00f5es, incluindo Canad\u00e1, Estados Unidos, Brasil e Portugal continental, o encontro celebrou a for\u00e7a da di\u00e1spora a\u00e7oriana e a sua contribui\u00e7\u00e3o cont\u00ednua para o prest\u00edgio dos A\u00e7ores a n\u00edvel internacional.<\/p>\n\n\n\n<p>Jos\u00e9 Manuel Bolieiro salientou a import\u00e2ncia do trabalho conjunto entre o Governo dos A\u00e7ores e as Casas dos A\u00e7ores, destacando o impacto positivo da di\u00e1spora na \u201cafirma\u00e7\u00e3o\u201d da cultura a\u00e7oriana al\u00e9m-fronteiras.<\/p>\n\n\n\n<p>\u201cA nossa di\u00e1spora, por ser prestigiada, ajuda a prestigiar os A\u00e7ores, ajuda a prestigiar a nossa autonomia pol\u00edtica e a exist\u00eancia dos nossos \u00f3rg\u00e3os de governo pr\u00f3prio\u201d, afirmou Jos\u00e9 Manuel Bolieiro.<\/p>\n\n\n\n<p>O governante expressou ainda o seu \u201corgulho\u201d pelo papel da di\u00e1spora ao longo dos s\u00e9culos, nas terras onde foram acolhidos, real\u00e7ando o respeito conquistado pelos A\u00e7ores no panorama internacional, l\u00ea-se ainda, no mesmo comunicado.<\/p>\n\n\n\n<p>Durante o evento, foram atribu\u00eddas medalhas de m\u00e9rito a tr\u00eas figuras a\u00e7orianas que se destacam pela sua contribui\u00e7\u00e3o para a comunidade em Toronto: Ant\u00f3nio \u201cTabico\u201d C\u00e2mara (a t\u00edtulo p\u00f3stumo), Cid\u00e1lia de Sousa e Grinoalda Pav\u00e3o. Al\u00e9m disso, o Queijo de S\u00e3o Jorge foi eleito produto a\u00e7oriano de qualidade deste ano, refor\u00e7ando o reconhecimento internacional dos produtos t\u00edpicos do arquip\u00e9lago.<\/p>\n\n\n\n<p>A presid\u00eancia anual do CMCA passou oficialmente da Casa dos A\u00e7ores do Ont\u00e1rio, no Canad\u00e1, para a sua cong\u00e9nere da Nova Inglaterra, nos Estados Unidos, marcando uma nova fase de coopera\u00e7\u00e3o entre as Casas dos A\u00e7ores e as suas respetivas regi\u00f5es.<\/p>\n\n\n\n<p>O CMCA, fundado em 1997, tem como miss\u00e3o promover iniciativas que fortale\u00e7am as rela\u00e7\u00f5es culturais, sociais e econ\u00f3micas entre os A\u00e7ores e a sua di\u00e1spora.<\/p>\n\n\n\n<p>Jos\u00e9 Manuel Bolieiro aproveitou a ocasi\u00e3o para expressar um agradecimento especial a Suzanne Cunha, presidente cessante do CMCA, pelo trabalho e dedica\u00e7\u00e3o demonstrados ao longo do seu mandato.<\/p>\n\n\n\n<p>O governante felicitou ainda Francisco Viveiros, o novo presidente do CMCA, desejando-lhe sucesso na continua\u00e7\u00e3o desta miss\u00e3o, na consolida\u00e7\u00e3o de iniciativas que promovem a a\u00e7orianidade e fortale\u00e7am os la\u00e7os das comunidades a\u00e7orianas espalhadas pelo mundo.<\/p>\n\n\n\n<p>A cerim\u00f3nia contou ainda com a presen\u00e7a do secret\u00e1rio regional dos Assuntos Parlamentares e das Comunidades, Paulo Est\u00eav\u00e3o, e do presidente da C\u00e2mara Municipal das Velas, Lu\u00eds Silveira, refor\u00e7ando o apoio institucional e a relev\u00e2ncia deste importante encontro.<\/p>\n\n\n\n<p>O governante aproveitou o momento para destacar tamb\u00e9m o papel crucial da comunica\u00e7\u00e3o social a\u00e7oriana, que tem ajudado a aproximar a di\u00e1spora dos A\u00e7ores.<\/p>\n\n\n\n<p>\u201cA comunica\u00e7\u00e3o social tem sido fundamental n\u00e3o s\u00f3 na cobertura noticiosa, mas tamb\u00e9m atrav\u00e9s de programas criativos que promovem a literacia e o reconhecimento da nossa di\u00e1spora, espalhada pelo mundo\u201d, afirmou.<\/p>\n\n\n\n<p>&#8220;O evento, decorrido na ilha de S\u00e3o Jorge, simboliza a uni\u00e3o e o orgulho a\u00e7oriano, refor\u00e7ando assim a import\u00e2ncia de o Governo dos A\u00e7ores, junto das Casas a\u00e7orianas espalhadas pelo mundo, continuar a construir um futuro em que as ra\u00edzes e a identidade a\u00e7oriana se mantenham vivas e se projetem globalmente, atrav\u00e9s das novas gera\u00e7\u00f5es de a\u00e7orianos pelo mundo&#8221;, conclui o comunicado do Governo regional.<\/p>","protected":false},"excerpt":{"rendered":"<p>O presidente do Governo a\u00e7oriano falava na Assembleia Geral do Conselho Mundial das Casas dos A\u00e7ores, evento que celebrou a for\u00e7a da di\u00e1spora a\u00e7oriana.<\/p>","protected":false},"author":2,"featured_media":142111,"comment_status":"closed","ping_status":"open","sticky":false,"template":"","format":"standard","meta":[],"categories":[21],"tags":[31,833,1739,1740],"acf":[],"yoast_head":"<!-- This site is optimized with the Yoast SEO plugin v20.10 - https:\/\/yoast.com\/wordpress\/plugins\/seo\/ -->\n<title>Di\u00e1spora a\u00e7oriana \u201cajuda a prestigiar\u201d regi\u00e3o afirma Jos\u00e9 Manuel Bolieiro - Di\u00e1rio da Lagoa<\/title>\n<meta name=\"description\" content=\"O presidente do Governo a\u00e7oriano falava na Assembleia Geral do Conselho Mundial das Casas dos A\u00e7ores, evento que celebrou a for\u00e7a da di\u00e1spora a\u00e7oriana.\" \/>\n<meta name=\"robots\" content=\"index, follow, max-snippet:-1, max-image-preview:large, max-video-preview:-1\" \/>\n<link rel=\"canonical\" href=\"https:\/\/diariodalagoa.pt\/fr\/diaspora-acoriana-ajuda-a-prestigiar-regiao-afirma-jose-manuel-bolieiro\/\" \/>\n<meta property=\"og:locale\" content=\"fr_FR\" \/>\n<meta property=\"og:type\" content=\"article\" \/>\n<meta property=\"og:title\" content=\"Di\u00e1spora a\u00e7oriana \u201cajuda a prestigiar\u201d regi\u00e3o afirma Jos\u00e9 Manuel Bolieiro - Di\u00e1rio da Lagoa\" \/>\n<meta property=\"og:description\" content=\"O presidente do Governo a\u00e7oriano falava na Assembleia Geral do Conselho Mundial das Casas dos A\u00e7ores, evento que celebrou a for\u00e7a da di\u00e1spora a\u00e7oriana.\" \/>\n<meta property=\"og:url\" content=\"https:\/\/diariodalagoa.pt\/fr\/diaspora-acoriana-ajuda-a-prestigiar-regiao-afirma-jose-manuel-bolieiro\/\" \/>\n<meta property=\"og:site_name\" content=\"Di\u00e1rio da Lagoa\" \/>\n<meta property=\"article:published_time\" content=\"2024-10-14T12:12:41+00:00\" \/>\n<meta property=\"article:modified_time\" content=\"2024-10-14T12:12:43+00:00\" \/>\n<meta property=\"og:image\" content=\"https:\/\/diariodalagoa.pt\/wp-content\/uploads\/2024\/10\/diaspora-acoriana-2024-gra-mm.jpg\" \/>\n\t<meta property=\"og:image:width\" content=\"960\" \/>\n\t<meta property=\"og:image:height\" content=\"640\" \/>\n\t<meta property=\"og:image:type\" content=\"image\/jpeg\" \/>\n<meta name=\"author\" content=\"Di\u00e1rio da Lagoa\" \/>\n<meta name=\"twitter:card\" content=\"summary_large_image\" \/>\n<meta name=\"twitter:label1\" content=\"\u00c9crit par\" \/>\n\t<meta name=\"twitter:data1\" content=\"Di\u00e1rio da Lagoa\" \/>\n\t<meta name=\"twitter:label2\" content=\"Dur\u00e9e de lecture estim\u00e9e\" \/>\n\t<meta name=\"twitter:data2\" content=\"4 minutes\" \/>\n<script type=\"application\/ld+json\" class=\"yoast-schema-graph\">{\"@context\":\"https:\/\/schema.org\",\"@graph\":[{\"@type\":\"WebPage\",\"@id\":\"https:\/\/diariodalagoa.pt\/diaspora-acoriana-ajuda-a-prestigiar-regiao-afirma-jose-manuel-bolieiro\/\",\"url\":\"https:\/\/diariodalagoa.pt\/diaspora-acoriana-ajuda-a-prestigiar-regiao-afirma-jose-manuel-bolieiro\/\",\"name\":\"Di\u00e1spora a\u00e7oriana \u201cajuda a prestigiar\u201d regi\u00e3o afirma Jos\u00e9 Manuel Bolieiro - Di\u00e1rio da Lagoa\",\"isPartOf\":{\"@id\":\"https:\/\/diariodalagoa.pt\/#website\"},\"datePublished\":\"2024-10-14T12:12:41+00:00\",\"dateModified\":\"2024-10-14T12:12:43+00:00\",\"author\":{\"@id\":\"https:\/\/diariodalagoa.pt\/#\/schema\/person\/1615a002370e8857b6f972834bc43ece\"},\"description\":\"O presidente do Governo a\u00e7oriano falava na Assembleia Geral do Conselho Mundial das Casas dos A\u00e7ores, evento que celebrou a for\u00e7a da di\u00e1spora a\u00e7oriana.\",\"breadcrumb\":{\"@id\":\"https:\/\/diariodalagoa.pt\/diaspora-acoriana-ajuda-a-prestigiar-regiao-afirma-jose-manuel-bolieiro\/#breadcrumb\"},\"inLanguage\":\"fr-FR\",\"potentialAction\":[{\"@type\":\"ReadAction\",\"target\":[\"https:\/\/diariodalagoa.pt\/diaspora-acoriana-ajuda-a-prestigiar-regiao-afirma-jose-manuel-bolieiro\/\"]}]},{\"@type\":\"BreadcrumbList\",\"@id\":\"https:\/\/diariodalagoa.pt\/diaspora-acoriana-ajuda-a-prestigiar-regiao-afirma-jose-manuel-bolieiro\/#breadcrumb\",\"itemListElement\":[{\"@type\":\"ListItem\",\"position\":1,\"name\":\"In\u00edcio\",\"item\":\"https:\/\/diariodalagoa.pt\/\"},{\"@type\":\"ListItem\",\"position\":2,\"name\":\"Di\u00e1spora a\u00e7oriana \u201cajuda a prestigiar\u201d regi\u00e3o afirma Jos\u00e9 Manuel Bolieiro\"}]},{\"@type\":\"WebSite\",\"@id\":\"https:\/\/diariodalagoa.pt\/#website\",\"url\":\"https:\/\/diariodalagoa.pt\/\",\"name\":\"Di\u00e1rio da Lagoa\",\"description\":\"Di\u00e1rio da Lagoa. As not\u00edcias que contam. A partir da Lagoa, nos A\u00e7ores, para o mundo.\",\"potentialAction\":[{\"@type\":\"SearchAction\",\"target\":{\"@type\":\"EntryPoint\",\"urlTemplate\":\"https:\/\/diariodalagoa.pt\/?s={search_term_string}\"},\"query-input\":\"required name=search_term_string\"}],\"inLanguage\":\"fr-FR\"},{\"@type\":\"Person\",\"@id\":\"https:\/\/diariodalagoa.pt\/#\/schema\/person\/1615a002370e8857b6f972834bc43ece\",\"name\":\"Di\u00e1rio da Lagoa\",\"image\":{\"@type\":\"ImageObject\",\"inLanguage\":\"fr-FR\",\"@id\":\"https:\/\/diariodalagoa.pt\/#\/schema\/person\/image\/\",\"url\":\"https:\/\/secure.gravatar.com\/avatar\/2cb5cef90a26f8fbd4d9d930608102c5?s=96&d=mm&r=g\",\"contentUrl\":\"https:\/\/secure.gravatar.com\/avatar\/2cb5cef90a26f8fbd4d9d930608102c5?s=96&d=mm&r=g\",\"caption\":\"Di\u00e1rio da Lagoa\"},\"url\":\"https:\/\/diariodalagoa.pt\/fr\/author\/diariodalagoa\/\"}]}<\/script>\n<!-- \/ Yoast SEO plugin. -->","yoast_head_json":{"title":"Di\u00e1spora a\u00e7oriana \u201cajuda a prestigiar\u201d regi\u00e3o afirma Jos\u00e9 Manuel Bolieiro - Di\u00e1rio da Lagoa","description":"O presidente do Governo a\u00e7oriano falava na Assembleia Geral do Conselho Mundial das Casas dos A\u00e7ores, evento que celebrou a for\u00e7a da di\u00e1spora a\u00e7oriana.","robots":{"index":"index","follow":"follow","max-snippet":"max-snippet:-1","max-image-preview":"max-image-preview:large","max-video-preview":"max-video-preview:-1"},"canonical":"https:\/\/diariodalagoa.pt\/fr\/diaspora-acoriana-ajuda-a-prestigiar-regiao-afirma-jose-manuel-bolieiro\/","og_locale":"fr_FR","og_type":"article","og_title":"Di\u00e1spora a\u00e7oriana \u201cajuda a prestigiar\u201d regi\u00e3o afirma Jos\u00e9 Manuel Bolieiro - Di\u00e1rio da Lagoa","og_description":"O presidente do Governo a\u00e7oriano falava na Assembleia Geral do Conselho Mundial das Casas dos A\u00e7ores, evento que celebrou a for\u00e7a da di\u00e1spora a\u00e7oriana.","og_url":"https:\/\/diariodalagoa.pt\/fr\/diaspora-acoriana-ajuda-a-prestigiar-regiao-afirma-jose-manuel-bolieiro\/","og_site_name":"Di\u00e1rio da Lagoa","article_published_time":"2024-10-14T12:12:41+00:00","article_modified_time":"2024-10-14T12:12:43+00:00","og_image":[{"width":960,"height":640,"url":"https:\/\/diariodalagoa.pt\/wp-content\/uploads\/2024\/10\/diaspora-acoriana-2024-gra-mm.jpg","type":"image\/jpeg"}],"author":"Di\u00e1rio da Lagoa","twitter_card":"summary_large_image","twitter_misc":{"\u00c9crit par":"Di\u00e1rio da Lagoa","Dur\u00e9e de lecture estim\u00e9e":"4 minutes"},"schema":{"@context":"https:\/\/schema.org","@graph":[{"@type":"WebPage","@id":"https:\/\/diariodalagoa.pt\/diaspora-acoriana-ajuda-a-prestigiar-regiao-afirma-jose-manuel-bolieiro\/","url":"https:\/\/diariodalagoa.pt\/diaspora-acoriana-ajuda-a-prestigiar-regiao-afirma-jose-manuel-bolieiro\/","name":"Di\u00e1spora a\u00e7oriana \u201cajuda a prestigiar\u201d regi\u00e3o afirma Jos\u00e9 Manuel Bolieiro - Di\u00e1rio da Lagoa","isPartOf":{"@id":"https:\/\/diariodalagoa.pt\/#website"},"datePublished":"2024-10-14T12:12:41+00:00","dateModified":"2024-10-14T12:12:43+00:00","author":{"@id":"https:\/\/diariodalagoa.pt\/#\/schema\/person\/1615a002370e8857b6f972834bc43ece"},"description":"O presidente do Governo a\u00e7oriano falava na Assembleia Geral do Conselho Mundial das Casas dos A\u00e7ores, evento que celebrou a for\u00e7a da di\u00e1spora a\u00e7oriana.","breadcrumb":{"@id":"https:\/\/diariodalagoa.pt\/diaspora-acoriana-ajuda-a-prestigiar-regiao-afirma-jose-manuel-bolieiro\/#breadcrumb"},"inLanguage":"fr-FR","potentialAction":[{"@type":"ReadAction","target":["https:\/\/diariodalagoa.pt\/diaspora-acoriana-ajuda-a-prestigiar-regiao-afirma-jose-manuel-bolieiro\/"]}]},{"@type":"BreadcrumbList","@id":"https:\/\/diariodalagoa.pt\/diaspora-acoriana-ajuda-a-prestigiar-regiao-afirma-jose-manuel-bolieiro\/#breadcrumb","itemListElement":[{"@type":"ListItem","position":1,"name":"In\u00edcio","item":"https:\/\/diariodalagoa.pt\/"},{"@type":"ListItem","position":2,"name":"Di\u00e1spora a\u00e7oriana \u201cajuda a prestigiar\u201d regi\u00e3o afirma Jos\u00e9 Manuel Bolieiro"}]},{"@type":"WebSite","@id":"https:\/\/diariodalagoa.pt\/#website","url":"https:\/\/diariodalagoa.pt\/","name":"Di\u00e1rio da Lagoa","description":"Di\u00e1rio da Lagoa. As not\u00edcias que contam. A partir da Lagoa, nos A\u00e7ores, para o mundo.","potentialAction":[{"@type":"SearchAction","target":{"@type":"EntryPoint","urlTemplate":"https:\/\/diariodalagoa.pt\/?s={search_term_string}"},"query-input":"required name=search_term_string"}],"inLanguage":"fr-FR"},{"@type":"Person","@id":"https:\/\/diariodalagoa.pt\/#\/schema\/person\/1615a002370e8857b6f972834bc43ece","name":"Di\u00e1rio da Lagoa","image":{"@type":"ImageObject","inLanguage":"fr-FR","@id":"https:\/\/diariodalagoa.pt\/#\/schema\/person\/image\/","url":"https:\/\/secure.gravatar.com\/avatar\/2cb5cef90a26f8fbd4d9d930608102c5?s=96&d=mm&r=g","contentUrl":"https:\/\/secure.gravatar.com\/avatar\/2cb5cef90a26f8fbd4d9d930608102c5?s=96&d=mm&r=g","caption":"Di\u00e1rio da Lagoa"},"url":"https:\/\/diariodalagoa.pt\/fr\/author\/diariodalagoa\/"}]}},"_links":{"self":[{"href":"https:\/\/diariodalagoa.pt\/fr\/wp-json\/wp\/v2\/posts\/142110"}],"collection":[{"href":"https:\/\/diariodalagoa.pt\/fr\/wp-json\/wp\/v2\/posts"}],"about":[{"href":"https:\/\/diariodalagoa.pt\/fr\/wp-json\/wp\/v2\/types\/post"}],"author":[{"embeddable":true,"href":"https:\/\/diariodalagoa.pt\/fr\/wp-json\/wp\/v2\/users\/2"}],"replies":[{"embeddable":true,"href":"https:\/\/diariodalagoa.pt\/fr\/wp-json\/wp\/v2\/comments?post=142110"}],"version-history":[{"count":6,"href":"https:\/\/diariodalagoa.pt\/fr\/wp-json\/wp\/v2\/posts\/142110\/revisions"}],"predecessor-version":[{"id":142117,"href":"https:\/\/diariodalagoa.pt\/fr\/wp-json\/wp\/v2\/posts\/142110\/revisions\/142117"}],"wp:featuredmedia":[{"embeddable":true,"href":"https:\/\/diariodalagoa.pt\/fr\/wp-json\/wp\/v2\/media\/142111"}],"wp:attachment":[{"href":"https:\/\/diariodalagoa.pt\/fr\/wp-json\/wp\/v2\/media?parent=142110"}],"wp:term":[{"taxonomy":"category","embeddable":true,"href":"https:\/\/diariodalagoa.pt\/fr\/wp-json\/wp\/v2\/categories?post=142110"},{"taxonomy":"post_tag","embeddable":true,"href":"https:\/\/diariodalagoa.pt\/fr\/wp-json\/wp\/v2\/tags?post=142110"}],"curies":[{"name":"wp","href":"https:\/\/api.w.org\/{rel}","templated":true}]}}