{"id":141074,"date":"2024-10-08T17:22:30","date_gmt":"2024-10-08T17:22:30","guid":{"rendered":"https:\/\/diariodalagoa.pt\/?p=141074"},"modified":"2025-09-27T21:38:24","modified_gmt":"2025-09-27T21:38:24","slug":"o-parlapatao","status":"publish","type":"post","link":"https:\/\/diariodalagoa.pt\/fr\/o-parlapatao\/","title":{"rendered":"O Parlapat\u00e3o"},"content":{"rendered":"<div class=\"wp-block-image is-style-rounded\">\n<figure class=\"aligncenter size-full is-resized\"><img decoding=\"async\" src=\"https:\/\/diariodalagoa.pt\/wp-content\/uploads\/2024\/09\/rui-tavares-de-faria-1.jpg\" alt=\"\" class=\"wp-image-140593\" width=\"446\" height=\"446\" srcset=\"https:\/\/diariodalagoa.pt\/wp-content\/uploads\/2024\/09\/rui-tavares-de-faria-1.jpg 960w, https:\/\/diariodalagoa.pt\/wp-content\/uploads\/2024\/09\/rui-tavares-de-faria-1-300x300.jpg 300w, https:\/\/diariodalagoa.pt\/wp-content\/uploads\/2024\/09\/rui-tavares-de-faria-1-150x150.jpg 150w, https:\/\/diariodalagoa.pt\/wp-content\/uploads\/2024\/09\/rui-tavares-de-faria-1-768x768.jpg 768w, https:\/\/diariodalagoa.pt\/wp-content\/uploads\/2024\/09\/rui-tavares-de-faria-1-12x12.jpg 12w\" sizes=\"(max-width: 446px) 100vw, 446px\" \/><\/figure><\/div>\n\n\n<div style=\"height:25px\" aria-hidden=\"true\" class=\"wp-block-spacer\"><\/div>\n\n\n<p style=\"text-align: center;\"><b>Rui Tavares de Faria<\/b><br>Professor e Investigador<\/p>\n<p><\/p>\n<p>Depois de, por raz\u00f5es v\u00e1rias, termos dado f\u00e9rias aos <i>Caracteres<\/i>, de Teofrasto, eis que, em conson\u00e2ncia cronol\u00f3gica com o regresso \u00e0s aulas, voltamos a dedicar este espa\u00e7o \u00e0 recria\u00e7\u00e3o modernizada \u2013 e bem-disposta \u2013 dos tipos humanos que comp\u00f5em o tratado \u00e9tico do disc\u00edpulo de Arist\u00f3teles. E, ap\u00f3s dois meses de sil\u00eancio, nada como abordar o \u201cParlapat\u00e3o\u201d, o s\u00e9timo retrato da obra de Teofrasto. \u00c9 designa\u00e7\u00e3o do conhecimento geral o termo \u201cParlapat\u00e3o\u201d que nomeia esta figura humana e que a tradutora escolheu como sendo ilustrativo, em l\u00edngua portuguesa, do nome grego \u201c\u039b\u03b1\u03bb\u03b9\u03ac\u201d (lali\u00e1), onomatopeia sugestiva \u201cdo efeito de um desarrazoado verbal que soa a um ininterrupto e inintelig\u00edvel la-la-la\u201d, segundo as palavras de Maria de F\u00e1tima Silva.<\/p>\n<p>De facto, tamb\u00e9m em portugu\u00eas a palavra \u201cParlapat\u00e3o\u201d tem na sua base morfol\u00f3gica a terceira pessoa do singular, no presente do indicativo, do verbo \u201cpalrar\u201d, que se aplica ao ato de articular sons imperfeitos ou dif\u00edceis de perceber, o mesmo \u00e9 dizer incompreens\u00edveis \u00e0 audi\u00e7\u00e3o, e o nome \u201cpat\u00e3o\u201d, que tanto pode designar um tipo de cal\u00e7ado r\u00fastico aberto no calcanhar, como pode ser o aumentativo da esp\u00e9cie aqu\u00e1tica pertencente \u00e0 fam\u00edlia <i>anatidae<\/i> a que chamamos \u201cpato\u201d. A considerar esta \u00faltima ace\u00e7\u00e3o, o \u201cParlapat\u00e3o\u201d \u00e9 aquele indiv\u00edduo que, \u00e0 semelhan\u00e7a de um grande pato, grasna \u201ca torto e a direito\u201d, tornando-se, por isso, incomodativo e distinto do tagarela, outro dos caracteres de Teofrasto sobre o qual j\u00e1 aqui escrevemos.<\/p>\n<p>Ora, o autor grego diz que \u201ca parlapatice, se se lhe quiser encontrar uma defini\u00e7\u00e3o, \u00e9 uma esp\u00e9cie de incontin\u00eancia do discurso\u201d (<i>Char.<\/i> 7.1.), ou seja, \u00e9 a verbaliza\u00e7\u00e3o descontrolada por parte de algu\u00e9m que, conforme o caracteriza Teofrasto, interrompe tudo e todos para fazer valer a sua voz, tenha ela ou n\u00e3o enquadramento no conversa em que se intromete sem escr\u00fapulos: \u201cseja o que for que lhe diga algu\u00e9m que o encontra por acaso, ele salta logo a reclamar que n\u00e3o \u00e9 nada disso, que ele \u00e9 quem est\u00e1 bem por dentro do assunto, e que, se se lhe quiser prestar aten\u00e7\u00e3o, se ficar\u00e1 ao corrente do que aconteceu.\u201d (<i>Char.<\/i> 7.2.). Seguramente o meu caro leitor j\u00e1 recuperou da sua mem\u00f3ria os parlapat\u00f5es com quem se cruzou ao longo dos tempos. Oh! Quantos h\u00e1! S\u00e3o uma esp\u00e9cie de mexeriqueiros especializados, detentores do conhecimento (quase) total acerca de qualquer assunto ou pessoa. Por vezes, s\u00e3o-nos \u00fateis, diga-se a verdade, mas, na maior parte das situa\u00e7\u00f5es, tornam-se incomodativos, impertinentes e cansativos. Teofrasto refere que o \u201cParlapat\u00e3o\u201d recorre ami\u00fade ao argumento \u201c\u00c9-me dif\u00edcil estar calado!\u201d (<i>Char.<\/i> 7.9.); e a n\u00f3s? N\u00e3o \u00e9 igualmente ou t\u00e3o mais dif\u00edcil estar de ouvidos abertos \u00e0 verborreia que sai da boca de um incontinente discursivo?<\/p>\n<p>Por outro lado, nos dias que correm, usa tamb\u00e9m a m\u00e1scara de \u201cParlapat\u00e3o\u201d o indiv\u00edduo mais solit\u00e1rio. Como passa grande parte do seu tempo sozinho e isolado (op\u00e7\u00e3o ou imposi\u00e7\u00e3o?), sem falar com ningu\u00e9m, mal se abeira de quem quer que seja solta a l\u00edngua e n\u00e3o se cala; \u201cse algu\u00e9m lhe diz que s\u00e3o horas de ir andando, ele vai atr\u00e1s e acompanha o sujeito at\u00e9 \u00e0 porta de casa.\u201d (<i>Char.<\/i> 7.6.) E o pior \u00e9 quando se convida a entrar, n\u00e3o s\u00f3 para continuar a palrar e a palrar, mas tamb\u00e9m para se sentar \u00e0 mesa daquele que o foi ouvindo (ou n\u00e3o) o caminho todo at\u00e9 ao seu domic\u00edlio. Notamos que h\u00e1 cada vez mais parlapat\u00f5es desta esp\u00e9cie. E quando n\u00e3o nos abordam frente a frente, tentam imp\u00f4-lo por telefone. O objetivo, que \u00e9 fazer-se ouvir a todo o custo, cumpre-se tamb\u00e9m nesta modalidade intercomunicativa. O efeito \u00e9 o mesmo: a conversa resulta em cansa\u00e7o e a sugest\u00e3o, da nossa parte, o importunado, de uma despedida leva o \u201cParlapat\u00e3o\u201d a insistir num dado assunto ou a avan\u00e7ar para um novo tema para nos manter em linha.<\/p>\n<p>Se nos propus\u00e9ssemos fazer uma analogia entre o \u201cParlapat\u00e3o\u201d e outros tipos \u00e9ticos, encontrar\u00edamos uma multiplicidade de op\u00e7\u00f5es, porque ele \u00e9 a personifica\u00e7\u00e3o do aborrecimento, da imod\u00e9stia, da falta de no\u00e7\u00e3o, enfim. Das sugest\u00f5es que nos poderiam ocorrer, em mat\u00e9ria de preven\u00e7\u00e3o do contacto com este car\u00e1cter, o uso frequente de auriculares parece-nos a mais acertada \u2013 e engra\u00e7ada. O meu caro leitor j\u00e1 se apercebeu de que, nas mais variadas ocasi\u00f5es (estar no local de trabalho procurando concentra\u00e7\u00e3o, andar de avi\u00e3o de forma relaxada, estar a caminhar ou at\u00e9 aguardar por uma consulta na sala de espera), o uso de <i>phones<\/i>, mesmo que n\u00e3o se esteja a ouvir m\u00fasica, revela ser o melhor repelente dos parlapat\u00f5es? \u00c9 verdade. Esteja ele, o \u201cParlapat\u00e3o\u201d, em qualquer uma situa\u00e7\u00f5es antes apresentadas entre par\u00eanteses, sentado ao nosso lado, se nos vir de ouvidos tapados, tem ao menos o discernimento de n\u00e3o nos dirigir a palavra. \u00c9 certo que pode tocar-nos no ombro ou no bra\u00e7o ou procurar um encontro de olhar para abrir, sem hesitar, a boca, mas temos sempre a op\u00e7\u00e3o de fingir que n\u00e3o \u00e9 connosco.<\/p>\n<p>Al\u00e9m desta hip\u00f3tese e tendo em conta o grau de familiaridade que tenhamos com o \u201cParlapat\u00e3o\u201d que se aproxima de n\u00f3s e nos interrompe como se fosse mal-educado (que tamb\u00e9m pode ser, mas estamos em crer que a parlapatice ser\u00e1, igualmente, uma certa patologia ps\u00edquica por identificar), podemos sempre proceder do mesmo modo como ele se nos dirige, isto \u00e9, n\u00e3o o deixamos falar, cortamos-lhe a palavra, elevamos a voz, usamos da mesma incontin\u00eancia discursiva de que ele padece para lhe fecharmos a boca. Este cen\u00e1rio, que pode converter-se num epis\u00f3dio hilariante, pretende demonstrar que a solu\u00e7\u00e3o de um dado problema, como \u00e9 o de lidar com um \u201cParlapat\u00e3o\u201d, passa muitas vezes por um mecanismo de reflexo, o passar o feiti\u00e7o para o feiticeiro. A\u00ed reside, pensamos n\u00f3s, um ant\u00eddoto eficaz para afastar do nosso sossego n\u00e3o s\u00f3 os parlapat\u00f5es, mas tamb\u00e9m todas as esp\u00e9cies humanas que se nos afiguram nocivas, volunt\u00e1ria ou involuntariamente.<\/p>","protected":false},"excerpt":{"rendered":"<p>\u201cParlapat\u00e3o\u201d \u00e9 aquele indiv\u00edduo que, \u00e0 semelhan\u00e7a de um grande pato, grasna \u201ca torto e a direito\u201d,<\/p>","protected":false},"author":2,"featured_media":140593,"comment_status":"open","ping_status":"closed","sticky":false,"template":"","format":"standard","meta":[],"categories":[11],"tags":[31,192,193,269],"acf":[],"yoast_head":"<!-- This site is optimized with the Yoast SEO plugin v20.10 - https:\/\/yoast.com\/wordpress\/plugins\/seo\/ -->\n<title>O Parlapat\u00e3o - Di\u00e1rio da Lagoa<\/title>\n<meta name=\"description\" content=\"Segundo Rui Tavares de Faria, o \u00ab\u201cParlapat\u00e3o\u201d \u00e9 aquele indiv\u00edduo que, \u00e0 semelhan\u00e7a de um grande pato, grasna \u201ca torto e a direito\u201d\u00bb.\" \/>\n<meta name=\"robots\" content=\"index, follow, max-snippet:-1, max-image-preview:large, max-video-preview:-1\" \/>\n<link rel=\"canonical\" href=\"https:\/\/diariodalagoa.pt\/fr\/o-parlapatao\/\" \/>\n<meta property=\"og:locale\" content=\"fr_FR\" \/>\n<meta property=\"og:type\" content=\"article\" \/>\n<meta property=\"og:title\" content=\"O Parlapat\u00e3o - Di\u00e1rio da Lagoa\" \/>\n<meta property=\"og:description\" content=\"Segundo Rui Tavares de Faria, o \u00ab\u201cParlapat\u00e3o\u201d \u00e9 aquele indiv\u00edduo que, \u00e0 semelhan\u00e7a de um grande pato, grasna \u201ca torto e a direito\u201d\u00bb.\" \/>\n<meta property=\"og:url\" content=\"https:\/\/diariodalagoa.pt\/fr\/o-parlapatao\/\" \/>\n<meta property=\"og:site_name\" content=\"Di\u00e1rio da Lagoa\" \/>\n<meta property=\"article:published_time\" content=\"2024-10-08T17:22:30+00:00\" \/>\n<meta property=\"article:modified_time\" content=\"2025-09-27T21:38:24+00:00\" \/>\n<meta property=\"og:image\" content=\"https:\/\/diariodalagoa.pt\/wp-content\/uploads\/2024\/09\/rui-tavares-de-faria-1.jpg\" \/>\n\t<meta property=\"og:image:width\" content=\"960\" \/>\n\t<meta property=\"og:image:height\" content=\"960\" \/>\n\t<meta property=\"og:image:type\" content=\"image\/jpeg\" \/>\n<meta name=\"author\" content=\"Di\u00e1rio da Lagoa\" \/>\n<meta name=\"twitter:card\" content=\"summary_large_image\" \/>\n<meta name=\"twitter:label1\" content=\"\u00c9crit par\" \/>\n\t<meta name=\"twitter:data1\" content=\"Di\u00e1rio da Lagoa\" \/>\n\t<meta name=\"twitter:label2\" content=\"Dur\u00e9e de lecture estim\u00e9e\" \/>\n\t<meta name=\"twitter:data2\" content=\"6 minutes\" \/>\n<script type=\"application\/ld+json\" class=\"yoast-schema-graph\">{\"@context\":\"https:\/\/schema.org\",\"@graph\":[{\"@type\":\"WebPage\",\"@id\":\"https:\/\/diariodalagoa.pt\/o-parlapatao\/\",\"url\":\"https:\/\/diariodalagoa.pt\/o-parlapatao\/\",\"name\":\"O Parlapat\u00e3o - Di\u00e1rio da Lagoa\",\"isPartOf\":{\"@id\":\"https:\/\/diariodalagoa.pt\/#website\"},\"datePublished\":\"2024-10-08T17:22:30+00:00\",\"dateModified\":\"2025-09-27T21:38:24+00:00\",\"author\":{\"@id\":\"https:\/\/diariodalagoa.pt\/#\/schema\/person\/1615a002370e8857b6f972834bc43ece\"},\"description\":\"Segundo Rui Tavares de Faria, o \u00ab\u201cParlapat\u00e3o\u201d \u00e9 aquele indiv\u00edduo que, \u00e0 semelhan\u00e7a de um grande pato, grasna \u201ca torto e a direito\u201d\u00bb.\",\"breadcrumb\":{\"@id\":\"https:\/\/diariodalagoa.pt\/o-parlapatao\/#breadcrumb\"},\"inLanguage\":\"fr-FR\",\"potentialAction\":[{\"@type\":\"ReadAction\",\"target\":[\"https:\/\/diariodalagoa.pt\/o-parlapatao\/\"]}]},{\"@type\":\"BreadcrumbList\",\"@id\":\"https:\/\/diariodalagoa.pt\/o-parlapatao\/#breadcrumb\",\"itemListElement\":[{\"@type\":\"ListItem\",\"position\":1,\"name\":\"In\u00edcio\",\"item\":\"https:\/\/diariodalagoa.pt\/\"},{\"@type\":\"ListItem\",\"position\":2,\"name\":\"O Parlapat\u00e3o\"}]},{\"@type\":\"WebSite\",\"@id\":\"https:\/\/diariodalagoa.pt\/#website\",\"url\":\"https:\/\/diariodalagoa.pt\/\",\"name\":\"Di\u00e1rio da Lagoa\",\"description\":\"Di\u00e1rio da Lagoa. As not\u00edcias que contam. A partir da Lagoa, nos A\u00e7ores, para o mundo.\",\"potentialAction\":[{\"@type\":\"SearchAction\",\"target\":{\"@type\":\"EntryPoint\",\"urlTemplate\":\"https:\/\/diariodalagoa.pt\/?s={search_term_string}\"},\"query-input\":\"required name=search_term_string\"}],\"inLanguage\":\"fr-FR\"},{\"@type\":\"Person\",\"@id\":\"https:\/\/diariodalagoa.pt\/#\/schema\/person\/1615a002370e8857b6f972834bc43ece\",\"name\":\"Di\u00e1rio da Lagoa\",\"image\":{\"@type\":\"ImageObject\",\"inLanguage\":\"fr-FR\",\"@id\":\"https:\/\/diariodalagoa.pt\/#\/schema\/person\/image\/\",\"url\":\"https:\/\/secure.gravatar.com\/avatar\/2cb5cef90a26f8fbd4d9d930608102c5?s=96&d=mm&r=g\",\"contentUrl\":\"https:\/\/secure.gravatar.com\/avatar\/2cb5cef90a26f8fbd4d9d930608102c5?s=96&d=mm&r=g\",\"caption\":\"Di\u00e1rio da Lagoa\"},\"url\":\"https:\/\/diariodalagoa.pt\/fr\/author\/diariodalagoa\/\"}]}<\/script>\n<!-- \/ Yoast SEO plugin. -->","yoast_head_json":{"title":"O Parlapat\u00e3o - Di\u00e1rio da Lagoa","description":"Segundo Rui Tavares de Faria, o \u00ab\u201cParlapat\u00e3o\u201d \u00e9 aquele indiv\u00edduo que, \u00e0 semelhan\u00e7a de um grande pato, grasna \u201ca torto e a direito\u201d\u00bb.","robots":{"index":"index","follow":"follow","max-snippet":"max-snippet:-1","max-image-preview":"max-image-preview:large","max-video-preview":"max-video-preview:-1"},"canonical":"https:\/\/diariodalagoa.pt\/fr\/o-parlapatao\/","og_locale":"fr_FR","og_type":"article","og_title":"O Parlapat\u00e3o - Di\u00e1rio da Lagoa","og_description":"Segundo Rui Tavares de Faria, o \u00ab\u201cParlapat\u00e3o\u201d \u00e9 aquele indiv\u00edduo que, \u00e0 semelhan\u00e7a de um grande pato, grasna \u201ca torto e a direito\u201d\u00bb.","og_url":"https:\/\/diariodalagoa.pt\/fr\/o-parlapatao\/","og_site_name":"Di\u00e1rio da Lagoa","article_published_time":"2024-10-08T17:22:30+00:00","article_modified_time":"2025-09-27T21:38:24+00:00","og_image":[{"width":960,"height":960,"url":"https:\/\/diariodalagoa.pt\/wp-content\/uploads\/2024\/09\/rui-tavares-de-faria-1.jpg","type":"image\/jpeg"}],"author":"Di\u00e1rio da Lagoa","twitter_card":"summary_large_image","twitter_misc":{"\u00c9crit par":"Di\u00e1rio da Lagoa","Dur\u00e9e de lecture estim\u00e9e":"6 minutes"},"schema":{"@context":"https:\/\/schema.org","@graph":[{"@type":"WebPage","@id":"https:\/\/diariodalagoa.pt\/o-parlapatao\/","url":"https:\/\/diariodalagoa.pt\/o-parlapatao\/","name":"O Parlapat\u00e3o - Di\u00e1rio da Lagoa","isPartOf":{"@id":"https:\/\/diariodalagoa.pt\/#website"},"datePublished":"2024-10-08T17:22:30+00:00","dateModified":"2025-09-27T21:38:24+00:00","author":{"@id":"https:\/\/diariodalagoa.pt\/#\/schema\/person\/1615a002370e8857b6f972834bc43ece"},"description":"Segundo Rui Tavares de Faria, o \u00ab\u201cParlapat\u00e3o\u201d \u00e9 aquele indiv\u00edduo que, \u00e0 semelhan\u00e7a de um grande pato, grasna \u201ca torto e a direito\u201d\u00bb.","breadcrumb":{"@id":"https:\/\/diariodalagoa.pt\/o-parlapatao\/#breadcrumb"},"inLanguage":"fr-FR","potentialAction":[{"@type":"ReadAction","target":["https:\/\/diariodalagoa.pt\/o-parlapatao\/"]}]},{"@type":"BreadcrumbList","@id":"https:\/\/diariodalagoa.pt\/o-parlapatao\/#breadcrumb","itemListElement":[{"@type":"ListItem","position":1,"name":"In\u00edcio","item":"https:\/\/diariodalagoa.pt\/"},{"@type":"ListItem","position":2,"name":"O Parlapat\u00e3o"}]},{"@type":"WebSite","@id":"https:\/\/diariodalagoa.pt\/#website","url":"https:\/\/diariodalagoa.pt\/","name":"Di\u00e1rio da Lagoa","description":"Di\u00e1rio da Lagoa. As not\u00edcias que contam. A partir da Lagoa, nos A\u00e7ores, para o mundo.","potentialAction":[{"@type":"SearchAction","target":{"@type":"EntryPoint","urlTemplate":"https:\/\/diariodalagoa.pt\/?s={search_term_string}"},"query-input":"required name=search_term_string"}],"inLanguage":"fr-FR"},{"@type":"Person","@id":"https:\/\/diariodalagoa.pt\/#\/schema\/person\/1615a002370e8857b6f972834bc43ece","name":"Di\u00e1rio da Lagoa","image":{"@type":"ImageObject","inLanguage":"fr-FR","@id":"https:\/\/diariodalagoa.pt\/#\/schema\/person\/image\/","url":"https:\/\/secure.gravatar.com\/avatar\/2cb5cef90a26f8fbd4d9d930608102c5?s=96&d=mm&r=g","contentUrl":"https:\/\/secure.gravatar.com\/avatar\/2cb5cef90a26f8fbd4d9d930608102c5?s=96&d=mm&r=g","caption":"Di\u00e1rio da Lagoa"},"url":"https:\/\/diariodalagoa.pt\/fr\/author\/diariodalagoa\/"}]}},"_links":{"self":[{"href":"https:\/\/diariodalagoa.pt\/fr\/wp-json\/wp\/v2\/posts\/141074"}],"collection":[{"href":"https:\/\/diariodalagoa.pt\/fr\/wp-json\/wp\/v2\/posts"}],"about":[{"href":"https:\/\/diariodalagoa.pt\/fr\/wp-json\/wp\/v2\/types\/post"}],"author":[{"embeddable":true,"href":"https:\/\/diariodalagoa.pt\/fr\/wp-json\/wp\/v2\/users\/2"}],"replies":[{"embeddable":true,"href":"https:\/\/diariodalagoa.pt\/fr\/wp-json\/wp\/v2\/comments?post=141074"}],"version-history":[{"count":6,"href":"https:\/\/diariodalagoa.pt\/fr\/wp-json\/wp\/v2\/posts\/141074\/revisions"}],"predecessor-version":[{"id":158874,"href":"https:\/\/diariodalagoa.pt\/fr\/wp-json\/wp\/v2\/posts\/141074\/revisions\/158874"}],"wp:featuredmedia":[{"embeddable":true,"href":"https:\/\/diariodalagoa.pt\/fr\/wp-json\/wp\/v2\/media\/140593"}],"wp:attachment":[{"href":"https:\/\/diariodalagoa.pt\/fr\/wp-json\/wp\/v2\/media?parent=141074"}],"wp:term":[{"taxonomy":"category","embeddable":true,"href":"https:\/\/diariodalagoa.pt\/fr\/wp-json\/wp\/v2\/categories?post=141074"},{"taxonomy":"post_tag","embeddable":true,"href":"https:\/\/diariodalagoa.pt\/fr\/wp-json\/wp\/v2\/tags?post=141074"}],"curies":[{"name":"wp","href":"https:\/\/api.w.org\/{rel}","templated":true}]}}