{"id":13567,"date":"2015-02-06T11:24:14","date_gmt":"2015-02-06T12:24:14","guid":{"rendered":"http:\/\/diariodalagoa.pt\/?p=13567"},"modified":"2015-02-06T11:24:14","modified_gmt":"2015-02-06T12:24:14","slug":"sergio-avila-reitera-aposta-do-governo-dos-acores-na-qualificacao-profissional","status":"publish","type":"post","link":"https:\/\/diariodalagoa.pt\/fr\/sergio-avila-reitera-aposta-do-governo-dos-acores-na-qualificacao-profissional\/","title":{"rendered":"S\u00e9rgio \u00c1vila reitera aposta do Governo dos A\u00e7ores na qualifica\u00e7\u00e3o profissional"},"content":{"rendered":"<p style=\"text-align: justify;\"><img decoding=\"async\" class=\"alignnone size-full wp-image-12825\" src=\"http:\/\/diariodalagoa.pt\/wp-content\/uploads\/2015\/01\/Sergio-Avila-declara\u00e7\u00f5es-jornalistas-governo-A\u00e7ores.jpg\" alt=\"Sergio-Avila-declara\u00e7\u00f5es-jornalistas-governo-A\u00e7ores\" width=\"720\" height=\"380\" \/><\/p>\n<p style=\"text-align: justify;\"><span style=\"color: #000000;\">O Vice-Presidente do Governo afirmou que \u201co volume da oferta formativa, bem como do financiamento que lhe est\u00e1 associado, \u00e9 a melhor demonstra\u00e7\u00e3o, materializada em a\u00e7\u00f5es concretas, da aposta do Governo dos A\u00e7ores na qualifica\u00e7\u00e3o dos A\u00e7orianos\u201d.\u00a0<\/span><\/p>\n<p style=\"text-align: justify;\"><span style=\"color: #000000;\">Para S\u00e9rgio \u00c1vila, trata-se de uma \u201cestrat\u00e9gia facilitadora\u201d da inser\u00e7\u00e3o dos A\u00e7orianos no mercado de trabalho e, ao mesmo tempo, \u201cuma forma de eleva\u00e7\u00e3o dos n\u00edveis de literacia\u201d.\u00a0<\/span><\/p>\n<p style=\"text-align: justify;\"><span style=\"color: #000000;\">S\u00e9rgio \u00c1vila, que falava quinta-feira na cerim\u00f3nia de entrega de diplomas\u00a0a formandos\u00a0da Escola Profissional da Santa Casa da Miseric\u00f3rdia de Angra do Hero\u00edsmo, real\u00e7ou \u201co sucesso e a qualidade da forma\u00e7\u00e3o\u201d ministrada na Regi\u00e3o como fator de realiza\u00e7\u00e3o pessoal e profissional dos formandos.\u00a0<\/span><\/p>\n<p style=\"text-align: justify;\"><span style=\"color: #000000;\">Nesse sentido,\u00a0sustentou que isso tem reflexos no \u201ccrescimento da produtividade das empresas\u201d e constitui um \u201cmotor para a cria\u00e7\u00e3o de novas empresas, dotadas de quadros qualificados com compet\u00eancias \u00e0 altura dos desafios que se colocam\u201d.\u00a0<\/span><\/p>\n<p style=\"text-align: justify;\"><span style=\"color: #000000;\">Os cursos de T\u00e9cnico de Higiene e Seguran\u00e7a no Trabalho e Ambiente e de T\u00e9cnico de Rece\u00e7\u00e3o, que agora terminaram na Escola Profissional da Santa Casa da Miseric\u00f3rdia de Angra do Hero\u00edsmo, integram-se num total de 218 cursos do ensino profissional ministrados na Regi\u00e3o.\u00a0<\/span><\/p>\n<p style=\"text-align: justify;\"><span style=\"color: #000000;\">Na sua interven\u00e7\u00e3o, o\u00a0Vice-Presidente do Governo revelou que, \u201cs\u00f3 durante o ano de 2014, esses cursos abrangeram 4.239 participantes, com um financiamento aproximado de 20 milh\u00f5es de euros, tendo o total do financiamento das principais a\u00e7\u00f5es formativas abrangido mais de 9.000 a\u00e7orianos e\u00a0correspondido a 26 milh\u00f5es de euros de financiamento\u201d.\u00a0<\/span><\/p>\n<p style=\"text-align: justify;\"><span style=\"color: #000000;\">O Vice-Presidente do Governo revelou, a prop\u00f3sito, que \u201cno \u00e2mbito do Reativar Escolar, em 2014 foram lecionados pelas escolas profissionais da regi\u00e3o 22 cursos, que possibilitaram que 302 desempregados e sem o 12.\u00ba ano de escolaridade o pudessem adquirir\u201d.\u00a0<\/span><\/p>\n<p style=\"text-align: justify;\"><span style=\"color: #000000;\">O objetivo principal, acentuou o governante, foi o de \u201celevar os n\u00edveis de qualifica\u00e7\u00e3o destes desempregados para uma retoma mais f\u00e1cil e qualificada ao mercado de trabalho, disponibilizando-se para o efeito um financiamento de cerca de 1,7 milh\u00f5es de euros\u201d.\u00a0<\/span><\/p>\n<p style=\"text-align: justify;\"><span style=\"color: #000000;\">S\u00e9rgio \u00c1vila enalteceu o papel das escolas profissionais como parceiras \u201cno prop\u00f3sito de qualificar os A\u00e7orianos, de modo a promover a sua empregabilidade e, por essa via, a sua realiza\u00e7\u00e3o enquanto profissionais\u201d, assegurando que, com a implementa\u00e7\u00e3o do Programa Operacional A\u00e7ores 2020, fica garantida a continuidade dessa parceria.\u00a0<\/span><\/p>\n<p style=\"text-align: justify;\"><span style=\"color: #000000;\">O Vice-Presidente salientou que o novo Quadro Comunit\u00e1rio exige \u201cum maior grau de compromisso das entidades benefici\u00e1rias com os respetivos objetivos\u201d, frisando que, \u201cpor exemplo, e no que se refere aos participantes nos cursos de dupla certifica\u00e7\u00e3o de n\u00edvel IV, prev\u00ea-se que em 2023 cerca de 80% tenham obtido o respetivo certificado\u201d.<\/span><\/p>\n<p style=\"text-align: justify;\"><span style=\"color: #000000;\"><em>DL\/Gacs<\/em><\/span><\/p>","protected":false},"excerpt":{"rendered":"<p>O Vice-Presidente do Governo afirmou que \u201co volume da oferta formativa, bem como do financiamento que lhe est\u00e1 associado, \u00e9 a melhor demonstra\u00e7\u00e3o, materializada em a\u00e7\u00f5es concretas, da aposta do Governo dos A\u00e7ores na qualifica\u00e7\u00e3o dos A\u00e7orianos\u201d.\u00a0 Para S\u00e9rgio \u00c1vila, trata-se de uma \u201cestrat\u00e9gia facilitadora\u201d da inser\u00e7\u00e3o dos A\u00e7orianos no mercado de trabalho e, ao [&hellip;]<\/p>","protected":false},"author":2,"featured_media":0,"comment_status":"open","ping_status":"open","sticky":false,"template":"","format":"standard","meta":[],"categories":[21],"tags":[],"acf":[],"yoast_head":"<!-- This site is optimized with the Yoast SEO plugin v20.10 - https:\/\/yoast.com\/wordpress\/plugins\/seo\/ -->\n<title>S\u00e9rgio \u00c1vila reitera aposta do Governo dos A\u00e7ores na qualifica\u00e7\u00e3o profissional - Di\u00e1rio da Lagoa<\/title>\n<meta name=\"robots\" content=\"index, follow, max-snippet:-1, max-image-preview:large, max-video-preview:-1\" \/>\n<link rel=\"canonical\" href=\"https:\/\/diariodalagoa.pt\/fr\/sergio-avila-reitera-aposta-do-governo-dos-acores-na-qualificacao-profissional\/\" \/>\n<meta property=\"og:locale\" content=\"fr_FR\" \/>\n<meta property=\"og:type\" content=\"article\" \/>\n<meta property=\"og:title\" content=\"S\u00e9rgio \u00c1vila reitera aposta do Governo dos A\u00e7ores na qualifica\u00e7\u00e3o profissional - Di\u00e1rio da Lagoa\" \/>\n<meta property=\"og:description\" content=\"O Vice-Presidente do Governo afirmou que \u201co volume da oferta formativa, bem como do financiamento que lhe est\u00e1 associado, \u00e9 a melhor demonstra\u00e7\u00e3o, materializada em a\u00e7\u00f5es concretas, da aposta do Governo dos A\u00e7ores na qualifica\u00e7\u00e3o dos A\u00e7orianos\u201d.\u00a0 Para S\u00e9rgio \u00c1vila, trata-se de uma \u201cestrat\u00e9gia facilitadora\u201d da inser\u00e7\u00e3o dos A\u00e7orianos no mercado de trabalho e, ao [&hellip;]\" \/>\n<meta property=\"og:url\" content=\"https:\/\/diariodalagoa.pt\/fr\/sergio-avila-reitera-aposta-do-governo-dos-acores-na-qualificacao-profissional\/\" \/>\n<meta property=\"og:site_name\" content=\"Di\u00e1rio da Lagoa\" \/>\n<meta property=\"article:published_time\" content=\"2015-02-06T12:24:14+00:00\" \/>\n<meta name=\"author\" content=\"Di\u00e1rio da Lagoa\" \/>\n<meta name=\"twitter:card\" content=\"summary_large_image\" \/>\n<meta name=\"twitter:label1\" content=\"\u00c9crit par\" \/>\n\t<meta name=\"twitter:data1\" content=\"Di\u00e1rio da Lagoa\" \/>\n\t<meta name=\"twitter:label2\" content=\"Dur\u00e9e de lecture estim\u00e9e\" \/>\n\t<meta name=\"twitter:data2\" content=\"2 minutes\" \/>\n<script type=\"application\/ld+json\" class=\"yoast-schema-graph\">{\"@context\":\"https:\/\/schema.org\",\"@graph\":[{\"@type\":\"WebPage\",\"@id\":\"https:\/\/diariodalagoa.pt\/sergio-avila-reitera-aposta-do-governo-dos-acores-na-qualificacao-profissional\/\",\"url\":\"https:\/\/diariodalagoa.pt\/sergio-avila-reitera-aposta-do-governo-dos-acores-na-qualificacao-profissional\/\",\"name\":\"S\u00e9rgio \u00c1vila reitera aposta do Governo dos A\u00e7ores na qualifica\u00e7\u00e3o profissional - Di\u00e1rio da Lagoa\",\"isPartOf\":{\"@id\":\"https:\/\/diariodalagoa.pt\/#website\"},\"datePublished\":\"2015-02-06T12:24:14+00:00\",\"dateModified\":\"2015-02-06T12:24:14+00:00\",\"author\":{\"@id\":\"https:\/\/diariodalagoa.pt\/#\/schema\/person\/1615a002370e8857b6f972834bc43ece\"},\"breadcrumb\":{\"@id\":\"https:\/\/diariodalagoa.pt\/sergio-avila-reitera-aposta-do-governo-dos-acores-na-qualificacao-profissional\/#breadcrumb\"},\"inLanguage\":\"fr-FR\",\"potentialAction\":[{\"@type\":\"ReadAction\",\"target\":[\"https:\/\/diariodalagoa.pt\/sergio-avila-reitera-aposta-do-governo-dos-acores-na-qualificacao-profissional\/\"]}]},{\"@type\":\"BreadcrumbList\",\"@id\":\"https:\/\/diariodalagoa.pt\/sergio-avila-reitera-aposta-do-governo-dos-acores-na-qualificacao-profissional\/#breadcrumb\",\"itemListElement\":[{\"@type\":\"ListItem\",\"position\":1,\"name\":\"In\u00edcio\",\"item\":\"https:\/\/diariodalagoa.pt\/\"},{\"@type\":\"ListItem\",\"position\":2,\"name\":\"S\u00e9rgio \u00c1vila reitera aposta do Governo dos A\u00e7ores na qualifica\u00e7\u00e3o profissional\"}]},{\"@type\":\"WebSite\",\"@id\":\"https:\/\/diariodalagoa.pt\/#website\",\"url\":\"https:\/\/diariodalagoa.pt\/\",\"name\":\"Di\u00e1rio da Lagoa\",\"description\":\"Di\u00e1rio da Lagoa. As not\u00edcias que contam. A partir da Lagoa, nos A\u00e7ores, para o mundo.\",\"potentialAction\":[{\"@type\":\"SearchAction\",\"target\":{\"@type\":\"EntryPoint\",\"urlTemplate\":\"https:\/\/diariodalagoa.pt\/?s={search_term_string}\"},\"query-input\":\"required name=search_term_string\"}],\"inLanguage\":\"fr-FR\"},{\"@type\":\"Person\",\"@id\":\"https:\/\/diariodalagoa.pt\/#\/schema\/person\/1615a002370e8857b6f972834bc43ece\",\"name\":\"Di\u00e1rio da Lagoa\",\"image\":{\"@type\":\"ImageObject\",\"inLanguage\":\"fr-FR\",\"@id\":\"https:\/\/diariodalagoa.pt\/#\/schema\/person\/image\/\",\"url\":\"https:\/\/secure.gravatar.com\/avatar\/2cb5cef90a26f8fbd4d9d930608102c5?s=96&d=mm&r=g\",\"contentUrl\":\"https:\/\/secure.gravatar.com\/avatar\/2cb5cef90a26f8fbd4d9d930608102c5?s=96&d=mm&r=g\",\"caption\":\"Di\u00e1rio da Lagoa\"},\"url\":\"https:\/\/diariodalagoa.pt\/fr\/author\/diariodalagoa\/\"}]}<\/script>\n<!-- \/ Yoast SEO plugin. -->","yoast_head_json":{"title":"S\u00e9rgio \u00c1vila reitera aposta do Governo dos A\u00e7ores na qualifica\u00e7\u00e3o profissional - Di\u00e1rio da Lagoa","robots":{"index":"index","follow":"follow","max-snippet":"max-snippet:-1","max-image-preview":"max-image-preview:large","max-video-preview":"max-video-preview:-1"},"canonical":"https:\/\/diariodalagoa.pt\/fr\/sergio-avila-reitera-aposta-do-governo-dos-acores-na-qualificacao-profissional\/","og_locale":"fr_FR","og_type":"article","og_title":"S\u00e9rgio \u00c1vila reitera aposta do Governo dos A\u00e7ores na qualifica\u00e7\u00e3o profissional - Di\u00e1rio da Lagoa","og_description":"O Vice-Presidente do Governo afirmou que \u201co volume da oferta formativa, bem como do financiamento que lhe est\u00e1 associado, \u00e9 a melhor demonstra\u00e7\u00e3o, materializada em a\u00e7\u00f5es concretas, da aposta do Governo dos A\u00e7ores na qualifica\u00e7\u00e3o dos A\u00e7orianos\u201d.\u00a0 Para S\u00e9rgio \u00c1vila, trata-se de uma \u201cestrat\u00e9gia facilitadora\u201d da inser\u00e7\u00e3o dos A\u00e7orianos no mercado de trabalho e, ao [&hellip;]","og_url":"https:\/\/diariodalagoa.pt\/fr\/sergio-avila-reitera-aposta-do-governo-dos-acores-na-qualificacao-profissional\/","og_site_name":"Di\u00e1rio da Lagoa","article_published_time":"2015-02-06T12:24:14+00:00","author":"Di\u00e1rio da Lagoa","twitter_card":"summary_large_image","twitter_misc":{"\u00c9crit par":"Di\u00e1rio da Lagoa","Dur\u00e9e de lecture estim\u00e9e":"2 minutes"},"schema":{"@context":"https:\/\/schema.org","@graph":[{"@type":"WebPage","@id":"https:\/\/diariodalagoa.pt\/sergio-avila-reitera-aposta-do-governo-dos-acores-na-qualificacao-profissional\/","url":"https:\/\/diariodalagoa.pt\/sergio-avila-reitera-aposta-do-governo-dos-acores-na-qualificacao-profissional\/","name":"S\u00e9rgio \u00c1vila reitera aposta do Governo dos A\u00e7ores na qualifica\u00e7\u00e3o profissional - Di\u00e1rio da Lagoa","isPartOf":{"@id":"https:\/\/diariodalagoa.pt\/#website"},"datePublished":"2015-02-06T12:24:14+00:00","dateModified":"2015-02-06T12:24:14+00:00","author":{"@id":"https:\/\/diariodalagoa.pt\/#\/schema\/person\/1615a002370e8857b6f972834bc43ece"},"breadcrumb":{"@id":"https:\/\/diariodalagoa.pt\/sergio-avila-reitera-aposta-do-governo-dos-acores-na-qualificacao-profissional\/#breadcrumb"},"inLanguage":"fr-FR","potentialAction":[{"@type":"ReadAction","target":["https:\/\/diariodalagoa.pt\/sergio-avila-reitera-aposta-do-governo-dos-acores-na-qualificacao-profissional\/"]}]},{"@type":"BreadcrumbList","@id":"https:\/\/diariodalagoa.pt\/sergio-avila-reitera-aposta-do-governo-dos-acores-na-qualificacao-profissional\/#breadcrumb","itemListElement":[{"@type":"ListItem","position":1,"name":"In\u00edcio","item":"https:\/\/diariodalagoa.pt\/"},{"@type":"ListItem","position":2,"name":"S\u00e9rgio \u00c1vila reitera aposta do Governo dos A\u00e7ores na qualifica\u00e7\u00e3o profissional"}]},{"@type":"WebSite","@id":"https:\/\/diariodalagoa.pt\/#website","url":"https:\/\/diariodalagoa.pt\/","name":"Di\u00e1rio da Lagoa","description":"Di\u00e1rio da Lagoa. As not\u00edcias que contam. A partir da Lagoa, nos A\u00e7ores, para o mundo.","potentialAction":[{"@type":"SearchAction","target":{"@type":"EntryPoint","urlTemplate":"https:\/\/diariodalagoa.pt\/?s={search_term_string}"},"query-input":"required name=search_term_string"}],"inLanguage":"fr-FR"},{"@type":"Person","@id":"https:\/\/diariodalagoa.pt\/#\/schema\/person\/1615a002370e8857b6f972834bc43ece","name":"Di\u00e1rio da Lagoa","image":{"@type":"ImageObject","inLanguage":"fr-FR","@id":"https:\/\/diariodalagoa.pt\/#\/schema\/person\/image\/","url":"https:\/\/secure.gravatar.com\/avatar\/2cb5cef90a26f8fbd4d9d930608102c5?s=96&d=mm&r=g","contentUrl":"https:\/\/secure.gravatar.com\/avatar\/2cb5cef90a26f8fbd4d9d930608102c5?s=96&d=mm&r=g","caption":"Di\u00e1rio da Lagoa"},"url":"https:\/\/diariodalagoa.pt\/fr\/author\/diariodalagoa\/"}]}},"_links":{"self":[{"href":"https:\/\/diariodalagoa.pt\/fr\/wp-json\/wp\/v2\/posts\/13567"}],"collection":[{"href":"https:\/\/diariodalagoa.pt\/fr\/wp-json\/wp\/v2\/posts"}],"about":[{"href":"https:\/\/diariodalagoa.pt\/fr\/wp-json\/wp\/v2\/types\/post"}],"author":[{"embeddable":true,"href":"https:\/\/diariodalagoa.pt\/fr\/wp-json\/wp\/v2\/users\/2"}],"replies":[{"embeddable":true,"href":"https:\/\/diariodalagoa.pt\/fr\/wp-json\/wp\/v2\/comments?post=13567"}],"version-history":[{"count":0,"href":"https:\/\/diariodalagoa.pt\/fr\/wp-json\/wp\/v2\/posts\/13567\/revisions"}],"wp:attachment":[{"href":"https:\/\/diariodalagoa.pt\/fr\/wp-json\/wp\/v2\/media?parent=13567"}],"wp:term":[{"taxonomy":"category","embeddable":true,"href":"https:\/\/diariodalagoa.pt\/fr\/wp-json\/wp\/v2\/categories?post=13567"},{"taxonomy":"post_tag","embeddable":true,"href":"https:\/\/diariodalagoa.pt\/fr\/wp-json\/wp\/v2\/tags?post=13567"}],"curies":[{"name":"wp","href":"https:\/\/api.w.org\/{rel}","templated":true}]}}