{"id":13487,"date":"2015-02-04T19:09:54","date_gmt":"2015-02-04T20:09:54","guid":{"rendered":"http:\/\/diariodalagoa.pt\/?p=13487"},"modified":"2015-02-04T19:09:54","modified_gmt":"2015-02-04T20:09:54","slug":"governo-dos-acores-esta-de-forma-sustentada-e-progressiva-a-reduzir-o-desemprego-e-a-aumentar-o-emprego","status":"publish","type":"post","link":"https:\/\/diariodalagoa.pt\/fr\/governo-dos-acores-esta-de-forma-sustentada-e-progressiva-a-reduzir-o-desemprego-e-a-aumentar-o-emprego\/","title":{"rendered":"Governo dos A\u00e7ores est\u00e1, de forma sustentada e progressiva, a reduzir o desemprego e a aumentar o emprego"},"content":{"rendered":"<p style=\"text-align: justify;\"><img decoding=\"async\" class=\"alignnone size-full wp-image-4895\" src=\"http:\/\/diariodalagoa.pt\/wp-content\/uploads\/2014\/05\/Sergio-Avila-governo-a\u00e7ores1.jpg\" alt=\"Sergio-Avila-governo-a\u00e7ores\" width=\"720\" height=\"380\" \/><\/p>\n<p style=\"text-align: justify;\"><span style=\"color: #000000;\">O Vice-Presidente do Governo dos A\u00e7ores real\u00e7ou que os dados divulgados pelo Instituto Nacional de Estat\u00edstica (INE) revelam que a Regi\u00e3o, \u201cao contr\u00e1rio do resto do pa\u00eds\u201d, registou no \u00faltimo trimestre de 2014 uma diminui\u00e7\u00e3o da taxa de desemprego.\u00a0<\/span><\/p>\n<p style=\"text-align: justify;\"><span style=\"color: #000000;\">Para S\u00e9rgio \u00c1vila, \u201cmant\u00e9m-se nos A\u00e7ores uma trajet\u00f3ria de redu\u00e7\u00e3o progressiva da taxa de desemprego, ao contr\u00e1rio do pa\u00eds, onde, no \u00faltimo trimestre, houve uma subida do desemprego\u201d.\u00a0<\/span><\/p>\n<p style=\"text-align: justify;\"><span style=\"color: #000000;\">O governante sublinhou, no entanto, que, mais importante, \u00e9 o facto de os dados revelados demonstrarem que \u201ca popula\u00e7\u00e3o empregada nos A\u00e7ores cresceu cerca de quatro por cento, ou seja, no final de 2014 havia mais 3.754 a\u00e7orianos empregados do que no final de 2013 e registavam-se menos 1.875 desempregados\u201d.\u00a0<\/span><\/p>\n<p style=\"text-align: justify;\"><span style=\"color: #000000;\">S\u00e9rgio \u00c1vila destacou tamb\u00e9m que o INE estima a popula\u00e7\u00e3o empregada nos A\u00e7ores em 103.518 pessoas, \u201co valor mais alto desde o terceiro trimestre de 2011, ou seja, nos \u00faltimos 13 trimestres nunca houve tantos postos de trabalho criados e ocupados\u201d.\u00a0<\/span><\/p>\n<p style=\"text-align: justify;\"><span style=\"color: #000000;\">Nos A\u00e7ores, segundo o INE, o n\u00famero de desempregados no \u00faltimo trimestre de 2014 diminuiu nove por cento face ao trimestre hom\u00f3logo de 2013, o que,\u00a0para S\u00e9rgio \u00c1vila, \u00e9 sinal de que o Governo Regional \u201cest\u00e1 na trajet\u00f3ria certa\u201d.\u00a0\u00a0<\/span><\/p>\n<p style=\"text-align: justify;\"><span style=\"color: #000000;\">Para o Vice-Presidente do Governo, fica acentuada \u201ca convic\u00e7\u00e3o de que a prioridade ao emprego deve n\u00e3o s\u00f3 continuar como deve ser refor\u00e7ada\u201d, prosseguindo uma estrat\u00e9gia que tem vindo a ser delineada e que permite j\u00e1 perspetivar, face aos resultados entretanto alcan\u00e7ados, que \u201cem 2015 vamos refor\u00e7ar essa trajet\u00f3ria de crescimento do emprego e de redu\u00e7\u00e3o do desemprego nos A\u00e7ores\u201d.<\/span><\/p>\n<p style=\"text-align: justify;\"><span style=\"color: #000000;\"><em>DL\/GaCS<\/em><\/span><\/p>","protected":false},"excerpt":{"rendered":"<p>O Vice-Presidente do Governo dos A\u00e7ores real\u00e7ou que os dados divulgados pelo Instituto Nacional de Estat\u00edstica (INE) revelam que a Regi\u00e3o, \u201cao contr\u00e1rio do resto do pa\u00eds\u201d, registou no \u00faltimo trimestre de 2014 uma diminui\u00e7\u00e3o da taxa de desemprego.\u00a0 Para S\u00e9rgio \u00c1vila, \u201cmant\u00e9m-se nos A\u00e7ores uma trajet\u00f3ria de redu\u00e7\u00e3o progressiva da taxa de desemprego, ao [&hellip;]<\/p>","protected":false},"author":2,"featured_media":121563,"comment_status":"open","ping_status":"open","sticky":false,"template":"","format":"standard","meta":[],"categories":[21],"tags":[],"acf":[],"yoast_head":"<!-- This site is optimized with the Yoast SEO plugin v20.10 - https:\/\/yoast.com\/wordpress\/plugins\/seo\/ -->\n<title>Governo dos A\u00e7ores est\u00e1, de forma sustentada e progressiva, a reduzir o desemprego e a aumentar o emprego - Di\u00e1rio da Lagoa<\/title>\n<meta name=\"robots\" content=\"index, follow, max-snippet:-1, max-image-preview:large, max-video-preview:-1\" \/>\n<link rel=\"canonical\" href=\"https:\/\/diariodalagoa.pt\/fr\/governo-dos-acores-esta-de-forma-sustentada-e-progressiva-a-reduzir-o-desemprego-e-a-aumentar-o-emprego\/\" \/>\n<meta property=\"og:locale\" content=\"fr_FR\" \/>\n<meta property=\"og:type\" content=\"article\" \/>\n<meta property=\"og:title\" content=\"Governo dos A\u00e7ores est\u00e1, de forma sustentada e progressiva, a reduzir o desemprego e a aumentar o emprego - Di\u00e1rio da Lagoa\" \/>\n<meta property=\"og:description\" content=\"O Vice-Presidente do Governo dos A\u00e7ores real\u00e7ou que os dados divulgados pelo Instituto Nacional de Estat\u00edstica (INE) revelam que a Regi\u00e3o, \u201cao contr\u00e1rio do resto do pa\u00eds\u201d, registou no \u00faltimo trimestre de 2014 uma diminui\u00e7\u00e3o da taxa de desemprego.\u00a0 Para S\u00e9rgio \u00c1vila, \u201cmant\u00e9m-se nos A\u00e7ores uma trajet\u00f3ria de redu\u00e7\u00e3o progressiva da taxa de desemprego, ao [&hellip;]\" \/>\n<meta property=\"og:url\" content=\"https:\/\/diariodalagoa.pt\/fr\/governo-dos-acores-esta-de-forma-sustentada-e-progressiva-a-reduzir-o-desemprego-e-a-aumentar-o-emprego\/\" \/>\n<meta property=\"og:site_name\" content=\"Di\u00e1rio da Lagoa\" \/>\n<meta property=\"article:published_time\" content=\"2015-02-04T20:09:54+00:00\" \/>\n<meta property=\"og:image\" content=\"https:\/\/diariodalagoa.pt\/wp-content\/uploads\/2015\/02\/sergio-avila.jpg\" \/>\n\t<meta property=\"og:image:width\" content=\"720\" \/>\n\t<meta property=\"og:image:height\" content=\"380\" \/>\n\t<meta property=\"og:image:type\" content=\"image\/jpeg\" \/>\n<meta name=\"author\" content=\"Di\u00e1rio da Lagoa\" \/>\n<meta name=\"twitter:card\" content=\"summary_large_image\" \/>\n<meta name=\"twitter:label1\" content=\"\u00c9crit par\" \/>\n\t<meta name=\"twitter:data1\" content=\"Di\u00e1rio da Lagoa\" \/>\n\t<meta name=\"twitter:label2\" content=\"Dur\u00e9e de lecture estim\u00e9e\" \/>\n\t<meta name=\"twitter:data2\" content=\"1 minute\" \/>\n<script type=\"application\/ld+json\" class=\"yoast-schema-graph\">{\"@context\":\"https:\/\/schema.org\",\"@graph\":[{\"@type\":\"WebPage\",\"@id\":\"https:\/\/diariodalagoa.pt\/governo-dos-acores-esta-de-forma-sustentada-e-progressiva-a-reduzir-o-desemprego-e-a-aumentar-o-emprego\/\",\"url\":\"https:\/\/diariodalagoa.pt\/governo-dos-acores-esta-de-forma-sustentada-e-progressiva-a-reduzir-o-desemprego-e-a-aumentar-o-emprego\/\",\"name\":\"Governo dos A\u00e7ores est\u00e1, de forma sustentada e progressiva, a reduzir o desemprego e a aumentar o emprego - Di\u00e1rio da Lagoa\",\"isPartOf\":{\"@id\":\"https:\/\/diariodalagoa.pt\/#website\"},\"datePublished\":\"2015-02-04T20:09:54+00:00\",\"dateModified\":\"2015-02-04T20:09:54+00:00\",\"author\":{\"@id\":\"https:\/\/diariodalagoa.pt\/#\/schema\/person\/1615a002370e8857b6f972834bc43ece\"},\"breadcrumb\":{\"@id\":\"https:\/\/diariodalagoa.pt\/governo-dos-acores-esta-de-forma-sustentada-e-progressiva-a-reduzir-o-desemprego-e-a-aumentar-o-emprego\/#breadcrumb\"},\"inLanguage\":\"fr-FR\",\"potentialAction\":[{\"@type\":\"ReadAction\",\"target\":[\"https:\/\/diariodalagoa.pt\/governo-dos-acores-esta-de-forma-sustentada-e-progressiva-a-reduzir-o-desemprego-e-a-aumentar-o-emprego\/\"]}]},{\"@type\":\"BreadcrumbList\",\"@id\":\"https:\/\/diariodalagoa.pt\/governo-dos-acores-esta-de-forma-sustentada-e-progressiva-a-reduzir-o-desemprego-e-a-aumentar-o-emprego\/#breadcrumb\",\"itemListElement\":[{\"@type\":\"ListItem\",\"position\":1,\"name\":\"In\u00edcio\",\"item\":\"https:\/\/diariodalagoa.pt\/\"},{\"@type\":\"ListItem\",\"position\":2,\"name\":\"Governo dos A\u00e7ores est\u00e1, de forma sustentada e progressiva, a reduzir o desemprego e a aumentar o emprego\"}]},{\"@type\":\"WebSite\",\"@id\":\"https:\/\/diariodalagoa.pt\/#website\",\"url\":\"https:\/\/diariodalagoa.pt\/\",\"name\":\"Di\u00e1rio da Lagoa\",\"description\":\"Di\u00e1rio da Lagoa. As not\u00edcias que contam. A partir da Lagoa, nos A\u00e7ores, para o mundo.\",\"potentialAction\":[{\"@type\":\"SearchAction\",\"target\":{\"@type\":\"EntryPoint\",\"urlTemplate\":\"https:\/\/diariodalagoa.pt\/?s={search_term_string}\"},\"query-input\":\"required name=search_term_string\"}],\"inLanguage\":\"fr-FR\"},{\"@type\":\"Person\",\"@id\":\"https:\/\/diariodalagoa.pt\/#\/schema\/person\/1615a002370e8857b6f972834bc43ece\",\"name\":\"Di\u00e1rio da Lagoa\",\"image\":{\"@type\":\"ImageObject\",\"inLanguage\":\"fr-FR\",\"@id\":\"https:\/\/diariodalagoa.pt\/#\/schema\/person\/image\/\",\"url\":\"https:\/\/secure.gravatar.com\/avatar\/2cb5cef90a26f8fbd4d9d930608102c5?s=96&d=mm&r=g\",\"contentUrl\":\"https:\/\/secure.gravatar.com\/avatar\/2cb5cef90a26f8fbd4d9d930608102c5?s=96&d=mm&r=g\",\"caption\":\"Di\u00e1rio da Lagoa\"},\"url\":\"https:\/\/diariodalagoa.pt\/fr\/author\/diariodalagoa\/\"}]}<\/script>\n<!-- \/ Yoast SEO plugin. -->","yoast_head_json":{"title":"Governo dos A\u00e7ores est\u00e1, de forma sustentada e progressiva, a reduzir o desemprego e a aumentar o emprego - Di\u00e1rio da Lagoa","robots":{"index":"index","follow":"follow","max-snippet":"max-snippet:-1","max-image-preview":"max-image-preview:large","max-video-preview":"max-video-preview:-1"},"canonical":"https:\/\/diariodalagoa.pt\/fr\/governo-dos-acores-esta-de-forma-sustentada-e-progressiva-a-reduzir-o-desemprego-e-a-aumentar-o-emprego\/","og_locale":"fr_FR","og_type":"article","og_title":"Governo dos A\u00e7ores est\u00e1, de forma sustentada e progressiva, a reduzir o desemprego e a aumentar o emprego - Di\u00e1rio da Lagoa","og_description":"O Vice-Presidente do Governo dos A\u00e7ores real\u00e7ou que os dados divulgados pelo Instituto Nacional de Estat\u00edstica (INE) revelam que a Regi\u00e3o, \u201cao contr\u00e1rio do resto do pa\u00eds\u201d, registou no \u00faltimo trimestre de 2014 uma diminui\u00e7\u00e3o da taxa de desemprego.\u00a0 Para S\u00e9rgio \u00c1vila, \u201cmant\u00e9m-se nos A\u00e7ores uma trajet\u00f3ria de redu\u00e7\u00e3o progressiva da taxa de desemprego, ao [&hellip;]","og_url":"https:\/\/diariodalagoa.pt\/fr\/governo-dos-acores-esta-de-forma-sustentada-e-progressiva-a-reduzir-o-desemprego-e-a-aumentar-o-emprego\/","og_site_name":"Di\u00e1rio da Lagoa","article_published_time":"2015-02-04T20:09:54+00:00","og_image":[{"width":720,"height":380,"url":"https:\/\/diariodalagoa.pt\/wp-content\/uploads\/2015\/02\/sergio-avila.jpg","type":"image\/jpeg"}],"author":"Di\u00e1rio da Lagoa","twitter_card":"summary_large_image","twitter_misc":{"\u00c9crit par":"Di\u00e1rio da Lagoa","Dur\u00e9e de lecture estim\u00e9e":"1 minute"},"schema":{"@context":"https:\/\/schema.org","@graph":[{"@type":"WebPage","@id":"https:\/\/diariodalagoa.pt\/governo-dos-acores-esta-de-forma-sustentada-e-progressiva-a-reduzir-o-desemprego-e-a-aumentar-o-emprego\/","url":"https:\/\/diariodalagoa.pt\/governo-dos-acores-esta-de-forma-sustentada-e-progressiva-a-reduzir-o-desemprego-e-a-aumentar-o-emprego\/","name":"Governo dos A\u00e7ores est\u00e1, de forma sustentada e progressiva, a reduzir o desemprego e a aumentar o emprego - Di\u00e1rio da Lagoa","isPartOf":{"@id":"https:\/\/diariodalagoa.pt\/#website"},"datePublished":"2015-02-04T20:09:54+00:00","dateModified":"2015-02-04T20:09:54+00:00","author":{"@id":"https:\/\/diariodalagoa.pt\/#\/schema\/person\/1615a002370e8857b6f972834bc43ece"},"breadcrumb":{"@id":"https:\/\/diariodalagoa.pt\/governo-dos-acores-esta-de-forma-sustentada-e-progressiva-a-reduzir-o-desemprego-e-a-aumentar-o-emprego\/#breadcrumb"},"inLanguage":"fr-FR","potentialAction":[{"@type":"ReadAction","target":["https:\/\/diariodalagoa.pt\/governo-dos-acores-esta-de-forma-sustentada-e-progressiva-a-reduzir-o-desemprego-e-a-aumentar-o-emprego\/"]}]},{"@type":"BreadcrumbList","@id":"https:\/\/diariodalagoa.pt\/governo-dos-acores-esta-de-forma-sustentada-e-progressiva-a-reduzir-o-desemprego-e-a-aumentar-o-emprego\/#breadcrumb","itemListElement":[{"@type":"ListItem","position":1,"name":"In\u00edcio","item":"https:\/\/diariodalagoa.pt\/"},{"@type":"ListItem","position":2,"name":"Governo dos A\u00e7ores est\u00e1, de forma sustentada e progressiva, a reduzir o desemprego e a aumentar o emprego"}]},{"@type":"WebSite","@id":"https:\/\/diariodalagoa.pt\/#website","url":"https:\/\/diariodalagoa.pt\/","name":"Di\u00e1rio da Lagoa","description":"Di\u00e1rio da Lagoa. As not\u00edcias que contam. A partir da Lagoa, nos A\u00e7ores, para o mundo.","potentialAction":[{"@type":"SearchAction","target":{"@type":"EntryPoint","urlTemplate":"https:\/\/diariodalagoa.pt\/?s={search_term_string}"},"query-input":"required name=search_term_string"}],"inLanguage":"fr-FR"},{"@type":"Person","@id":"https:\/\/diariodalagoa.pt\/#\/schema\/person\/1615a002370e8857b6f972834bc43ece","name":"Di\u00e1rio da Lagoa","image":{"@type":"ImageObject","inLanguage":"fr-FR","@id":"https:\/\/diariodalagoa.pt\/#\/schema\/person\/image\/","url":"https:\/\/secure.gravatar.com\/avatar\/2cb5cef90a26f8fbd4d9d930608102c5?s=96&d=mm&r=g","contentUrl":"https:\/\/secure.gravatar.com\/avatar\/2cb5cef90a26f8fbd4d9d930608102c5?s=96&d=mm&r=g","caption":"Di\u00e1rio da Lagoa"},"url":"https:\/\/diariodalagoa.pt\/fr\/author\/diariodalagoa\/"}]}},"_links":{"self":[{"href":"https:\/\/diariodalagoa.pt\/fr\/wp-json\/wp\/v2\/posts\/13487"}],"collection":[{"href":"https:\/\/diariodalagoa.pt\/fr\/wp-json\/wp\/v2\/posts"}],"about":[{"href":"https:\/\/diariodalagoa.pt\/fr\/wp-json\/wp\/v2\/types\/post"}],"author":[{"embeddable":true,"href":"https:\/\/diariodalagoa.pt\/fr\/wp-json\/wp\/v2\/users\/2"}],"replies":[{"embeddable":true,"href":"https:\/\/diariodalagoa.pt\/fr\/wp-json\/wp\/v2\/comments?post=13487"}],"version-history":[{"count":0,"href":"https:\/\/diariodalagoa.pt\/fr\/wp-json\/wp\/v2\/posts\/13487\/revisions"}],"wp:featuredmedia":[{"embeddable":true,"href":"https:\/\/diariodalagoa.pt\/fr\/wp-json\/wp\/v2\/media\/121563"}],"wp:attachment":[{"href":"https:\/\/diariodalagoa.pt\/fr\/wp-json\/wp\/v2\/media?parent=13487"}],"wp:term":[{"taxonomy":"category","embeddable":true,"href":"https:\/\/diariodalagoa.pt\/fr\/wp-json\/wp\/v2\/categories?post=13487"},{"taxonomy":"post_tag","embeddable":true,"href":"https:\/\/diariodalagoa.pt\/fr\/wp-json\/wp\/v2\/tags?post=13487"}],"curies":[{"name":"wp","href":"https:\/\/api.w.org\/{rel}","templated":true}]}}