{"id":13459,"date":"2015-02-04T11:40:46","date_gmt":"2015-02-04T12:40:46","guid":{"rendered":"http:\/\/diariodalagoa.pt\/?p=13459"},"modified":"2015-02-04T11:40:46","modified_gmt":"2015-02-04T12:40:46","slug":"nova-legislacao-sobre-o-patrimonio-cultural-movel-e-imovel-publicadaem-diario-da-republica","status":"publish","type":"post","link":"https:\/\/diariodalagoa.pt\/fr\/nova-legislacao-sobre-o-patrimonio-cultural-movel-e-imovel-publicadaem-diario-da-republica\/","title":{"rendered":"Nova legisla\u00e7\u00e3o sobre o patrim\u00f3nio cultural m\u00f3vel e im\u00f3vel publicadaem Di\u00e1rio da Rep\u00fablica"},"content":{"rendered":"<p style=\"text-align: justify;\"><img decoding=\"async\" class=\"alignnone size-full wp-image-13465\" src=\"http:\/\/diariodalagoa.pt\/wp-content\/uploads\/2015\/02\/Igreja-Colegio-Ponta_delgada-Acores.jpg\" alt=\"Igreja-Colegio-Ponta_delgada-Acores\" width=\"720\" height=\"380\" \/><\/p>\n<p style=\"text-align: justify;\"><span style=\"color: #000000;\">Nos A\u00e7ores, a partir de mar\u00e7o,\u00a0passa a vigorar a nova legisla\u00e7\u00e3o relativa \u00e0 inventaria\u00e7\u00e3o, classifica\u00e7\u00e3o, prote\u00e7\u00e3o e valoriza\u00e7\u00e3o dos bens culturais m\u00f3veis e im\u00f3veis, de acordo com\u00a0um diploma hoje publicado em Di\u00e1rio da Rep\u00fablica.<\/span><\/p>\n<p style=\"text-align: justify;\"><span style=\"color: #000000;\">A nova legisla\u00e7\u00e3o,\u00a0aprovada em dezembro pela Assembleia Legislativa, tem por objetivo \u201ca vontade de que os bens classificados conservem e ampliem a sua utilidade funcional\u201d, contra a &#8220;classifica\u00e7\u00e3o mumificadora\u201d que retira o patrim\u00f3nio da utiliza\u00e7\u00e3o coletiva, frisou, na altura,\u00a0o Secret\u00e1rio Regional da Educa\u00e7\u00e3o e Cultura.<\/span><\/p>\n<p style=\"text-align: justify;\"><span style=\"color: #000000;\">Avelino Meneses salientou, no entanto, que, para que isso seja poss\u00edvel, \u201co patrim\u00f3nio tem de atrair gente, jamais devendo afast\u00e1-la, e os procedimentos de conserva\u00e7\u00e3o e de manuten\u00e7\u00e3o dos edif\u00edcios ter\u00e3o de ser compagin\u00e1veis com as expetativas e com as exig\u00eancias do nosso quotidiano\u201d.<\/span><\/p>\n<p style=\"text-align: justify;\"><span style=\"color: #000000;\">O Secret\u00e1rio Regional da Educa\u00e7\u00e3o e Cultura defendeu, ainda, que a op\u00e7\u00e3o, entre os principais procedimentos para a defesa do patrim\u00f3nio, \u201crecai, inicialmente, na sensibiliza\u00e7\u00e3o dos cidad\u00e3os\u201d e no \u201crefor\u00e7o da fiscaliza\u00e7\u00e3o\u201d, a qual deve ser \u201cdotada de meios humanos e meios materiais acrescidos\u201d, acrescentando que, s\u00f3 depois deste \u201cexerc\u00edcio de profilaxia movido pela sensibiliza\u00e7\u00e3o\u00a0e pela fiscaliza\u00e7\u00e3o\u201d, se justifica \u201ca t\u00edtulo excecional, a interven\u00e7\u00e3o coerciva\u201d.<\/span><\/p>\n<p style=\"text-align: justify;\"><span style=\"color: #000000;\">O diploma aprovado pela Assembleia Legislativa visa a adequa\u00e7\u00e3o da legisla\u00e7\u00e3o dos A\u00e7ores \u00e0s cartas, recomenda\u00e7\u00f5es e conven\u00e7\u00f5es internacionais definidas pelo ICOMOS e adotadas pela UNESCO.<\/span><\/p>\n<p style=\"text-align: justify;\"><span style=\"color: #000000;\">De acordo com o pre\u00e2mbulo do diploma agora publicado, que altera legisla\u00e7\u00e3o regional que data de 2004, a salvaguarda e a valoriza\u00e7\u00e3o do patrim\u00f3nio constru\u00eddo \u201ccompreendem a conserva\u00e7\u00e3o e transmiss\u00e3o \u00e0s gera\u00e7\u00f5es vindouras de todos os valores presentes em cada im\u00f3vel ou conjunto\u201d.<\/span><\/p>\n<p style=\"text-align: justify;\"><span style=\"color: #000000;\">Por isso, \u201cqualquer interven\u00e7\u00e3o sobre esse patrim\u00f3nio pode estar a agir sobre valores arquitet\u00f3nicos de \u00edndole volum\u00e9trica, espacial, funcional, estrutural, construtiva ou est\u00e9tica\u201d.<\/span><\/p>\n<p style=\"text-align: justify;\"><span style=\"color: #000000;\">O\u00a0novo diploma debru\u00e7a-se sobre a classifica\u00e7\u00e3o, inventaria\u00e7\u00e3o e registo de bens culturais, a preserva\u00e7\u00e3o, defesa e valoriza\u00e7\u00e3o da preserva\u00e7\u00e3o do patrim\u00f3nio classificado, a interven\u00e7\u00e3o no patrim\u00f3nio im\u00f3vel, o regime contraordenacional e os incentivos \u00e0 conserva\u00e7\u00e3o e valoriza\u00e7\u00e3o.<\/span><\/p>\n<p style=\"text-align: justify;\"><span style=\"color: #000000;\"><em>DL\/Gacs<\/em><\/span><\/p>","protected":false},"excerpt":{"rendered":"<p>Nos A\u00e7ores, a partir de mar\u00e7o,\u00a0passa a vigorar a nova legisla\u00e7\u00e3o relativa \u00e0 inventaria\u00e7\u00e3o, classifica\u00e7\u00e3o, prote\u00e7\u00e3o e valoriza\u00e7\u00e3o dos bens culturais m\u00f3veis e im\u00f3veis, de acordo com\u00a0um diploma hoje publicado em Di\u00e1rio da Rep\u00fablica. A nova legisla\u00e7\u00e3o,\u00a0aprovada em dezembro pela Assembleia Legislativa, tem por objetivo \u201ca vontade de que os bens classificados conservem e ampliem [&hellip;]<\/p>","protected":false},"author":2,"featured_media":0,"comment_status":"open","ping_status":"open","sticky":false,"template":"","format":"standard","meta":[],"categories":[21],"tags":[],"acf":[],"yoast_head":"<!-- This site is optimized with the Yoast SEO plugin v20.10 - https:\/\/yoast.com\/wordpress\/plugins\/seo\/ -->\n<title>Nova legisla\u00e7\u00e3o sobre o patrim\u00f3nio cultural m\u00f3vel e im\u00f3vel publicadaem Di\u00e1rio da Rep\u00fablica - Di\u00e1rio da Lagoa<\/title>\n<meta name=\"robots\" content=\"index, follow, max-snippet:-1, max-image-preview:large, max-video-preview:-1\" \/>\n<link rel=\"canonical\" href=\"https:\/\/diariodalagoa.pt\/fr\/nova-legislacao-sobre-o-patrimonio-cultural-movel-e-imovel-publicadaem-diario-da-republica\/\" \/>\n<meta property=\"og:locale\" content=\"fr_FR\" \/>\n<meta property=\"og:type\" content=\"article\" \/>\n<meta property=\"og:title\" content=\"Nova legisla\u00e7\u00e3o sobre o patrim\u00f3nio cultural m\u00f3vel e im\u00f3vel publicadaem Di\u00e1rio da Rep\u00fablica - Di\u00e1rio da Lagoa\" \/>\n<meta property=\"og:description\" content=\"Nos A\u00e7ores, a partir de mar\u00e7o,\u00a0passa a vigorar a nova legisla\u00e7\u00e3o relativa \u00e0 inventaria\u00e7\u00e3o, classifica\u00e7\u00e3o, prote\u00e7\u00e3o e valoriza\u00e7\u00e3o dos bens culturais m\u00f3veis e im\u00f3veis, de acordo com\u00a0um diploma hoje publicado em Di\u00e1rio da Rep\u00fablica. A nova legisla\u00e7\u00e3o,\u00a0aprovada em dezembro pela Assembleia Legislativa, tem por objetivo \u201ca vontade de que os bens classificados conservem e ampliem [&hellip;]\" \/>\n<meta property=\"og:url\" content=\"https:\/\/diariodalagoa.pt\/fr\/nova-legislacao-sobre-o-patrimonio-cultural-movel-e-imovel-publicadaem-diario-da-republica\/\" \/>\n<meta property=\"og:site_name\" content=\"Di\u00e1rio da Lagoa\" \/>\n<meta property=\"article:published_time\" content=\"2015-02-04T12:40:46+00:00\" \/>\n<meta property=\"og:image\" content=\"http:\/\/diariodalagoa.pt\/wp-content\/uploads\/2015\/02\/Igreja-Colegio-Ponta_delgada-Acores.jpg\" \/>\n<meta name=\"author\" content=\"Di\u00e1rio da Lagoa\" \/>\n<meta name=\"twitter:card\" content=\"summary_large_image\" \/>\n<meta name=\"twitter:label1\" content=\"\u00c9crit par\" \/>\n\t<meta name=\"twitter:data1\" content=\"Di\u00e1rio da Lagoa\" \/>\n\t<meta name=\"twitter:label2\" content=\"Dur\u00e9e de lecture estim\u00e9e\" \/>\n\t<meta name=\"twitter:data2\" content=\"2 minutes\" \/>\n<script type=\"application\/ld+json\" class=\"yoast-schema-graph\">{\"@context\":\"https:\/\/schema.org\",\"@graph\":[{\"@type\":\"WebPage\",\"@id\":\"https:\/\/diariodalagoa.pt\/nova-legislacao-sobre-o-patrimonio-cultural-movel-e-imovel-publicadaem-diario-da-republica\/\",\"url\":\"https:\/\/diariodalagoa.pt\/nova-legislacao-sobre-o-patrimonio-cultural-movel-e-imovel-publicadaem-diario-da-republica\/\",\"name\":\"Nova legisla\u00e7\u00e3o sobre o patrim\u00f3nio cultural m\u00f3vel e im\u00f3vel publicadaem Di\u00e1rio da Rep\u00fablica - Di\u00e1rio da Lagoa\",\"isPartOf\":{\"@id\":\"https:\/\/diariodalagoa.pt\/#website\"},\"datePublished\":\"2015-02-04T12:40:46+00:00\",\"dateModified\":\"2015-02-04T12:40:46+00:00\",\"author\":{\"@id\":\"https:\/\/diariodalagoa.pt\/#\/schema\/person\/1615a002370e8857b6f972834bc43ece\"},\"breadcrumb\":{\"@id\":\"https:\/\/diariodalagoa.pt\/nova-legislacao-sobre-o-patrimonio-cultural-movel-e-imovel-publicadaem-diario-da-republica\/#breadcrumb\"},\"inLanguage\":\"fr-FR\",\"potentialAction\":[{\"@type\":\"ReadAction\",\"target\":[\"https:\/\/diariodalagoa.pt\/nova-legislacao-sobre-o-patrimonio-cultural-movel-e-imovel-publicadaem-diario-da-republica\/\"]}]},{\"@type\":\"BreadcrumbList\",\"@id\":\"https:\/\/diariodalagoa.pt\/nova-legislacao-sobre-o-patrimonio-cultural-movel-e-imovel-publicadaem-diario-da-republica\/#breadcrumb\",\"itemListElement\":[{\"@type\":\"ListItem\",\"position\":1,\"name\":\"In\u00edcio\",\"item\":\"https:\/\/diariodalagoa.pt\/\"},{\"@type\":\"ListItem\",\"position\":2,\"name\":\"Nova legisla\u00e7\u00e3o sobre o patrim\u00f3nio cultural m\u00f3vel e im\u00f3vel publicadaem Di\u00e1rio da Rep\u00fablica\"}]},{\"@type\":\"WebSite\",\"@id\":\"https:\/\/diariodalagoa.pt\/#website\",\"url\":\"https:\/\/diariodalagoa.pt\/\",\"name\":\"Di\u00e1rio da Lagoa\",\"description\":\"Di\u00e1rio da Lagoa. As not\u00edcias que contam. A partir da Lagoa, nos A\u00e7ores, para o mundo.\",\"potentialAction\":[{\"@type\":\"SearchAction\",\"target\":{\"@type\":\"EntryPoint\",\"urlTemplate\":\"https:\/\/diariodalagoa.pt\/?s={search_term_string}\"},\"query-input\":\"required name=search_term_string\"}],\"inLanguage\":\"fr-FR\"},{\"@type\":\"Person\",\"@id\":\"https:\/\/diariodalagoa.pt\/#\/schema\/person\/1615a002370e8857b6f972834bc43ece\",\"name\":\"Di\u00e1rio da Lagoa\",\"image\":{\"@type\":\"ImageObject\",\"inLanguage\":\"fr-FR\",\"@id\":\"https:\/\/diariodalagoa.pt\/#\/schema\/person\/image\/\",\"url\":\"https:\/\/secure.gravatar.com\/avatar\/2cb5cef90a26f8fbd4d9d930608102c5?s=96&d=mm&r=g\",\"contentUrl\":\"https:\/\/secure.gravatar.com\/avatar\/2cb5cef90a26f8fbd4d9d930608102c5?s=96&d=mm&r=g\",\"caption\":\"Di\u00e1rio da Lagoa\"},\"url\":\"https:\/\/diariodalagoa.pt\/fr\/author\/diariodalagoa\/\"}]}<\/script>\n<!-- \/ Yoast SEO plugin. -->","yoast_head_json":{"title":"Nova legisla\u00e7\u00e3o sobre o patrim\u00f3nio cultural m\u00f3vel e im\u00f3vel publicadaem Di\u00e1rio da Rep\u00fablica - Di\u00e1rio da Lagoa","robots":{"index":"index","follow":"follow","max-snippet":"max-snippet:-1","max-image-preview":"max-image-preview:large","max-video-preview":"max-video-preview:-1"},"canonical":"https:\/\/diariodalagoa.pt\/fr\/nova-legislacao-sobre-o-patrimonio-cultural-movel-e-imovel-publicadaem-diario-da-republica\/","og_locale":"fr_FR","og_type":"article","og_title":"Nova legisla\u00e7\u00e3o sobre o patrim\u00f3nio cultural m\u00f3vel e im\u00f3vel publicadaem Di\u00e1rio da Rep\u00fablica - Di\u00e1rio da Lagoa","og_description":"Nos A\u00e7ores, a partir de mar\u00e7o,\u00a0passa a vigorar a nova legisla\u00e7\u00e3o relativa \u00e0 inventaria\u00e7\u00e3o, classifica\u00e7\u00e3o, prote\u00e7\u00e3o e valoriza\u00e7\u00e3o dos bens culturais m\u00f3veis e im\u00f3veis, de acordo com\u00a0um diploma hoje publicado em Di\u00e1rio da Rep\u00fablica. A nova legisla\u00e7\u00e3o,\u00a0aprovada em dezembro pela Assembleia Legislativa, tem por objetivo \u201ca vontade de que os bens classificados conservem e ampliem [&hellip;]","og_url":"https:\/\/diariodalagoa.pt\/fr\/nova-legislacao-sobre-o-patrimonio-cultural-movel-e-imovel-publicadaem-diario-da-republica\/","og_site_name":"Di\u00e1rio da Lagoa","article_published_time":"2015-02-04T12:40:46+00:00","og_image":[{"url":"http:\/\/diariodalagoa.pt\/wp-content\/uploads\/2015\/02\/Igreja-Colegio-Ponta_delgada-Acores.jpg"}],"author":"Di\u00e1rio da Lagoa","twitter_card":"summary_large_image","twitter_misc":{"\u00c9crit par":"Di\u00e1rio da Lagoa","Dur\u00e9e de lecture estim\u00e9e":"2 minutes"},"schema":{"@context":"https:\/\/schema.org","@graph":[{"@type":"WebPage","@id":"https:\/\/diariodalagoa.pt\/nova-legislacao-sobre-o-patrimonio-cultural-movel-e-imovel-publicadaem-diario-da-republica\/","url":"https:\/\/diariodalagoa.pt\/nova-legislacao-sobre-o-patrimonio-cultural-movel-e-imovel-publicadaem-diario-da-republica\/","name":"Nova legisla\u00e7\u00e3o sobre o patrim\u00f3nio cultural m\u00f3vel e im\u00f3vel publicadaem Di\u00e1rio da Rep\u00fablica - Di\u00e1rio da Lagoa","isPartOf":{"@id":"https:\/\/diariodalagoa.pt\/#website"},"datePublished":"2015-02-04T12:40:46+00:00","dateModified":"2015-02-04T12:40:46+00:00","author":{"@id":"https:\/\/diariodalagoa.pt\/#\/schema\/person\/1615a002370e8857b6f972834bc43ece"},"breadcrumb":{"@id":"https:\/\/diariodalagoa.pt\/nova-legislacao-sobre-o-patrimonio-cultural-movel-e-imovel-publicadaem-diario-da-republica\/#breadcrumb"},"inLanguage":"fr-FR","potentialAction":[{"@type":"ReadAction","target":["https:\/\/diariodalagoa.pt\/nova-legislacao-sobre-o-patrimonio-cultural-movel-e-imovel-publicadaem-diario-da-republica\/"]}]},{"@type":"BreadcrumbList","@id":"https:\/\/diariodalagoa.pt\/nova-legislacao-sobre-o-patrimonio-cultural-movel-e-imovel-publicadaem-diario-da-republica\/#breadcrumb","itemListElement":[{"@type":"ListItem","position":1,"name":"In\u00edcio","item":"https:\/\/diariodalagoa.pt\/"},{"@type":"ListItem","position":2,"name":"Nova legisla\u00e7\u00e3o sobre o patrim\u00f3nio cultural m\u00f3vel e im\u00f3vel publicadaem Di\u00e1rio da Rep\u00fablica"}]},{"@type":"WebSite","@id":"https:\/\/diariodalagoa.pt\/#website","url":"https:\/\/diariodalagoa.pt\/","name":"Di\u00e1rio da Lagoa","description":"Di\u00e1rio da Lagoa. As not\u00edcias que contam. A partir da Lagoa, nos A\u00e7ores, para o mundo.","potentialAction":[{"@type":"SearchAction","target":{"@type":"EntryPoint","urlTemplate":"https:\/\/diariodalagoa.pt\/?s={search_term_string}"},"query-input":"required name=search_term_string"}],"inLanguage":"fr-FR"},{"@type":"Person","@id":"https:\/\/diariodalagoa.pt\/#\/schema\/person\/1615a002370e8857b6f972834bc43ece","name":"Di\u00e1rio da Lagoa","image":{"@type":"ImageObject","inLanguage":"fr-FR","@id":"https:\/\/diariodalagoa.pt\/#\/schema\/person\/image\/","url":"https:\/\/secure.gravatar.com\/avatar\/2cb5cef90a26f8fbd4d9d930608102c5?s=96&d=mm&r=g","contentUrl":"https:\/\/secure.gravatar.com\/avatar\/2cb5cef90a26f8fbd4d9d930608102c5?s=96&d=mm&r=g","caption":"Di\u00e1rio da Lagoa"},"url":"https:\/\/diariodalagoa.pt\/fr\/author\/diariodalagoa\/"}]}},"_links":{"self":[{"href":"https:\/\/diariodalagoa.pt\/fr\/wp-json\/wp\/v2\/posts\/13459"}],"collection":[{"href":"https:\/\/diariodalagoa.pt\/fr\/wp-json\/wp\/v2\/posts"}],"about":[{"href":"https:\/\/diariodalagoa.pt\/fr\/wp-json\/wp\/v2\/types\/post"}],"author":[{"embeddable":true,"href":"https:\/\/diariodalagoa.pt\/fr\/wp-json\/wp\/v2\/users\/2"}],"replies":[{"embeddable":true,"href":"https:\/\/diariodalagoa.pt\/fr\/wp-json\/wp\/v2\/comments?post=13459"}],"version-history":[{"count":0,"href":"https:\/\/diariodalagoa.pt\/fr\/wp-json\/wp\/v2\/posts\/13459\/revisions"}],"wp:attachment":[{"href":"https:\/\/diariodalagoa.pt\/fr\/wp-json\/wp\/v2\/media?parent=13459"}],"wp:term":[{"taxonomy":"category","embeddable":true,"href":"https:\/\/diariodalagoa.pt\/fr\/wp-json\/wp\/v2\/categories?post=13459"},{"taxonomy":"post_tag","embeddable":true,"href":"https:\/\/diariodalagoa.pt\/fr\/wp-json\/wp\/v2\/tags?post=13459"}],"curies":[{"name":"wp","href":"https:\/\/api.w.org\/{rel}","templated":true}]}}