{"id":13142,"date":"2015-01-23T15:50:18","date_gmt":"2015-01-23T16:50:18","guid":{"rendered":"http:\/\/diariodalagoa.pt\/?p=13142"},"modified":"2015-01-23T15:50:18","modified_gmt":"2015-01-23T16:50:18","slug":"camara-abre-periodo-de-candidaturas-a-atribuicao-de-bolsas-de-estudo","status":"publish","type":"post","link":"https:\/\/diariodalagoa.pt\/fr\/camara-abre-periodo-de-candidaturas-a-atribuicao-de-bolsas-de-estudo\/","title":{"rendered":"C\u00e2mara abre per\u00edodo de candidaturas \u00e0 atribui\u00e7\u00e3o de bolsas de estudo"},"content":{"rendered":"<p style=\"text-align: justify;\"><img decoding=\"async\" class=\"alignnone size-full wp-image-12362\" src=\"http:\/\/diariodalagoa.pt\/wp-content\/uploads\/2014\/12\/C\u00e2mara_Municipal_da_Ribeira_Grande.jpg\" alt=\"C\u00e2mara_Municipal_da_Ribeira_Grande\" width=\"720\" height=\"380\" \/><\/p>\n<p style=\"text-align: justify;\"><span style=\"color: #000000;\">A C\u00e2mara da Ribeira Grande abre na pr\u00f3xima segunda-feira (26 de janeiro) \u2013 e por um prazo de dez dias \u00fateis (at\u00e9 6 de fevereiro) \u2013 o per\u00edodo de candidaturas para a atribui\u00e7\u00e3o de bolsas de estudo a alunos do ensino superior.\u00a0<\/span><\/p>\n<p style=\"text-align: justify;\"><span style=\"color: #000000;\">Segundo uma nota da autarquia, esta medida, de \u00e2mbito social, vai ao encontro das necessidades por que muitos estudantes do concelho est\u00e3o a passar e poder\u00e1 revelar-se determinante para o ingresso no ensino superior ou para a conclus\u00e3o dos estudos daqueles que j\u00e1 os tendo iniciado viram-se confrontados com dificuldades financeiras acrescidas.\u00a0<\/span><\/p>\n<p style=\"text-align: justify;\"><span style=\"color: #000000;\">A autarquia fixou em vinte o n\u00famero de bolsas de estudo a atribuir, come\u00e7ando j\u00e1 no presente ano letivo (2014\/15), pelo que este apoio \u2013 repartido por um m\u00e1ximo de dez presta\u00e7\u00f5es mensais \u2013 ter\u00e1 efeitos retroativos na medida em que o ano escolar iniciou-se em setembro passado.\u00a0<\/span><\/p>\n<p style=\"text-align: justify;\"><span style=\"color: #000000;\">Podem candidatar-se os alunos residentes no concelho da Ribeira Grande que se matriculem ou que j\u00e1 tenham ingressado no ensino superior, cujos agregados familiares apresentem dificuldades econ\u00f3micas devidamente comprovadas.\u00a0<\/span><\/p>\n<p style=\"text-align: justify;\"><span style=\"color: #000000;\">Na certeza de que o acesso de todos os cidad\u00e3os \u00e0 educa\u00e7\u00e3o \u00e9 um direito constitucional, a medida aprovada por unanimidade pela C\u00e2mara da Ribeira Grande visa contribuir para a redu\u00e7\u00e3o das desigualdades sociais que impedem o acesso generalizado dos jovens ao ensino superior.\u00a0<\/span><\/p>\n<p style=\"text-align: justify;\"><span style=\"color: #000000;\">Os candidatos interessados em tomar conhecimento dos requisitos e do regulamento para a candidatura poder\u00e3o faz\u00ea-lo atrav\u00e9s do site da autarquia (<a style=\"color: #000000;\" href=\"http:\/\/www.cm-ribeiragrande.pt\">www.cm-ribeiragrande.pt<\/a>).<\/span><\/p>\n<p style=\"text-align: justify;\"><span style=\"color: #000000;\"><em>DL\/CMRG<\/em><\/span><\/p>","protected":false},"excerpt":{"rendered":"<p>A C\u00e2mara da Ribeira Grande abre na pr\u00f3xima segunda-feira (26 de janeiro) \u2013 e por um prazo de dez dias \u00fateis (at\u00e9 6 de fevereiro) \u2013 o per\u00edodo de candidaturas para a atribui\u00e7\u00e3o de bolsas de estudo a alunos do ensino superior.\u00a0 Segundo uma nota da autarquia, esta medida, de \u00e2mbito social, vai ao encontro [&hellip;]<\/p>","protected":false},"author":2,"featured_media":0,"comment_status":"open","ping_status":"open","sticky":false,"template":"","format":"standard","meta":[],"categories":[21],"tags":[],"acf":[],"yoast_head":"<!-- This site is optimized with the Yoast SEO plugin v20.10 - https:\/\/yoast.com\/wordpress\/plugins\/seo\/ -->\n<title>C\u00e2mara abre per\u00edodo de candidaturas \u00e0 atribui\u00e7\u00e3o de bolsas de estudo - Di\u00e1rio da Lagoa<\/title>\n<meta name=\"robots\" content=\"index, follow, max-snippet:-1, max-image-preview:large, max-video-preview:-1\" \/>\n<link rel=\"canonical\" href=\"https:\/\/diariodalagoa.pt\/fr\/camara-abre-periodo-de-candidaturas-a-atribuicao-de-bolsas-de-estudo\/\" \/>\n<meta property=\"og:locale\" content=\"fr_FR\" \/>\n<meta property=\"og:type\" content=\"article\" \/>\n<meta property=\"og:title\" content=\"C\u00e2mara abre per\u00edodo de candidaturas \u00e0 atribui\u00e7\u00e3o de bolsas de estudo - Di\u00e1rio da Lagoa\" \/>\n<meta property=\"og:description\" content=\"A C\u00e2mara da Ribeira Grande abre na pr\u00f3xima segunda-feira (26 de janeiro) \u2013 e por um prazo de dez dias \u00fateis (at\u00e9 6 de fevereiro) \u2013 o per\u00edodo de candidaturas para a atribui\u00e7\u00e3o de bolsas de estudo a alunos do ensino superior.\u00a0 Segundo uma nota da autarquia, esta medida, de \u00e2mbito social, vai ao encontro [&hellip;]\" \/>\n<meta property=\"og:url\" content=\"https:\/\/diariodalagoa.pt\/fr\/camara-abre-periodo-de-candidaturas-a-atribuicao-de-bolsas-de-estudo\/\" \/>\n<meta property=\"og:site_name\" content=\"Di\u00e1rio da Lagoa\" \/>\n<meta property=\"article:published_time\" content=\"2015-01-23T16:50:18+00:00\" \/>\n<meta name=\"author\" content=\"Di\u00e1rio da Lagoa\" \/>\n<meta name=\"twitter:card\" content=\"summary_large_image\" \/>\n<meta name=\"twitter:label1\" content=\"\u00c9crit par\" \/>\n\t<meta name=\"twitter:data1\" content=\"Di\u00e1rio da Lagoa\" \/>\n\t<meta name=\"twitter:label2\" content=\"Dur\u00e9e de lecture estim\u00e9e\" \/>\n\t<meta name=\"twitter:data2\" content=\"1 minute\" \/>\n<script type=\"application\/ld+json\" class=\"yoast-schema-graph\">{\"@context\":\"https:\/\/schema.org\",\"@graph\":[{\"@type\":\"WebPage\",\"@id\":\"https:\/\/diariodalagoa.pt\/camara-abre-periodo-de-candidaturas-a-atribuicao-de-bolsas-de-estudo\/\",\"url\":\"https:\/\/diariodalagoa.pt\/camara-abre-periodo-de-candidaturas-a-atribuicao-de-bolsas-de-estudo\/\",\"name\":\"C\u00e2mara abre per\u00edodo de candidaturas \u00e0 atribui\u00e7\u00e3o de bolsas de estudo - Di\u00e1rio da Lagoa\",\"isPartOf\":{\"@id\":\"https:\/\/diariodalagoa.pt\/#website\"},\"datePublished\":\"2015-01-23T16:50:18+00:00\",\"dateModified\":\"2015-01-23T16:50:18+00:00\",\"author\":{\"@id\":\"https:\/\/diariodalagoa.pt\/#\/schema\/person\/1615a002370e8857b6f972834bc43ece\"},\"breadcrumb\":{\"@id\":\"https:\/\/diariodalagoa.pt\/camara-abre-periodo-de-candidaturas-a-atribuicao-de-bolsas-de-estudo\/#breadcrumb\"},\"inLanguage\":\"fr-FR\",\"potentialAction\":[{\"@type\":\"ReadAction\",\"target\":[\"https:\/\/diariodalagoa.pt\/camara-abre-periodo-de-candidaturas-a-atribuicao-de-bolsas-de-estudo\/\"]}]},{\"@type\":\"BreadcrumbList\",\"@id\":\"https:\/\/diariodalagoa.pt\/camara-abre-periodo-de-candidaturas-a-atribuicao-de-bolsas-de-estudo\/#breadcrumb\",\"itemListElement\":[{\"@type\":\"ListItem\",\"position\":1,\"name\":\"In\u00edcio\",\"item\":\"https:\/\/diariodalagoa.pt\/\"},{\"@type\":\"ListItem\",\"position\":2,\"name\":\"C\u00e2mara abre per\u00edodo de candidaturas \u00e0 atribui\u00e7\u00e3o de bolsas de estudo\"}]},{\"@type\":\"WebSite\",\"@id\":\"https:\/\/diariodalagoa.pt\/#website\",\"url\":\"https:\/\/diariodalagoa.pt\/\",\"name\":\"Di\u00e1rio da Lagoa\",\"description\":\"Di\u00e1rio da Lagoa. As not\u00edcias que contam. A partir da Lagoa, nos A\u00e7ores, para o mundo.\",\"potentialAction\":[{\"@type\":\"SearchAction\",\"target\":{\"@type\":\"EntryPoint\",\"urlTemplate\":\"https:\/\/diariodalagoa.pt\/?s={search_term_string}\"},\"query-input\":\"required name=search_term_string\"}],\"inLanguage\":\"fr-FR\"},{\"@type\":\"Person\",\"@id\":\"https:\/\/diariodalagoa.pt\/#\/schema\/person\/1615a002370e8857b6f972834bc43ece\",\"name\":\"Di\u00e1rio da Lagoa\",\"image\":{\"@type\":\"ImageObject\",\"inLanguage\":\"fr-FR\",\"@id\":\"https:\/\/diariodalagoa.pt\/#\/schema\/person\/image\/\",\"url\":\"https:\/\/secure.gravatar.com\/avatar\/2cb5cef90a26f8fbd4d9d930608102c5?s=96&d=mm&r=g\",\"contentUrl\":\"https:\/\/secure.gravatar.com\/avatar\/2cb5cef90a26f8fbd4d9d930608102c5?s=96&d=mm&r=g\",\"caption\":\"Di\u00e1rio da Lagoa\"},\"url\":\"https:\/\/diariodalagoa.pt\/fr\/author\/diariodalagoa\/\"}]}<\/script>\n<!-- \/ Yoast SEO plugin. -->","yoast_head_json":{"title":"C\u00e2mara abre per\u00edodo de candidaturas \u00e0 atribui\u00e7\u00e3o de bolsas de estudo - Di\u00e1rio da Lagoa","robots":{"index":"index","follow":"follow","max-snippet":"max-snippet:-1","max-image-preview":"max-image-preview:large","max-video-preview":"max-video-preview:-1"},"canonical":"https:\/\/diariodalagoa.pt\/fr\/camara-abre-periodo-de-candidaturas-a-atribuicao-de-bolsas-de-estudo\/","og_locale":"fr_FR","og_type":"article","og_title":"C\u00e2mara abre per\u00edodo de candidaturas \u00e0 atribui\u00e7\u00e3o de bolsas de estudo - Di\u00e1rio da Lagoa","og_description":"A C\u00e2mara da Ribeira Grande abre na pr\u00f3xima segunda-feira (26 de janeiro) \u2013 e por um prazo de dez dias \u00fateis (at\u00e9 6 de fevereiro) \u2013 o per\u00edodo de candidaturas para a atribui\u00e7\u00e3o de bolsas de estudo a alunos do ensino superior.\u00a0 Segundo uma nota da autarquia, esta medida, de \u00e2mbito social, vai ao encontro [&hellip;]","og_url":"https:\/\/diariodalagoa.pt\/fr\/camara-abre-periodo-de-candidaturas-a-atribuicao-de-bolsas-de-estudo\/","og_site_name":"Di\u00e1rio da Lagoa","article_published_time":"2015-01-23T16:50:18+00:00","author":"Di\u00e1rio da Lagoa","twitter_card":"summary_large_image","twitter_misc":{"\u00c9crit par":"Di\u00e1rio da Lagoa","Dur\u00e9e de lecture estim\u00e9e":"1 minute"},"schema":{"@context":"https:\/\/schema.org","@graph":[{"@type":"WebPage","@id":"https:\/\/diariodalagoa.pt\/camara-abre-periodo-de-candidaturas-a-atribuicao-de-bolsas-de-estudo\/","url":"https:\/\/diariodalagoa.pt\/camara-abre-periodo-de-candidaturas-a-atribuicao-de-bolsas-de-estudo\/","name":"C\u00e2mara abre per\u00edodo de candidaturas \u00e0 atribui\u00e7\u00e3o de bolsas de estudo - Di\u00e1rio da Lagoa","isPartOf":{"@id":"https:\/\/diariodalagoa.pt\/#website"},"datePublished":"2015-01-23T16:50:18+00:00","dateModified":"2015-01-23T16:50:18+00:00","author":{"@id":"https:\/\/diariodalagoa.pt\/#\/schema\/person\/1615a002370e8857b6f972834bc43ece"},"breadcrumb":{"@id":"https:\/\/diariodalagoa.pt\/camara-abre-periodo-de-candidaturas-a-atribuicao-de-bolsas-de-estudo\/#breadcrumb"},"inLanguage":"fr-FR","potentialAction":[{"@type":"ReadAction","target":["https:\/\/diariodalagoa.pt\/camara-abre-periodo-de-candidaturas-a-atribuicao-de-bolsas-de-estudo\/"]}]},{"@type":"BreadcrumbList","@id":"https:\/\/diariodalagoa.pt\/camara-abre-periodo-de-candidaturas-a-atribuicao-de-bolsas-de-estudo\/#breadcrumb","itemListElement":[{"@type":"ListItem","position":1,"name":"In\u00edcio","item":"https:\/\/diariodalagoa.pt\/"},{"@type":"ListItem","position":2,"name":"C\u00e2mara abre per\u00edodo de candidaturas \u00e0 atribui\u00e7\u00e3o de bolsas de estudo"}]},{"@type":"WebSite","@id":"https:\/\/diariodalagoa.pt\/#website","url":"https:\/\/diariodalagoa.pt\/","name":"Di\u00e1rio da Lagoa","description":"Di\u00e1rio da Lagoa. As not\u00edcias que contam. A partir da Lagoa, nos A\u00e7ores, para o mundo.","potentialAction":[{"@type":"SearchAction","target":{"@type":"EntryPoint","urlTemplate":"https:\/\/diariodalagoa.pt\/?s={search_term_string}"},"query-input":"required name=search_term_string"}],"inLanguage":"fr-FR"},{"@type":"Person","@id":"https:\/\/diariodalagoa.pt\/#\/schema\/person\/1615a002370e8857b6f972834bc43ece","name":"Di\u00e1rio da Lagoa","image":{"@type":"ImageObject","inLanguage":"fr-FR","@id":"https:\/\/diariodalagoa.pt\/#\/schema\/person\/image\/","url":"https:\/\/secure.gravatar.com\/avatar\/2cb5cef90a26f8fbd4d9d930608102c5?s=96&d=mm&r=g","contentUrl":"https:\/\/secure.gravatar.com\/avatar\/2cb5cef90a26f8fbd4d9d930608102c5?s=96&d=mm&r=g","caption":"Di\u00e1rio da Lagoa"},"url":"https:\/\/diariodalagoa.pt\/fr\/author\/diariodalagoa\/"}]}},"_links":{"self":[{"href":"https:\/\/diariodalagoa.pt\/fr\/wp-json\/wp\/v2\/posts\/13142"}],"collection":[{"href":"https:\/\/diariodalagoa.pt\/fr\/wp-json\/wp\/v2\/posts"}],"about":[{"href":"https:\/\/diariodalagoa.pt\/fr\/wp-json\/wp\/v2\/types\/post"}],"author":[{"embeddable":true,"href":"https:\/\/diariodalagoa.pt\/fr\/wp-json\/wp\/v2\/users\/2"}],"replies":[{"embeddable":true,"href":"https:\/\/diariodalagoa.pt\/fr\/wp-json\/wp\/v2\/comments?post=13142"}],"version-history":[{"count":0,"href":"https:\/\/diariodalagoa.pt\/fr\/wp-json\/wp\/v2\/posts\/13142\/revisions"}],"wp:attachment":[{"href":"https:\/\/diariodalagoa.pt\/fr\/wp-json\/wp\/v2\/media?parent=13142"}],"wp:term":[{"taxonomy":"category","embeddable":true,"href":"https:\/\/diariodalagoa.pt\/fr\/wp-json\/wp\/v2\/categories?post=13142"},{"taxonomy":"post_tag","embeddable":true,"href":"https:\/\/diariodalagoa.pt\/fr\/wp-json\/wp\/v2\/tags?post=13142"}],"curies":[{"name":"wp","href":"https:\/\/api.w.org\/{rel}","templated":true}]}}