{"id":12940,"date":"2015-01-15T10:36:36","date_gmt":"2015-01-15T11:36:36","guid":{"rendered":"http:\/\/diariodalagoa.pt\/?p=12940"},"modified":"2015-01-15T10:36:36","modified_gmt":"2015-01-15T11:36:36","slug":"acores-poderao-ter-outro-tipo-de-atuacao-junto-da-organizacao-mundial-do-turismo","status":"publish","type":"post","link":"https:\/\/diariodalagoa.pt\/fr\/acores-poderao-ter-outro-tipo-de-atuacao-junto-da-organizacao-mundial-do-turismo\/","title":{"rendered":"A\u00e7ores poder\u00e3o ter \u201coutro tipo de atua\u00e7\u00e3o\u201d junto da Organiza\u00e7\u00e3o Mundial do Turismo"},"content":{"rendered":"<p style=\"text-align: justify;\"><img decoding=\"async\" class=\"alignnone size-full wp-image-12941\" src=\"http:\/\/diariodalagoa.pt\/wp-content\/uploads\/2015\/01\/Vitor-Fraga-A\u00e7ores-governo-ALRA-turismo.jpg\" alt=\"Vitor-Fraga-A\u00e7ores-governo-ALRA-turismo\" width=\"720\" height=\"380\" \/><\/p>\n<p style=\"text-align: justify;\"><span style=\"color: #000000;\">Segundo o Secret\u00e1rio Regional do Turismo e Transportes os A\u00e7ores t\u00eam estado presentes na Organiza\u00e7\u00e3o Mundial do Turismo (OMT), atrav\u00e9s do Observat\u00f3rio de Turismo dos A\u00e7ores, mas considerou que\u00a0\u201cn\u00e3o deve ser de descurar&#8221; a possibilidade de ter outro tipo de atua\u00e7\u00e3o e uma maior proximidade junto dos organismos que decidem a pol\u00edtica de turismo a n\u00edvel global.<\/span><\/p>\n<p style=\"text-align: justify;\"><span style=\"color: #000000;\">V\u00edtor Fraga, que falava quarta-feira na Assembleia Legislativa,\u00a0manifestou, por isso, a concord\u00e2ncia do Governo com a proposta\u00a0de resolu\u00e7\u00e3o apresentada pelo PPM para que seja solicitada a admiss\u00e3o dos A\u00e7ores como membro associado da\u00a0OMT.<\/span><\/p>\n<p style=\"text-align: justify;\"><span style=\"color: #000000;\">O governante lembrou ainda que a OMT \u201cfunciona como um grande f\u00f3rum global onde as quest\u00f5es do turismo e as pol\u00edticas do turismo s\u00e3o debatidas e tamb\u00e9m definidas\u201d, acrescentando que este organismo tem \u201cuma grande capacidade de influ\u00eancia para aquilo que se passa, em termos globais, no setor, mas tamb\u00e9m como uma fonte de partilha de conhecimento pr\u00e1tico entre todas as organiza\u00e7\u00f5es que est\u00e3o presentes e entre todos os organismos que se fazem representar\u201d.<\/span><\/p>\n<p style=\"text-align: justify;\"><span style=\"color: #000000;\">Portugal aderiu \u00e0 OMT em 1976, seguindo-se a Madeira, que aderiu como membro associado em 1995, e os A\u00e7ores, que est\u00e3o presentes\u00a0como membro filiado, atrav\u00e9s do Observat\u00f3rio de Turismo dos A\u00e7ores, desde 2010.<\/span><\/p>\n<p style=\"text-align: justify;\"><span style=\"color: #000000;\"><em>DL\/Gacs<\/em><\/span><\/p>","protected":false},"excerpt":{"rendered":"<p>Segundo o Secret\u00e1rio Regional do Turismo e Transportes os A\u00e7ores t\u00eam estado presentes na Organiza\u00e7\u00e3o Mundial do Turismo (OMT), atrav\u00e9s do Observat\u00f3rio de Turismo dos A\u00e7ores, mas considerou que\u00a0\u201cn\u00e3o deve ser de descurar&#8221; a possibilidade de ter outro tipo de atua\u00e7\u00e3o e uma maior proximidade junto dos organismos que decidem a pol\u00edtica de turismo a [&hellip;]<\/p>","protected":false},"author":2,"featured_media":0,"comment_status":"open","ping_status":"open","sticky":false,"template":"","format":"standard","meta":[],"categories":[21],"tags":[],"acf":[],"yoast_head":"<!-- This site is optimized with the Yoast SEO plugin v20.10 - https:\/\/yoast.com\/wordpress\/plugins\/seo\/ -->\n<title>A\u00e7ores poder\u00e3o ter \u201coutro tipo de atua\u00e7\u00e3o\u201d junto da Organiza\u00e7\u00e3o Mundial do Turismo - Di\u00e1rio da Lagoa<\/title>\n<meta name=\"robots\" content=\"index, follow, max-snippet:-1, max-image-preview:large, max-video-preview:-1\" \/>\n<link rel=\"canonical\" href=\"https:\/\/diariodalagoa.pt\/fr\/acores-poderao-ter-outro-tipo-de-atuacao-junto-da-organizacao-mundial-do-turismo\/\" \/>\n<meta property=\"og:locale\" content=\"fr_FR\" \/>\n<meta property=\"og:type\" content=\"article\" \/>\n<meta property=\"og:title\" content=\"A\u00e7ores poder\u00e3o ter \u201coutro tipo de atua\u00e7\u00e3o\u201d junto da Organiza\u00e7\u00e3o Mundial do Turismo - Di\u00e1rio da Lagoa\" \/>\n<meta property=\"og:description\" content=\"Segundo o Secret\u00e1rio Regional do Turismo e Transportes os A\u00e7ores t\u00eam estado presentes na Organiza\u00e7\u00e3o Mundial do Turismo (OMT), atrav\u00e9s do Observat\u00f3rio de Turismo dos A\u00e7ores, mas considerou que\u00a0\u201cn\u00e3o deve ser de descurar&#8221; a possibilidade de ter outro tipo de atua\u00e7\u00e3o e uma maior proximidade junto dos organismos que decidem a pol\u00edtica de turismo a [&hellip;]\" \/>\n<meta property=\"og:url\" content=\"https:\/\/diariodalagoa.pt\/fr\/acores-poderao-ter-outro-tipo-de-atuacao-junto-da-organizacao-mundial-do-turismo\/\" \/>\n<meta property=\"og:site_name\" content=\"Di\u00e1rio da Lagoa\" \/>\n<meta property=\"article:published_time\" content=\"2015-01-15T11:36:36+00:00\" \/>\n<meta name=\"author\" content=\"Di\u00e1rio da Lagoa\" \/>\n<meta name=\"twitter:card\" content=\"summary_large_image\" \/>\n<meta name=\"twitter:label1\" content=\"\u00c9crit par\" \/>\n\t<meta name=\"twitter:data1\" content=\"Di\u00e1rio da Lagoa\" \/>\n\t<meta name=\"twitter:label2\" content=\"Dur\u00e9e de lecture estim\u00e9e\" \/>\n\t<meta name=\"twitter:data2\" content=\"1 minute\" \/>\n<script type=\"application\/ld+json\" class=\"yoast-schema-graph\">{\"@context\":\"https:\/\/schema.org\",\"@graph\":[{\"@type\":\"WebPage\",\"@id\":\"https:\/\/diariodalagoa.pt\/acores-poderao-ter-outro-tipo-de-atuacao-junto-da-organizacao-mundial-do-turismo\/\",\"url\":\"https:\/\/diariodalagoa.pt\/acores-poderao-ter-outro-tipo-de-atuacao-junto-da-organizacao-mundial-do-turismo\/\",\"name\":\"A\u00e7ores poder\u00e3o ter \u201coutro tipo de atua\u00e7\u00e3o\u201d junto da Organiza\u00e7\u00e3o Mundial do Turismo - Di\u00e1rio da Lagoa\",\"isPartOf\":{\"@id\":\"https:\/\/diariodalagoa.pt\/#website\"},\"datePublished\":\"2015-01-15T11:36:36+00:00\",\"dateModified\":\"2015-01-15T11:36:36+00:00\",\"author\":{\"@id\":\"https:\/\/diariodalagoa.pt\/#\/schema\/person\/1615a002370e8857b6f972834bc43ece\"},\"breadcrumb\":{\"@id\":\"https:\/\/diariodalagoa.pt\/acores-poderao-ter-outro-tipo-de-atuacao-junto-da-organizacao-mundial-do-turismo\/#breadcrumb\"},\"inLanguage\":\"fr-FR\",\"potentialAction\":[{\"@type\":\"ReadAction\",\"target\":[\"https:\/\/diariodalagoa.pt\/acores-poderao-ter-outro-tipo-de-atuacao-junto-da-organizacao-mundial-do-turismo\/\"]}]},{\"@type\":\"BreadcrumbList\",\"@id\":\"https:\/\/diariodalagoa.pt\/acores-poderao-ter-outro-tipo-de-atuacao-junto-da-organizacao-mundial-do-turismo\/#breadcrumb\",\"itemListElement\":[{\"@type\":\"ListItem\",\"position\":1,\"name\":\"In\u00edcio\",\"item\":\"https:\/\/diariodalagoa.pt\/\"},{\"@type\":\"ListItem\",\"position\":2,\"name\":\"A\u00e7ores poder\u00e3o ter \u201coutro tipo de atua\u00e7\u00e3o\u201d junto da Organiza\u00e7\u00e3o Mundial do Turismo\"}]},{\"@type\":\"WebSite\",\"@id\":\"https:\/\/diariodalagoa.pt\/#website\",\"url\":\"https:\/\/diariodalagoa.pt\/\",\"name\":\"Di\u00e1rio da Lagoa\",\"description\":\"Di\u00e1rio da Lagoa. As not\u00edcias que contam. A partir da Lagoa, nos A\u00e7ores, para o mundo.\",\"potentialAction\":[{\"@type\":\"SearchAction\",\"target\":{\"@type\":\"EntryPoint\",\"urlTemplate\":\"https:\/\/diariodalagoa.pt\/?s={search_term_string}\"},\"query-input\":\"required name=search_term_string\"}],\"inLanguage\":\"fr-FR\"},{\"@type\":\"Person\",\"@id\":\"https:\/\/diariodalagoa.pt\/#\/schema\/person\/1615a002370e8857b6f972834bc43ece\",\"name\":\"Di\u00e1rio da Lagoa\",\"image\":{\"@type\":\"ImageObject\",\"inLanguage\":\"fr-FR\",\"@id\":\"https:\/\/diariodalagoa.pt\/#\/schema\/person\/image\/\",\"url\":\"https:\/\/secure.gravatar.com\/avatar\/2cb5cef90a26f8fbd4d9d930608102c5?s=96&d=mm&r=g\",\"contentUrl\":\"https:\/\/secure.gravatar.com\/avatar\/2cb5cef90a26f8fbd4d9d930608102c5?s=96&d=mm&r=g\",\"caption\":\"Di\u00e1rio da Lagoa\"},\"url\":\"https:\/\/diariodalagoa.pt\/fr\/author\/diariodalagoa\/\"}]}<\/script>\n<!-- \/ Yoast SEO plugin. -->","yoast_head_json":{"title":"A\u00e7ores poder\u00e3o ter \u201coutro tipo de atua\u00e7\u00e3o\u201d junto da Organiza\u00e7\u00e3o Mundial do Turismo - Di\u00e1rio da Lagoa","robots":{"index":"index","follow":"follow","max-snippet":"max-snippet:-1","max-image-preview":"max-image-preview:large","max-video-preview":"max-video-preview:-1"},"canonical":"https:\/\/diariodalagoa.pt\/fr\/acores-poderao-ter-outro-tipo-de-atuacao-junto-da-organizacao-mundial-do-turismo\/","og_locale":"fr_FR","og_type":"article","og_title":"A\u00e7ores poder\u00e3o ter \u201coutro tipo de atua\u00e7\u00e3o\u201d junto da Organiza\u00e7\u00e3o Mundial do Turismo - Di\u00e1rio da Lagoa","og_description":"Segundo o Secret\u00e1rio Regional do Turismo e Transportes os A\u00e7ores t\u00eam estado presentes na Organiza\u00e7\u00e3o Mundial do Turismo (OMT), atrav\u00e9s do Observat\u00f3rio de Turismo dos A\u00e7ores, mas considerou que\u00a0\u201cn\u00e3o deve ser de descurar&#8221; a possibilidade de ter outro tipo de atua\u00e7\u00e3o e uma maior proximidade junto dos organismos que decidem a pol\u00edtica de turismo a [&hellip;]","og_url":"https:\/\/diariodalagoa.pt\/fr\/acores-poderao-ter-outro-tipo-de-atuacao-junto-da-organizacao-mundial-do-turismo\/","og_site_name":"Di\u00e1rio da Lagoa","article_published_time":"2015-01-15T11:36:36+00:00","author":"Di\u00e1rio da Lagoa","twitter_card":"summary_large_image","twitter_misc":{"\u00c9crit par":"Di\u00e1rio da Lagoa","Dur\u00e9e de lecture estim\u00e9e":"1 minute"},"schema":{"@context":"https:\/\/schema.org","@graph":[{"@type":"WebPage","@id":"https:\/\/diariodalagoa.pt\/acores-poderao-ter-outro-tipo-de-atuacao-junto-da-organizacao-mundial-do-turismo\/","url":"https:\/\/diariodalagoa.pt\/acores-poderao-ter-outro-tipo-de-atuacao-junto-da-organizacao-mundial-do-turismo\/","name":"A\u00e7ores poder\u00e3o ter \u201coutro tipo de atua\u00e7\u00e3o\u201d junto da Organiza\u00e7\u00e3o Mundial do Turismo - Di\u00e1rio da Lagoa","isPartOf":{"@id":"https:\/\/diariodalagoa.pt\/#website"},"datePublished":"2015-01-15T11:36:36+00:00","dateModified":"2015-01-15T11:36:36+00:00","author":{"@id":"https:\/\/diariodalagoa.pt\/#\/schema\/person\/1615a002370e8857b6f972834bc43ece"},"breadcrumb":{"@id":"https:\/\/diariodalagoa.pt\/acores-poderao-ter-outro-tipo-de-atuacao-junto-da-organizacao-mundial-do-turismo\/#breadcrumb"},"inLanguage":"fr-FR","potentialAction":[{"@type":"ReadAction","target":["https:\/\/diariodalagoa.pt\/acores-poderao-ter-outro-tipo-de-atuacao-junto-da-organizacao-mundial-do-turismo\/"]}]},{"@type":"BreadcrumbList","@id":"https:\/\/diariodalagoa.pt\/acores-poderao-ter-outro-tipo-de-atuacao-junto-da-organizacao-mundial-do-turismo\/#breadcrumb","itemListElement":[{"@type":"ListItem","position":1,"name":"In\u00edcio","item":"https:\/\/diariodalagoa.pt\/"},{"@type":"ListItem","position":2,"name":"A\u00e7ores poder\u00e3o ter \u201coutro tipo de atua\u00e7\u00e3o\u201d junto da Organiza\u00e7\u00e3o Mundial do Turismo"}]},{"@type":"WebSite","@id":"https:\/\/diariodalagoa.pt\/#website","url":"https:\/\/diariodalagoa.pt\/","name":"Di\u00e1rio da Lagoa","description":"Di\u00e1rio da Lagoa. As not\u00edcias que contam. A partir da Lagoa, nos A\u00e7ores, para o mundo.","potentialAction":[{"@type":"SearchAction","target":{"@type":"EntryPoint","urlTemplate":"https:\/\/diariodalagoa.pt\/?s={search_term_string}"},"query-input":"required name=search_term_string"}],"inLanguage":"fr-FR"},{"@type":"Person","@id":"https:\/\/diariodalagoa.pt\/#\/schema\/person\/1615a002370e8857b6f972834bc43ece","name":"Di\u00e1rio da Lagoa","image":{"@type":"ImageObject","inLanguage":"fr-FR","@id":"https:\/\/diariodalagoa.pt\/#\/schema\/person\/image\/","url":"https:\/\/secure.gravatar.com\/avatar\/2cb5cef90a26f8fbd4d9d930608102c5?s=96&d=mm&r=g","contentUrl":"https:\/\/secure.gravatar.com\/avatar\/2cb5cef90a26f8fbd4d9d930608102c5?s=96&d=mm&r=g","caption":"Di\u00e1rio da Lagoa"},"url":"https:\/\/diariodalagoa.pt\/fr\/author\/diariodalagoa\/"}]}},"_links":{"self":[{"href":"https:\/\/diariodalagoa.pt\/fr\/wp-json\/wp\/v2\/posts\/12940"}],"collection":[{"href":"https:\/\/diariodalagoa.pt\/fr\/wp-json\/wp\/v2\/posts"}],"about":[{"href":"https:\/\/diariodalagoa.pt\/fr\/wp-json\/wp\/v2\/types\/post"}],"author":[{"embeddable":true,"href":"https:\/\/diariodalagoa.pt\/fr\/wp-json\/wp\/v2\/users\/2"}],"replies":[{"embeddable":true,"href":"https:\/\/diariodalagoa.pt\/fr\/wp-json\/wp\/v2\/comments?post=12940"}],"version-history":[{"count":0,"href":"https:\/\/diariodalagoa.pt\/fr\/wp-json\/wp\/v2\/posts\/12940\/revisions"}],"wp:attachment":[{"href":"https:\/\/diariodalagoa.pt\/fr\/wp-json\/wp\/v2\/media?parent=12940"}],"wp:term":[{"taxonomy":"category","embeddable":true,"href":"https:\/\/diariodalagoa.pt\/fr\/wp-json\/wp\/v2\/categories?post=12940"},{"taxonomy":"post_tag","embeddable":true,"href":"https:\/\/diariodalagoa.pt\/fr\/wp-json\/wp\/v2\/tags?post=12940"}],"curies":[{"name":"wp","href":"https:\/\/api.w.org\/{rel}","templated":true}]}}