{"id":129385,"date":"2023-12-24T12:52:02","date_gmt":"2023-12-24T12:52:02","guid":{"rendered":"https:\/\/diariodalagoa.pt\/?p=129385"},"modified":"2025-09-28T00:34:02","modified_gmt":"2025-09-28T00:34:02","slug":"a-laguna-da-lagoa","status":"publish","type":"post","link":"https:\/\/diariodalagoa.pt\/fr\/a-laguna-da-lagoa\/","title":{"rendered":"A Laguna da Lagoa"},"content":{"rendered":"<figure class=\"wp-block-image size-full is-resized\"><img decoding=\"async\" src=\"https:\/\/diariodalagoa.pt\/wp-content\/uploads\/2023\/12\/lagoa-laguna.jpg\" alt=\"\" class=\"wp-image-129386\" width=\"840\" height=\"591\" srcset=\"https:\/\/diariodalagoa.pt\/wp-content\/uploads\/2023\/12\/lagoa-laguna.jpg 960w, https:\/\/diariodalagoa.pt\/wp-content\/uploads\/2023\/12\/lagoa-laguna-300x211.jpg 300w, https:\/\/diariodalagoa.pt\/wp-content\/uploads\/2023\/12\/lagoa-laguna-768x541.jpg 768w, https:\/\/diariodalagoa.pt\/wp-content\/uploads\/2023\/12\/lagoa-laguna-18x12.jpg 18w\" sizes=\"(max-width: 840px) 100vw, 840px\" \/><figcaption class=\"wp-element-caption\"><sup>Ba\u00eda de Santa Cruz com indica\u00e7\u00e3o da localiza\u00e7\u00e3o da laguna e respetivo areal <mark style=\"background-color:rgba(0, 0, 0, 0)\" class=\"has-inline-color has-cyan-bluish-gray-color\">\u00a9 MIGUEL SIMAS<\/mark><\/sup><\/figcaption><\/figure>\n\n\n<p>1 &#8211; A hist\u00f3ria geol\u00f3gica dos A\u00e7ores ainda n\u00e3o se encontra totalmente desvendada apesar do envolvimento de variados cientistas nacionais e estrangeiros. Sabe- se que o oceano Atl\u00e2ntico resultou da fratura de um gigantesco continente. Essa megafractura rasgou territ\u00f3rios de norte a sul da crosta terrestre e hoje em dia denomina-se MAR = Crista M\u00e9dia do Atl\u00e2ntico. Assim, para um lado ficaram a Europa e a \u00c1frica. Para o outro lado ficaram as Am\u00e9ricas (do Norte e do Sul). Ao longo de mil\u00e9nios, essa fractura foi se abrindo e o fundo do mar crescendo.<\/p>\n<p>2 &#8211; H\u00e1 cerca de 40 milh\u00f5es de anos ter\u00e1 surgido, no meio da grande fenda norte- sul a raiz do que seriam as ilhas A\u00e7orianas. Rochas dragadas do fundo do mar, a leste dos A\u00e7ores, revelaram tais idades e a grande fissura do Atl\u00e2ntico, por sua vez, tamb\u00e9m passou a ser acompanhada por outra de orienta\u00e7\u00e3o leste-oeste. Esta fratura leste-oeste denomina-se Fratura A\u00e7ores Gibraltar.<\/p>\n<p>3 &#8211; A primeira ilha a surgir do fundo oce\u00e2nico foi Santa Maria, h\u00e1 cerca de 6 milh\u00f5es de anos. Ou seja, em termos geol\u00f3gicos, Santa Maria \u00e9 uma ilha relativamente nova. Depois seguiu-se o vulc\u00e3o das Formigas, e a seguir gerou se o Complexo Vulc\u00e2nico do Nordeste, fissural, constitu\u00eddo por imponentes montanhas iniciadas h\u00e1 cerca de 4,5 milh\u00f5es de anos. Este territ\u00f3rio aumentou para poente, com os grandes vulc\u00f5es da Povoa\u00e7\u00e3o e das Furnas.<br>Ap\u00f3s um curto tempo de repouso vulc\u00e2nico, apareceu o vulc\u00e3o das Sete Cidades e assim se construiu a ilha das Sete Cidades. Ou seja, h\u00e1 cerca de 500 mil anos, nesta \u00e1rea dos A\u00e7ores, havia duas ilhas, a ilha das Sete Cidades, a poente e a ilha de S\u00e3o Miguel, a nascente. Esta era constitu\u00edda pelos Vulc\u00f5es de Nordeste + Povoa\u00e7\u00e3o + Furnas. Entre essas duas ilhas havia um largo canal de oceano. Entretanto o vulcanismo reacendeu-se h\u00e1 cerca de 250 mil anos e gerou o Vulc\u00e3o do Fogo, constru\u00eddo ao lado do vulc\u00e3o das Furnas. Desse modo, a ilha de S\u00e3o Miguel aumentou de \u00e1rea e o canal encurtou.<\/p>\n<p>Seguiu-se, novamente, um per\u00edodo de acalmia vulc\u00e2nica. Nesse tempo j\u00e1 existia o territ\u00f3rio que presentemente \u00e9 ocupado pelo concelho da Lagoa. Em frente, l\u00e1 ao longe, situava-se a bela ilha das Sete Cidades, imponente e j\u00e1 bem coberta por densa vegeta\u00e7\u00e3o.<\/p>\n<p>4 &#8211; Por\u00e9m um intenso vulcanismo apareceu no canal entre a ilha das Sete Cidades e a ilha de S\u00e3o Miguel, preenchendo-o gradualmente e iniciando-se h\u00e1 cerca de 50 mil anos. Mas este vulcanismo foi diferente dos anteriores, isto \u00e9, instalou -se em grandes fendas rasgadas no fundo do mar. Essas falhas geol\u00f3gicas eram quase paralelas umas \u00e1s outras e geraram milh\u00f5es de metros c\u00fabicos de lavas bas\u00e1lticas. Tal como na Isl\u00e2ndia. Por fim o canal fechou-se, preenchido por enormes campos de lavas de basalto onde se dispersavam algumas dezenas de cones de bagacinas ( = cascalhos), alguns bem altos como a Serra Gorda, quase a meio do ex-canal. Esse novo territ\u00f3rio denomina-se CVP ou Complexo Vulc\u00e2nico dos Picos.<br>H\u00e1 cerca de 2.500 anos, um derrame de basalto, fluido, brotou duma falha geol\u00f3gica no eixo do CVP e alcan\u00e7ou o terreno de Santa Cruz, metendo-se pelo mar adentro, formando o promont\u00f3rio onde hoje em dia ficam as piscinas da cidade da Lagoa. E assim se constitui a bela ba\u00eda de Santa Cruz &#8212; a nascente, ficavam as encostas da Serra de \u00c1gua d&#8217; Alto; a poente o promont\u00f3rio de basaltos das atuais piscinas.<br>Seguiram-se anos de tempestades mar\u00edtimas e de fortes correntes de enchente e de vazante. E o mar, no seu &#8220;trabalho&#8221; secular, movimentou areias e contribuiu uma grande e bela praia de areias mistas, ora anegradas, bas\u00e1lticas, ora amareladas, de pedra-pomes. A ribeira de Santa Cruz, volumosa e vigorosa, rasgou o areal e gerou uma formosa laguna (ver foto). Depois veio o povoamento e veio a geografia. E os nomes a dar dos locais que se colonizavam. E da\u00ed Laguna, termo continental, para Lagoa, mil vezes Lagoa\u2026<\/p>\n<p>E na praia da ba\u00eda com laguna as embarca\u00e7\u00f5es, pequenas e grandes, varavam com seguran\u00e7a. Assim se manteve a paisagem durante s\u00e9culos.<\/p>\n<p>Nos anos 60, meus colegas bi\u00f3logos da FCU Lisboa, \u00e0 moda de S\u00e3o Jorge, tentaram introduzir ameijoas na laguna, sem sucesso imediato, porque a laguna era de geometria inst\u00e1vel e por vezes era muito curta e sem \u00e1gua doce no ver\u00e3o.<\/p>\n<p>5 &#8211; Contudo, quando n\u00e3o se falava de Ambiente, veio a gan\u00e2ncia da constru\u00e7\u00e3o civil e obras no porto de Ponta Delgada, sem o estudo cuidadoso das correntes mar\u00edtimas. A extra\u00e7\u00e3o terrestre do areal e as largas dragagens de barco, muitas clandestinas, conforme constatei, liquidaram a bela praia e a formosa laguna.<\/p>\n<p>E a costa virou calhau rolado, t\u00e9trico resto do que a M\u00e3e Natureza esmeradamente constru\u00edra.<br>Durante o projeto geot\u00e9rmico, em 1977-78, a Marinha Portuguesa estudou tro\u00e7os das costas norte e sul de S\u00e3o Miguel, visando acautelar contamina\u00e7\u00f5es pelos fluidos geot\u00e9rmicos. E estudou-se Santa Cruz. Assim, o areal \u00e9 recuper\u00e1vel\u2026, mas custa uns milh\u00f5es de euritos!<br>Oremos&#8230;, mas as praias n\u00e3o d\u00e3o votos.<\/p>","protected":false},"excerpt":{"rendered":"<p>Vulcan\u00f3logo Victor Hugo Forjaz, na edi\u00e7\u00e3o deste m\u00eas, conta-nos a hist\u00f3ria geol\u00f3gica da Ba\u00eda de Santa Cruz.<\/p>","protected":false},"author":2,"featured_media":129386,"comment_status":"open","ping_status":"closed","sticky":false,"template":"","format":"standard","meta":[],"categories":[11],"tags":[],"acf":[],"yoast_head":"<!-- This site is optimized with the Yoast SEO plugin v20.10 - https:\/\/yoast.com\/wordpress\/plugins\/seo\/ -->\n<title>A Laguna da Lagoa - Di\u00e1rio da Lagoa<\/title>\n<meta name=\"description\" content=\"Vulcan\u00f3logo Victor Hugo Forjaz, na edi\u00e7\u00e3o deste m\u00eas, conta-nos a hist\u00f3ria geol\u00f3gica da Ba\u00eda de Santa Cruz.\" \/>\n<meta name=\"robots\" content=\"index, follow, max-snippet:-1, max-image-preview:large, max-video-preview:-1\" \/>\n<link rel=\"canonical\" href=\"https:\/\/diariodalagoa.pt\/fr\/a-laguna-da-lagoa\/\" \/>\n<meta property=\"og:locale\" content=\"fr_FR\" \/>\n<meta property=\"og:type\" content=\"article\" \/>\n<meta property=\"og:title\" content=\"A Laguna da Lagoa - Di\u00e1rio da Lagoa\" \/>\n<meta property=\"og:description\" content=\"Vulcan\u00f3logo Victor Hugo Forjaz, na edi\u00e7\u00e3o deste m\u00eas, conta-nos a hist\u00f3ria geol\u00f3gica da Ba\u00eda de Santa Cruz.\" \/>\n<meta property=\"og:url\" content=\"https:\/\/diariodalagoa.pt\/fr\/a-laguna-da-lagoa\/\" \/>\n<meta property=\"og:site_name\" content=\"Di\u00e1rio da Lagoa\" \/>\n<meta property=\"article:published_time\" content=\"2023-12-24T12:52:02+00:00\" \/>\n<meta property=\"article:modified_time\" content=\"2025-09-28T00:34:02+00:00\" \/>\n<meta property=\"og:image\" content=\"https:\/\/diariodalagoa.pt\/wp-content\/uploads\/2023\/12\/lagoa-laguna.jpg\" \/>\n\t<meta property=\"og:image:width\" content=\"960\" \/>\n\t<meta property=\"og:image:height\" content=\"676\" \/>\n\t<meta property=\"og:image:type\" content=\"image\/jpeg\" \/>\n<meta name=\"author\" content=\"Di\u00e1rio da Lagoa\" \/>\n<meta name=\"twitter:card\" content=\"summary_large_image\" \/>\n<meta name=\"twitter:label1\" content=\"\u00c9crit par\" \/>\n\t<meta name=\"twitter:data1\" content=\"Di\u00e1rio da Lagoa\" \/>\n\t<meta name=\"twitter:label2\" content=\"Dur\u00e9e de lecture estim\u00e9e\" \/>\n\t<meta name=\"twitter:data2\" content=\"5 minutes\" \/>\n<script type=\"application\/ld+json\" class=\"yoast-schema-graph\">{\"@context\":\"https:\/\/schema.org\",\"@graph\":[{\"@type\":\"WebPage\",\"@id\":\"https:\/\/diariodalagoa.pt\/a-laguna-da-lagoa\/\",\"url\":\"https:\/\/diariodalagoa.pt\/a-laguna-da-lagoa\/\",\"name\":\"A Laguna da Lagoa - Di\u00e1rio da Lagoa\",\"isPartOf\":{\"@id\":\"https:\/\/diariodalagoa.pt\/#website\"},\"datePublished\":\"2023-12-24T12:52:02+00:00\",\"dateModified\":\"2025-09-28T00:34:02+00:00\",\"author\":{\"@id\":\"https:\/\/diariodalagoa.pt\/#\/schema\/person\/1615a002370e8857b6f972834bc43ece\"},\"description\":\"Vulcan\u00f3logo Victor Hugo Forjaz, na edi\u00e7\u00e3o deste m\u00eas, conta-nos a hist\u00f3ria geol\u00f3gica da Ba\u00eda de Santa Cruz.\",\"breadcrumb\":{\"@id\":\"https:\/\/diariodalagoa.pt\/a-laguna-da-lagoa\/#breadcrumb\"},\"inLanguage\":\"fr-FR\",\"potentialAction\":[{\"@type\":\"ReadAction\",\"target\":[\"https:\/\/diariodalagoa.pt\/a-laguna-da-lagoa\/\"]}]},{\"@type\":\"BreadcrumbList\",\"@id\":\"https:\/\/diariodalagoa.pt\/a-laguna-da-lagoa\/#breadcrumb\",\"itemListElement\":[{\"@type\":\"ListItem\",\"position\":1,\"name\":\"In\u00edcio\",\"item\":\"https:\/\/diariodalagoa.pt\/\"},{\"@type\":\"ListItem\",\"position\":2,\"name\":\"A Laguna da Lagoa\"}]},{\"@type\":\"WebSite\",\"@id\":\"https:\/\/diariodalagoa.pt\/#website\",\"url\":\"https:\/\/diariodalagoa.pt\/\",\"name\":\"Di\u00e1rio da Lagoa\",\"description\":\"Di\u00e1rio da Lagoa. As not\u00edcias que contam. A partir da Lagoa, nos A\u00e7ores, para o mundo.\",\"potentialAction\":[{\"@type\":\"SearchAction\",\"target\":{\"@type\":\"EntryPoint\",\"urlTemplate\":\"https:\/\/diariodalagoa.pt\/?s={search_term_string}\"},\"query-input\":\"required name=search_term_string\"}],\"inLanguage\":\"fr-FR\"},{\"@type\":\"Person\",\"@id\":\"https:\/\/diariodalagoa.pt\/#\/schema\/person\/1615a002370e8857b6f972834bc43ece\",\"name\":\"Di\u00e1rio da Lagoa\",\"image\":{\"@type\":\"ImageObject\",\"inLanguage\":\"fr-FR\",\"@id\":\"https:\/\/diariodalagoa.pt\/#\/schema\/person\/image\/\",\"url\":\"https:\/\/secure.gravatar.com\/avatar\/2cb5cef90a26f8fbd4d9d930608102c5?s=96&d=mm&r=g\",\"contentUrl\":\"https:\/\/secure.gravatar.com\/avatar\/2cb5cef90a26f8fbd4d9d930608102c5?s=96&d=mm&r=g\",\"caption\":\"Di\u00e1rio da Lagoa\"},\"url\":\"https:\/\/diariodalagoa.pt\/fr\/author\/diariodalagoa\/\"}]}<\/script>\n<!-- \/ Yoast SEO plugin. -->","yoast_head_json":{"title":"A Laguna da Lagoa - Di\u00e1rio da Lagoa","description":"Vulcan\u00f3logo Victor Hugo Forjaz, na edi\u00e7\u00e3o deste m\u00eas, conta-nos a hist\u00f3ria geol\u00f3gica da Ba\u00eda de Santa Cruz.","robots":{"index":"index","follow":"follow","max-snippet":"max-snippet:-1","max-image-preview":"max-image-preview:large","max-video-preview":"max-video-preview:-1"},"canonical":"https:\/\/diariodalagoa.pt\/fr\/a-laguna-da-lagoa\/","og_locale":"fr_FR","og_type":"article","og_title":"A Laguna da Lagoa - Di\u00e1rio da Lagoa","og_description":"Vulcan\u00f3logo Victor Hugo Forjaz, na edi\u00e7\u00e3o deste m\u00eas, conta-nos a hist\u00f3ria geol\u00f3gica da Ba\u00eda de Santa Cruz.","og_url":"https:\/\/diariodalagoa.pt\/fr\/a-laguna-da-lagoa\/","og_site_name":"Di\u00e1rio da Lagoa","article_published_time":"2023-12-24T12:52:02+00:00","article_modified_time":"2025-09-28T00:34:02+00:00","og_image":[{"width":960,"height":676,"url":"https:\/\/diariodalagoa.pt\/wp-content\/uploads\/2023\/12\/lagoa-laguna.jpg","type":"image\/jpeg"}],"author":"Di\u00e1rio da Lagoa","twitter_card":"summary_large_image","twitter_misc":{"\u00c9crit par":"Di\u00e1rio da Lagoa","Dur\u00e9e de lecture estim\u00e9e":"5 minutes"},"schema":{"@context":"https:\/\/schema.org","@graph":[{"@type":"WebPage","@id":"https:\/\/diariodalagoa.pt\/a-laguna-da-lagoa\/","url":"https:\/\/diariodalagoa.pt\/a-laguna-da-lagoa\/","name":"A Laguna da Lagoa - Di\u00e1rio da Lagoa","isPartOf":{"@id":"https:\/\/diariodalagoa.pt\/#website"},"datePublished":"2023-12-24T12:52:02+00:00","dateModified":"2025-09-28T00:34:02+00:00","author":{"@id":"https:\/\/diariodalagoa.pt\/#\/schema\/person\/1615a002370e8857b6f972834bc43ece"},"description":"Vulcan\u00f3logo Victor Hugo Forjaz, na edi\u00e7\u00e3o deste m\u00eas, conta-nos a hist\u00f3ria geol\u00f3gica da Ba\u00eda de Santa Cruz.","breadcrumb":{"@id":"https:\/\/diariodalagoa.pt\/a-laguna-da-lagoa\/#breadcrumb"},"inLanguage":"fr-FR","potentialAction":[{"@type":"ReadAction","target":["https:\/\/diariodalagoa.pt\/a-laguna-da-lagoa\/"]}]},{"@type":"BreadcrumbList","@id":"https:\/\/diariodalagoa.pt\/a-laguna-da-lagoa\/#breadcrumb","itemListElement":[{"@type":"ListItem","position":1,"name":"In\u00edcio","item":"https:\/\/diariodalagoa.pt\/"},{"@type":"ListItem","position":2,"name":"A Laguna da Lagoa"}]},{"@type":"WebSite","@id":"https:\/\/diariodalagoa.pt\/#website","url":"https:\/\/diariodalagoa.pt\/","name":"Di\u00e1rio da Lagoa","description":"Di\u00e1rio da Lagoa. As not\u00edcias que contam. A partir da Lagoa, nos A\u00e7ores, para o mundo.","potentialAction":[{"@type":"SearchAction","target":{"@type":"EntryPoint","urlTemplate":"https:\/\/diariodalagoa.pt\/?s={search_term_string}"},"query-input":"required name=search_term_string"}],"inLanguage":"fr-FR"},{"@type":"Person","@id":"https:\/\/diariodalagoa.pt\/#\/schema\/person\/1615a002370e8857b6f972834bc43ece","name":"Di\u00e1rio da Lagoa","image":{"@type":"ImageObject","inLanguage":"fr-FR","@id":"https:\/\/diariodalagoa.pt\/#\/schema\/person\/image\/","url":"https:\/\/secure.gravatar.com\/avatar\/2cb5cef90a26f8fbd4d9d930608102c5?s=96&d=mm&r=g","contentUrl":"https:\/\/secure.gravatar.com\/avatar\/2cb5cef90a26f8fbd4d9d930608102c5?s=96&d=mm&r=g","caption":"Di\u00e1rio da Lagoa"},"url":"https:\/\/diariodalagoa.pt\/fr\/author\/diariodalagoa\/"}]}},"_links":{"self":[{"href":"https:\/\/diariodalagoa.pt\/fr\/wp-json\/wp\/v2\/posts\/129385"}],"collection":[{"href":"https:\/\/diariodalagoa.pt\/fr\/wp-json\/wp\/v2\/posts"}],"about":[{"href":"https:\/\/diariodalagoa.pt\/fr\/wp-json\/wp\/v2\/types\/post"}],"author":[{"embeddable":true,"href":"https:\/\/diariodalagoa.pt\/fr\/wp-json\/wp\/v2\/users\/2"}],"replies":[{"embeddable":true,"href":"https:\/\/diariodalagoa.pt\/fr\/wp-json\/wp\/v2\/comments?post=129385"}],"version-history":[{"count":6,"href":"https:\/\/diariodalagoa.pt\/fr\/wp-json\/wp\/v2\/posts\/129385\/revisions"}],"predecessor-version":[{"id":130334,"href":"https:\/\/diariodalagoa.pt\/fr\/wp-json\/wp\/v2\/posts\/129385\/revisions\/130334"}],"wp:featuredmedia":[{"embeddable":true,"href":"https:\/\/diariodalagoa.pt\/fr\/wp-json\/wp\/v2\/media\/129386"}],"wp:attachment":[{"href":"https:\/\/diariodalagoa.pt\/fr\/wp-json\/wp\/v2\/media?parent=129385"}],"wp:term":[{"taxonomy":"category","embeddable":true,"href":"https:\/\/diariodalagoa.pt\/fr\/wp-json\/wp\/v2\/categories?post=129385"},{"taxonomy":"post_tag","embeddable":true,"href":"https:\/\/diariodalagoa.pt\/fr\/wp-json\/wp\/v2\/tags?post=129385"}],"curies":[{"name":"wp","href":"https:\/\/api.w.org\/{rel}","templated":true}]}}