{"id":12855,"date":"2015-01-10T15:46:51","date_gmt":"2015-01-10T16:46:51","guid":{"rendered":"http:\/\/diariodalagoa.pt\/?p=12855"},"modified":"2015-01-10T15:46:51","modified_gmt":"2015-01-10T16:46:51","slug":"exportacoes-sao-fundamentais-para-o-sucesso-da-economia-dos-acores","status":"publish","type":"post","link":"https:\/\/diariodalagoa.pt\/fr\/exportacoes-sao-fundamentais-para-o-sucesso-da-economia-dos-acores\/","title":{"rendered":"Exporta\u00e7\u00f5es s\u00e3o fundamentais para o sucesso da economia dos A\u00e7ores"},"content":{"rendered":"<p style=\"text-align: justify;\"><img decoding=\"async\" class=\"alignnone size-full wp-image-12825\" src=\"http:\/\/diariodalagoa.pt\/wp-content\/uploads\/2015\/01\/Sergio-Avila-declara\u00e7\u00f5es-jornalistas-governo-A\u00e7ores.jpg\" alt=\"Sergio-Avila-declara\u00e7\u00f5es-jornalistas-governo-A\u00e7ores\" width=\"720\" height=\"380\" \/><\/p>\n<p style=\"text-align: justify;\"><span style=\"color: #000000;\">O Vice-Presidente do Governo dos A\u00e7ores considerou as exporta\u00e7\u00f5es como \u201cum fator cr\u00edtico de sucesso do desenvolvimento econ\u00f3mico da Regi\u00e3o\u201d, tendo em conta, sobretudo, que \u201cno mundo globalizado em que vivemos, as barreiras \u00e0 circula\u00e7\u00e3o de bens e servi\u00e7os foram completamente derrubadas.\u201d<\/span><\/p>\n<p style=\"text-align: justify;\"><span style=\"color: #000000;\">S\u00e9rgio \u00c1vila, que falava no semin\u00e1rio <em>O Mundo \u00e9 o Nosso Mercado &#8211; Coopera\u00e7\u00e3o Internacional e Exporta\u00e7\u00f5es<\/em>, acrescentou haver, por\u00e9m, a necessidade de os A\u00e7ores melhorarem a sua pr\u00f3pria capacita\u00e7\u00e3o, assentando a estrutura produtiva em setores em que apresentem vantagens comparativas.<\/span><\/p>\n<p style=\"text-align: justify;\"><span style=\"color: #000000;\">Para o Vice-Presidente do Governo, se os A\u00e7orianos n\u00e3o fizerem isso, outros o far\u00e3o por eles, sublinhando que \u201cuma economia mede-se pela capacidade de atrair e injetar recursos, de evitar que os recursos saiam\u201d, o que, afinal, representa o grande desafio que se coloca nos A\u00e7ores.<\/span><\/p>\n<p style=\"text-align: justify;\"><span style=\"color: #000000;\">Defendendo ser importante \u201cpassar das palavras e dos estudos aos atos\u201d, o governante tra\u00e7ou as grandes linhas definidas pelo Governo dos A\u00e7ores para o desenvolvimento dessa estrat\u00e9gia.<\/span><\/p>\n<p style=\"text-align: justify;\"><span style=\"color: #000000;\">A aprova\u00e7\u00e3o, nesta sexta-feira, do Programa Operacional dos A\u00e7ores, o primeiro de todas as regi\u00f5es do pa\u00eds a ficar operacionalizado, permite que fique dispon\u00edvel, a partir de agora, um sistema de incentivos \u00e0 atividade econ\u00f3mica que S\u00e9rgio \u00c1vila qualificou de \u201cmais intenso, diversificado e generoso\u201d do que qualquer outro dispon\u00edvel a qualquer empres\u00e1rio das outras regi\u00f5es do pa\u00eds.<\/span><\/p>\n<p style=\"text-align: justify;\"><span style=\"color: #000000;\">O Vice-Presidente do Governo reiterou que, a par do claro apoio \u00e0 exporta\u00e7\u00e3o, o novo sistema de incentivos reger-se-\u00e1 por um novo paradigma, que privilegia o valor acrescentado do investimento e a cria\u00e7\u00e3o l\u00edquida de emprego que provocar, para o que incluiu, como grande novidade, a elegibilidade dos respetivos custos como despesa comparticipada.<\/span><\/p>\n<p style=\"text-align: justify;\"><span style=\"color: #000000;\">Os diversos programas de apoio e de fomento do emprego, o regime de benef\u00edcios fiscais em vigor no arquip\u00e9lago, \u201cde uma intensidade muito competitiva\u201d, como disse S\u00e9rgio \u00c1vila, e a cria\u00e7\u00e3o da marca <em>A\u00e7ores<\/em>, foram tamb\u00e9m referidos como instrumentos que conferem \u00e0 Regi\u00e3o \u201ccondi\u00e7\u00f5es de competitividade que s\u00e3o claramente superiores \u00e0s que est\u00e3o \u00e0 disposi\u00e7\u00e3o das restantes empresas que est\u00e3o n\u00e3o s\u00f3 no espa\u00e7o portugu\u00eas, mas na generalidade da Europa.\u201d<\/span><\/p>\n<p style=\"text-align: justify;\"><span style=\"color: #000000;\">O Vice-Presidente do Governo frisou que, apesar dessas vantagens, \u201co desafio que se coloca n\u00e3o \u00e9 f\u00e1cil\u201d, mas manifestou-se convicto de que todos entendem que \u201ctemos de ser melhores do que os outros, temos de ter a capacidade de vender aquilo que temos de melhor, da melhor forma e no s\u00edtio onde os consumidores pretendem comprar.\u201d<\/span><\/p>\n<p style=\"text-align: justify;\"><span style=\"color: #000000;\"><em>DL\/GaCS<\/em><\/span><\/p>","protected":false},"excerpt":{"rendered":"<p>O Vice-Presidente do Governo dos A\u00e7ores considerou as exporta\u00e7\u00f5es como \u201cum fator cr\u00edtico de sucesso do desenvolvimento econ\u00f3mico da Regi\u00e3o\u201d, tendo em conta, sobretudo, que \u201cno mundo globalizado em que vivemos, as barreiras \u00e0 circula\u00e7\u00e3o de bens e servi\u00e7os foram completamente derrubadas.\u201d S\u00e9rgio \u00c1vila, que falava no semin\u00e1rio O Mundo \u00e9 o Nosso Mercado &#8211; [&hellip;]<\/p>","protected":false},"author":2,"featured_media":0,"comment_status":"open","ping_status":"open","sticky":false,"template":"","format":"standard","meta":[],"categories":[21],"tags":[],"acf":[],"yoast_head":"<!-- This site is optimized with the Yoast SEO plugin v20.10 - https:\/\/yoast.com\/wordpress\/plugins\/seo\/ -->\n<title>Exporta\u00e7\u00f5es s\u00e3o fundamentais para o sucesso da economia dos A\u00e7ores - Di\u00e1rio da Lagoa<\/title>\n<meta name=\"robots\" content=\"index, follow, max-snippet:-1, max-image-preview:large, max-video-preview:-1\" \/>\n<link rel=\"canonical\" href=\"https:\/\/diariodalagoa.pt\/fr\/exportacoes-sao-fundamentais-para-o-sucesso-da-economia-dos-acores\/\" \/>\n<meta property=\"og:locale\" content=\"fr_FR\" \/>\n<meta property=\"og:type\" content=\"article\" \/>\n<meta property=\"og:title\" content=\"Exporta\u00e7\u00f5es s\u00e3o fundamentais para o sucesso da economia dos A\u00e7ores - Di\u00e1rio da Lagoa\" \/>\n<meta property=\"og:description\" content=\"O Vice-Presidente do Governo dos A\u00e7ores considerou as exporta\u00e7\u00f5es como \u201cum fator cr\u00edtico de sucesso do desenvolvimento econ\u00f3mico da Regi\u00e3o\u201d, tendo em conta, sobretudo, que \u201cno mundo globalizado em que vivemos, as barreiras \u00e0 circula\u00e7\u00e3o de bens e servi\u00e7os foram completamente derrubadas.\u201d S\u00e9rgio \u00c1vila, que falava no semin\u00e1rio O Mundo \u00e9 o Nosso Mercado &#8211; [&hellip;]\" \/>\n<meta property=\"og:url\" content=\"https:\/\/diariodalagoa.pt\/fr\/exportacoes-sao-fundamentais-para-o-sucesso-da-economia-dos-acores\/\" \/>\n<meta property=\"og:site_name\" content=\"Di\u00e1rio da Lagoa\" \/>\n<meta property=\"article:published_time\" content=\"2015-01-10T16:46:51+00:00\" \/>\n<meta name=\"author\" content=\"Di\u00e1rio da Lagoa\" \/>\n<meta name=\"twitter:card\" content=\"summary_large_image\" \/>\n<meta name=\"twitter:label1\" content=\"\u00c9crit par\" \/>\n\t<meta name=\"twitter:data1\" content=\"Di\u00e1rio da Lagoa\" \/>\n\t<meta name=\"twitter:label2\" content=\"Dur\u00e9e de lecture estim\u00e9e\" \/>\n\t<meta name=\"twitter:data2\" content=\"2 minutes\" \/>\n<script type=\"application\/ld+json\" class=\"yoast-schema-graph\">{\"@context\":\"https:\/\/schema.org\",\"@graph\":[{\"@type\":\"WebPage\",\"@id\":\"https:\/\/diariodalagoa.pt\/exportacoes-sao-fundamentais-para-o-sucesso-da-economia-dos-acores\/\",\"url\":\"https:\/\/diariodalagoa.pt\/exportacoes-sao-fundamentais-para-o-sucesso-da-economia-dos-acores\/\",\"name\":\"Exporta\u00e7\u00f5es s\u00e3o fundamentais para o sucesso da economia dos A\u00e7ores - Di\u00e1rio da Lagoa\",\"isPartOf\":{\"@id\":\"https:\/\/diariodalagoa.pt\/#website\"},\"datePublished\":\"2015-01-10T16:46:51+00:00\",\"dateModified\":\"2015-01-10T16:46:51+00:00\",\"author\":{\"@id\":\"https:\/\/diariodalagoa.pt\/#\/schema\/person\/1615a002370e8857b6f972834bc43ece\"},\"breadcrumb\":{\"@id\":\"https:\/\/diariodalagoa.pt\/exportacoes-sao-fundamentais-para-o-sucesso-da-economia-dos-acores\/#breadcrumb\"},\"inLanguage\":\"fr-FR\",\"potentialAction\":[{\"@type\":\"ReadAction\",\"target\":[\"https:\/\/diariodalagoa.pt\/exportacoes-sao-fundamentais-para-o-sucesso-da-economia-dos-acores\/\"]}]},{\"@type\":\"BreadcrumbList\",\"@id\":\"https:\/\/diariodalagoa.pt\/exportacoes-sao-fundamentais-para-o-sucesso-da-economia-dos-acores\/#breadcrumb\",\"itemListElement\":[{\"@type\":\"ListItem\",\"position\":1,\"name\":\"In\u00edcio\",\"item\":\"https:\/\/diariodalagoa.pt\/\"},{\"@type\":\"ListItem\",\"position\":2,\"name\":\"Exporta\u00e7\u00f5es s\u00e3o fundamentais para o sucesso da economia dos A\u00e7ores\"}]},{\"@type\":\"WebSite\",\"@id\":\"https:\/\/diariodalagoa.pt\/#website\",\"url\":\"https:\/\/diariodalagoa.pt\/\",\"name\":\"Di\u00e1rio da Lagoa\",\"description\":\"Di\u00e1rio da Lagoa. As not\u00edcias que contam. A partir da Lagoa, nos A\u00e7ores, para o mundo.\",\"potentialAction\":[{\"@type\":\"SearchAction\",\"target\":{\"@type\":\"EntryPoint\",\"urlTemplate\":\"https:\/\/diariodalagoa.pt\/?s={search_term_string}\"},\"query-input\":\"required name=search_term_string\"}],\"inLanguage\":\"fr-FR\"},{\"@type\":\"Person\",\"@id\":\"https:\/\/diariodalagoa.pt\/#\/schema\/person\/1615a002370e8857b6f972834bc43ece\",\"name\":\"Di\u00e1rio da Lagoa\",\"image\":{\"@type\":\"ImageObject\",\"inLanguage\":\"fr-FR\",\"@id\":\"https:\/\/diariodalagoa.pt\/#\/schema\/person\/image\/\",\"url\":\"https:\/\/secure.gravatar.com\/avatar\/2cb5cef90a26f8fbd4d9d930608102c5?s=96&d=mm&r=g\",\"contentUrl\":\"https:\/\/secure.gravatar.com\/avatar\/2cb5cef90a26f8fbd4d9d930608102c5?s=96&d=mm&r=g\",\"caption\":\"Di\u00e1rio da Lagoa\"},\"url\":\"https:\/\/diariodalagoa.pt\/fr\/author\/diariodalagoa\/\"}]}<\/script>\n<!-- \/ Yoast SEO plugin. -->","yoast_head_json":{"title":"Exporta\u00e7\u00f5es s\u00e3o fundamentais para o sucesso da economia dos A\u00e7ores - Di\u00e1rio da Lagoa","robots":{"index":"index","follow":"follow","max-snippet":"max-snippet:-1","max-image-preview":"max-image-preview:large","max-video-preview":"max-video-preview:-1"},"canonical":"https:\/\/diariodalagoa.pt\/fr\/exportacoes-sao-fundamentais-para-o-sucesso-da-economia-dos-acores\/","og_locale":"fr_FR","og_type":"article","og_title":"Exporta\u00e7\u00f5es s\u00e3o fundamentais para o sucesso da economia dos A\u00e7ores - Di\u00e1rio da Lagoa","og_description":"O Vice-Presidente do Governo dos A\u00e7ores considerou as exporta\u00e7\u00f5es como \u201cum fator cr\u00edtico de sucesso do desenvolvimento econ\u00f3mico da Regi\u00e3o\u201d, tendo em conta, sobretudo, que \u201cno mundo globalizado em que vivemos, as barreiras \u00e0 circula\u00e7\u00e3o de bens e servi\u00e7os foram completamente derrubadas.\u201d S\u00e9rgio \u00c1vila, que falava no semin\u00e1rio O Mundo \u00e9 o Nosso Mercado &#8211; [&hellip;]","og_url":"https:\/\/diariodalagoa.pt\/fr\/exportacoes-sao-fundamentais-para-o-sucesso-da-economia-dos-acores\/","og_site_name":"Di\u00e1rio da Lagoa","article_published_time":"2015-01-10T16:46:51+00:00","author":"Di\u00e1rio da Lagoa","twitter_card":"summary_large_image","twitter_misc":{"\u00c9crit par":"Di\u00e1rio da Lagoa","Dur\u00e9e de lecture estim\u00e9e":"2 minutes"},"schema":{"@context":"https:\/\/schema.org","@graph":[{"@type":"WebPage","@id":"https:\/\/diariodalagoa.pt\/exportacoes-sao-fundamentais-para-o-sucesso-da-economia-dos-acores\/","url":"https:\/\/diariodalagoa.pt\/exportacoes-sao-fundamentais-para-o-sucesso-da-economia-dos-acores\/","name":"Exporta\u00e7\u00f5es s\u00e3o fundamentais para o sucesso da economia dos A\u00e7ores - Di\u00e1rio da Lagoa","isPartOf":{"@id":"https:\/\/diariodalagoa.pt\/#website"},"datePublished":"2015-01-10T16:46:51+00:00","dateModified":"2015-01-10T16:46:51+00:00","author":{"@id":"https:\/\/diariodalagoa.pt\/#\/schema\/person\/1615a002370e8857b6f972834bc43ece"},"breadcrumb":{"@id":"https:\/\/diariodalagoa.pt\/exportacoes-sao-fundamentais-para-o-sucesso-da-economia-dos-acores\/#breadcrumb"},"inLanguage":"fr-FR","potentialAction":[{"@type":"ReadAction","target":["https:\/\/diariodalagoa.pt\/exportacoes-sao-fundamentais-para-o-sucesso-da-economia-dos-acores\/"]}]},{"@type":"BreadcrumbList","@id":"https:\/\/diariodalagoa.pt\/exportacoes-sao-fundamentais-para-o-sucesso-da-economia-dos-acores\/#breadcrumb","itemListElement":[{"@type":"ListItem","position":1,"name":"In\u00edcio","item":"https:\/\/diariodalagoa.pt\/"},{"@type":"ListItem","position":2,"name":"Exporta\u00e7\u00f5es s\u00e3o fundamentais para o sucesso da economia dos A\u00e7ores"}]},{"@type":"WebSite","@id":"https:\/\/diariodalagoa.pt\/#website","url":"https:\/\/diariodalagoa.pt\/","name":"Di\u00e1rio da Lagoa","description":"Di\u00e1rio da Lagoa. As not\u00edcias que contam. A partir da Lagoa, nos A\u00e7ores, para o mundo.","potentialAction":[{"@type":"SearchAction","target":{"@type":"EntryPoint","urlTemplate":"https:\/\/diariodalagoa.pt\/?s={search_term_string}"},"query-input":"required name=search_term_string"}],"inLanguage":"fr-FR"},{"@type":"Person","@id":"https:\/\/diariodalagoa.pt\/#\/schema\/person\/1615a002370e8857b6f972834bc43ece","name":"Di\u00e1rio da Lagoa","image":{"@type":"ImageObject","inLanguage":"fr-FR","@id":"https:\/\/diariodalagoa.pt\/#\/schema\/person\/image\/","url":"https:\/\/secure.gravatar.com\/avatar\/2cb5cef90a26f8fbd4d9d930608102c5?s=96&d=mm&r=g","contentUrl":"https:\/\/secure.gravatar.com\/avatar\/2cb5cef90a26f8fbd4d9d930608102c5?s=96&d=mm&r=g","caption":"Di\u00e1rio da Lagoa"},"url":"https:\/\/diariodalagoa.pt\/fr\/author\/diariodalagoa\/"}]}},"_links":{"self":[{"href":"https:\/\/diariodalagoa.pt\/fr\/wp-json\/wp\/v2\/posts\/12855"}],"collection":[{"href":"https:\/\/diariodalagoa.pt\/fr\/wp-json\/wp\/v2\/posts"}],"about":[{"href":"https:\/\/diariodalagoa.pt\/fr\/wp-json\/wp\/v2\/types\/post"}],"author":[{"embeddable":true,"href":"https:\/\/diariodalagoa.pt\/fr\/wp-json\/wp\/v2\/users\/2"}],"replies":[{"embeddable":true,"href":"https:\/\/diariodalagoa.pt\/fr\/wp-json\/wp\/v2\/comments?post=12855"}],"version-history":[{"count":0,"href":"https:\/\/diariodalagoa.pt\/fr\/wp-json\/wp\/v2\/posts\/12855\/revisions"}],"wp:attachment":[{"href":"https:\/\/diariodalagoa.pt\/fr\/wp-json\/wp\/v2\/media?parent=12855"}],"wp:term":[{"taxonomy":"category","embeddable":true,"href":"https:\/\/diariodalagoa.pt\/fr\/wp-json\/wp\/v2\/categories?post=12855"},{"taxonomy":"post_tag","embeddable":true,"href":"https:\/\/diariodalagoa.pt\/fr\/wp-json\/wp\/v2\/tags?post=12855"}],"curies":[{"name":"wp","href":"https:\/\/api.w.org\/{rel}","templated":true}]}}