{"id":128533,"date":"2023-11-04T18:05:27","date_gmt":"2023-11-04T18:05:27","guid":{"rendered":"https:\/\/diariodalagoa.pt\/?p=128533"},"modified":"2025-06-27T15:47:52","modified_gmt":"2025-06-27T15:47:52","slug":"psd-enche-cineteatro-lagoense-para-sessao-de-esclarecimentos","status":"publish","type":"post","link":"https:\/\/diariodalagoa.pt\/fr\/psd-enche-cineteatro-lagoense-para-sessao-de-esclarecimentos\/","title":{"rendered":"PSD enche Cineteatro Lagoense para sess\u00e3o de esclarecimentos"},"content":{"rendered":"<figure class=\"wp-block-image size-full\"><img decoding=\"async\" width=\"960\" height=\"517\" src=\"https:\/\/diariodalagoa.pt\/wp-content\/uploads\/2023\/11\/psd-lagoa-sessao-de-esclarecimentos-20231103.jpeg\" alt=\"\" class=\"wp-image-128534\" srcset=\"https:\/\/diariodalagoa.pt\/wp-content\/uploads\/2023\/11\/psd-lagoa-sessao-de-esclarecimentos-20231103.jpeg 960w, https:\/\/diariodalagoa.pt\/wp-content\/uploads\/2023\/11\/psd-lagoa-sessao-de-esclarecimentos-20231103-300x162.jpeg 300w, https:\/\/diariodalagoa.pt\/wp-content\/uploads\/2023\/11\/psd-lagoa-sessao-de-esclarecimentos-20231103-768x414.jpeg 768w, https:\/\/diariodalagoa.pt\/wp-content\/uploads\/2023\/11\/psd-lagoa-sessao-de-esclarecimentos-20231103-18x10.jpeg 18w\" sizes=\"(max-width: 960px) 100vw, 960px\" \/><figcaption class=\"wp-element-caption\"><sup><mark style=\"background-color:rgba(0, 0, 0, 0)\" class=\"has-inline-color has-cyan-bluish-gray-color\">\u00a9 PSD LAGOA<\/mark><\/sup><\/figcaption><\/figure>\n\n\n<p>O PSD Lagoa levou a cabo esta sexta-feira, 3 de novembro, pelas 20h00, uma sess\u00e3o p\u00fablica, de esclarecimentos sobre Habita\u00e7\u00e3o e Investimentos do Plano de Recupera\u00e7\u00e3o e Resili\u00eancia (PRR) que contou com a presen\u00e7a de v\u00e1rias dezenas de pessoas na plateia.<span style=\"font-size: large;\"><span style=\"font-size: small;\"><br \/><br \/><\/span><\/span>A sess\u00e3o viu a plateia encher o Cineteatro Lagoense e contou com a presen\u00e7a do diretor regional da Habita\u00e7\u00e3o, Daniel Pav\u00e3o, e do presidente da Sec\u00e7\u00e3o dos A\u00e7ores do Conselho Diretivo da Ordem dos Arquitetos &#8211; Sec\u00e7\u00e3o dos A\u00e7ores, Nuno Costa.<\/p>\n<p>Em declara\u00e7\u00f5es ao Di\u00e1rio da Lagoa (DL), o l\u00edder do PSD da Lagoa, Ruben Cabral, diz que ficou \u201cmuito satisfeito porque foi not\u00f3rio que os lagoenses quando tem a oportunidade de discutir os assuntos s\u00e3o capazes de tirar as suas pr\u00f3prias conclus\u00f5es de forma racional sem ser com base no clubismo partid\u00e1rio\u201d.<\/p>\n<p>Quanto ao facto da oportunidade servir para esclarecer os lagoenses salienta que est\u00e1 \u201cconvicto que sim\u201d e que \u201ctodos tiveram oportunidade de apresentar quest\u00f5es ao painel.\u201d<\/p>\n<p>A plateia teve a oportunidade de confrontar o diretor regional com v\u00e1rias quest\u00f5es sobre a habita\u00e7\u00e3o na Lagoa e noutros concelhos tendo este respondido a todos os presentes em momentos que por vezes se revelaram de intensa discuss\u00e3o.<\/p>\n<p>O l\u00edder social democrata da Lagoa, Ruben Cabral, questionado se acha que o Governo regional esqueceu a Lagoa, responde que \u201cficou claro que o governo n\u00e3o esqueceu\u201d e que \u201cum dos esclarecimentos que mais se evidenciou por parte de quem assistiu foi a conclus\u00e3o de que a Lagoa carece de um plano de desenvolvimento do concelho onde a habita\u00e7\u00e3o deve ter um papel central, at\u00e9 porque faz parte de umas necessidades b\u00e1sicas do ser humano\u201d. <span style=\"font-size: large;\"><span style=\"font-size: small;\"><br \/><br \/><\/span><\/span>Quanto \u00e0 abertura do evento \u00e0 comunidade, Ruben Cabral diz que pretende demonstrar \u201ctranspar\u00eancia, disponibilidade\u201d e ao mesmo tempo revelar a \u201ccapacidade do painel para responder a todas as quest\u00f5es&#8221;.<\/p>\n<p>&#8220;A ades\u00e3o e participa\u00e7\u00e3o da comunidade confirma que a habita\u00e7\u00e3o \u00e9 uma tem\u00e1tica impactante na vida das pessoas\u201d, conclui o social democrata.<\/p>","protected":false},"excerpt":{"rendered":"<p>Sess\u00e3o contou com a presen\u00e7a do diretor regional da Habita\u00e7\u00e3o, Daniel Pav\u00e3o, que respondeu \u00e0s quest\u00f5es dos presentes.<\/p>","protected":false},"author":2,"featured_media":128534,"comment_status":"closed","ping_status":"closed","sticky":false,"template":"","format":"standard","meta":[],"categories":[21],"tags":[],"acf":[],"yoast_head":"<!-- This site is optimized with the Yoast SEO plugin v20.10 - https:\/\/yoast.com\/wordpress\/plugins\/seo\/ -->\n<title>PSD enche Cineteatro Lagoense para sess\u00e3o de esclarecimentos - Di\u00e1rio da Lagoa<\/title>\n<meta name=\"description\" content=\"Sess\u00e3o contou com a presen\u00e7a do diretor regional da Habita\u00e7\u00e3o, Daniel Pav\u00e3o, que respondeu \u00e0s quest\u00f5es dos presentes.\" \/>\n<meta name=\"robots\" content=\"index, follow, max-snippet:-1, max-image-preview:large, max-video-preview:-1\" \/>\n<link rel=\"canonical\" href=\"https:\/\/diariodalagoa.pt\/fr\/psd-enche-cineteatro-lagoense-para-sessao-de-esclarecimentos\/\" \/>\n<meta property=\"og:locale\" content=\"fr_FR\" \/>\n<meta property=\"og:type\" content=\"article\" \/>\n<meta property=\"og:title\" content=\"PSD enche Cineteatro Lagoense para sess\u00e3o de esclarecimentos - Di\u00e1rio da Lagoa\" \/>\n<meta property=\"og:description\" content=\"Sess\u00e3o contou com a presen\u00e7a do diretor regional da Habita\u00e7\u00e3o, Daniel Pav\u00e3o, que respondeu \u00e0s quest\u00f5es dos presentes.\" \/>\n<meta property=\"og:url\" content=\"https:\/\/diariodalagoa.pt\/fr\/psd-enche-cineteatro-lagoense-para-sessao-de-esclarecimentos\/\" \/>\n<meta property=\"og:site_name\" content=\"Di\u00e1rio da Lagoa\" \/>\n<meta property=\"article:published_time\" content=\"2023-11-04T18:05:27+00:00\" \/>\n<meta property=\"article:modified_time\" content=\"2025-06-27T15:47:52+00:00\" \/>\n<meta property=\"og:image\" content=\"https:\/\/diariodalagoa.pt\/wp-content\/uploads\/2023\/11\/psd-lagoa-sessao-de-esclarecimentos-20231103.jpeg\" \/>\n\t<meta property=\"og:image:width\" content=\"960\" \/>\n\t<meta property=\"og:image:height\" content=\"517\" \/>\n\t<meta property=\"og:image:type\" content=\"image\/jpeg\" \/>\n<meta name=\"author\" content=\"Di\u00e1rio da Lagoa\" \/>\n<meta name=\"twitter:card\" content=\"summary_large_image\" \/>\n<meta name=\"twitter:label1\" content=\"\u00c9crit par\" \/>\n\t<meta name=\"twitter:data1\" content=\"Di\u00e1rio da Lagoa\" \/>\n\t<meta name=\"twitter:label2\" content=\"Dur\u00e9e de lecture estim\u00e9e\" \/>\n\t<meta name=\"twitter:data2\" content=\"3 minutes\" \/>\n<script type=\"application\/ld+json\" class=\"yoast-schema-graph\">{\"@context\":\"https:\/\/schema.org\",\"@graph\":[{\"@type\":\"WebPage\",\"@id\":\"https:\/\/diariodalagoa.pt\/psd-enche-cineteatro-lagoense-para-sessao-de-esclarecimentos\/\",\"url\":\"https:\/\/diariodalagoa.pt\/psd-enche-cineteatro-lagoense-para-sessao-de-esclarecimentos\/\",\"name\":\"PSD enche Cineteatro Lagoense para sess\u00e3o de esclarecimentos - Di\u00e1rio da Lagoa\",\"isPartOf\":{\"@id\":\"https:\/\/diariodalagoa.pt\/#website\"},\"datePublished\":\"2023-11-04T18:05:27+00:00\",\"dateModified\":\"2025-06-27T15:47:52+00:00\",\"author\":{\"@id\":\"https:\/\/diariodalagoa.pt\/#\/schema\/person\/1615a002370e8857b6f972834bc43ece\"},\"description\":\"Sess\u00e3o contou com a presen\u00e7a do diretor regional da Habita\u00e7\u00e3o, Daniel Pav\u00e3o, que respondeu \u00e0s quest\u00f5es dos presentes.\",\"breadcrumb\":{\"@id\":\"https:\/\/diariodalagoa.pt\/psd-enche-cineteatro-lagoense-para-sessao-de-esclarecimentos\/#breadcrumb\"},\"inLanguage\":\"fr-FR\",\"potentialAction\":[{\"@type\":\"ReadAction\",\"target\":[\"https:\/\/diariodalagoa.pt\/psd-enche-cineteatro-lagoense-para-sessao-de-esclarecimentos\/\"]}]},{\"@type\":\"BreadcrumbList\",\"@id\":\"https:\/\/diariodalagoa.pt\/psd-enche-cineteatro-lagoense-para-sessao-de-esclarecimentos\/#breadcrumb\",\"itemListElement\":[{\"@type\":\"ListItem\",\"position\":1,\"name\":\"In\u00edcio\",\"item\":\"https:\/\/diariodalagoa.pt\/\"},{\"@type\":\"ListItem\",\"position\":2,\"name\":\"PSD enche Cineteatro Lagoense para sess\u00e3o de esclarecimentos\"}]},{\"@type\":\"WebSite\",\"@id\":\"https:\/\/diariodalagoa.pt\/#website\",\"url\":\"https:\/\/diariodalagoa.pt\/\",\"name\":\"Di\u00e1rio da Lagoa\",\"description\":\"Di\u00e1rio da Lagoa. As not\u00edcias que contam. A partir da Lagoa, nos A\u00e7ores, para o mundo.\",\"potentialAction\":[{\"@type\":\"SearchAction\",\"target\":{\"@type\":\"EntryPoint\",\"urlTemplate\":\"https:\/\/diariodalagoa.pt\/?s={search_term_string}\"},\"query-input\":\"required name=search_term_string\"}],\"inLanguage\":\"fr-FR\"},{\"@type\":\"Person\",\"@id\":\"https:\/\/diariodalagoa.pt\/#\/schema\/person\/1615a002370e8857b6f972834bc43ece\",\"name\":\"Di\u00e1rio da Lagoa\",\"image\":{\"@type\":\"ImageObject\",\"inLanguage\":\"fr-FR\",\"@id\":\"https:\/\/diariodalagoa.pt\/#\/schema\/person\/image\/\",\"url\":\"https:\/\/secure.gravatar.com\/avatar\/2cb5cef90a26f8fbd4d9d930608102c5?s=96&d=mm&r=g\",\"contentUrl\":\"https:\/\/secure.gravatar.com\/avatar\/2cb5cef90a26f8fbd4d9d930608102c5?s=96&d=mm&r=g\",\"caption\":\"Di\u00e1rio da Lagoa\"},\"url\":\"https:\/\/diariodalagoa.pt\/fr\/author\/diariodalagoa\/\"}]}<\/script>\n<!-- \/ Yoast SEO plugin. -->","yoast_head_json":{"title":"PSD enche Cineteatro Lagoense para sess\u00e3o de esclarecimentos - Di\u00e1rio da Lagoa","description":"Sess\u00e3o contou com a presen\u00e7a do diretor regional da Habita\u00e7\u00e3o, Daniel Pav\u00e3o, que respondeu \u00e0s quest\u00f5es dos presentes.","robots":{"index":"index","follow":"follow","max-snippet":"max-snippet:-1","max-image-preview":"max-image-preview:large","max-video-preview":"max-video-preview:-1"},"canonical":"https:\/\/diariodalagoa.pt\/fr\/psd-enche-cineteatro-lagoense-para-sessao-de-esclarecimentos\/","og_locale":"fr_FR","og_type":"article","og_title":"PSD enche Cineteatro Lagoense para sess\u00e3o de esclarecimentos - Di\u00e1rio da Lagoa","og_description":"Sess\u00e3o contou com a presen\u00e7a do diretor regional da Habita\u00e7\u00e3o, Daniel Pav\u00e3o, que respondeu \u00e0s quest\u00f5es dos presentes.","og_url":"https:\/\/diariodalagoa.pt\/fr\/psd-enche-cineteatro-lagoense-para-sessao-de-esclarecimentos\/","og_site_name":"Di\u00e1rio da Lagoa","article_published_time":"2023-11-04T18:05:27+00:00","article_modified_time":"2025-06-27T15:47:52+00:00","og_image":[{"width":960,"height":517,"url":"https:\/\/diariodalagoa.pt\/wp-content\/uploads\/2023\/11\/psd-lagoa-sessao-de-esclarecimentos-20231103.jpeg","type":"image\/jpeg"}],"author":"Di\u00e1rio da Lagoa","twitter_card":"summary_large_image","twitter_misc":{"\u00c9crit par":"Di\u00e1rio da Lagoa","Dur\u00e9e de lecture estim\u00e9e":"3 minutes"},"schema":{"@context":"https:\/\/schema.org","@graph":[{"@type":"WebPage","@id":"https:\/\/diariodalagoa.pt\/psd-enche-cineteatro-lagoense-para-sessao-de-esclarecimentos\/","url":"https:\/\/diariodalagoa.pt\/psd-enche-cineteatro-lagoense-para-sessao-de-esclarecimentos\/","name":"PSD enche Cineteatro Lagoense para sess\u00e3o de esclarecimentos - Di\u00e1rio da Lagoa","isPartOf":{"@id":"https:\/\/diariodalagoa.pt\/#website"},"datePublished":"2023-11-04T18:05:27+00:00","dateModified":"2025-06-27T15:47:52+00:00","author":{"@id":"https:\/\/diariodalagoa.pt\/#\/schema\/person\/1615a002370e8857b6f972834bc43ece"},"description":"Sess\u00e3o contou com a presen\u00e7a do diretor regional da Habita\u00e7\u00e3o, Daniel Pav\u00e3o, que respondeu \u00e0s quest\u00f5es dos presentes.","breadcrumb":{"@id":"https:\/\/diariodalagoa.pt\/psd-enche-cineteatro-lagoense-para-sessao-de-esclarecimentos\/#breadcrumb"},"inLanguage":"fr-FR","potentialAction":[{"@type":"ReadAction","target":["https:\/\/diariodalagoa.pt\/psd-enche-cineteatro-lagoense-para-sessao-de-esclarecimentos\/"]}]},{"@type":"BreadcrumbList","@id":"https:\/\/diariodalagoa.pt\/psd-enche-cineteatro-lagoense-para-sessao-de-esclarecimentos\/#breadcrumb","itemListElement":[{"@type":"ListItem","position":1,"name":"In\u00edcio","item":"https:\/\/diariodalagoa.pt\/"},{"@type":"ListItem","position":2,"name":"PSD enche Cineteatro Lagoense para sess\u00e3o de esclarecimentos"}]},{"@type":"WebSite","@id":"https:\/\/diariodalagoa.pt\/#website","url":"https:\/\/diariodalagoa.pt\/","name":"Di\u00e1rio da Lagoa","description":"Di\u00e1rio da Lagoa. As not\u00edcias que contam. A partir da Lagoa, nos A\u00e7ores, para o mundo.","potentialAction":[{"@type":"SearchAction","target":{"@type":"EntryPoint","urlTemplate":"https:\/\/diariodalagoa.pt\/?s={search_term_string}"},"query-input":"required name=search_term_string"}],"inLanguage":"fr-FR"},{"@type":"Person","@id":"https:\/\/diariodalagoa.pt\/#\/schema\/person\/1615a002370e8857b6f972834bc43ece","name":"Di\u00e1rio da Lagoa","image":{"@type":"ImageObject","inLanguage":"fr-FR","@id":"https:\/\/diariodalagoa.pt\/#\/schema\/person\/image\/","url":"https:\/\/secure.gravatar.com\/avatar\/2cb5cef90a26f8fbd4d9d930608102c5?s=96&d=mm&r=g","contentUrl":"https:\/\/secure.gravatar.com\/avatar\/2cb5cef90a26f8fbd4d9d930608102c5?s=96&d=mm&r=g","caption":"Di\u00e1rio da Lagoa"},"url":"https:\/\/diariodalagoa.pt\/fr\/author\/diariodalagoa\/"}]}},"_links":{"self":[{"href":"https:\/\/diariodalagoa.pt\/fr\/wp-json\/wp\/v2\/posts\/128533"}],"collection":[{"href":"https:\/\/diariodalagoa.pt\/fr\/wp-json\/wp\/v2\/posts"}],"about":[{"href":"https:\/\/diariodalagoa.pt\/fr\/wp-json\/wp\/v2\/types\/post"}],"author":[{"embeddable":true,"href":"https:\/\/diariodalagoa.pt\/fr\/wp-json\/wp\/v2\/users\/2"}],"replies":[{"embeddable":true,"href":"https:\/\/diariodalagoa.pt\/fr\/wp-json\/wp\/v2\/comments?post=128533"}],"version-history":[{"count":5,"href":"https:\/\/diariodalagoa.pt\/fr\/wp-json\/wp\/v2\/posts\/128533\/revisions"}],"predecessor-version":[{"id":128540,"href":"https:\/\/diariodalagoa.pt\/fr\/wp-json\/wp\/v2\/posts\/128533\/revisions\/128540"}],"wp:featuredmedia":[{"embeddable":true,"href":"https:\/\/diariodalagoa.pt\/fr\/wp-json\/wp\/v2\/media\/128534"}],"wp:attachment":[{"href":"https:\/\/diariodalagoa.pt\/fr\/wp-json\/wp\/v2\/media?parent=128533"}],"wp:term":[{"taxonomy":"category","embeddable":true,"href":"https:\/\/diariodalagoa.pt\/fr\/wp-json\/wp\/v2\/categories?post=128533"},{"taxonomy":"post_tag","embeddable":true,"href":"https:\/\/diariodalagoa.pt\/fr\/wp-json\/wp\/v2\/tags?post=128533"}],"curies":[{"name":"wp","href":"https:\/\/api.w.org\/{rel}","templated":true}]}}