{"id":128312,"date":"2023-10-24T11:38:34","date_gmt":"2023-10-24T11:38:34","guid":{"rendered":"https:\/\/diariodalagoa.pt\/?p=128312"},"modified":"2025-06-27T15:48:31","modified_gmt":"2025-06-27T15:48:31","slug":"cineteatro-lagoense-acolhe-concerto-de-homenagem-e-gyorgy-ligeti","status":"publish","type":"post","link":"https:\/\/diariodalagoa.pt\/fr\/cineteatro-lagoense-acolhe-concerto-de-homenagem-e-gyorgy-ligeti\/","title":{"rendered":"Cineteatro lagoense acolhe concerto de homenagem e Gy\u00f6rgy Ligeti"},"content":{"rendered":"<figure class=\"wp-block-image size-full\"><img decoding=\"async\" width=\"960\" height=\"641\" src=\"https:\/\/diariodalagoa.pt\/wp-content\/uploads\/2023\/10\/gyorgy-ligeti.jpg\" alt=\"\" class=\"wp-image-128313\" srcset=\"https:\/\/diariodalagoa.pt\/wp-content\/uploads\/2023\/10\/gyorgy-ligeti.jpg 960w, https:\/\/diariodalagoa.pt\/wp-content\/uploads\/2023\/10\/gyorgy-ligeti-300x200.jpg 300w, https:\/\/diariodalagoa.pt\/wp-content\/uploads\/2023\/10\/gyorgy-ligeti-768x513.jpg 768w, https:\/\/diariodalagoa.pt\/wp-content\/uploads\/2023\/10\/gyorgy-ligeti-18x12.jpg 18w\" sizes=\"(max-width: 960px) 100vw, 960px\" \/><figcaption class=\"wp-element-caption\"><sub><mark style=\"background-color:rgba(0, 0, 0, 0)\" class=\"has-inline-color has-cyan-bluish-gray-color\">\u00a9\u00a0Erich Auerbach\/Hulton Archive<\/mark><\/sub><\/figcaption><\/figure>\n\n\n\n<p>No pr\u00f3ximo s\u00e1bado, 28 de outubro, \u00e0s&nbsp;21h00, ter\u00e1 lugar no cineteatro lagoense Francisco d\u2019Amaral Almeida um concerto comemorativo do centen\u00e1rio de Gy\u00f6rgy Ligeti, numa iniciativa da Associa\u00e7\u00e3o Cultural Arquip\u00e9lago Crom\u00e1tico.<\/p>\n\n\n\n<p>Este concerto insere-se no ciclo de concertos de homenagem, tendo como principal objetivo homenagear personalidades e compositores de relevo, tanto a n\u00edvel nacional, como internacional. O primeiro evento desta a\u00e7\u00e3o \u00e9 dedicado ao compositor&nbsp;Gy\u00f6rgy Ligeti, que celebra, este ano, o seu centen\u00e1rio.<\/p>\n\n\n\n<p>De origem judaica, Gy\u00f6rgy Ligeti \u00e9&nbsp;um compositor marcante da hist\u00f3ria da m\u00fasica do s\u00e9culo XX, que&nbsp;teve na sua vida e obra a forte marca da persegui\u00e7\u00e3o. Assim, \u201chomenagear Ligeti \u00e9 tamb\u00e9m homenagear todos aqueles que continuam a experienciar os paradigmas da intoler\u00e2ncia, da n\u00e3o aceita\u00e7\u00e3o e do desrespeito pela liberdade\u201d, defende a associa\u00e7\u00e3o.<\/p>\n\n\n\n<p>No que se refere ao programa deste momento musical, o concerto ir\u00e1 iniciar com a pe\u00e7a \u201c6 Bagatelas\u201d, da autoria do pr\u00f3prio homenageado, seguida\u00a0de um excerto da obra \u201c10 pe\u00e7as para quinteto de sopros\u201d, pe\u00e7a caracter\u00edstica de uma fase de transi\u00e7\u00e3o na escrita de Ligeti. O programa segue com a obra \u201cCinco elegias\u201d, do compositor portugu\u00eas Eurico Carrapatoso, em que este homenageia cinco compositores. <\/p>\n\n\n\n<p>Finalmente, o concerto encerra com um elemento comum \u00e0 obra de Ligeti e \u00e0 obra de Carrapatoso, B\u00e9la Bart\u00f3k, compositor a quem ambos dedicam a sua homenagem.<\/p>","protected":false},"excerpt":{"rendered":"<p>Evento est\u00e1 agendado para a noite do pr\u00f3ximo s\u00e1bado. \u00c9 organizado pela Associa\u00e7\u00e3o Cultural Arquip\u00e9lago Crom\u00e1tico<\/p>","protected":false},"author":2,"featured_media":128313,"comment_status":"closed","ping_status":"open","sticky":false,"template":"","format":"standard","meta":[],"categories":[21],"tags":[],"acf":[],"yoast_head":"<!-- This site is optimized with the Yoast SEO plugin v20.10 - https:\/\/yoast.com\/wordpress\/plugins\/seo\/ -->\n<title>Cineteatro lagoense acolhe concerto de homenagem e Gy\u00f6rgy Ligeti - Di\u00e1rio da Lagoa<\/title>\n<meta name=\"description\" content=\"Evento est\u00e1 agendado para a noite do pr\u00f3ximo s\u00e1bado. \u00c9 organizado pela Associa\u00e7\u00e3o Cultural Arquip\u00e9lago Crom\u00e1tico.\" \/>\n<meta name=\"robots\" content=\"index, follow, max-snippet:-1, max-image-preview:large, max-video-preview:-1\" \/>\n<link rel=\"canonical\" href=\"https:\/\/diariodalagoa.pt\/fr\/cineteatro-lagoense-acolhe-concerto-de-homenagem-e-gyorgy-ligeti\/\" \/>\n<meta property=\"og:locale\" content=\"fr_FR\" \/>\n<meta property=\"og:type\" content=\"article\" \/>\n<meta property=\"og:title\" content=\"Cineteatro lagoense acolhe concerto de homenagem e Gy\u00f6rgy Ligeti - Di\u00e1rio da Lagoa\" \/>\n<meta property=\"og:description\" content=\"Evento est\u00e1 agendado para a noite do pr\u00f3ximo s\u00e1bado. \u00c9 organizado pela Associa\u00e7\u00e3o Cultural Arquip\u00e9lago Crom\u00e1tico.\" \/>\n<meta property=\"og:url\" content=\"https:\/\/diariodalagoa.pt\/fr\/cineteatro-lagoense-acolhe-concerto-de-homenagem-e-gyorgy-ligeti\/\" \/>\n<meta property=\"og:site_name\" content=\"Di\u00e1rio da Lagoa\" \/>\n<meta property=\"article:published_time\" content=\"2023-10-24T11:38:34+00:00\" \/>\n<meta property=\"article:modified_time\" content=\"2025-06-27T15:48:31+00:00\" \/>\n<meta property=\"og:image\" content=\"https:\/\/diariodalagoa.pt\/wp-content\/uploads\/2023\/10\/gyorgy-ligeti.jpg\" \/>\n\t<meta property=\"og:image:width\" content=\"960\" \/>\n\t<meta property=\"og:image:height\" content=\"641\" \/>\n\t<meta property=\"og:image:type\" content=\"image\/jpeg\" \/>\n<meta name=\"author\" content=\"Di\u00e1rio da Lagoa\" \/>\n<meta name=\"twitter:card\" content=\"summary_large_image\" \/>\n<meta name=\"twitter:label1\" content=\"\u00c9crit par\" \/>\n\t<meta name=\"twitter:data1\" content=\"Di\u00e1rio da Lagoa\" \/>\n\t<meta name=\"twitter:label2\" content=\"Dur\u00e9e de lecture estim\u00e9e\" \/>\n\t<meta name=\"twitter:data2\" content=\"2 minutes\" \/>\n<script type=\"application\/ld+json\" class=\"yoast-schema-graph\">{\"@context\":\"https:\/\/schema.org\",\"@graph\":[{\"@type\":\"WebPage\",\"@id\":\"https:\/\/diariodalagoa.pt\/cineteatro-lagoense-acolhe-concerto-de-homenagem-e-gyorgy-ligeti\/\",\"url\":\"https:\/\/diariodalagoa.pt\/cineteatro-lagoense-acolhe-concerto-de-homenagem-e-gyorgy-ligeti\/\",\"name\":\"Cineteatro lagoense acolhe concerto de homenagem e Gy\u00f6rgy Ligeti - Di\u00e1rio da Lagoa\",\"isPartOf\":{\"@id\":\"https:\/\/diariodalagoa.pt\/#website\"},\"datePublished\":\"2023-10-24T11:38:34+00:00\",\"dateModified\":\"2025-06-27T15:48:31+00:00\",\"author\":{\"@id\":\"https:\/\/diariodalagoa.pt\/#\/schema\/person\/1615a002370e8857b6f972834bc43ece\"},\"description\":\"Evento est\u00e1 agendado para a noite do pr\u00f3ximo s\u00e1bado. \u00c9 organizado pela Associa\u00e7\u00e3o Cultural Arquip\u00e9lago Crom\u00e1tico.\",\"breadcrumb\":{\"@id\":\"https:\/\/diariodalagoa.pt\/cineteatro-lagoense-acolhe-concerto-de-homenagem-e-gyorgy-ligeti\/#breadcrumb\"},\"inLanguage\":\"fr-FR\",\"potentialAction\":[{\"@type\":\"ReadAction\",\"target\":[\"https:\/\/diariodalagoa.pt\/cineteatro-lagoense-acolhe-concerto-de-homenagem-e-gyorgy-ligeti\/\"]}]},{\"@type\":\"BreadcrumbList\",\"@id\":\"https:\/\/diariodalagoa.pt\/cineteatro-lagoense-acolhe-concerto-de-homenagem-e-gyorgy-ligeti\/#breadcrumb\",\"itemListElement\":[{\"@type\":\"ListItem\",\"position\":1,\"name\":\"In\u00edcio\",\"item\":\"https:\/\/diariodalagoa.pt\/\"},{\"@type\":\"ListItem\",\"position\":2,\"name\":\"Cineteatro lagoense acolhe concerto de homenagem e Gy\u00f6rgy Ligeti\"}]},{\"@type\":\"WebSite\",\"@id\":\"https:\/\/diariodalagoa.pt\/#website\",\"url\":\"https:\/\/diariodalagoa.pt\/\",\"name\":\"Di\u00e1rio da Lagoa\",\"description\":\"Di\u00e1rio da Lagoa. As not\u00edcias que contam. A partir da Lagoa, nos A\u00e7ores, para o mundo.\",\"potentialAction\":[{\"@type\":\"SearchAction\",\"target\":{\"@type\":\"EntryPoint\",\"urlTemplate\":\"https:\/\/diariodalagoa.pt\/?s={search_term_string}\"},\"query-input\":\"required name=search_term_string\"}],\"inLanguage\":\"fr-FR\"},{\"@type\":\"Person\",\"@id\":\"https:\/\/diariodalagoa.pt\/#\/schema\/person\/1615a002370e8857b6f972834bc43ece\",\"name\":\"Di\u00e1rio da Lagoa\",\"image\":{\"@type\":\"ImageObject\",\"inLanguage\":\"fr-FR\",\"@id\":\"https:\/\/diariodalagoa.pt\/#\/schema\/person\/image\/\",\"url\":\"https:\/\/secure.gravatar.com\/avatar\/2cb5cef90a26f8fbd4d9d930608102c5?s=96&d=mm&r=g\",\"contentUrl\":\"https:\/\/secure.gravatar.com\/avatar\/2cb5cef90a26f8fbd4d9d930608102c5?s=96&d=mm&r=g\",\"caption\":\"Di\u00e1rio da Lagoa\"},\"url\":\"https:\/\/diariodalagoa.pt\/fr\/author\/diariodalagoa\/\"}]}<\/script>\n<!-- \/ Yoast SEO plugin. -->","yoast_head_json":{"title":"Cineteatro lagoense acolhe concerto de homenagem e Gy\u00f6rgy Ligeti - Di\u00e1rio da Lagoa","description":"Evento est\u00e1 agendado para a noite do pr\u00f3ximo s\u00e1bado. \u00c9 organizado pela Associa\u00e7\u00e3o Cultural Arquip\u00e9lago Crom\u00e1tico.","robots":{"index":"index","follow":"follow","max-snippet":"max-snippet:-1","max-image-preview":"max-image-preview:large","max-video-preview":"max-video-preview:-1"},"canonical":"https:\/\/diariodalagoa.pt\/fr\/cineteatro-lagoense-acolhe-concerto-de-homenagem-e-gyorgy-ligeti\/","og_locale":"fr_FR","og_type":"article","og_title":"Cineteatro lagoense acolhe concerto de homenagem e Gy\u00f6rgy Ligeti - Di\u00e1rio da Lagoa","og_description":"Evento est\u00e1 agendado para a noite do pr\u00f3ximo s\u00e1bado. \u00c9 organizado pela Associa\u00e7\u00e3o Cultural Arquip\u00e9lago Crom\u00e1tico.","og_url":"https:\/\/diariodalagoa.pt\/fr\/cineteatro-lagoense-acolhe-concerto-de-homenagem-e-gyorgy-ligeti\/","og_site_name":"Di\u00e1rio da Lagoa","article_published_time":"2023-10-24T11:38:34+00:00","article_modified_time":"2025-06-27T15:48:31+00:00","og_image":[{"width":960,"height":641,"url":"https:\/\/diariodalagoa.pt\/wp-content\/uploads\/2023\/10\/gyorgy-ligeti.jpg","type":"image\/jpeg"}],"author":"Di\u00e1rio da Lagoa","twitter_card":"summary_large_image","twitter_misc":{"\u00c9crit par":"Di\u00e1rio da Lagoa","Dur\u00e9e de lecture estim\u00e9e":"2 minutes"},"schema":{"@context":"https:\/\/schema.org","@graph":[{"@type":"WebPage","@id":"https:\/\/diariodalagoa.pt\/cineteatro-lagoense-acolhe-concerto-de-homenagem-e-gyorgy-ligeti\/","url":"https:\/\/diariodalagoa.pt\/cineteatro-lagoense-acolhe-concerto-de-homenagem-e-gyorgy-ligeti\/","name":"Cineteatro lagoense acolhe concerto de homenagem e Gy\u00f6rgy Ligeti - Di\u00e1rio da Lagoa","isPartOf":{"@id":"https:\/\/diariodalagoa.pt\/#website"},"datePublished":"2023-10-24T11:38:34+00:00","dateModified":"2025-06-27T15:48:31+00:00","author":{"@id":"https:\/\/diariodalagoa.pt\/#\/schema\/person\/1615a002370e8857b6f972834bc43ece"},"description":"Evento est\u00e1 agendado para a noite do pr\u00f3ximo s\u00e1bado. \u00c9 organizado pela Associa\u00e7\u00e3o Cultural Arquip\u00e9lago Crom\u00e1tico.","breadcrumb":{"@id":"https:\/\/diariodalagoa.pt\/cineteatro-lagoense-acolhe-concerto-de-homenagem-e-gyorgy-ligeti\/#breadcrumb"},"inLanguage":"fr-FR","potentialAction":[{"@type":"ReadAction","target":["https:\/\/diariodalagoa.pt\/cineteatro-lagoense-acolhe-concerto-de-homenagem-e-gyorgy-ligeti\/"]}]},{"@type":"BreadcrumbList","@id":"https:\/\/diariodalagoa.pt\/cineteatro-lagoense-acolhe-concerto-de-homenagem-e-gyorgy-ligeti\/#breadcrumb","itemListElement":[{"@type":"ListItem","position":1,"name":"In\u00edcio","item":"https:\/\/diariodalagoa.pt\/"},{"@type":"ListItem","position":2,"name":"Cineteatro lagoense acolhe concerto de homenagem e Gy\u00f6rgy Ligeti"}]},{"@type":"WebSite","@id":"https:\/\/diariodalagoa.pt\/#website","url":"https:\/\/diariodalagoa.pt\/","name":"Di\u00e1rio da Lagoa","description":"Di\u00e1rio da Lagoa. As not\u00edcias que contam. A partir da Lagoa, nos A\u00e7ores, para o mundo.","potentialAction":[{"@type":"SearchAction","target":{"@type":"EntryPoint","urlTemplate":"https:\/\/diariodalagoa.pt\/?s={search_term_string}"},"query-input":"required name=search_term_string"}],"inLanguage":"fr-FR"},{"@type":"Person","@id":"https:\/\/diariodalagoa.pt\/#\/schema\/person\/1615a002370e8857b6f972834bc43ece","name":"Di\u00e1rio da Lagoa","image":{"@type":"ImageObject","inLanguage":"fr-FR","@id":"https:\/\/diariodalagoa.pt\/#\/schema\/person\/image\/","url":"https:\/\/secure.gravatar.com\/avatar\/2cb5cef90a26f8fbd4d9d930608102c5?s=96&d=mm&r=g","contentUrl":"https:\/\/secure.gravatar.com\/avatar\/2cb5cef90a26f8fbd4d9d930608102c5?s=96&d=mm&r=g","caption":"Di\u00e1rio da Lagoa"},"url":"https:\/\/diariodalagoa.pt\/fr\/author\/diariodalagoa\/"}]}},"_links":{"self":[{"href":"https:\/\/diariodalagoa.pt\/fr\/wp-json\/wp\/v2\/posts\/128312"}],"collection":[{"href":"https:\/\/diariodalagoa.pt\/fr\/wp-json\/wp\/v2\/posts"}],"about":[{"href":"https:\/\/diariodalagoa.pt\/fr\/wp-json\/wp\/v2\/types\/post"}],"author":[{"embeddable":true,"href":"https:\/\/diariodalagoa.pt\/fr\/wp-json\/wp\/v2\/users\/2"}],"replies":[{"embeddable":true,"href":"https:\/\/diariodalagoa.pt\/fr\/wp-json\/wp\/v2\/comments?post=128312"}],"version-history":[{"count":1,"href":"https:\/\/diariodalagoa.pt\/fr\/wp-json\/wp\/v2\/posts\/128312\/revisions"}],"predecessor-version":[{"id":128314,"href":"https:\/\/diariodalagoa.pt\/fr\/wp-json\/wp\/v2\/posts\/128312\/revisions\/128314"}],"wp:featuredmedia":[{"embeddable":true,"href":"https:\/\/diariodalagoa.pt\/fr\/wp-json\/wp\/v2\/media\/128313"}],"wp:attachment":[{"href":"https:\/\/diariodalagoa.pt\/fr\/wp-json\/wp\/v2\/media?parent=128312"}],"wp:term":[{"taxonomy":"category","embeddable":true,"href":"https:\/\/diariodalagoa.pt\/fr\/wp-json\/wp\/v2\/categories?post=128312"},{"taxonomy":"post_tag","embeddable":true,"href":"https:\/\/diariodalagoa.pt\/fr\/wp-json\/wp\/v2\/tags?post=128312"}],"curies":[{"name":"wp","href":"https:\/\/api.w.org\/{rel}","templated":true}]}}