{"id":128168,"date":"2023-10-16T12:30:08","date_gmt":"2023-10-16T12:30:08","guid":{"rendered":"https:\/\/diariodalagoa.pt\/?p=128168"},"modified":"2025-06-27T15:54:03","modified_gmt":"2025-06-27T15:54:03","slug":"nonagon-recebe-smart-summit-lagoa","status":"publish","type":"post","link":"https:\/\/diariodalagoa.pt\/fr\/nonagon-recebe-smart-summit-lagoa\/","title":{"rendered":"Nonagon recebe Smart Summit Lagoa"},"content":{"rendered":"<figure class=\"wp-block-image size-full\"><img decoding=\"async\" width=\"960\" height=\"640\" src=\"https:\/\/diariodalagoa.pt\/wp-content\/uploads\/2023\/10\/nonagon-lagoa.jpg\" alt=\"\" class=\"wp-image-128169\" srcset=\"https:\/\/diariodalagoa.pt\/wp-content\/uploads\/2023\/10\/nonagon-lagoa.jpg 960w, https:\/\/diariodalagoa.pt\/wp-content\/uploads\/2023\/10\/nonagon-lagoa-300x200.jpg 300w, https:\/\/diariodalagoa.pt\/wp-content\/uploads\/2023\/10\/nonagon-lagoa-768x512.jpg 768w, https:\/\/diariodalagoa.pt\/wp-content\/uploads\/2023\/10\/nonagon-lagoa-18x12.jpg 18w\" sizes=\"(max-width: 960px) 100vw, 960px\" \/><figcaption class=\"wp-element-caption\"><sub><mark style=\"background-color:rgba(0, 0, 0, 0)\" class=\"has-inline-color has-cyan-bluish-gray-color\">\u00a9 CM LAGOA<\/mark><\/sub><\/figcaption><\/figure>\n\n\n\n<p>Todos os caminhos v\u00e3o dar \u00e0 Lagoa para mais uma edi\u00e7\u00e3o do Smart Summit Lagoa, evento que ir\u00e1 decorrer no Nonagon nos dias 19 e 20 de outubro. Este \u00e9 um dos maiores eventos de inova\u00e7\u00e3o e empreendedorismo dos A\u00e7ores que durante dois dias vai reunir empresas, startutps, empres\u00e1rios, investidores e institui\u00e7\u00f5es que t\u00eam em comum a inova\u00e7\u00e3o, a constru\u00e7\u00e3o de rela\u00e7\u00f5es profissionais e empresariais, a identifica\u00e7\u00e3o de oportunidades e neg\u00f3cios.<\/p>\n\n\n\n<p>Com capacidade para quinhentos lugares, quarenta oradores, tr\u00eas workshops e dois palcos, estes s\u00e3o alguns n\u00fameros que v\u00e3o caracterizar um evento de dimens\u00e3o internacional que, reunindo diversas sinergias, pretende fazer da Lagoa um palco de know-how, partilha, colabora\u00e7\u00e3o e de fus\u00e3o de ideias tanto empresariais, como tecnol\u00f3gicas e de inova\u00e7\u00e3o.<\/p>\n\n\n\n<p>Ir\u00e3o, igualmente, ter lugar palestras e conversas de acesso livre que abordar\u00e3o temas da atualidade e estrat\u00e9gias para a regi\u00e3o, sendo o foco principal a partilha de ideias inovadoras e inspiradoras, para que, futuramente, se desenvolvam em a\u00e7\u00f5es concretas. <\/p>\n\n\n\n<p>Por outro lado, estar\u00e1 presente uma smart fair, com a exposi\u00e7\u00e3o de projetos, dirigidas tanto para o p\u00fablico em geral, como para potenciais parceiros, investidores e clientes. Assim, atrav\u00e9s desta exposi\u00e7\u00e3o para a comunidade, as empresas poder\u00e3o crescer, alavancar e expandir-se, nomeadamente com a forma\u00e7\u00e3o de algumas parcerias.<\/p>","protected":false},"excerpt":{"rendered":"<p>Nos dias 19 e 20 de outubro vai ter lugar mais uma edi\u00e7\u00e3o de um dos maiores eventos de inova\u00e7\u00e3o e empreendedorismo dos A\u00e7ores<\/p>","protected":false},"author":2,"featured_media":128169,"comment_status":"closed","ping_status":"open","sticky":false,"template":"","format":"standard","meta":[],"categories":[21],"tags":[],"acf":[],"yoast_head":"<!-- This site is optimized with the Yoast SEO plugin v20.10 - https:\/\/yoast.com\/wordpress\/plugins\/seo\/ -->\n<title>Nonagon recebe Smart Summit Lagoa - Di\u00e1rio da Lagoa<\/title>\n<meta name=\"description\" content=\"Nos dias 19 e 20 de outubro vai ter lugar mais uma edi\u00e7\u00e3o de um dos maiores eventos de inova\u00e7\u00e3o e empreendedorismo dos A\u00e7ores.\" \/>\n<meta name=\"robots\" content=\"index, follow, max-snippet:-1, max-image-preview:large, max-video-preview:-1\" \/>\n<link rel=\"canonical\" href=\"https:\/\/diariodalagoa.pt\/fr\/nonagon-recebe-smart-summit-lagoa\/\" \/>\n<meta property=\"og:locale\" content=\"fr_FR\" \/>\n<meta property=\"og:type\" content=\"article\" \/>\n<meta property=\"og:title\" content=\"Nonagon recebe Smart Summit Lagoa - Di\u00e1rio da Lagoa\" \/>\n<meta property=\"og:description\" content=\"Nos dias 19 e 20 de outubro vai ter lugar mais uma edi\u00e7\u00e3o de um dos maiores eventos de inova\u00e7\u00e3o e empreendedorismo dos A\u00e7ores.\" \/>\n<meta property=\"og:url\" content=\"https:\/\/diariodalagoa.pt\/fr\/nonagon-recebe-smart-summit-lagoa\/\" \/>\n<meta property=\"og:site_name\" content=\"Di\u00e1rio da Lagoa\" \/>\n<meta property=\"article:published_time\" content=\"2023-10-16T12:30:08+00:00\" \/>\n<meta property=\"article:modified_time\" content=\"2025-06-27T15:54:03+00:00\" \/>\n<meta property=\"og:image\" content=\"https:\/\/diariodalagoa.pt\/wp-content\/uploads\/2023\/10\/nonagon-lagoa.jpg\" \/>\n\t<meta property=\"og:image:width\" content=\"960\" \/>\n\t<meta property=\"og:image:height\" content=\"640\" \/>\n\t<meta property=\"og:image:type\" content=\"image\/jpeg\" \/>\n<meta name=\"author\" content=\"Di\u00e1rio da Lagoa\" \/>\n<meta name=\"twitter:card\" content=\"summary_large_image\" \/>\n<meta name=\"twitter:label1\" content=\"\u00c9crit par\" \/>\n\t<meta name=\"twitter:data1\" content=\"Di\u00e1rio da Lagoa\" \/>\n\t<meta name=\"twitter:label2\" content=\"Dur\u00e9e de lecture estim\u00e9e\" \/>\n\t<meta name=\"twitter:data2\" content=\"2 minutes\" \/>\n<script type=\"application\/ld+json\" class=\"yoast-schema-graph\">{\"@context\":\"https:\/\/schema.org\",\"@graph\":[{\"@type\":\"WebPage\",\"@id\":\"https:\/\/diariodalagoa.pt\/nonagon-recebe-smart-summit-lagoa\/\",\"url\":\"https:\/\/diariodalagoa.pt\/nonagon-recebe-smart-summit-lagoa\/\",\"name\":\"Nonagon recebe Smart Summit Lagoa - Di\u00e1rio da Lagoa\",\"isPartOf\":{\"@id\":\"https:\/\/diariodalagoa.pt\/#website\"},\"datePublished\":\"2023-10-16T12:30:08+00:00\",\"dateModified\":\"2025-06-27T15:54:03+00:00\",\"author\":{\"@id\":\"https:\/\/diariodalagoa.pt\/#\/schema\/person\/1615a002370e8857b6f972834bc43ece\"},\"description\":\"Nos dias 19 e 20 de outubro vai ter lugar mais uma edi\u00e7\u00e3o de um dos maiores eventos de inova\u00e7\u00e3o e empreendedorismo dos A\u00e7ores.\",\"breadcrumb\":{\"@id\":\"https:\/\/diariodalagoa.pt\/nonagon-recebe-smart-summit-lagoa\/#breadcrumb\"},\"inLanguage\":\"fr-FR\",\"potentialAction\":[{\"@type\":\"ReadAction\",\"target\":[\"https:\/\/diariodalagoa.pt\/nonagon-recebe-smart-summit-lagoa\/\"]}]},{\"@type\":\"BreadcrumbList\",\"@id\":\"https:\/\/diariodalagoa.pt\/nonagon-recebe-smart-summit-lagoa\/#breadcrumb\",\"itemListElement\":[{\"@type\":\"ListItem\",\"position\":1,\"name\":\"In\u00edcio\",\"item\":\"https:\/\/diariodalagoa.pt\/\"},{\"@type\":\"ListItem\",\"position\":2,\"name\":\"Nonagon recebe Smart Summit Lagoa\"}]},{\"@type\":\"WebSite\",\"@id\":\"https:\/\/diariodalagoa.pt\/#website\",\"url\":\"https:\/\/diariodalagoa.pt\/\",\"name\":\"Di\u00e1rio da Lagoa\",\"description\":\"Di\u00e1rio da Lagoa. As not\u00edcias que contam. A partir da Lagoa, nos A\u00e7ores, para o mundo.\",\"potentialAction\":[{\"@type\":\"SearchAction\",\"target\":{\"@type\":\"EntryPoint\",\"urlTemplate\":\"https:\/\/diariodalagoa.pt\/?s={search_term_string}\"},\"query-input\":\"required name=search_term_string\"}],\"inLanguage\":\"fr-FR\"},{\"@type\":\"Person\",\"@id\":\"https:\/\/diariodalagoa.pt\/#\/schema\/person\/1615a002370e8857b6f972834bc43ece\",\"name\":\"Di\u00e1rio da Lagoa\",\"image\":{\"@type\":\"ImageObject\",\"inLanguage\":\"fr-FR\",\"@id\":\"https:\/\/diariodalagoa.pt\/#\/schema\/person\/image\/\",\"url\":\"https:\/\/secure.gravatar.com\/avatar\/2cb5cef90a26f8fbd4d9d930608102c5?s=96&d=mm&r=g\",\"contentUrl\":\"https:\/\/secure.gravatar.com\/avatar\/2cb5cef90a26f8fbd4d9d930608102c5?s=96&d=mm&r=g\",\"caption\":\"Di\u00e1rio da Lagoa\"},\"url\":\"https:\/\/diariodalagoa.pt\/fr\/author\/diariodalagoa\/\"}]}<\/script>\n<!-- \/ Yoast SEO plugin. -->","yoast_head_json":{"title":"Nonagon recebe Smart Summit Lagoa - Di\u00e1rio da Lagoa","description":"Nos dias 19 e 20 de outubro vai ter lugar mais uma edi\u00e7\u00e3o de um dos maiores eventos de inova\u00e7\u00e3o e empreendedorismo dos A\u00e7ores.","robots":{"index":"index","follow":"follow","max-snippet":"max-snippet:-1","max-image-preview":"max-image-preview:large","max-video-preview":"max-video-preview:-1"},"canonical":"https:\/\/diariodalagoa.pt\/fr\/nonagon-recebe-smart-summit-lagoa\/","og_locale":"fr_FR","og_type":"article","og_title":"Nonagon recebe Smart Summit Lagoa - Di\u00e1rio da Lagoa","og_description":"Nos dias 19 e 20 de outubro vai ter lugar mais uma edi\u00e7\u00e3o de um dos maiores eventos de inova\u00e7\u00e3o e empreendedorismo dos A\u00e7ores.","og_url":"https:\/\/diariodalagoa.pt\/fr\/nonagon-recebe-smart-summit-lagoa\/","og_site_name":"Di\u00e1rio da Lagoa","article_published_time":"2023-10-16T12:30:08+00:00","article_modified_time":"2025-06-27T15:54:03+00:00","og_image":[{"width":960,"height":640,"url":"https:\/\/diariodalagoa.pt\/wp-content\/uploads\/2023\/10\/nonagon-lagoa.jpg","type":"image\/jpeg"}],"author":"Di\u00e1rio da Lagoa","twitter_card":"summary_large_image","twitter_misc":{"\u00c9crit par":"Di\u00e1rio da Lagoa","Dur\u00e9e de lecture estim\u00e9e":"2 minutes"},"schema":{"@context":"https:\/\/schema.org","@graph":[{"@type":"WebPage","@id":"https:\/\/diariodalagoa.pt\/nonagon-recebe-smart-summit-lagoa\/","url":"https:\/\/diariodalagoa.pt\/nonagon-recebe-smart-summit-lagoa\/","name":"Nonagon recebe Smart Summit Lagoa - Di\u00e1rio da Lagoa","isPartOf":{"@id":"https:\/\/diariodalagoa.pt\/#website"},"datePublished":"2023-10-16T12:30:08+00:00","dateModified":"2025-06-27T15:54:03+00:00","author":{"@id":"https:\/\/diariodalagoa.pt\/#\/schema\/person\/1615a002370e8857b6f972834bc43ece"},"description":"Nos dias 19 e 20 de outubro vai ter lugar mais uma edi\u00e7\u00e3o de um dos maiores eventos de inova\u00e7\u00e3o e empreendedorismo dos A\u00e7ores.","breadcrumb":{"@id":"https:\/\/diariodalagoa.pt\/nonagon-recebe-smart-summit-lagoa\/#breadcrumb"},"inLanguage":"fr-FR","potentialAction":[{"@type":"ReadAction","target":["https:\/\/diariodalagoa.pt\/nonagon-recebe-smart-summit-lagoa\/"]}]},{"@type":"BreadcrumbList","@id":"https:\/\/diariodalagoa.pt\/nonagon-recebe-smart-summit-lagoa\/#breadcrumb","itemListElement":[{"@type":"ListItem","position":1,"name":"In\u00edcio","item":"https:\/\/diariodalagoa.pt\/"},{"@type":"ListItem","position":2,"name":"Nonagon recebe Smart Summit Lagoa"}]},{"@type":"WebSite","@id":"https:\/\/diariodalagoa.pt\/#website","url":"https:\/\/diariodalagoa.pt\/","name":"Di\u00e1rio da Lagoa","description":"Di\u00e1rio da Lagoa. As not\u00edcias que contam. A partir da Lagoa, nos A\u00e7ores, para o mundo.","potentialAction":[{"@type":"SearchAction","target":{"@type":"EntryPoint","urlTemplate":"https:\/\/diariodalagoa.pt\/?s={search_term_string}"},"query-input":"required name=search_term_string"}],"inLanguage":"fr-FR"},{"@type":"Person","@id":"https:\/\/diariodalagoa.pt\/#\/schema\/person\/1615a002370e8857b6f972834bc43ece","name":"Di\u00e1rio da Lagoa","image":{"@type":"ImageObject","inLanguage":"fr-FR","@id":"https:\/\/diariodalagoa.pt\/#\/schema\/person\/image\/","url":"https:\/\/secure.gravatar.com\/avatar\/2cb5cef90a26f8fbd4d9d930608102c5?s=96&d=mm&r=g","contentUrl":"https:\/\/secure.gravatar.com\/avatar\/2cb5cef90a26f8fbd4d9d930608102c5?s=96&d=mm&r=g","caption":"Di\u00e1rio da Lagoa"},"url":"https:\/\/diariodalagoa.pt\/fr\/author\/diariodalagoa\/"}]}},"_links":{"self":[{"href":"https:\/\/diariodalagoa.pt\/fr\/wp-json\/wp\/v2\/posts\/128168"}],"collection":[{"href":"https:\/\/diariodalagoa.pt\/fr\/wp-json\/wp\/v2\/posts"}],"about":[{"href":"https:\/\/diariodalagoa.pt\/fr\/wp-json\/wp\/v2\/types\/post"}],"author":[{"embeddable":true,"href":"https:\/\/diariodalagoa.pt\/fr\/wp-json\/wp\/v2\/users\/2"}],"replies":[{"embeddable":true,"href":"https:\/\/diariodalagoa.pt\/fr\/wp-json\/wp\/v2\/comments?post=128168"}],"version-history":[{"count":1,"href":"https:\/\/diariodalagoa.pt\/fr\/wp-json\/wp\/v2\/posts\/128168\/revisions"}],"predecessor-version":[{"id":128170,"href":"https:\/\/diariodalagoa.pt\/fr\/wp-json\/wp\/v2\/posts\/128168\/revisions\/128170"}],"wp:featuredmedia":[{"embeddable":true,"href":"https:\/\/diariodalagoa.pt\/fr\/wp-json\/wp\/v2\/media\/128169"}],"wp:attachment":[{"href":"https:\/\/diariodalagoa.pt\/fr\/wp-json\/wp\/v2\/media?parent=128168"}],"wp:term":[{"taxonomy":"category","embeddable":true,"href":"https:\/\/diariodalagoa.pt\/fr\/wp-json\/wp\/v2\/categories?post=128168"},{"taxonomy":"post_tag","embeddable":true,"href":"https:\/\/diariodalagoa.pt\/fr\/wp-json\/wp\/v2\/tags?post=128168"}],"curies":[{"name":"wp","href":"https:\/\/api.w.org\/{rel}","templated":true}]}}