{"id":127829,"date":"2023-10-04T09:56:05","date_gmt":"2023-10-04T09:56:05","guid":{"rendered":"https:\/\/diariodalagoa.pt\/?p=127829"},"modified":"2025-06-27T15:57:07","modified_gmt":"2025-06-27T15:57:07","slug":"minitorneio-de-futsal-anima-freguesia-de-santa-cruz","status":"publish","type":"post","link":"https:\/\/diariodalagoa.pt\/fr\/minitorneio-de-futsal-anima-freguesia-de-santa-cruz\/","title":{"rendered":"Minitorneio de futsal anima freguesia de Santa Cruz"},"content":{"rendered":"<figure class=\"wp-block-image size-full\"><img decoding=\"async\" width=\"960\" height=\"640\" src=\"https:\/\/diariodalagoa.pt\/wp-content\/uploads\/2023\/10\/mini-torneio-futsal.jpg\" alt=\"\" class=\"wp-image-127830\" srcset=\"https:\/\/diariodalagoa.pt\/wp-content\/uploads\/2023\/10\/mini-torneio-futsal.jpg 960w, https:\/\/diariodalagoa.pt\/wp-content\/uploads\/2023\/10\/mini-torneio-futsal-300x200.jpg 300w, https:\/\/diariodalagoa.pt\/wp-content\/uploads\/2023\/10\/mini-torneio-futsal-768x512.jpg 768w, https:\/\/diariodalagoa.pt\/wp-content\/uploads\/2023\/10\/mini-torneio-futsal-18x12.jpg 18w\" sizes=\"(max-width: 960px) 100vw, 960px\" \/><figcaption class=\"wp-element-caption\"><sub><mark style=\"background-color:rgba(0, 0, 0, 0)\" class=\"has-inline-color has-cyan-bluish-gray-color\">\u00a9\u00a0CM LAGOA<\/mark><\/sub><\/figcaption><\/figure>\n\n\n\n<p>O pavilh\u00e3o professor Jorge Amaral recebeu o primeiro minitorneio de futsal destinado aos escal\u00f5es de benjamins e infantis, organizado pelo mais recente clube lagoense, a Associa\u00e7\u00e3o Desportiva Cultural de Santa Cruz.<\/p>\n\n\n\n<p>Formado no dia 11 de abril do presente ano, o clube de Santa Cruz decidiu organizar o primeiro evento naquela que \u00e9 a sua casa, o pavilh\u00e3o professor Jorge Amaral, situado no lugar dos Rem\u00e9dios, freguesia de Santa Cruz. Para al\u00e9m do conv\u00edvio entre os escal\u00f5es de benjamins e infantis, o objetivo do minitorneio foi, tamb\u00e9m, homenagear o ex-jogador de futsal, Carlos Arraial, mais conhecido por Minhoca, que deu o pontap\u00e9 de sa\u00edda do torneio.<\/p>\n\n\n\n<p>O vereador com o pelouro do Desporto da c\u00e2mara da Lagoa, Nelson Santos, marcou presen\u00e7a no evento e endere\u00e7ou os \u201cparab\u00e9ns \u00e0 rec\u00e9m-criada associa\u00e7\u00e3o pelo evento que permitiu o conv\u00edvio entre os jovens atletas e teve a capacidade de mobilizar espetadores, n\u00e3o s\u00f3 da freguesia e do concelho, como tamb\u00e9m dos concelhos vizinhos\u201d. <\/p>\n\n\n\n<p>Para o primeiro minitorneio de futsal foram convidados dois clubes, o Atalhada Futebol Clube e a Casa do Povo Livramento, em ambos os escal\u00f5es, benjamins e infantis. No total, foram disputados seis jogos, saindo a equipa anfitri\u00e3 vencedora no escal\u00e3o de benjamins e venceu, no escal\u00e3o de infantis, a equipa do Livramento.<\/p>","protected":false},"excerpt":{"rendered":"<p>Evento organizado pelo jovem clube da freguesia juntou quatro equipas de dois escal\u00f5es. Serviu ainda de homenagem a Carlos Arraial<\/p>","protected":false},"author":2,"featured_media":127830,"comment_status":"closed","ping_status":"open","sticky":false,"template":"","format":"standard","meta":[],"categories":[21],"tags":[],"acf":[],"yoast_head":"<!-- This site is optimized with the Yoast SEO plugin v20.10 - https:\/\/yoast.com\/wordpress\/plugins\/seo\/ -->\n<title>Minitorneio de futsal anima freguesia de Santa Cruz - Di\u00e1rio da Lagoa<\/title>\n<meta name=\"description\" content=\"Evento organizado pelo jovem clube da freguesia juntou quatro equipas de dois escal\u00f5es. Serviu ainda de homenagem a Carlos Arraial.\" \/>\n<meta name=\"robots\" content=\"index, follow, max-snippet:-1, max-image-preview:large, max-video-preview:-1\" \/>\n<link rel=\"canonical\" href=\"https:\/\/diariodalagoa.pt\/fr\/minitorneio-de-futsal-anima-freguesia-de-santa-cruz\/\" \/>\n<meta property=\"og:locale\" content=\"fr_FR\" \/>\n<meta property=\"og:type\" content=\"article\" \/>\n<meta property=\"og:title\" content=\"Minitorneio de futsal anima freguesia de Santa Cruz - Di\u00e1rio da Lagoa\" \/>\n<meta property=\"og:description\" content=\"Evento organizado pelo jovem clube da freguesia juntou quatro equipas de dois escal\u00f5es. Serviu ainda de homenagem a Carlos Arraial.\" \/>\n<meta property=\"og:url\" content=\"https:\/\/diariodalagoa.pt\/fr\/minitorneio-de-futsal-anima-freguesia-de-santa-cruz\/\" \/>\n<meta property=\"og:site_name\" content=\"Di\u00e1rio da Lagoa\" \/>\n<meta property=\"article:published_time\" content=\"2023-10-04T09:56:05+00:00\" \/>\n<meta property=\"article:modified_time\" content=\"2025-06-27T15:57:07+00:00\" \/>\n<meta property=\"og:image\" content=\"https:\/\/diariodalagoa.pt\/wp-content\/uploads\/2023\/10\/mini-torneio-futsal.jpg\" \/>\n\t<meta property=\"og:image:width\" content=\"960\" \/>\n\t<meta property=\"og:image:height\" content=\"640\" \/>\n\t<meta property=\"og:image:type\" content=\"image\/jpeg\" \/>\n<meta name=\"author\" content=\"Di\u00e1rio da Lagoa\" \/>\n<meta name=\"twitter:card\" content=\"summary_large_image\" \/>\n<meta name=\"twitter:label1\" content=\"\u00c9crit par\" \/>\n\t<meta name=\"twitter:data1\" content=\"Di\u00e1rio da Lagoa\" \/>\n\t<meta name=\"twitter:label2\" content=\"Dur\u00e9e de lecture estim\u00e9e\" \/>\n\t<meta name=\"twitter:data2\" content=\"2 minutes\" \/>\n<script type=\"application\/ld+json\" class=\"yoast-schema-graph\">{\"@context\":\"https:\/\/schema.org\",\"@graph\":[{\"@type\":\"WebPage\",\"@id\":\"https:\/\/diariodalagoa.pt\/minitorneio-de-futsal-anima-freguesia-de-santa-cruz\/\",\"url\":\"https:\/\/diariodalagoa.pt\/minitorneio-de-futsal-anima-freguesia-de-santa-cruz\/\",\"name\":\"Minitorneio de futsal anima freguesia de Santa Cruz - Di\u00e1rio da Lagoa\",\"isPartOf\":{\"@id\":\"https:\/\/diariodalagoa.pt\/#website\"},\"datePublished\":\"2023-10-04T09:56:05+00:00\",\"dateModified\":\"2025-06-27T15:57:07+00:00\",\"author\":{\"@id\":\"https:\/\/diariodalagoa.pt\/#\/schema\/person\/1615a002370e8857b6f972834bc43ece\"},\"description\":\"Evento organizado pelo jovem clube da freguesia juntou quatro equipas de dois escal\u00f5es. Serviu ainda de homenagem a Carlos Arraial.\",\"breadcrumb\":{\"@id\":\"https:\/\/diariodalagoa.pt\/minitorneio-de-futsal-anima-freguesia-de-santa-cruz\/#breadcrumb\"},\"inLanguage\":\"fr-FR\",\"potentialAction\":[{\"@type\":\"ReadAction\",\"target\":[\"https:\/\/diariodalagoa.pt\/minitorneio-de-futsal-anima-freguesia-de-santa-cruz\/\"]}]},{\"@type\":\"BreadcrumbList\",\"@id\":\"https:\/\/diariodalagoa.pt\/minitorneio-de-futsal-anima-freguesia-de-santa-cruz\/#breadcrumb\",\"itemListElement\":[{\"@type\":\"ListItem\",\"position\":1,\"name\":\"In\u00edcio\",\"item\":\"https:\/\/diariodalagoa.pt\/\"},{\"@type\":\"ListItem\",\"position\":2,\"name\":\"Minitorneio de futsal anima freguesia de Santa Cruz\"}]},{\"@type\":\"WebSite\",\"@id\":\"https:\/\/diariodalagoa.pt\/#website\",\"url\":\"https:\/\/diariodalagoa.pt\/\",\"name\":\"Di\u00e1rio da Lagoa\",\"description\":\"Di\u00e1rio da Lagoa. As not\u00edcias que contam. A partir da Lagoa, nos A\u00e7ores, para o mundo.\",\"potentialAction\":[{\"@type\":\"SearchAction\",\"target\":{\"@type\":\"EntryPoint\",\"urlTemplate\":\"https:\/\/diariodalagoa.pt\/?s={search_term_string}\"},\"query-input\":\"required name=search_term_string\"}],\"inLanguage\":\"fr-FR\"},{\"@type\":\"Person\",\"@id\":\"https:\/\/diariodalagoa.pt\/#\/schema\/person\/1615a002370e8857b6f972834bc43ece\",\"name\":\"Di\u00e1rio da Lagoa\",\"image\":{\"@type\":\"ImageObject\",\"inLanguage\":\"fr-FR\",\"@id\":\"https:\/\/diariodalagoa.pt\/#\/schema\/person\/image\/\",\"url\":\"https:\/\/secure.gravatar.com\/avatar\/2cb5cef90a26f8fbd4d9d930608102c5?s=96&d=mm&r=g\",\"contentUrl\":\"https:\/\/secure.gravatar.com\/avatar\/2cb5cef90a26f8fbd4d9d930608102c5?s=96&d=mm&r=g\",\"caption\":\"Di\u00e1rio da Lagoa\"},\"url\":\"https:\/\/diariodalagoa.pt\/fr\/author\/diariodalagoa\/\"}]}<\/script>\n<!-- \/ Yoast SEO plugin. -->","yoast_head_json":{"title":"Minitorneio de futsal anima freguesia de Santa Cruz - Di\u00e1rio da Lagoa","description":"Evento organizado pelo jovem clube da freguesia juntou quatro equipas de dois escal\u00f5es. Serviu ainda de homenagem a Carlos Arraial.","robots":{"index":"index","follow":"follow","max-snippet":"max-snippet:-1","max-image-preview":"max-image-preview:large","max-video-preview":"max-video-preview:-1"},"canonical":"https:\/\/diariodalagoa.pt\/fr\/minitorneio-de-futsal-anima-freguesia-de-santa-cruz\/","og_locale":"fr_FR","og_type":"article","og_title":"Minitorneio de futsal anima freguesia de Santa Cruz - Di\u00e1rio da Lagoa","og_description":"Evento organizado pelo jovem clube da freguesia juntou quatro equipas de dois escal\u00f5es. Serviu ainda de homenagem a Carlos Arraial.","og_url":"https:\/\/diariodalagoa.pt\/fr\/minitorneio-de-futsal-anima-freguesia-de-santa-cruz\/","og_site_name":"Di\u00e1rio da Lagoa","article_published_time":"2023-10-04T09:56:05+00:00","article_modified_time":"2025-06-27T15:57:07+00:00","og_image":[{"width":960,"height":640,"url":"https:\/\/diariodalagoa.pt\/wp-content\/uploads\/2023\/10\/mini-torneio-futsal.jpg","type":"image\/jpeg"}],"author":"Di\u00e1rio da Lagoa","twitter_card":"summary_large_image","twitter_misc":{"\u00c9crit par":"Di\u00e1rio da Lagoa","Dur\u00e9e de lecture estim\u00e9e":"2 minutes"},"schema":{"@context":"https:\/\/schema.org","@graph":[{"@type":"WebPage","@id":"https:\/\/diariodalagoa.pt\/minitorneio-de-futsal-anima-freguesia-de-santa-cruz\/","url":"https:\/\/diariodalagoa.pt\/minitorneio-de-futsal-anima-freguesia-de-santa-cruz\/","name":"Minitorneio de futsal anima freguesia de Santa Cruz - Di\u00e1rio da Lagoa","isPartOf":{"@id":"https:\/\/diariodalagoa.pt\/#website"},"datePublished":"2023-10-04T09:56:05+00:00","dateModified":"2025-06-27T15:57:07+00:00","author":{"@id":"https:\/\/diariodalagoa.pt\/#\/schema\/person\/1615a002370e8857b6f972834bc43ece"},"description":"Evento organizado pelo jovem clube da freguesia juntou quatro equipas de dois escal\u00f5es. Serviu ainda de homenagem a Carlos Arraial.","breadcrumb":{"@id":"https:\/\/diariodalagoa.pt\/minitorneio-de-futsal-anima-freguesia-de-santa-cruz\/#breadcrumb"},"inLanguage":"fr-FR","potentialAction":[{"@type":"ReadAction","target":["https:\/\/diariodalagoa.pt\/minitorneio-de-futsal-anima-freguesia-de-santa-cruz\/"]}]},{"@type":"BreadcrumbList","@id":"https:\/\/diariodalagoa.pt\/minitorneio-de-futsal-anima-freguesia-de-santa-cruz\/#breadcrumb","itemListElement":[{"@type":"ListItem","position":1,"name":"In\u00edcio","item":"https:\/\/diariodalagoa.pt\/"},{"@type":"ListItem","position":2,"name":"Minitorneio de futsal anima freguesia de Santa Cruz"}]},{"@type":"WebSite","@id":"https:\/\/diariodalagoa.pt\/#website","url":"https:\/\/diariodalagoa.pt\/","name":"Di\u00e1rio da Lagoa","description":"Di\u00e1rio da Lagoa. As not\u00edcias que contam. A partir da Lagoa, nos A\u00e7ores, para o mundo.","potentialAction":[{"@type":"SearchAction","target":{"@type":"EntryPoint","urlTemplate":"https:\/\/diariodalagoa.pt\/?s={search_term_string}"},"query-input":"required name=search_term_string"}],"inLanguage":"fr-FR"},{"@type":"Person","@id":"https:\/\/diariodalagoa.pt\/#\/schema\/person\/1615a002370e8857b6f972834bc43ece","name":"Di\u00e1rio da Lagoa","image":{"@type":"ImageObject","inLanguage":"fr-FR","@id":"https:\/\/diariodalagoa.pt\/#\/schema\/person\/image\/","url":"https:\/\/secure.gravatar.com\/avatar\/2cb5cef90a26f8fbd4d9d930608102c5?s=96&d=mm&r=g","contentUrl":"https:\/\/secure.gravatar.com\/avatar\/2cb5cef90a26f8fbd4d9d930608102c5?s=96&d=mm&r=g","caption":"Di\u00e1rio da Lagoa"},"url":"https:\/\/diariodalagoa.pt\/fr\/author\/diariodalagoa\/"}]}},"_links":{"self":[{"href":"https:\/\/diariodalagoa.pt\/fr\/wp-json\/wp\/v2\/posts\/127829"}],"collection":[{"href":"https:\/\/diariodalagoa.pt\/fr\/wp-json\/wp\/v2\/posts"}],"about":[{"href":"https:\/\/diariodalagoa.pt\/fr\/wp-json\/wp\/v2\/types\/post"}],"author":[{"embeddable":true,"href":"https:\/\/diariodalagoa.pt\/fr\/wp-json\/wp\/v2\/users\/2"}],"replies":[{"embeddable":true,"href":"https:\/\/diariodalagoa.pt\/fr\/wp-json\/wp\/v2\/comments?post=127829"}],"version-history":[{"count":1,"href":"https:\/\/diariodalagoa.pt\/fr\/wp-json\/wp\/v2\/posts\/127829\/revisions"}],"predecessor-version":[{"id":127831,"href":"https:\/\/diariodalagoa.pt\/fr\/wp-json\/wp\/v2\/posts\/127829\/revisions\/127831"}],"wp:featuredmedia":[{"embeddable":true,"href":"https:\/\/diariodalagoa.pt\/fr\/wp-json\/wp\/v2\/media\/127830"}],"wp:attachment":[{"href":"https:\/\/diariodalagoa.pt\/fr\/wp-json\/wp\/v2\/media?parent=127829"}],"wp:term":[{"taxonomy":"category","embeddable":true,"href":"https:\/\/diariodalagoa.pt\/fr\/wp-json\/wp\/v2\/categories?post=127829"},{"taxonomy":"post_tag","embeddable":true,"href":"https:\/\/diariodalagoa.pt\/fr\/wp-json\/wp\/v2\/tags?post=127829"}],"curies":[{"name":"wp","href":"https:\/\/api.w.org\/{rel}","templated":true}]}}