{"id":127572,"date":"2023-09-19T11:39:40","date_gmt":"2023-09-19T11:39:40","guid":{"rendered":"https:\/\/diariodalagoa.pt\/?p=127572"},"modified":"2025-06-27T15:50:51","modified_gmt":"2025-06-27T15:50:51","slug":"lagoa-preve-concluir-ciclo-de-investimentos-no-tecnoparque-em-2024","status":"publish","type":"post","link":"https:\/\/diariodalagoa.pt\/fr\/lagoa-preve-concluir-ciclo-de-investimentos-no-tecnoparque-em-2024\/","title":{"rendered":"Lagoa prev\u00ea concluir ciclo de investimentos no Tecnoparque em 2024"},"content":{"rendered":"<figure class=\"wp-block-image size-full\"><img decoding=\"async\" width=\"960\" height=\"639\" src=\"https:\/\/diariodalagoa.pt\/wp-content\/uploads\/2023\/09\/cristina-calisto-cuf.jpg\" alt=\"\" class=\"wp-image-127573\" srcset=\"https:\/\/diariodalagoa.pt\/wp-content\/uploads\/2023\/09\/cristina-calisto-cuf.jpg 960w, https:\/\/diariodalagoa.pt\/wp-content\/uploads\/2023\/09\/cristina-calisto-cuf-300x200.jpg 300w, https:\/\/diariodalagoa.pt\/wp-content\/uploads\/2023\/09\/cristina-calisto-cuf-768x511.jpg 768w, https:\/\/diariodalagoa.pt\/wp-content\/uploads\/2023\/09\/cristina-calisto-cuf-18x12.jpg 18w\" sizes=\"(max-width: 960px) 100vw, 960px\" \/><figcaption class=\"wp-element-caption\"><sub><mark style=\"background-color:rgba(0, 0, 0, 0)\" class=\"has-inline-color has-cyan-bluish-gray-color\">\u00a9\u00a0CM LAGOA<\/mark><\/sub><\/figcaption><\/figure>\n\n\n\n<p>A presidente da c\u00e2mara da Lagoa, Cristina Calisto, anunciou que \u201cat\u00e9 2024 ficar\u00e3o conclu\u00eddos novos investimentos nas \u00e1reas da sa\u00fade, tecnologia e neg\u00f3cios, diferenciadores no contexto local e da ilha\u201d, concluindo-se assim o ciclo de investimentos no Tecnoparque.<\/p>\n\n\n\n<p>&#8220;Al\u00e9m da din\u00e2mica social e econ\u00f3mica que veio trazer \u00e0 Lagoa, este foi um projeto privado \u00e2ncora no desenvolvimento e potencial de crescimento da \u00e1rea designada de Tecnoparque, no concelho da Lagoa&#8221;, acrescentou a autarca.<\/p>\n\n\n\n<p>Por isso, adiantou Cristina Calisto, \u201ccontinuar\u00e1 a ser um elemento de crescimento do tecido empresarial no concelho e para que a din\u00e2mica de desenvolvimento continue, \u00e9 importante dar continuidade \u00e0 revis\u00e3o do\u00a0plano diretor municipal em curso, que j\u00e1 tem em considera\u00e7\u00e3o uma zona de expans\u00e3o que permitir\u00e1 refor\u00e7ar aquele ecossistema empresarial\u201d. <\/p>\n\n\n\n<p>Palavras proferidas pela autarca na sess\u00e3o solene de apresenta\u00e7\u00e3o do hospital CUF A\u00e7ores, durante a qual \u201ccongratulou a nova administra\u00e7\u00e3o do hospital CUF A\u00e7ores\u201d, salientando que \u201cesta passagem \u00e9 uma mais-valia para os lagoenses mas, igualmente, para a ilha de S\u00e3o Miguel e para os A\u00e7ores, sendo uma proximidade que a todos favorece\u201d.<\/p>","protected":false},"excerpt":{"rendered":"<p>Cristina Calisto anunciou ficar\u00e3o conclu\u00eddos novos investimentos nas \u00e1reas da sa\u00fade, tecnologia e neg\u00f3cios<\/p>","protected":false},"author":2,"featured_media":127573,"comment_status":"open","ping_status":"open","sticky":false,"template":"","format":"standard","meta":[],"categories":[21],"tags":[],"acf":[],"yoast_head":"<!-- This site is optimized with the Yoast SEO plugin v20.10 - https:\/\/yoast.com\/wordpress\/plugins\/seo\/ -->\n<title>Lagoa prev\u00ea concluir ciclo de investimentos no Tecnoparque em 2024 - Di\u00e1rio da Lagoa<\/title>\n<meta name=\"description\" content=\"Cristina Calisto anunciou ficar\u00e3o conclu\u00eddos novos investimentos nas \u00e1reas da sa\u00fade, tecnologia e neg\u00f3cios.\" \/>\n<meta name=\"robots\" content=\"index, follow, max-snippet:-1, max-image-preview:large, max-video-preview:-1\" \/>\n<link rel=\"canonical\" href=\"https:\/\/diariodalagoa.pt\/fr\/lagoa-preve-concluir-ciclo-de-investimentos-no-tecnoparque-em-2024\/\" \/>\n<meta property=\"og:locale\" content=\"fr_FR\" \/>\n<meta property=\"og:type\" content=\"article\" \/>\n<meta property=\"og:title\" content=\"Lagoa prev\u00ea concluir ciclo de investimentos no Tecnoparque em 2024 - Di\u00e1rio da Lagoa\" \/>\n<meta property=\"og:description\" content=\"Cristina Calisto anunciou ficar\u00e3o conclu\u00eddos novos investimentos nas \u00e1reas da sa\u00fade, tecnologia e neg\u00f3cios.\" \/>\n<meta property=\"og:url\" content=\"https:\/\/diariodalagoa.pt\/fr\/lagoa-preve-concluir-ciclo-de-investimentos-no-tecnoparque-em-2024\/\" \/>\n<meta property=\"og:site_name\" content=\"Di\u00e1rio da Lagoa\" \/>\n<meta property=\"article:published_time\" content=\"2023-09-19T11:39:40+00:00\" \/>\n<meta property=\"article:modified_time\" content=\"2025-06-27T15:50:51+00:00\" \/>\n<meta property=\"og:image\" content=\"https:\/\/diariodalagoa.pt\/wp-content\/uploads\/2023\/09\/cristina-calisto-cuf.jpg\" \/>\n\t<meta property=\"og:image:width\" content=\"960\" \/>\n\t<meta property=\"og:image:height\" content=\"639\" \/>\n\t<meta property=\"og:image:type\" content=\"image\/jpeg\" \/>\n<meta name=\"author\" content=\"Di\u00e1rio da Lagoa\" \/>\n<meta name=\"twitter:card\" content=\"summary_large_image\" \/>\n<meta name=\"twitter:label1\" content=\"\u00c9crit par\" \/>\n\t<meta name=\"twitter:data1\" content=\"Di\u00e1rio da Lagoa\" \/>\n\t<meta name=\"twitter:label2\" content=\"Dur\u00e9e de lecture estim\u00e9e\" \/>\n\t<meta name=\"twitter:data2\" content=\"2 minutes\" \/>\n<script type=\"application\/ld+json\" class=\"yoast-schema-graph\">{\"@context\":\"https:\/\/schema.org\",\"@graph\":[{\"@type\":\"WebPage\",\"@id\":\"https:\/\/diariodalagoa.pt\/lagoa-preve-concluir-ciclo-de-investimentos-no-tecnoparque-em-2024\/\",\"url\":\"https:\/\/diariodalagoa.pt\/lagoa-preve-concluir-ciclo-de-investimentos-no-tecnoparque-em-2024\/\",\"name\":\"Lagoa prev\u00ea concluir ciclo de investimentos no Tecnoparque em 2024 - Di\u00e1rio da Lagoa\",\"isPartOf\":{\"@id\":\"https:\/\/diariodalagoa.pt\/#website\"},\"datePublished\":\"2023-09-19T11:39:40+00:00\",\"dateModified\":\"2025-06-27T15:50:51+00:00\",\"author\":{\"@id\":\"https:\/\/diariodalagoa.pt\/#\/schema\/person\/1615a002370e8857b6f972834bc43ece\"},\"description\":\"Cristina Calisto anunciou ficar\u00e3o conclu\u00eddos novos investimentos nas \u00e1reas da sa\u00fade, tecnologia e neg\u00f3cios.\",\"breadcrumb\":{\"@id\":\"https:\/\/diariodalagoa.pt\/lagoa-preve-concluir-ciclo-de-investimentos-no-tecnoparque-em-2024\/#breadcrumb\"},\"inLanguage\":\"fr-FR\",\"potentialAction\":[{\"@type\":\"ReadAction\",\"target\":[\"https:\/\/diariodalagoa.pt\/lagoa-preve-concluir-ciclo-de-investimentos-no-tecnoparque-em-2024\/\"]}]},{\"@type\":\"BreadcrumbList\",\"@id\":\"https:\/\/diariodalagoa.pt\/lagoa-preve-concluir-ciclo-de-investimentos-no-tecnoparque-em-2024\/#breadcrumb\",\"itemListElement\":[{\"@type\":\"ListItem\",\"position\":1,\"name\":\"In\u00edcio\",\"item\":\"https:\/\/diariodalagoa.pt\/\"},{\"@type\":\"ListItem\",\"position\":2,\"name\":\"Lagoa prev\u00ea concluir ciclo de investimentos no Tecnoparque em 2024\"}]},{\"@type\":\"WebSite\",\"@id\":\"https:\/\/diariodalagoa.pt\/#website\",\"url\":\"https:\/\/diariodalagoa.pt\/\",\"name\":\"Di\u00e1rio da Lagoa\",\"description\":\"Di\u00e1rio da Lagoa. As not\u00edcias que contam. A partir da Lagoa, nos A\u00e7ores, para o mundo.\",\"potentialAction\":[{\"@type\":\"SearchAction\",\"target\":{\"@type\":\"EntryPoint\",\"urlTemplate\":\"https:\/\/diariodalagoa.pt\/?s={search_term_string}\"},\"query-input\":\"required name=search_term_string\"}],\"inLanguage\":\"fr-FR\"},{\"@type\":\"Person\",\"@id\":\"https:\/\/diariodalagoa.pt\/#\/schema\/person\/1615a002370e8857b6f972834bc43ece\",\"name\":\"Di\u00e1rio da Lagoa\",\"image\":{\"@type\":\"ImageObject\",\"inLanguage\":\"fr-FR\",\"@id\":\"https:\/\/diariodalagoa.pt\/#\/schema\/person\/image\/\",\"url\":\"https:\/\/secure.gravatar.com\/avatar\/2cb5cef90a26f8fbd4d9d930608102c5?s=96&d=mm&r=g\",\"contentUrl\":\"https:\/\/secure.gravatar.com\/avatar\/2cb5cef90a26f8fbd4d9d930608102c5?s=96&d=mm&r=g\",\"caption\":\"Di\u00e1rio da Lagoa\"},\"url\":\"https:\/\/diariodalagoa.pt\/fr\/author\/diariodalagoa\/\"}]}<\/script>\n<!-- \/ Yoast SEO plugin. -->","yoast_head_json":{"title":"Lagoa prev\u00ea concluir ciclo de investimentos no Tecnoparque em 2024 - Di\u00e1rio da Lagoa","description":"Cristina Calisto anunciou ficar\u00e3o conclu\u00eddos novos investimentos nas \u00e1reas da sa\u00fade, tecnologia e neg\u00f3cios.","robots":{"index":"index","follow":"follow","max-snippet":"max-snippet:-1","max-image-preview":"max-image-preview:large","max-video-preview":"max-video-preview:-1"},"canonical":"https:\/\/diariodalagoa.pt\/fr\/lagoa-preve-concluir-ciclo-de-investimentos-no-tecnoparque-em-2024\/","og_locale":"fr_FR","og_type":"article","og_title":"Lagoa prev\u00ea concluir ciclo de investimentos no Tecnoparque em 2024 - Di\u00e1rio da Lagoa","og_description":"Cristina Calisto anunciou ficar\u00e3o conclu\u00eddos novos investimentos nas \u00e1reas da sa\u00fade, tecnologia e neg\u00f3cios.","og_url":"https:\/\/diariodalagoa.pt\/fr\/lagoa-preve-concluir-ciclo-de-investimentos-no-tecnoparque-em-2024\/","og_site_name":"Di\u00e1rio da Lagoa","article_published_time":"2023-09-19T11:39:40+00:00","article_modified_time":"2025-06-27T15:50:51+00:00","og_image":[{"width":960,"height":639,"url":"https:\/\/diariodalagoa.pt\/wp-content\/uploads\/2023\/09\/cristina-calisto-cuf.jpg","type":"image\/jpeg"}],"author":"Di\u00e1rio da Lagoa","twitter_card":"summary_large_image","twitter_misc":{"\u00c9crit par":"Di\u00e1rio da Lagoa","Dur\u00e9e de lecture estim\u00e9e":"2 minutes"},"schema":{"@context":"https:\/\/schema.org","@graph":[{"@type":"WebPage","@id":"https:\/\/diariodalagoa.pt\/lagoa-preve-concluir-ciclo-de-investimentos-no-tecnoparque-em-2024\/","url":"https:\/\/diariodalagoa.pt\/lagoa-preve-concluir-ciclo-de-investimentos-no-tecnoparque-em-2024\/","name":"Lagoa prev\u00ea concluir ciclo de investimentos no Tecnoparque em 2024 - Di\u00e1rio da Lagoa","isPartOf":{"@id":"https:\/\/diariodalagoa.pt\/#website"},"datePublished":"2023-09-19T11:39:40+00:00","dateModified":"2025-06-27T15:50:51+00:00","author":{"@id":"https:\/\/diariodalagoa.pt\/#\/schema\/person\/1615a002370e8857b6f972834bc43ece"},"description":"Cristina Calisto anunciou ficar\u00e3o conclu\u00eddos novos investimentos nas \u00e1reas da sa\u00fade, tecnologia e neg\u00f3cios.","breadcrumb":{"@id":"https:\/\/diariodalagoa.pt\/lagoa-preve-concluir-ciclo-de-investimentos-no-tecnoparque-em-2024\/#breadcrumb"},"inLanguage":"fr-FR","potentialAction":[{"@type":"ReadAction","target":["https:\/\/diariodalagoa.pt\/lagoa-preve-concluir-ciclo-de-investimentos-no-tecnoparque-em-2024\/"]}]},{"@type":"BreadcrumbList","@id":"https:\/\/diariodalagoa.pt\/lagoa-preve-concluir-ciclo-de-investimentos-no-tecnoparque-em-2024\/#breadcrumb","itemListElement":[{"@type":"ListItem","position":1,"name":"In\u00edcio","item":"https:\/\/diariodalagoa.pt\/"},{"@type":"ListItem","position":2,"name":"Lagoa prev\u00ea concluir ciclo de investimentos no Tecnoparque em 2024"}]},{"@type":"WebSite","@id":"https:\/\/diariodalagoa.pt\/#website","url":"https:\/\/diariodalagoa.pt\/","name":"Di\u00e1rio da Lagoa","description":"Di\u00e1rio da Lagoa. As not\u00edcias que contam. A partir da Lagoa, nos A\u00e7ores, para o mundo.","potentialAction":[{"@type":"SearchAction","target":{"@type":"EntryPoint","urlTemplate":"https:\/\/diariodalagoa.pt\/?s={search_term_string}"},"query-input":"required name=search_term_string"}],"inLanguage":"fr-FR"},{"@type":"Person","@id":"https:\/\/diariodalagoa.pt\/#\/schema\/person\/1615a002370e8857b6f972834bc43ece","name":"Di\u00e1rio da Lagoa","image":{"@type":"ImageObject","inLanguage":"fr-FR","@id":"https:\/\/diariodalagoa.pt\/#\/schema\/person\/image\/","url":"https:\/\/secure.gravatar.com\/avatar\/2cb5cef90a26f8fbd4d9d930608102c5?s=96&d=mm&r=g","contentUrl":"https:\/\/secure.gravatar.com\/avatar\/2cb5cef90a26f8fbd4d9d930608102c5?s=96&d=mm&r=g","caption":"Di\u00e1rio da Lagoa"},"url":"https:\/\/diariodalagoa.pt\/fr\/author\/diariodalagoa\/"}]}},"_links":{"self":[{"href":"https:\/\/diariodalagoa.pt\/fr\/wp-json\/wp\/v2\/posts\/127572"}],"collection":[{"href":"https:\/\/diariodalagoa.pt\/fr\/wp-json\/wp\/v2\/posts"}],"about":[{"href":"https:\/\/diariodalagoa.pt\/fr\/wp-json\/wp\/v2\/types\/post"}],"author":[{"embeddable":true,"href":"https:\/\/diariodalagoa.pt\/fr\/wp-json\/wp\/v2\/users\/2"}],"replies":[{"embeddable":true,"href":"https:\/\/diariodalagoa.pt\/fr\/wp-json\/wp\/v2\/comments?post=127572"}],"version-history":[{"count":1,"href":"https:\/\/diariodalagoa.pt\/fr\/wp-json\/wp\/v2\/posts\/127572\/revisions"}],"predecessor-version":[{"id":127574,"href":"https:\/\/diariodalagoa.pt\/fr\/wp-json\/wp\/v2\/posts\/127572\/revisions\/127574"}],"wp:featuredmedia":[{"embeddable":true,"href":"https:\/\/diariodalagoa.pt\/fr\/wp-json\/wp\/v2\/media\/127573"}],"wp:attachment":[{"href":"https:\/\/diariodalagoa.pt\/fr\/wp-json\/wp\/v2\/media?parent=127572"}],"wp:term":[{"taxonomy":"category","embeddable":true,"href":"https:\/\/diariodalagoa.pt\/fr\/wp-json\/wp\/v2\/categories?post=127572"},{"taxonomy":"post_tag","embeddable":true,"href":"https:\/\/diariodalagoa.pt\/fr\/wp-json\/wp\/v2\/tags?post=127572"}],"curies":[{"name":"wp","href":"https:\/\/api.w.org\/{rel}","templated":true}]}}