{"id":127488,"date":"2023-09-12T14:59:34","date_gmt":"2023-09-12T14:59:34","guid":{"rendered":"https:\/\/diariodalagoa.pt\/?p=127488"},"modified":"2023-09-13T14:59:54","modified_gmt":"2023-09-13T14:59:54","slug":"referencias-bibliograficas-natalia-correia-uma-escritora-comprometida-com-a-humanidade","status":"publish","type":"post","link":"https:\/\/diariodalagoa.pt\/fr\/referencias-bibliograficas-natalia-correia-uma-escritora-comprometida-com-a-humanidade\/","title":{"rendered":"Refer\u00eancias Bibliogr\u00e1ficas: Nat\u00e1lia Correia, uma escritora comprometida com a humanidade"},"content":{"rendered":"<p><span style=\"font-weight: 400;\">CORREIA, Nat\u00e1lia (s\/d). \u00abPor que escreve ou porque escreve o escritor\u00bb? In ALMEIDA, \u00c2ngela (2019). Nat\u00e1lia Correia, um compromisso com a humanidade. Fixa\u00e7\u00e3o do texto de \u00c2ngela de Almeida. Angra do Hero\u00edsmo: Direc\u00e7\u00e3o Regional da Cultura: 113.<\/span><\/p>\n<p><span style=\"font-weight: 400;\">CORREIA, Nat\u00e1lia(s\/d). \u00abPedem-me que diga algo sobre as devasta\u00e7\u00f5es que a censura fez na minha obra\u00bb. In ALMEIDA, \u00c2ngela (2019). Nat\u00e1lia Correia, um compromisso com a humanidade. Fixa\u00e7\u00e3o do texto de \u00c2ngela de Almeida. Angra do Hero\u00edsmo: Direc\u00e7\u00e3o Regional da Cultura: 22.<\/span><\/p>","protected":false},"excerpt":{"rendered":"<p>CORREIA, Nat\u00e1lia (s\/d). \u00abPor que escreve ou porque escreve o escritor\u00bb? In ALMEIDA, \u00c2ngela (2019). Nat\u00e1lia Correia, um compromisso com a humanidade. Fixa\u00e7\u00e3o do texto de \u00c2ngela de Almeida. Angra do Hero\u00edsmo: Direc\u00e7\u00e3o Regional da Cultura: 113. CORREIA, Nat\u00e1lia(s\/d). \u00abPedem-me que diga algo sobre as devasta\u00e7\u00f5es que a censura fez na minha obra\u00bb. In ALMEIDA, [&hellip;]<\/p>","protected":false},"author":2,"featured_media":0,"comment_status":"open","ping_status":"open","sticky":false,"template":"","format":"standard","meta":[],"categories":[1],"tags":[],"acf":[],"yoast_head":"<!-- This site is optimized with the Yoast SEO plugin v20.10 - https:\/\/yoast.com\/wordpress\/plugins\/seo\/ -->\n<title>Refer\u00eancias Bibliogr\u00e1ficas: Nat\u00e1lia Correia, uma escritora comprometida com a humanidade - Di\u00e1rio da Lagoa<\/title>\n<meta name=\"robots\" content=\"index, follow, max-snippet:-1, max-image-preview:large, max-video-preview:-1\" \/>\n<link rel=\"canonical\" href=\"https:\/\/diariodalagoa.pt\/fr\/referencias-bibliograficas-natalia-correia-uma-escritora-comprometida-com-a-humanidade\/\" \/>\n<meta property=\"og:locale\" content=\"fr_FR\" \/>\n<meta property=\"og:type\" content=\"article\" \/>\n<meta property=\"og:title\" content=\"Refer\u00eancias Bibliogr\u00e1ficas: Nat\u00e1lia Correia, uma escritora comprometida com a humanidade - Di\u00e1rio da Lagoa\" \/>\n<meta property=\"og:description\" content=\"CORREIA, Nat\u00e1lia (s\/d). \u00abPor que escreve ou porque escreve o escritor\u00bb? In ALMEIDA, \u00c2ngela (2019). Nat\u00e1lia Correia, um compromisso com a humanidade. Fixa\u00e7\u00e3o do texto de \u00c2ngela de Almeida. Angra do Hero\u00edsmo: Direc\u00e7\u00e3o Regional da Cultura: 113. CORREIA, Nat\u00e1lia(s\/d). \u00abPedem-me que diga algo sobre as devasta\u00e7\u00f5es que a censura fez na minha obra\u00bb. In ALMEIDA, [&hellip;]\" \/>\n<meta property=\"og:url\" content=\"https:\/\/diariodalagoa.pt\/fr\/referencias-bibliograficas-natalia-correia-uma-escritora-comprometida-com-a-humanidade\/\" \/>\n<meta property=\"og:site_name\" content=\"Di\u00e1rio da Lagoa\" \/>\n<meta property=\"article:published_time\" content=\"2023-09-12T14:59:34+00:00\" \/>\n<meta property=\"article:modified_time\" content=\"2023-09-13T14:59:54+00:00\" \/>\n<meta name=\"author\" content=\"Di\u00e1rio da Lagoa\" \/>\n<meta name=\"twitter:card\" content=\"summary_large_image\" \/>\n<meta name=\"twitter:label1\" content=\"\u00c9crit par\" \/>\n\t<meta name=\"twitter:data1\" content=\"Di\u00e1rio da Lagoa\" \/>\n\t<meta name=\"twitter:label2\" content=\"Dur\u00e9e de lecture estim\u00e9e\" \/>\n\t<meta name=\"twitter:data2\" content=\"1 minute\" \/>\n<script type=\"application\/ld+json\" class=\"yoast-schema-graph\">{\"@context\":\"https:\/\/schema.org\",\"@graph\":[{\"@type\":\"WebPage\",\"@id\":\"https:\/\/diariodalagoa.pt\/referencias-bibliograficas-natalia-correia-uma-escritora-comprometida-com-a-humanidade\/\",\"url\":\"https:\/\/diariodalagoa.pt\/referencias-bibliograficas-natalia-correia-uma-escritora-comprometida-com-a-humanidade\/\",\"name\":\"Refer\u00eancias Bibliogr\u00e1ficas: Nat\u00e1lia Correia, uma escritora comprometida com a humanidade - Di\u00e1rio da Lagoa\",\"isPartOf\":{\"@id\":\"https:\/\/diariodalagoa.pt\/#website\"},\"datePublished\":\"2023-09-12T14:59:34+00:00\",\"dateModified\":\"2023-09-13T14:59:54+00:00\",\"author\":{\"@id\":\"https:\/\/diariodalagoa.pt\/#\/schema\/person\/1615a002370e8857b6f972834bc43ece\"},\"breadcrumb\":{\"@id\":\"https:\/\/diariodalagoa.pt\/referencias-bibliograficas-natalia-correia-uma-escritora-comprometida-com-a-humanidade\/#breadcrumb\"},\"inLanguage\":\"fr-FR\",\"potentialAction\":[{\"@type\":\"ReadAction\",\"target\":[\"https:\/\/diariodalagoa.pt\/referencias-bibliograficas-natalia-correia-uma-escritora-comprometida-com-a-humanidade\/\"]}]},{\"@type\":\"BreadcrumbList\",\"@id\":\"https:\/\/diariodalagoa.pt\/referencias-bibliograficas-natalia-correia-uma-escritora-comprometida-com-a-humanidade\/#breadcrumb\",\"itemListElement\":[{\"@type\":\"ListItem\",\"position\":1,\"name\":\"In\u00edcio\",\"item\":\"https:\/\/diariodalagoa.pt\/\"},{\"@type\":\"ListItem\",\"position\":2,\"name\":\"Refer\u00eancias Bibliogr\u00e1ficas: Nat\u00e1lia Correia, uma escritora comprometida com a humanidade\"}]},{\"@type\":\"WebSite\",\"@id\":\"https:\/\/diariodalagoa.pt\/#website\",\"url\":\"https:\/\/diariodalagoa.pt\/\",\"name\":\"Di\u00e1rio da Lagoa\",\"description\":\"Di\u00e1rio da Lagoa. As not\u00edcias que contam. A partir da Lagoa, nos A\u00e7ores, para o mundo.\",\"potentialAction\":[{\"@type\":\"SearchAction\",\"target\":{\"@type\":\"EntryPoint\",\"urlTemplate\":\"https:\/\/diariodalagoa.pt\/?s={search_term_string}\"},\"query-input\":\"required name=search_term_string\"}],\"inLanguage\":\"fr-FR\"},{\"@type\":\"Person\",\"@id\":\"https:\/\/diariodalagoa.pt\/#\/schema\/person\/1615a002370e8857b6f972834bc43ece\",\"name\":\"Di\u00e1rio da Lagoa\",\"image\":{\"@type\":\"ImageObject\",\"inLanguage\":\"fr-FR\",\"@id\":\"https:\/\/diariodalagoa.pt\/#\/schema\/person\/image\/\",\"url\":\"https:\/\/secure.gravatar.com\/avatar\/2cb5cef90a26f8fbd4d9d930608102c5?s=96&d=mm&r=g\",\"contentUrl\":\"https:\/\/secure.gravatar.com\/avatar\/2cb5cef90a26f8fbd4d9d930608102c5?s=96&d=mm&r=g\",\"caption\":\"Di\u00e1rio da Lagoa\"},\"url\":\"https:\/\/diariodalagoa.pt\/fr\/author\/diariodalagoa\/\"}]}<\/script>\n<!-- \/ Yoast SEO plugin. -->","yoast_head_json":{"title":"Refer\u00eancias Bibliogr\u00e1ficas: Nat\u00e1lia Correia, uma escritora comprometida com a humanidade - Di\u00e1rio da Lagoa","robots":{"index":"index","follow":"follow","max-snippet":"max-snippet:-1","max-image-preview":"max-image-preview:large","max-video-preview":"max-video-preview:-1"},"canonical":"https:\/\/diariodalagoa.pt\/fr\/referencias-bibliograficas-natalia-correia-uma-escritora-comprometida-com-a-humanidade\/","og_locale":"fr_FR","og_type":"article","og_title":"Refer\u00eancias Bibliogr\u00e1ficas: Nat\u00e1lia Correia, uma escritora comprometida com a humanidade - Di\u00e1rio da Lagoa","og_description":"CORREIA, Nat\u00e1lia (s\/d). \u00abPor que escreve ou porque escreve o escritor\u00bb? In ALMEIDA, \u00c2ngela (2019). Nat\u00e1lia Correia, um compromisso com a humanidade. Fixa\u00e7\u00e3o do texto de \u00c2ngela de Almeida. Angra do Hero\u00edsmo: Direc\u00e7\u00e3o Regional da Cultura: 113. CORREIA, Nat\u00e1lia(s\/d). \u00abPedem-me que diga algo sobre as devasta\u00e7\u00f5es que a censura fez na minha obra\u00bb. In ALMEIDA, [&hellip;]","og_url":"https:\/\/diariodalagoa.pt\/fr\/referencias-bibliograficas-natalia-correia-uma-escritora-comprometida-com-a-humanidade\/","og_site_name":"Di\u00e1rio da Lagoa","article_published_time":"2023-09-12T14:59:34+00:00","article_modified_time":"2023-09-13T14:59:54+00:00","author":"Di\u00e1rio da Lagoa","twitter_card":"summary_large_image","twitter_misc":{"\u00c9crit par":"Di\u00e1rio da Lagoa","Dur\u00e9e de lecture estim\u00e9e":"1 minute"},"schema":{"@context":"https:\/\/schema.org","@graph":[{"@type":"WebPage","@id":"https:\/\/diariodalagoa.pt\/referencias-bibliograficas-natalia-correia-uma-escritora-comprometida-com-a-humanidade\/","url":"https:\/\/diariodalagoa.pt\/referencias-bibliograficas-natalia-correia-uma-escritora-comprometida-com-a-humanidade\/","name":"Refer\u00eancias Bibliogr\u00e1ficas: Nat\u00e1lia Correia, uma escritora comprometida com a humanidade - Di\u00e1rio da Lagoa","isPartOf":{"@id":"https:\/\/diariodalagoa.pt\/#website"},"datePublished":"2023-09-12T14:59:34+00:00","dateModified":"2023-09-13T14:59:54+00:00","author":{"@id":"https:\/\/diariodalagoa.pt\/#\/schema\/person\/1615a002370e8857b6f972834bc43ece"},"breadcrumb":{"@id":"https:\/\/diariodalagoa.pt\/referencias-bibliograficas-natalia-correia-uma-escritora-comprometida-com-a-humanidade\/#breadcrumb"},"inLanguage":"fr-FR","potentialAction":[{"@type":"ReadAction","target":["https:\/\/diariodalagoa.pt\/referencias-bibliograficas-natalia-correia-uma-escritora-comprometida-com-a-humanidade\/"]}]},{"@type":"BreadcrumbList","@id":"https:\/\/diariodalagoa.pt\/referencias-bibliograficas-natalia-correia-uma-escritora-comprometida-com-a-humanidade\/#breadcrumb","itemListElement":[{"@type":"ListItem","position":1,"name":"In\u00edcio","item":"https:\/\/diariodalagoa.pt\/"},{"@type":"ListItem","position":2,"name":"Refer\u00eancias Bibliogr\u00e1ficas: Nat\u00e1lia Correia, uma escritora comprometida com a humanidade"}]},{"@type":"WebSite","@id":"https:\/\/diariodalagoa.pt\/#website","url":"https:\/\/diariodalagoa.pt\/","name":"Di\u00e1rio da Lagoa","description":"Di\u00e1rio da Lagoa. As not\u00edcias que contam. A partir da Lagoa, nos A\u00e7ores, para o mundo.","potentialAction":[{"@type":"SearchAction","target":{"@type":"EntryPoint","urlTemplate":"https:\/\/diariodalagoa.pt\/?s={search_term_string}"},"query-input":"required name=search_term_string"}],"inLanguage":"fr-FR"},{"@type":"Person","@id":"https:\/\/diariodalagoa.pt\/#\/schema\/person\/1615a002370e8857b6f972834bc43ece","name":"Di\u00e1rio da Lagoa","image":{"@type":"ImageObject","inLanguage":"fr-FR","@id":"https:\/\/diariodalagoa.pt\/#\/schema\/person\/image\/","url":"https:\/\/secure.gravatar.com\/avatar\/2cb5cef90a26f8fbd4d9d930608102c5?s=96&d=mm&r=g","contentUrl":"https:\/\/secure.gravatar.com\/avatar\/2cb5cef90a26f8fbd4d9d930608102c5?s=96&d=mm&r=g","caption":"Di\u00e1rio da Lagoa"},"url":"https:\/\/diariodalagoa.pt\/fr\/author\/diariodalagoa\/"}]}},"_links":{"self":[{"href":"https:\/\/diariodalagoa.pt\/fr\/wp-json\/wp\/v2\/posts\/127488"}],"collection":[{"href":"https:\/\/diariodalagoa.pt\/fr\/wp-json\/wp\/v2\/posts"}],"about":[{"href":"https:\/\/diariodalagoa.pt\/fr\/wp-json\/wp\/v2\/types\/post"}],"author":[{"embeddable":true,"href":"https:\/\/diariodalagoa.pt\/fr\/wp-json\/wp\/v2\/users\/2"}],"replies":[{"embeddable":true,"href":"https:\/\/diariodalagoa.pt\/fr\/wp-json\/wp\/v2\/comments?post=127488"}],"version-history":[{"count":1,"href":"https:\/\/diariodalagoa.pt\/fr\/wp-json\/wp\/v2\/posts\/127488\/revisions"}],"predecessor-version":[{"id":127489,"href":"https:\/\/diariodalagoa.pt\/fr\/wp-json\/wp\/v2\/posts\/127488\/revisions\/127489"}],"wp:attachment":[{"href":"https:\/\/diariodalagoa.pt\/fr\/wp-json\/wp\/v2\/media?parent=127488"}],"wp:term":[{"taxonomy":"category","embeddable":true,"href":"https:\/\/diariodalagoa.pt\/fr\/wp-json\/wp\/v2\/categories?post=127488"},{"taxonomy":"post_tag","embeddable":true,"href":"https:\/\/diariodalagoa.pt\/fr\/wp-json\/wp\/v2\/tags?post=127488"}],"curies":[{"name":"wp","href":"https:\/\/api.w.org\/{rel}","templated":true}]}}