{"id":127280,"date":"2023-09-07T11:30:06","date_gmt":"2023-09-07T11:30:06","guid":{"rendered":"https:\/\/diariodalagoa.pt\/?p=127280"},"modified":"2025-06-27T15:57:48","modified_gmt":"2025-06-27T15:57:48","slug":"projeto-lagoa-digital-com-investimento-de-808-mil-euros","status":"publish","type":"post","link":"https:\/\/diariodalagoa.pt\/fr\/projeto-lagoa-digital-com-investimento-de-808-mil-euros\/","title":{"rendered":"Projeto \u201cLagoa digital\u201d com investimento de 808 mil euros"},"content":{"rendered":"<figure class=\"wp-block-image size-full\"><img decoding=\"async\" width=\"960\" height=\"640\" src=\"https:\/\/diariodalagoa.pt\/wp-content\/uploads\/2022\/07\/frederico-sousa.jpg\" alt=\"\" class=\"wp-image-110566\" srcset=\"https:\/\/diariodalagoa.pt\/wp-content\/uploads\/2022\/07\/frederico-sousa.jpg 960w, https:\/\/diariodalagoa.pt\/wp-content\/uploads\/2022\/07\/frederico-sousa-300x200.jpg 300w, https:\/\/diariodalagoa.pt\/wp-content\/uploads\/2022\/07\/frederico-sousa-768x512.jpg 768w\" sizes=\"(max-width: 960px) 100vw, 960px\" \/><figcaption class=\"wp-element-caption\"><sub>\u00a9 D.R.<\/sub><\/figcaption><\/figure>\n\n\n\n<p>O munic\u00edpio da Lagoa, enquanto l\u00edder do cons\u00f3rcio no projeto \u201cLagoa Digital\u201d, um dos sessenta e cinco aprovados a n\u00edvel nacional no \u00e2mbito da medida \u201cBairros Comerciais Digitais\u201d apoiado pelo PRR, recebeu a declara\u00e7\u00e3o de compromisso, no Pal\u00e1cio da Bolsa, no Porto, numa cerim\u00f3nia presidida pelo ministro da Economia e do Mar, Ant\u00f3nio Costa Silva.<\/p>\n\n\n\n<p>O vice-presidente da autarquia, Frederico Sousa, marcou presen\u00e7a na cerim\u00f3nia e considerou que este momento \u201c\u00e9 o ponto de partida para um projeto de transforma\u00e7\u00e3o da cidade da Lagoa\u201d.<\/p>\n\n\n\n<p>Recorde-se que, da avalia\u00e7\u00e3o de mais de 160 candidaturas nacionais que passaram \u00e0 segunda fase do projeto, o munic\u00edpio da Lagoa, em cons\u00f3rcio com o N\u00facleo de Empres\u00e1rios da Lagoa \u2013 NELAG, foi selecionado como candidatura eleg\u00edvel, com um valor de 808 mil euros, envolvendo cerca de 160 estabelecimentos e abrangendo uma \u00e1rea de interven\u00e7\u00e3o de 12,83 hectares nas principais art\u00e9rias da cidade.<\/p>\n\n\n\n<p>Um dos principais objetivos do \u201cLagoa Digital\u201d est\u00e1 assente na moderniza\u00e7\u00e3o e melhoria da atratividade da zona de com\u00e9rcio e servi\u00e7os de proximidade, com a cria\u00e7\u00e3o de identidade e imagem comum do bairro comercial digital e melhoraria dos sistemas de vendas online.<\/p>\n\n\n\n<p>O \u201cLagoa Digital\u201d prev\u00ea, ainda, a introdu\u00e7\u00e3o de mobili\u00e1rio urbano inteligente, como mupis, bancos com tecnologia para carregar telem\u00f3veis e pain\u00e9is informativos para visualizar, em tempo real, os lugares de estacionamento existentes.<\/p>\n\n\n\n<p>O investimento em sistemas de informa\u00e7\u00e3o digital, em sistemas de gest\u00e3o de tr\u00e1fego e de estacionamento, a implementa\u00e7\u00e3o de uma plataforma de gest\u00e3o inteligente de apoio \u00e0 tomada de decis\u00e3o e monitoriza\u00e7\u00e3o da \u00e1rea de abrang\u00eancia est\u00e3o, tamb\u00e9m, contemplados. <\/p>\n\n\n\n<p>Com este projeto, \u201cpretendemos aumentar a competitividade do com\u00e9rcio e servi\u00e7os de proximidade no munic\u00edpio da Lagoa e melhorar a viv\u00eancia no centro hist\u00f3rico urbano, sustentado na ado\u00e7\u00e3o de tecnologias inovadoras, salvaguardando os princ\u00edpios de sustentabilidade e inclus\u00e3o\u201d, afirmou Frederico Sousa.<\/p>","protected":false},"excerpt":{"rendered":"<p>O munic\u00edpio da Lagoa, enquanto l\u00edder do cons\u00f3rcio no projeto \u201cLagoa Digital\u201d, um dos sessenta e cinco aprovados a n\u00edvel nacional no \u00e2mbito da medida \u201cBairros Comerciais Digitais\u201d apoiado pelo PRR, recebeu a declara\u00e7\u00e3o de compromisso, no Pal\u00e1cio da Bolsa, no Porto, numa cerim\u00f3nia presidida pelo ministro da Economia e do Mar, Ant\u00f3nio Costa Silva. [&hellip;]<\/p>","protected":false},"author":2,"featured_media":110566,"comment_status":"open","ping_status":"open","sticky":false,"template":"","format":"standard","meta":[],"categories":[21],"tags":[],"acf":[],"yoast_head":"<!-- This site is optimized with the Yoast SEO plugin v20.10 - https:\/\/yoast.com\/wordpress\/plugins\/seo\/ -->\n<title>Projeto \u201cLagoa digital\u201d com investimento de 808 mil euros - Di\u00e1rio da Lagoa<\/title>\n<meta name=\"description\" content=\"Frederico Sousa assinou, no Porto, a declara\u00e7\u00e3o de compromisso no \u00e2mbito da medida dos \u201cBairros Comerciais Digitais\u201d.\" \/>\n<meta name=\"robots\" content=\"index, follow, max-snippet:-1, max-image-preview:large, max-video-preview:-1\" \/>\n<link rel=\"canonical\" href=\"https:\/\/diariodalagoa.pt\/fr\/projeto-lagoa-digital-com-investimento-de-808-mil-euros\/\" \/>\n<meta property=\"og:locale\" content=\"fr_FR\" \/>\n<meta property=\"og:type\" content=\"article\" \/>\n<meta property=\"og:title\" content=\"Projeto \u201cLagoa digital\u201d com investimento de 808 mil euros - Di\u00e1rio da Lagoa\" \/>\n<meta property=\"og:description\" content=\"Frederico Sousa assinou, no Porto, a declara\u00e7\u00e3o de compromisso no \u00e2mbito da medida dos \u201cBairros Comerciais Digitais\u201d.\" \/>\n<meta property=\"og:url\" content=\"https:\/\/diariodalagoa.pt\/fr\/projeto-lagoa-digital-com-investimento-de-808-mil-euros\/\" \/>\n<meta property=\"og:site_name\" content=\"Di\u00e1rio da Lagoa\" \/>\n<meta property=\"article:published_time\" content=\"2023-09-07T11:30:06+00:00\" \/>\n<meta property=\"article:modified_time\" content=\"2025-06-27T15:57:48+00:00\" \/>\n<meta property=\"og:image\" content=\"https:\/\/diariodalagoa.pt\/wp-content\/uploads\/2022\/07\/frederico-sousa.jpg\" \/>\n\t<meta property=\"og:image:width\" content=\"960\" \/>\n\t<meta property=\"og:image:height\" content=\"640\" \/>\n\t<meta property=\"og:image:type\" content=\"image\/jpeg\" \/>\n<meta name=\"author\" content=\"Di\u00e1rio da Lagoa\" \/>\n<meta name=\"twitter:card\" content=\"summary_large_image\" \/>\n<meta name=\"twitter:label1\" content=\"\u00c9crit par\" \/>\n\t<meta name=\"twitter:data1\" content=\"Di\u00e1rio da Lagoa\" \/>\n\t<meta name=\"twitter:label2\" content=\"Dur\u00e9e de lecture estim\u00e9e\" \/>\n\t<meta name=\"twitter:data2\" content=\"2 minutes\" \/>\n<script type=\"application\/ld+json\" class=\"yoast-schema-graph\">{\"@context\":\"https:\/\/schema.org\",\"@graph\":[{\"@type\":\"WebPage\",\"@id\":\"https:\/\/diariodalagoa.pt\/projeto-lagoa-digital-com-investimento-de-808-mil-euros\/\",\"url\":\"https:\/\/diariodalagoa.pt\/projeto-lagoa-digital-com-investimento-de-808-mil-euros\/\",\"name\":\"Projeto \u201cLagoa digital\u201d com investimento de 808 mil euros - Di\u00e1rio da Lagoa\",\"isPartOf\":{\"@id\":\"https:\/\/diariodalagoa.pt\/#website\"},\"datePublished\":\"2023-09-07T11:30:06+00:00\",\"dateModified\":\"2025-06-27T15:57:48+00:00\",\"author\":{\"@id\":\"https:\/\/diariodalagoa.pt\/#\/schema\/person\/1615a002370e8857b6f972834bc43ece\"},\"description\":\"Frederico Sousa assinou, no Porto, a declara\u00e7\u00e3o de compromisso no \u00e2mbito da medida dos \u201cBairros Comerciais Digitais\u201d.\",\"breadcrumb\":{\"@id\":\"https:\/\/diariodalagoa.pt\/projeto-lagoa-digital-com-investimento-de-808-mil-euros\/#breadcrumb\"},\"inLanguage\":\"fr-FR\",\"potentialAction\":[{\"@type\":\"ReadAction\",\"target\":[\"https:\/\/diariodalagoa.pt\/projeto-lagoa-digital-com-investimento-de-808-mil-euros\/\"]}]},{\"@type\":\"BreadcrumbList\",\"@id\":\"https:\/\/diariodalagoa.pt\/projeto-lagoa-digital-com-investimento-de-808-mil-euros\/#breadcrumb\",\"itemListElement\":[{\"@type\":\"ListItem\",\"position\":1,\"name\":\"In\u00edcio\",\"item\":\"https:\/\/diariodalagoa.pt\/\"},{\"@type\":\"ListItem\",\"position\":2,\"name\":\"Projeto \u201cLagoa digital\u201d com investimento de 808 mil euros\"}]},{\"@type\":\"WebSite\",\"@id\":\"https:\/\/diariodalagoa.pt\/#website\",\"url\":\"https:\/\/diariodalagoa.pt\/\",\"name\":\"Di\u00e1rio da Lagoa\",\"description\":\"Di\u00e1rio da Lagoa. As not\u00edcias que contam. A partir da Lagoa, nos A\u00e7ores, para o mundo.\",\"potentialAction\":[{\"@type\":\"SearchAction\",\"target\":{\"@type\":\"EntryPoint\",\"urlTemplate\":\"https:\/\/diariodalagoa.pt\/?s={search_term_string}\"},\"query-input\":\"required name=search_term_string\"}],\"inLanguage\":\"fr-FR\"},{\"@type\":\"Person\",\"@id\":\"https:\/\/diariodalagoa.pt\/#\/schema\/person\/1615a002370e8857b6f972834bc43ece\",\"name\":\"Di\u00e1rio da Lagoa\",\"image\":{\"@type\":\"ImageObject\",\"inLanguage\":\"fr-FR\",\"@id\":\"https:\/\/diariodalagoa.pt\/#\/schema\/person\/image\/\",\"url\":\"https:\/\/secure.gravatar.com\/avatar\/2cb5cef90a26f8fbd4d9d930608102c5?s=96&d=mm&r=g\",\"contentUrl\":\"https:\/\/secure.gravatar.com\/avatar\/2cb5cef90a26f8fbd4d9d930608102c5?s=96&d=mm&r=g\",\"caption\":\"Di\u00e1rio da Lagoa\"},\"url\":\"https:\/\/diariodalagoa.pt\/fr\/author\/diariodalagoa\/\"}]}<\/script>\n<!-- \/ Yoast SEO plugin. -->","yoast_head_json":{"title":"Projeto \u201cLagoa digital\u201d com investimento de 808 mil euros - Di\u00e1rio da Lagoa","description":"Frederico Sousa assinou, no Porto, a declara\u00e7\u00e3o de compromisso no \u00e2mbito da medida dos \u201cBairros Comerciais Digitais\u201d.","robots":{"index":"index","follow":"follow","max-snippet":"max-snippet:-1","max-image-preview":"max-image-preview:large","max-video-preview":"max-video-preview:-1"},"canonical":"https:\/\/diariodalagoa.pt\/fr\/projeto-lagoa-digital-com-investimento-de-808-mil-euros\/","og_locale":"fr_FR","og_type":"article","og_title":"Projeto \u201cLagoa digital\u201d com investimento de 808 mil euros - Di\u00e1rio da Lagoa","og_description":"Frederico Sousa assinou, no Porto, a declara\u00e7\u00e3o de compromisso no \u00e2mbito da medida dos \u201cBairros Comerciais Digitais\u201d.","og_url":"https:\/\/diariodalagoa.pt\/fr\/projeto-lagoa-digital-com-investimento-de-808-mil-euros\/","og_site_name":"Di\u00e1rio da Lagoa","article_published_time":"2023-09-07T11:30:06+00:00","article_modified_time":"2025-06-27T15:57:48+00:00","og_image":[{"width":960,"height":640,"url":"https:\/\/diariodalagoa.pt\/wp-content\/uploads\/2022\/07\/frederico-sousa.jpg","type":"image\/jpeg"}],"author":"Di\u00e1rio da Lagoa","twitter_card":"summary_large_image","twitter_misc":{"\u00c9crit par":"Di\u00e1rio da Lagoa","Dur\u00e9e de lecture estim\u00e9e":"2 minutes"},"schema":{"@context":"https:\/\/schema.org","@graph":[{"@type":"WebPage","@id":"https:\/\/diariodalagoa.pt\/projeto-lagoa-digital-com-investimento-de-808-mil-euros\/","url":"https:\/\/diariodalagoa.pt\/projeto-lagoa-digital-com-investimento-de-808-mil-euros\/","name":"Projeto \u201cLagoa digital\u201d com investimento de 808 mil euros - Di\u00e1rio da Lagoa","isPartOf":{"@id":"https:\/\/diariodalagoa.pt\/#website"},"datePublished":"2023-09-07T11:30:06+00:00","dateModified":"2025-06-27T15:57:48+00:00","author":{"@id":"https:\/\/diariodalagoa.pt\/#\/schema\/person\/1615a002370e8857b6f972834bc43ece"},"description":"Frederico Sousa assinou, no Porto, a declara\u00e7\u00e3o de compromisso no \u00e2mbito da medida dos \u201cBairros Comerciais Digitais\u201d.","breadcrumb":{"@id":"https:\/\/diariodalagoa.pt\/projeto-lagoa-digital-com-investimento-de-808-mil-euros\/#breadcrumb"},"inLanguage":"fr-FR","potentialAction":[{"@type":"ReadAction","target":["https:\/\/diariodalagoa.pt\/projeto-lagoa-digital-com-investimento-de-808-mil-euros\/"]}]},{"@type":"BreadcrumbList","@id":"https:\/\/diariodalagoa.pt\/projeto-lagoa-digital-com-investimento-de-808-mil-euros\/#breadcrumb","itemListElement":[{"@type":"ListItem","position":1,"name":"In\u00edcio","item":"https:\/\/diariodalagoa.pt\/"},{"@type":"ListItem","position":2,"name":"Projeto \u201cLagoa digital\u201d com investimento de 808 mil euros"}]},{"@type":"WebSite","@id":"https:\/\/diariodalagoa.pt\/#website","url":"https:\/\/diariodalagoa.pt\/","name":"Di\u00e1rio da Lagoa","description":"Di\u00e1rio da Lagoa. As not\u00edcias que contam. A partir da Lagoa, nos A\u00e7ores, para o mundo.","potentialAction":[{"@type":"SearchAction","target":{"@type":"EntryPoint","urlTemplate":"https:\/\/diariodalagoa.pt\/?s={search_term_string}"},"query-input":"required name=search_term_string"}],"inLanguage":"fr-FR"},{"@type":"Person","@id":"https:\/\/diariodalagoa.pt\/#\/schema\/person\/1615a002370e8857b6f972834bc43ece","name":"Di\u00e1rio da Lagoa","image":{"@type":"ImageObject","inLanguage":"fr-FR","@id":"https:\/\/diariodalagoa.pt\/#\/schema\/person\/image\/","url":"https:\/\/secure.gravatar.com\/avatar\/2cb5cef90a26f8fbd4d9d930608102c5?s=96&d=mm&r=g","contentUrl":"https:\/\/secure.gravatar.com\/avatar\/2cb5cef90a26f8fbd4d9d930608102c5?s=96&d=mm&r=g","caption":"Di\u00e1rio da Lagoa"},"url":"https:\/\/diariodalagoa.pt\/fr\/author\/diariodalagoa\/"}]}},"_links":{"self":[{"href":"https:\/\/diariodalagoa.pt\/fr\/wp-json\/wp\/v2\/posts\/127280"}],"collection":[{"href":"https:\/\/diariodalagoa.pt\/fr\/wp-json\/wp\/v2\/posts"}],"about":[{"href":"https:\/\/diariodalagoa.pt\/fr\/wp-json\/wp\/v2\/types\/post"}],"author":[{"embeddable":true,"href":"https:\/\/diariodalagoa.pt\/fr\/wp-json\/wp\/v2\/users\/2"}],"replies":[{"embeddable":true,"href":"https:\/\/diariodalagoa.pt\/fr\/wp-json\/wp\/v2\/comments?post=127280"}],"version-history":[{"count":1,"href":"https:\/\/diariodalagoa.pt\/fr\/wp-json\/wp\/v2\/posts\/127280\/revisions"}],"predecessor-version":[{"id":127281,"href":"https:\/\/diariodalagoa.pt\/fr\/wp-json\/wp\/v2\/posts\/127280\/revisions\/127281"}],"wp:featuredmedia":[{"embeddable":true,"href":"https:\/\/diariodalagoa.pt\/fr\/wp-json\/wp\/v2\/media\/110566"}],"wp:attachment":[{"href":"https:\/\/diariodalagoa.pt\/fr\/wp-json\/wp\/v2\/media?parent=127280"}],"wp:term":[{"taxonomy":"category","embeddable":true,"href":"https:\/\/diariodalagoa.pt\/fr\/wp-json\/wp\/v2\/categories?post=127280"},{"taxonomy":"post_tag","embeddable":true,"href":"https:\/\/diariodalagoa.pt\/fr\/wp-json\/wp\/v2\/tags?post=127280"}],"curies":[{"name":"wp","href":"https:\/\/api.w.org\/{rel}","templated":true}]}}