{"id":126802,"date":"2023-08-14T15:29:06","date_gmt":"2023-08-14T15:29:06","guid":{"rendered":"https:\/\/diariodalagoa.pt\/?p=126802"},"modified":"2025-06-27T15:59:18","modified_gmt":"2025-06-27T15:59:18","slug":"prisao-preventiva-para-homem-que-assaltava-alojamentos-locais-na-lagoa","status":"publish","type":"post","link":"https:\/\/diariodalagoa.pt\/fr\/prisao-preventiva-para-homem-que-assaltava-alojamentos-locais-na-lagoa\/","title":{"rendered":"Pris\u00e3o preventiva para homem que assaltava alojamentos locais na Lagoa"},"content":{"rendered":"<figure class=\"wp-block-image size-full\"><img decoding=\"async\" width=\"960\" height=\"523\" src=\"https:\/\/diariodalagoa.pt\/wp-content\/uploads\/2023\/08\/psp-lagoa-acores-set19-1.jpg\" alt=\"\" class=\"wp-image-126639\" srcset=\"https:\/\/diariodalagoa.pt\/wp-content\/uploads\/2023\/08\/psp-lagoa-acores-set19-1.jpg 960w, https:\/\/diariodalagoa.pt\/wp-content\/uploads\/2023\/08\/psp-lagoa-acores-set19-1-300x163.jpg 300w, https:\/\/diariodalagoa.pt\/wp-content\/uploads\/2023\/08\/psp-lagoa-acores-set19-1-768x418.jpg 768w, https:\/\/diariodalagoa.pt\/wp-content\/uploads\/2023\/08\/psp-lagoa-acores-set19-1-18x10.jpg 18w\" sizes=\"(max-width: 960px) 100vw, 960px\" \/><figcaption class=\"wp-element-caption\"><sub>\u00a9 D.R.<\/sub><\/figcaption><\/figure>\n\n\n\n<p>A PSP da Lagoa procedeu \u00e0 deten\u00e7\u00e3o de um homem, de 25 anos, fortemente indiciado da pr\u00e1tica de v\u00e1rios crimes enquadr\u00e1veis na criminalidade violenta e grave, entre eles crimes de furto qualificado e viol\u00eancia depois da subtra\u00e7\u00e3o.<\/p>\n\n\n\n<p>Decorrente de um apurado processo de recolha, tratamento e consolida\u00e7\u00e3o de ind\u00edcios de prova nos locais do crime, foram realizadas v\u00e1rias dilig\u00eancias de forma a apurar os contornos associados a v\u00e1rios crimes que vinham ocorrendo recentemente em v\u00e1rios alojamentos locais sediados na cidade da Lagoa, que permitiram identificar, relacionar e implicar o principal suspeito do cometimento dos referidos crimes.<\/p>\n\n\n\n<p>Neste sentido, de acordo com as provas recolhidas no \u00e2mbito das v\u00e1rias investiga\u00e7\u00f5es, o suspeito atuava sozinho, durante a noite, selecionando alojamentos locais que se encontravam ocupados. Introduzia-se nos estabelecimentos atrav\u00e9s de arrombamento e escalamento de janelas e atuava direcionado exclusivamente ao furto de objetos com express\u00e3o econ\u00f3mica. <\/p>\n\n\n\n<p>Face ao perigo representado pelo arguido de prosseguir na pr\u00e1tica de outros crimes, veio a ser detido fora de flagrante delito e, ap\u00f3s ter sido presente a interrogat\u00f3rio judicial, ficou em pris\u00e3o preventiva.<\/p>","protected":false},"excerpt":{"rendered":"<p>A PSP da Lagoa procedeu \u00e0 deten\u00e7\u00e3o de um homem, de 25 anos, fortemente indiciado da pr\u00e1tica de v\u00e1rios crimes enquadr\u00e1veis na criminalidade violenta e grave, entre eles crimes de furto qualificado e viol\u00eancia depois da subtra\u00e7\u00e3o. Decorrente de um apurado processo de recolha, tratamento e consolida\u00e7\u00e3o de ind\u00edcios de prova nos locais do crime, [&hellip;]<\/p>","protected":false},"author":2,"featured_media":126639,"comment_status":"open","ping_status":"open","sticky":false,"template":"","format":"standard","meta":[],"categories":[21],"tags":[],"acf":[],"yoast_head":"<!-- This site is optimized with the Yoast SEO plugin v20.10 - https:\/\/yoast.com\/wordpress\/plugins\/seo\/ -->\n<title>Pris\u00e3o preventiva para homem que assaltava alojamentos locais na Lagoa - Di\u00e1rio da Lagoa<\/title>\n<meta name=\"description\" content=\"Indiv\u00edduo, de 25 anos, foi detido fora de flagrante delito. Arrombava os alojamentos locais para se apropriar de objetos de valor.\" \/>\n<meta name=\"robots\" content=\"index, follow, max-snippet:-1, max-image-preview:large, max-video-preview:-1\" \/>\n<link rel=\"canonical\" href=\"https:\/\/diariodalagoa.pt\/fr\/prisao-preventiva-para-homem-que-assaltava-alojamentos-locais-na-lagoa\/\" \/>\n<meta property=\"og:locale\" content=\"fr_FR\" \/>\n<meta property=\"og:type\" content=\"article\" \/>\n<meta property=\"og:title\" content=\"Pris\u00e3o preventiva para homem que assaltava alojamentos locais na Lagoa - Di\u00e1rio da Lagoa\" \/>\n<meta property=\"og:description\" content=\"Indiv\u00edduo, de 25 anos, foi detido fora de flagrante delito. Arrombava os alojamentos locais para se apropriar de objetos de valor.\" \/>\n<meta property=\"og:url\" content=\"https:\/\/diariodalagoa.pt\/fr\/prisao-preventiva-para-homem-que-assaltava-alojamentos-locais-na-lagoa\/\" \/>\n<meta property=\"og:site_name\" content=\"Di\u00e1rio da Lagoa\" \/>\n<meta property=\"article:published_time\" content=\"2023-08-14T15:29:06+00:00\" \/>\n<meta property=\"article:modified_time\" content=\"2025-06-27T15:59:18+00:00\" \/>\n<meta property=\"og:image\" content=\"https:\/\/diariodalagoa.pt\/wp-content\/uploads\/2023\/08\/psp-lagoa-acores-set19-1.jpg\" \/>\n\t<meta property=\"og:image:width\" content=\"960\" \/>\n\t<meta property=\"og:image:height\" content=\"523\" \/>\n\t<meta property=\"og:image:type\" content=\"image\/jpeg\" \/>\n<meta name=\"author\" content=\"Di\u00e1rio da Lagoa\" \/>\n<meta name=\"twitter:card\" content=\"summary_large_image\" \/>\n<meta name=\"twitter:label1\" content=\"\u00c9crit par\" \/>\n\t<meta name=\"twitter:data1\" content=\"Di\u00e1rio da Lagoa\" \/>\n\t<meta name=\"twitter:label2\" content=\"Dur\u00e9e de lecture estim\u00e9e\" \/>\n\t<meta name=\"twitter:data2\" content=\"2 minutes\" \/>\n<script type=\"application\/ld+json\" class=\"yoast-schema-graph\">{\"@context\":\"https:\/\/schema.org\",\"@graph\":[{\"@type\":\"WebPage\",\"@id\":\"https:\/\/diariodalagoa.pt\/prisao-preventiva-para-homem-que-assaltava-alojamentos-locais-na-lagoa\/\",\"url\":\"https:\/\/diariodalagoa.pt\/prisao-preventiva-para-homem-que-assaltava-alojamentos-locais-na-lagoa\/\",\"name\":\"Pris\u00e3o preventiva para homem que assaltava alojamentos locais na Lagoa - Di\u00e1rio da Lagoa\",\"isPartOf\":{\"@id\":\"https:\/\/diariodalagoa.pt\/#website\"},\"datePublished\":\"2023-08-14T15:29:06+00:00\",\"dateModified\":\"2025-06-27T15:59:18+00:00\",\"author\":{\"@id\":\"https:\/\/diariodalagoa.pt\/#\/schema\/person\/1615a002370e8857b6f972834bc43ece\"},\"description\":\"Indiv\u00edduo, de 25 anos, foi detido fora de flagrante delito. Arrombava os alojamentos locais para se apropriar de objetos de valor.\",\"breadcrumb\":{\"@id\":\"https:\/\/diariodalagoa.pt\/prisao-preventiva-para-homem-que-assaltava-alojamentos-locais-na-lagoa\/#breadcrumb\"},\"inLanguage\":\"fr-FR\",\"potentialAction\":[{\"@type\":\"ReadAction\",\"target\":[\"https:\/\/diariodalagoa.pt\/prisao-preventiva-para-homem-que-assaltava-alojamentos-locais-na-lagoa\/\"]}]},{\"@type\":\"BreadcrumbList\",\"@id\":\"https:\/\/diariodalagoa.pt\/prisao-preventiva-para-homem-que-assaltava-alojamentos-locais-na-lagoa\/#breadcrumb\",\"itemListElement\":[{\"@type\":\"ListItem\",\"position\":1,\"name\":\"In\u00edcio\",\"item\":\"https:\/\/diariodalagoa.pt\/\"},{\"@type\":\"ListItem\",\"position\":2,\"name\":\"Pris\u00e3o preventiva para homem que assaltava alojamentos locais na Lagoa\"}]},{\"@type\":\"WebSite\",\"@id\":\"https:\/\/diariodalagoa.pt\/#website\",\"url\":\"https:\/\/diariodalagoa.pt\/\",\"name\":\"Di\u00e1rio da Lagoa\",\"description\":\"Di\u00e1rio da Lagoa. As not\u00edcias que contam. A partir da Lagoa, nos A\u00e7ores, para o mundo.\",\"potentialAction\":[{\"@type\":\"SearchAction\",\"target\":{\"@type\":\"EntryPoint\",\"urlTemplate\":\"https:\/\/diariodalagoa.pt\/?s={search_term_string}\"},\"query-input\":\"required name=search_term_string\"}],\"inLanguage\":\"fr-FR\"},{\"@type\":\"Person\",\"@id\":\"https:\/\/diariodalagoa.pt\/#\/schema\/person\/1615a002370e8857b6f972834bc43ece\",\"name\":\"Di\u00e1rio da Lagoa\",\"image\":{\"@type\":\"ImageObject\",\"inLanguage\":\"fr-FR\",\"@id\":\"https:\/\/diariodalagoa.pt\/#\/schema\/person\/image\/\",\"url\":\"https:\/\/secure.gravatar.com\/avatar\/2cb5cef90a26f8fbd4d9d930608102c5?s=96&d=mm&r=g\",\"contentUrl\":\"https:\/\/secure.gravatar.com\/avatar\/2cb5cef90a26f8fbd4d9d930608102c5?s=96&d=mm&r=g\",\"caption\":\"Di\u00e1rio da Lagoa\"},\"url\":\"https:\/\/diariodalagoa.pt\/fr\/author\/diariodalagoa\/\"}]}<\/script>\n<!-- \/ Yoast SEO plugin. -->","yoast_head_json":{"title":"Pris\u00e3o preventiva para homem que assaltava alojamentos locais na Lagoa - Di\u00e1rio da Lagoa","description":"Indiv\u00edduo, de 25 anos, foi detido fora de flagrante delito. Arrombava os alojamentos locais para se apropriar de objetos de valor.","robots":{"index":"index","follow":"follow","max-snippet":"max-snippet:-1","max-image-preview":"max-image-preview:large","max-video-preview":"max-video-preview:-1"},"canonical":"https:\/\/diariodalagoa.pt\/fr\/prisao-preventiva-para-homem-que-assaltava-alojamentos-locais-na-lagoa\/","og_locale":"fr_FR","og_type":"article","og_title":"Pris\u00e3o preventiva para homem que assaltava alojamentos locais na Lagoa - Di\u00e1rio da Lagoa","og_description":"Indiv\u00edduo, de 25 anos, foi detido fora de flagrante delito. Arrombava os alojamentos locais para se apropriar de objetos de valor.","og_url":"https:\/\/diariodalagoa.pt\/fr\/prisao-preventiva-para-homem-que-assaltava-alojamentos-locais-na-lagoa\/","og_site_name":"Di\u00e1rio da Lagoa","article_published_time":"2023-08-14T15:29:06+00:00","article_modified_time":"2025-06-27T15:59:18+00:00","og_image":[{"width":960,"height":523,"url":"https:\/\/diariodalagoa.pt\/wp-content\/uploads\/2023\/08\/psp-lagoa-acores-set19-1.jpg","type":"image\/jpeg"}],"author":"Di\u00e1rio da Lagoa","twitter_card":"summary_large_image","twitter_misc":{"\u00c9crit par":"Di\u00e1rio da Lagoa","Dur\u00e9e de lecture estim\u00e9e":"2 minutes"},"schema":{"@context":"https:\/\/schema.org","@graph":[{"@type":"WebPage","@id":"https:\/\/diariodalagoa.pt\/prisao-preventiva-para-homem-que-assaltava-alojamentos-locais-na-lagoa\/","url":"https:\/\/diariodalagoa.pt\/prisao-preventiva-para-homem-que-assaltava-alojamentos-locais-na-lagoa\/","name":"Pris\u00e3o preventiva para homem que assaltava alojamentos locais na Lagoa - Di\u00e1rio da Lagoa","isPartOf":{"@id":"https:\/\/diariodalagoa.pt\/#website"},"datePublished":"2023-08-14T15:29:06+00:00","dateModified":"2025-06-27T15:59:18+00:00","author":{"@id":"https:\/\/diariodalagoa.pt\/#\/schema\/person\/1615a002370e8857b6f972834bc43ece"},"description":"Indiv\u00edduo, de 25 anos, foi detido fora de flagrante delito. Arrombava os alojamentos locais para se apropriar de objetos de valor.","breadcrumb":{"@id":"https:\/\/diariodalagoa.pt\/prisao-preventiva-para-homem-que-assaltava-alojamentos-locais-na-lagoa\/#breadcrumb"},"inLanguage":"fr-FR","potentialAction":[{"@type":"ReadAction","target":["https:\/\/diariodalagoa.pt\/prisao-preventiva-para-homem-que-assaltava-alojamentos-locais-na-lagoa\/"]}]},{"@type":"BreadcrumbList","@id":"https:\/\/diariodalagoa.pt\/prisao-preventiva-para-homem-que-assaltava-alojamentos-locais-na-lagoa\/#breadcrumb","itemListElement":[{"@type":"ListItem","position":1,"name":"In\u00edcio","item":"https:\/\/diariodalagoa.pt\/"},{"@type":"ListItem","position":2,"name":"Pris\u00e3o preventiva para homem que assaltava alojamentos locais na Lagoa"}]},{"@type":"WebSite","@id":"https:\/\/diariodalagoa.pt\/#website","url":"https:\/\/diariodalagoa.pt\/","name":"Di\u00e1rio da Lagoa","description":"Di\u00e1rio da Lagoa. As not\u00edcias que contam. A partir da Lagoa, nos A\u00e7ores, para o mundo.","potentialAction":[{"@type":"SearchAction","target":{"@type":"EntryPoint","urlTemplate":"https:\/\/diariodalagoa.pt\/?s={search_term_string}"},"query-input":"required name=search_term_string"}],"inLanguage":"fr-FR"},{"@type":"Person","@id":"https:\/\/diariodalagoa.pt\/#\/schema\/person\/1615a002370e8857b6f972834bc43ece","name":"Di\u00e1rio da Lagoa","image":{"@type":"ImageObject","inLanguage":"fr-FR","@id":"https:\/\/diariodalagoa.pt\/#\/schema\/person\/image\/","url":"https:\/\/secure.gravatar.com\/avatar\/2cb5cef90a26f8fbd4d9d930608102c5?s=96&d=mm&r=g","contentUrl":"https:\/\/secure.gravatar.com\/avatar\/2cb5cef90a26f8fbd4d9d930608102c5?s=96&d=mm&r=g","caption":"Di\u00e1rio da Lagoa"},"url":"https:\/\/diariodalagoa.pt\/fr\/author\/diariodalagoa\/"}]}},"_links":{"self":[{"href":"https:\/\/diariodalagoa.pt\/fr\/wp-json\/wp\/v2\/posts\/126802"}],"collection":[{"href":"https:\/\/diariodalagoa.pt\/fr\/wp-json\/wp\/v2\/posts"}],"about":[{"href":"https:\/\/diariodalagoa.pt\/fr\/wp-json\/wp\/v2\/types\/post"}],"author":[{"embeddable":true,"href":"https:\/\/diariodalagoa.pt\/fr\/wp-json\/wp\/v2\/users\/2"}],"replies":[{"embeddable":true,"href":"https:\/\/diariodalagoa.pt\/fr\/wp-json\/wp\/v2\/comments?post=126802"}],"version-history":[{"count":1,"href":"https:\/\/diariodalagoa.pt\/fr\/wp-json\/wp\/v2\/posts\/126802\/revisions"}],"predecessor-version":[{"id":126804,"href":"https:\/\/diariodalagoa.pt\/fr\/wp-json\/wp\/v2\/posts\/126802\/revisions\/126804"}],"wp:featuredmedia":[{"embeddable":true,"href":"https:\/\/diariodalagoa.pt\/fr\/wp-json\/wp\/v2\/media\/126639"}],"wp:attachment":[{"href":"https:\/\/diariodalagoa.pt\/fr\/wp-json\/wp\/v2\/media?parent=126802"}],"wp:term":[{"taxonomy":"category","embeddable":true,"href":"https:\/\/diariodalagoa.pt\/fr\/wp-json\/wp\/v2\/categories?post=126802"},{"taxonomy":"post_tag","embeddable":true,"href":"https:\/\/diariodalagoa.pt\/fr\/wp-json\/wp\/v2\/tags?post=126802"}],"curies":[{"name":"wp","href":"https:\/\/api.w.org\/{rel}","templated":true}]}}