{"id":126253,"date":"2023-07-26T10:49:23","date_gmt":"2023-07-26T10:49:23","guid":{"rendered":"https:\/\/diariodalagoa.pt\/?p=126253"},"modified":"2025-06-27T16:00:01","modified_gmt":"2025-06-27T16:00:01","slug":"quarteto-quadrivium-atua-na-igreja-da-ribeira-cha","status":"publish","type":"post","link":"https:\/\/diariodalagoa.pt\/fr\/quarteto-quadrivium-atua-na-igreja-da-ribeira-cha\/","title":{"rendered":"Quarteto Quadrivium atua na igreja da Ribeira Ch\u00e3"},"content":{"rendered":"<div id=\"attachment_126254\" style=\"width: 970px\" class=\"wp-caption aligncenter\"><img aria-describedby=\"caption-attachment-126254\" decoding=\"async\" class=\"wp-image-126254 size-full\" src=\"https:\/\/diariodalagoa.pt\/wp-content\/uploads\/2023\/07\/quadrivium.jpg\" alt=\"\" width=\"960\" height=\"640\" srcset=\"https:\/\/diariodalagoa.pt\/wp-content\/uploads\/2023\/07\/quadrivium.jpg 960w, https:\/\/diariodalagoa.pt\/wp-content\/uploads\/2023\/07\/quadrivium-300x200.jpg 300w, https:\/\/diariodalagoa.pt\/wp-content\/uploads\/2023\/07\/quadrivium-768x512.jpg 768w, https:\/\/diariodalagoa.pt\/wp-content\/uploads\/2023\/07\/quadrivium-18x12.jpg 18w\" sizes=\"(max-width: 960px) 100vw, 960px\" \/><p id=\"caption-attachment-126254\" class=\"wp-caption-text\"><span style=\"color: #999999;\">\u00a9 D.R.<\/span><\/p><\/div>\n<p>A igreja paroquial de S\u00e3o Jos\u00e9, na Ribeira Ch\u00e3, Lagoa, vai acolher na pr\u00f3xima sexta-feira, 28 de julho, pelas 20h30, um concerto pelo quarteto Quadrivium, composto por Ana Teresa Oliveira e Filipa Gomes(violino), Beatriz Teves (viola), e Margarida Almeida (violoncelo).<\/p>\n<p>A Quadrivium \u2013 Associa\u00e7\u00e3o Art\u00edstica apresentar\u00e1 um report\u00f3rio composto por m\u00fasicas de compositores como Mozart, Mendelssohn e Schubert. A entrada \u00e9 livre, mas limitada \u00e0 lota\u00e7\u00e3o da igreja de S\u00e3o Jos\u00e9.<\/p>","protected":false},"excerpt":{"rendered":"<p>A igreja paroquial de S\u00e3o Jos\u00e9, na Ribeira Ch\u00e3, Lagoa, vai acolher na pr\u00f3xima sexta-feira, 28 de julho, pelas 20h30, um concerto pelo quarteto Quadrivium, composto por Ana Teresa Oliveira e Filipa Gomes(violino), Beatriz Teves (viola), e Margarida Almeida (violoncelo). A Quadrivium \u2013 Associa\u00e7\u00e3o Art\u00edstica apresentar\u00e1 um report\u00f3rio composto por m\u00fasicas de compositores como Mozart, [&hellip;]<\/p>","protected":false},"author":2,"featured_media":126254,"comment_status":"open","ping_status":"open","sticky":false,"template":"","format":"standard","meta":[],"categories":[21],"tags":[],"acf":[],"yoast_head":"<!-- This site is optimized with the Yoast SEO plugin v20.10 - https:\/\/yoast.com\/wordpress\/plugins\/seo\/ -->\n<title>Quarteto Quadrivium atua na igreja da Ribeira Ch\u00e3 - Di\u00e1rio da Lagoa<\/title>\n<meta name=\"description\" content=\"Noite de sexta-feira contar\u00e1 com concerto que transportar\u00e1 os espetadores ao som da m\u00fasica cl\u00e1ssica. Entrada \u00e9 livre.\" \/>\n<meta name=\"robots\" content=\"index, follow, max-snippet:-1, max-image-preview:large, max-video-preview:-1\" \/>\n<link rel=\"canonical\" href=\"https:\/\/diariodalagoa.pt\/fr\/quarteto-quadrivium-atua-na-igreja-da-ribeira-cha\/\" \/>\n<meta property=\"og:locale\" content=\"fr_FR\" \/>\n<meta property=\"og:type\" content=\"article\" \/>\n<meta property=\"og:title\" content=\"Quarteto Quadrivium atua na igreja da Ribeira Ch\u00e3 - Di\u00e1rio da Lagoa\" \/>\n<meta property=\"og:description\" content=\"Noite de sexta-feira contar\u00e1 com concerto que transportar\u00e1 os espetadores ao som da m\u00fasica cl\u00e1ssica. Entrada \u00e9 livre.\" \/>\n<meta property=\"og:url\" content=\"https:\/\/diariodalagoa.pt\/fr\/quarteto-quadrivium-atua-na-igreja-da-ribeira-cha\/\" \/>\n<meta property=\"og:site_name\" content=\"Di\u00e1rio da Lagoa\" \/>\n<meta property=\"article:published_time\" content=\"2023-07-26T10:49:23+00:00\" \/>\n<meta property=\"article:modified_time\" content=\"2025-06-27T16:00:01+00:00\" \/>\n<meta property=\"og:image\" content=\"https:\/\/diariodalagoa.pt\/wp-content\/uploads\/2023\/07\/quadrivium.jpg\" \/>\n\t<meta property=\"og:image:width\" content=\"960\" \/>\n\t<meta property=\"og:image:height\" content=\"640\" \/>\n\t<meta property=\"og:image:type\" content=\"image\/jpeg\" \/>\n<meta name=\"author\" content=\"Di\u00e1rio da Lagoa\" \/>\n<meta name=\"twitter:card\" content=\"summary_large_image\" \/>\n<meta name=\"twitter:label1\" content=\"\u00c9crit par\" \/>\n\t<meta name=\"twitter:data1\" content=\"Di\u00e1rio da Lagoa\" \/>\n\t<meta name=\"twitter:label2\" content=\"Dur\u00e9e de lecture estim\u00e9e\" \/>\n\t<meta name=\"twitter:data2\" content=\"1 minute\" \/>\n<script type=\"application\/ld+json\" class=\"yoast-schema-graph\">{\"@context\":\"https:\/\/schema.org\",\"@graph\":[{\"@type\":\"WebPage\",\"@id\":\"https:\/\/diariodalagoa.pt\/quarteto-quadrivium-atua-na-igreja-da-ribeira-cha\/\",\"url\":\"https:\/\/diariodalagoa.pt\/quarteto-quadrivium-atua-na-igreja-da-ribeira-cha\/\",\"name\":\"Quarteto Quadrivium atua na igreja da Ribeira Ch\u00e3 - Di\u00e1rio da Lagoa\",\"isPartOf\":{\"@id\":\"https:\/\/diariodalagoa.pt\/#website\"},\"datePublished\":\"2023-07-26T10:49:23+00:00\",\"dateModified\":\"2025-06-27T16:00:01+00:00\",\"author\":{\"@id\":\"https:\/\/diariodalagoa.pt\/#\/schema\/person\/1615a002370e8857b6f972834bc43ece\"},\"description\":\"Noite de sexta-feira contar\u00e1 com concerto que transportar\u00e1 os espetadores ao som da m\u00fasica cl\u00e1ssica. Entrada \u00e9 livre.\",\"breadcrumb\":{\"@id\":\"https:\/\/diariodalagoa.pt\/quarteto-quadrivium-atua-na-igreja-da-ribeira-cha\/#breadcrumb\"},\"inLanguage\":\"fr-FR\",\"potentialAction\":[{\"@type\":\"ReadAction\",\"target\":[\"https:\/\/diariodalagoa.pt\/quarteto-quadrivium-atua-na-igreja-da-ribeira-cha\/\"]}]},{\"@type\":\"BreadcrumbList\",\"@id\":\"https:\/\/diariodalagoa.pt\/quarteto-quadrivium-atua-na-igreja-da-ribeira-cha\/#breadcrumb\",\"itemListElement\":[{\"@type\":\"ListItem\",\"position\":1,\"name\":\"In\u00edcio\",\"item\":\"https:\/\/diariodalagoa.pt\/\"},{\"@type\":\"ListItem\",\"position\":2,\"name\":\"Quarteto Quadrivium atua na igreja da Ribeira Ch\u00e3\"}]},{\"@type\":\"WebSite\",\"@id\":\"https:\/\/diariodalagoa.pt\/#website\",\"url\":\"https:\/\/diariodalagoa.pt\/\",\"name\":\"Di\u00e1rio da Lagoa\",\"description\":\"Di\u00e1rio da Lagoa. As not\u00edcias que contam. A partir da Lagoa, nos A\u00e7ores, para o mundo.\",\"potentialAction\":[{\"@type\":\"SearchAction\",\"target\":{\"@type\":\"EntryPoint\",\"urlTemplate\":\"https:\/\/diariodalagoa.pt\/?s={search_term_string}\"},\"query-input\":\"required name=search_term_string\"}],\"inLanguage\":\"fr-FR\"},{\"@type\":\"Person\",\"@id\":\"https:\/\/diariodalagoa.pt\/#\/schema\/person\/1615a002370e8857b6f972834bc43ece\",\"name\":\"Di\u00e1rio da Lagoa\",\"image\":{\"@type\":\"ImageObject\",\"inLanguage\":\"fr-FR\",\"@id\":\"https:\/\/diariodalagoa.pt\/#\/schema\/person\/image\/\",\"url\":\"https:\/\/secure.gravatar.com\/avatar\/2cb5cef90a26f8fbd4d9d930608102c5?s=96&d=mm&r=g\",\"contentUrl\":\"https:\/\/secure.gravatar.com\/avatar\/2cb5cef90a26f8fbd4d9d930608102c5?s=96&d=mm&r=g\",\"caption\":\"Di\u00e1rio da Lagoa\"},\"url\":\"https:\/\/diariodalagoa.pt\/fr\/author\/diariodalagoa\/\"}]}<\/script>\n<!-- \/ Yoast SEO plugin. -->","yoast_head_json":{"title":"Quarteto Quadrivium atua na igreja da Ribeira Ch\u00e3 - Di\u00e1rio da Lagoa","description":"Noite de sexta-feira contar\u00e1 com concerto que transportar\u00e1 os espetadores ao som da m\u00fasica cl\u00e1ssica. Entrada \u00e9 livre.","robots":{"index":"index","follow":"follow","max-snippet":"max-snippet:-1","max-image-preview":"max-image-preview:large","max-video-preview":"max-video-preview:-1"},"canonical":"https:\/\/diariodalagoa.pt\/fr\/quarteto-quadrivium-atua-na-igreja-da-ribeira-cha\/","og_locale":"fr_FR","og_type":"article","og_title":"Quarteto Quadrivium atua na igreja da Ribeira Ch\u00e3 - Di\u00e1rio da Lagoa","og_description":"Noite de sexta-feira contar\u00e1 com concerto que transportar\u00e1 os espetadores ao som da m\u00fasica cl\u00e1ssica. Entrada \u00e9 livre.","og_url":"https:\/\/diariodalagoa.pt\/fr\/quarteto-quadrivium-atua-na-igreja-da-ribeira-cha\/","og_site_name":"Di\u00e1rio da Lagoa","article_published_time":"2023-07-26T10:49:23+00:00","article_modified_time":"2025-06-27T16:00:01+00:00","og_image":[{"width":960,"height":640,"url":"https:\/\/diariodalagoa.pt\/wp-content\/uploads\/2023\/07\/quadrivium.jpg","type":"image\/jpeg"}],"author":"Di\u00e1rio da Lagoa","twitter_card":"summary_large_image","twitter_misc":{"\u00c9crit par":"Di\u00e1rio da Lagoa","Dur\u00e9e de lecture estim\u00e9e":"1 minute"},"schema":{"@context":"https:\/\/schema.org","@graph":[{"@type":"WebPage","@id":"https:\/\/diariodalagoa.pt\/quarteto-quadrivium-atua-na-igreja-da-ribeira-cha\/","url":"https:\/\/diariodalagoa.pt\/quarteto-quadrivium-atua-na-igreja-da-ribeira-cha\/","name":"Quarteto Quadrivium atua na igreja da Ribeira Ch\u00e3 - Di\u00e1rio da Lagoa","isPartOf":{"@id":"https:\/\/diariodalagoa.pt\/#website"},"datePublished":"2023-07-26T10:49:23+00:00","dateModified":"2025-06-27T16:00:01+00:00","author":{"@id":"https:\/\/diariodalagoa.pt\/#\/schema\/person\/1615a002370e8857b6f972834bc43ece"},"description":"Noite de sexta-feira contar\u00e1 com concerto que transportar\u00e1 os espetadores ao som da m\u00fasica cl\u00e1ssica. Entrada \u00e9 livre.","breadcrumb":{"@id":"https:\/\/diariodalagoa.pt\/quarteto-quadrivium-atua-na-igreja-da-ribeira-cha\/#breadcrumb"},"inLanguage":"fr-FR","potentialAction":[{"@type":"ReadAction","target":["https:\/\/diariodalagoa.pt\/quarteto-quadrivium-atua-na-igreja-da-ribeira-cha\/"]}]},{"@type":"BreadcrumbList","@id":"https:\/\/diariodalagoa.pt\/quarteto-quadrivium-atua-na-igreja-da-ribeira-cha\/#breadcrumb","itemListElement":[{"@type":"ListItem","position":1,"name":"In\u00edcio","item":"https:\/\/diariodalagoa.pt\/"},{"@type":"ListItem","position":2,"name":"Quarteto Quadrivium atua na igreja da Ribeira Ch\u00e3"}]},{"@type":"WebSite","@id":"https:\/\/diariodalagoa.pt\/#website","url":"https:\/\/diariodalagoa.pt\/","name":"Di\u00e1rio da Lagoa","description":"Di\u00e1rio da Lagoa. As not\u00edcias que contam. A partir da Lagoa, nos A\u00e7ores, para o mundo.","potentialAction":[{"@type":"SearchAction","target":{"@type":"EntryPoint","urlTemplate":"https:\/\/diariodalagoa.pt\/?s={search_term_string}"},"query-input":"required name=search_term_string"}],"inLanguage":"fr-FR"},{"@type":"Person","@id":"https:\/\/diariodalagoa.pt\/#\/schema\/person\/1615a002370e8857b6f972834bc43ece","name":"Di\u00e1rio da Lagoa","image":{"@type":"ImageObject","inLanguage":"fr-FR","@id":"https:\/\/diariodalagoa.pt\/#\/schema\/person\/image\/","url":"https:\/\/secure.gravatar.com\/avatar\/2cb5cef90a26f8fbd4d9d930608102c5?s=96&d=mm&r=g","contentUrl":"https:\/\/secure.gravatar.com\/avatar\/2cb5cef90a26f8fbd4d9d930608102c5?s=96&d=mm&r=g","caption":"Di\u00e1rio da Lagoa"},"url":"https:\/\/diariodalagoa.pt\/fr\/author\/diariodalagoa\/"}]}},"_links":{"self":[{"href":"https:\/\/diariodalagoa.pt\/fr\/wp-json\/wp\/v2\/posts\/126253"}],"collection":[{"href":"https:\/\/diariodalagoa.pt\/fr\/wp-json\/wp\/v2\/posts"}],"about":[{"href":"https:\/\/diariodalagoa.pt\/fr\/wp-json\/wp\/v2\/types\/post"}],"author":[{"embeddable":true,"href":"https:\/\/diariodalagoa.pt\/fr\/wp-json\/wp\/v2\/users\/2"}],"replies":[{"embeddable":true,"href":"https:\/\/diariodalagoa.pt\/fr\/wp-json\/wp\/v2\/comments?post=126253"}],"version-history":[{"count":1,"href":"https:\/\/diariodalagoa.pt\/fr\/wp-json\/wp\/v2\/posts\/126253\/revisions"}],"predecessor-version":[{"id":126255,"href":"https:\/\/diariodalagoa.pt\/fr\/wp-json\/wp\/v2\/posts\/126253\/revisions\/126255"}],"wp:featuredmedia":[{"embeddable":true,"href":"https:\/\/diariodalagoa.pt\/fr\/wp-json\/wp\/v2\/media\/126254"}],"wp:attachment":[{"href":"https:\/\/diariodalagoa.pt\/fr\/wp-json\/wp\/v2\/media?parent=126253"}],"wp:term":[{"taxonomy":"category","embeddable":true,"href":"https:\/\/diariodalagoa.pt\/fr\/wp-json\/wp\/v2\/categories?post=126253"},{"taxonomy":"post_tag","embeddable":true,"href":"https:\/\/diariodalagoa.pt\/fr\/wp-json\/wp\/v2\/tags?post=126253"}],"curies":[{"name":"wp","href":"https:\/\/api.w.org\/{rel}","templated":true}]}}