{"id":12277,"date":"2014-12-17T08:14:28","date_gmt":"2014-12-17T09:14:28","guid":{"rendered":"http:\/\/diariodalagoa.pt\/?p=12277"},"modified":"2014-12-17T08:14:28","modified_gmt":"2014-12-17T09:14:28","slug":"governo-dos-acores-congratula-se-com-a-manutencao-da-quota-do-chicharro","status":"publish","type":"post","link":"https:\/\/diariodalagoa.pt\/fr\/governo-dos-acores-congratula-se-com-a-manutencao-da-quota-do-chicharro\/","title":{"rendered":"Governo dos A\u00e7ores congratula-se com a manuten\u00e7\u00e3o da quota do chicharro"},"content":{"rendered":"<p style=\"text-align: justify;\"><img decoding=\"async\" class=\"alignnone size-full wp-image-8720\" src=\"http:\/\/diariodalagoa.pt\/wp-content\/uploads\/2014\/09\/Fausto-Brito-Abreu-Mar-pescas-rede-1.jpg\" alt=\"Fausto-Brito-Abreu-Mar-pescas-rede- (1)\" width=\"720\" height=\"380\" \/><\/p>\n<p style=\"text-align: justify;\"><span style=\"color: #000000;\">O Secret\u00e1rio Regional do Mar, Ci\u00eancia e Tecnologia afirmou que a decis\u00e3o tomada\u00a0esta noite pelo Conselho de Ministros das Pescas da Uni\u00e3o Europeia \u00e9 &#8220;ben\u00e9fica&#8221; para\u00a0os A\u00e7ores,\u00a0salientando que \u201cvai ao encontro das pretens\u00f5es do Governo Regional de manter a quota para o chicharro com uma gest\u00e3o efetuada pela Regi\u00e3o Aut\u00f3noma dos A\u00e7ores\u201d.<\/span><\/p>\n<p style=\"text-align: justify;\"><span style=\"color: #000000;\">\u201cOs pescadores a\u00e7orianos poder\u00e3o continuar a capturar chicharros ao mesmo n\u00edvel de anos anteriores\u201d, frisou Fausto\u00a0Brito e Abreu, acrescentando que \u201ca decis\u00e3o tomada pelo Conselho de Ministros \u00e9 o reconhecimento de que as medidas que o Governo dos A\u00e7ores tem implementado na gest\u00e3o da pescaria do chicharro s\u00e3o eficazes e visam a sustentabilidade desta esp\u00e9cie\u201d.<\/span><\/p>\n<p style=\"text-align: justify;\"><span style=\"color: #000000;\">O Secret\u00e1rio Regional do Mar disse ainda que o Governo regulamenta as capturas do chicharro nos A\u00e7ores, dado que &#8220;a captura desta esp\u00e9cie apenas \u00e9 permitida de segunda a sexta-feira&#8221;, acrescentando que\u00a0&#8220;cada embarca\u00e7\u00e3o tem um limite para a quantidade di\u00e1ria a descarregar&#8221;.<\/span><\/p>\n<p style=\"text-align: justify;\"><span style=\"color: #000000;\">A\u00a0Regi\u00e3o tem um total admiss\u00edvel de captura (TAC) para o chicharro de 3.200 toneladas anuais.<\/span><\/p>\n<p style=\"text-align: justify;\"><em><span style=\"color: #000000;\">DL\/GaCS<\/span><\/em><\/p>","protected":false},"excerpt":{"rendered":"<p>O Secret\u00e1rio Regional do Mar, Ci\u00eancia e Tecnologia afirmou que a decis\u00e3o tomada\u00a0esta noite pelo Conselho de Ministros das Pescas da Uni\u00e3o Europeia \u00e9 &#8220;ben\u00e9fica&#8221; para\u00a0os A\u00e7ores,\u00a0salientando que \u201cvai ao encontro das pretens\u00f5es do Governo Regional de manter a quota para o chicharro com uma gest\u00e3o efetuada pela Regi\u00e3o Aut\u00f3noma dos A\u00e7ores\u201d. \u201cOs pescadores a\u00e7orianos [&hellip;]<\/p>","protected":false},"author":2,"featured_media":0,"comment_status":"open","ping_status":"open","sticky":false,"template":"","format":"standard","meta":[],"categories":[21],"tags":[],"acf":[],"yoast_head":"<!-- This site is optimized with the Yoast SEO plugin v20.10 - https:\/\/yoast.com\/wordpress\/plugins\/seo\/ -->\n<title>Governo dos A\u00e7ores congratula-se com a manuten\u00e7\u00e3o da quota do chicharro - Di\u00e1rio da Lagoa<\/title>\n<meta name=\"robots\" content=\"index, follow, max-snippet:-1, max-image-preview:large, max-video-preview:-1\" \/>\n<link rel=\"canonical\" href=\"https:\/\/diariodalagoa.pt\/fr\/governo-dos-acores-congratula-se-com-a-manutencao-da-quota-do-chicharro\/\" \/>\n<meta property=\"og:locale\" content=\"fr_FR\" \/>\n<meta property=\"og:type\" content=\"article\" \/>\n<meta property=\"og:title\" content=\"Governo dos A\u00e7ores congratula-se com a manuten\u00e7\u00e3o da quota do chicharro - Di\u00e1rio da Lagoa\" \/>\n<meta property=\"og:description\" content=\"O Secret\u00e1rio Regional do Mar, Ci\u00eancia e Tecnologia afirmou que a decis\u00e3o tomada\u00a0esta noite pelo Conselho de Ministros das Pescas da Uni\u00e3o Europeia \u00e9 &#8220;ben\u00e9fica&#8221; para\u00a0os A\u00e7ores,\u00a0salientando que \u201cvai ao encontro das pretens\u00f5es do Governo Regional de manter a quota para o chicharro com uma gest\u00e3o efetuada pela Regi\u00e3o Aut\u00f3noma dos A\u00e7ores\u201d. \u201cOs pescadores a\u00e7orianos [&hellip;]\" \/>\n<meta property=\"og:url\" content=\"https:\/\/diariodalagoa.pt\/fr\/governo-dos-acores-congratula-se-com-a-manutencao-da-quota-do-chicharro\/\" \/>\n<meta property=\"og:site_name\" content=\"Di\u00e1rio da Lagoa\" \/>\n<meta property=\"article:published_time\" content=\"2014-12-17T09:14:28+00:00\" \/>\n<meta property=\"og:image\" content=\"http:\/\/diariodalagoa.pt\/wp-content\/uploads\/2014\/09\/Fausto-Brito-Abreu-Mar-pescas-rede-1.jpg\" \/>\n<meta name=\"author\" content=\"Di\u00e1rio da Lagoa\" \/>\n<meta name=\"twitter:card\" content=\"summary_large_image\" \/>\n<meta name=\"twitter:label1\" content=\"\u00c9crit par\" \/>\n\t<meta name=\"twitter:data1\" content=\"Di\u00e1rio da Lagoa\" \/>\n\t<meta name=\"twitter:label2\" content=\"Dur\u00e9e de lecture estim\u00e9e\" \/>\n\t<meta name=\"twitter:data2\" content=\"1 minute\" \/>\n<script type=\"application\/ld+json\" class=\"yoast-schema-graph\">{\"@context\":\"https:\/\/schema.org\",\"@graph\":[{\"@type\":\"WebPage\",\"@id\":\"https:\/\/diariodalagoa.pt\/governo-dos-acores-congratula-se-com-a-manutencao-da-quota-do-chicharro\/\",\"url\":\"https:\/\/diariodalagoa.pt\/governo-dos-acores-congratula-se-com-a-manutencao-da-quota-do-chicharro\/\",\"name\":\"Governo dos A\u00e7ores congratula-se com a manuten\u00e7\u00e3o da quota do chicharro - Di\u00e1rio da Lagoa\",\"isPartOf\":{\"@id\":\"https:\/\/diariodalagoa.pt\/#website\"},\"datePublished\":\"2014-12-17T09:14:28+00:00\",\"dateModified\":\"2014-12-17T09:14:28+00:00\",\"author\":{\"@id\":\"https:\/\/diariodalagoa.pt\/#\/schema\/person\/1615a002370e8857b6f972834bc43ece\"},\"breadcrumb\":{\"@id\":\"https:\/\/diariodalagoa.pt\/governo-dos-acores-congratula-se-com-a-manutencao-da-quota-do-chicharro\/#breadcrumb\"},\"inLanguage\":\"fr-FR\",\"potentialAction\":[{\"@type\":\"ReadAction\",\"target\":[\"https:\/\/diariodalagoa.pt\/governo-dos-acores-congratula-se-com-a-manutencao-da-quota-do-chicharro\/\"]}]},{\"@type\":\"BreadcrumbList\",\"@id\":\"https:\/\/diariodalagoa.pt\/governo-dos-acores-congratula-se-com-a-manutencao-da-quota-do-chicharro\/#breadcrumb\",\"itemListElement\":[{\"@type\":\"ListItem\",\"position\":1,\"name\":\"In\u00edcio\",\"item\":\"https:\/\/diariodalagoa.pt\/\"},{\"@type\":\"ListItem\",\"position\":2,\"name\":\"Governo dos A\u00e7ores congratula-se com a manuten\u00e7\u00e3o da quota do chicharro\"}]},{\"@type\":\"WebSite\",\"@id\":\"https:\/\/diariodalagoa.pt\/#website\",\"url\":\"https:\/\/diariodalagoa.pt\/\",\"name\":\"Di\u00e1rio da Lagoa\",\"description\":\"Di\u00e1rio da Lagoa. As not\u00edcias que contam. A partir da Lagoa, nos A\u00e7ores, para o mundo.\",\"potentialAction\":[{\"@type\":\"SearchAction\",\"target\":{\"@type\":\"EntryPoint\",\"urlTemplate\":\"https:\/\/diariodalagoa.pt\/?s={search_term_string}\"},\"query-input\":\"required name=search_term_string\"}],\"inLanguage\":\"fr-FR\"},{\"@type\":\"Person\",\"@id\":\"https:\/\/diariodalagoa.pt\/#\/schema\/person\/1615a002370e8857b6f972834bc43ece\",\"name\":\"Di\u00e1rio da Lagoa\",\"image\":{\"@type\":\"ImageObject\",\"inLanguage\":\"fr-FR\",\"@id\":\"https:\/\/diariodalagoa.pt\/#\/schema\/person\/image\/\",\"url\":\"https:\/\/secure.gravatar.com\/avatar\/2cb5cef90a26f8fbd4d9d930608102c5?s=96&d=mm&r=g\",\"contentUrl\":\"https:\/\/secure.gravatar.com\/avatar\/2cb5cef90a26f8fbd4d9d930608102c5?s=96&d=mm&r=g\",\"caption\":\"Di\u00e1rio da Lagoa\"},\"url\":\"https:\/\/diariodalagoa.pt\/fr\/author\/diariodalagoa\/\"}]}<\/script>\n<!-- \/ Yoast SEO plugin. -->","yoast_head_json":{"title":"Governo dos A\u00e7ores congratula-se com a manuten\u00e7\u00e3o da quota do chicharro - Di\u00e1rio da Lagoa","robots":{"index":"index","follow":"follow","max-snippet":"max-snippet:-1","max-image-preview":"max-image-preview:large","max-video-preview":"max-video-preview:-1"},"canonical":"https:\/\/diariodalagoa.pt\/fr\/governo-dos-acores-congratula-se-com-a-manutencao-da-quota-do-chicharro\/","og_locale":"fr_FR","og_type":"article","og_title":"Governo dos A\u00e7ores congratula-se com a manuten\u00e7\u00e3o da quota do chicharro - Di\u00e1rio da Lagoa","og_description":"O Secret\u00e1rio Regional do Mar, Ci\u00eancia e Tecnologia afirmou que a decis\u00e3o tomada\u00a0esta noite pelo Conselho de Ministros das Pescas da Uni\u00e3o Europeia \u00e9 &#8220;ben\u00e9fica&#8221; para\u00a0os A\u00e7ores,\u00a0salientando que \u201cvai ao encontro das pretens\u00f5es do Governo Regional de manter a quota para o chicharro com uma gest\u00e3o efetuada pela Regi\u00e3o Aut\u00f3noma dos A\u00e7ores\u201d. \u201cOs pescadores a\u00e7orianos [&hellip;]","og_url":"https:\/\/diariodalagoa.pt\/fr\/governo-dos-acores-congratula-se-com-a-manutencao-da-quota-do-chicharro\/","og_site_name":"Di\u00e1rio da Lagoa","article_published_time":"2014-12-17T09:14:28+00:00","og_image":[{"url":"http:\/\/diariodalagoa.pt\/wp-content\/uploads\/2014\/09\/Fausto-Brito-Abreu-Mar-pescas-rede-1.jpg"}],"author":"Di\u00e1rio da Lagoa","twitter_card":"summary_large_image","twitter_misc":{"\u00c9crit par":"Di\u00e1rio da Lagoa","Dur\u00e9e de lecture estim\u00e9e":"1 minute"},"schema":{"@context":"https:\/\/schema.org","@graph":[{"@type":"WebPage","@id":"https:\/\/diariodalagoa.pt\/governo-dos-acores-congratula-se-com-a-manutencao-da-quota-do-chicharro\/","url":"https:\/\/diariodalagoa.pt\/governo-dos-acores-congratula-se-com-a-manutencao-da-quota-do-chicharro\/","name":"Governo dos A\u00e7ores congratula-se com a manuten\u00e7\u00e3o da quota do chicharro - Di\u00e1rio da Lagoa","isPartOf":{"@id":"https:\/\/diariodalagoa.pt\/#website"},"datePublished":"2014-12-17T09:14:28+00:00","dateModified":"2014-12-17T09:14:28+00:00","author":{"@id":"https:\/\/diariodalagoa.pt\/#\/schema\/person\/1615a002370e8857b6f972834bc43ece"},"breadcrumb":{"@id":"https:\/\/diariodalagoa.pt\/governo-dos-acores-congratula-se-com-a-manutencao-da-quota-do-chicharro\/#breadcrumb"},"inLanguage":"fr-FR","potentialAction":[{"@type":"ReadAction","target":["https:\/\/diariodalagoa.pt\/governo-dos-acores-congratula-se-com-a-manutencao-da-quota-do-chicharro\/"]}]},{"@type":"BreadcrumbList","@id":"https:\/\/diariodalagoa.pt\/governo-dos-acores-congratula-se-com-a-manutencao-da-quota-do-chicharro\/#breadcrumb","itemListElement":[{"@type":"ListItem","position":1,"name":"In\u00edcio","item":"https:\/\/diariodalagoa.pt\/"},{"@type":"ListItem","position":2,"name":"Governo dos A\u00e7ores congratula-se com a manuten\u00e7\u00e3o da quota do chicharro"}]},{"@type":"WebSite","@id":"https:\/\/diariodalagoa.pt\/#website","url":"https:\/\/diariodalagoa.pt\/","name":"Di\u00e1rio da Lagoa","description":"Di\u00e1rio da Lagoa. As not\u00edcias que contam. A partir da Lagoa, nos A\u00e7ores, para o mundo.","potentialAction":[{"@type":"SearchAction","target":{"@type":"EntryPoint","urlTemplate":"https:\/\/diariodalagoa.pt\/?s={search_term_string}"},"query-input":"required name=search_term_string"}],"inLanguage":"fr-FR"},{"@type":"Person","@id":"https:\/\/diariodalagoa.pt\/#\/schema\/person\/1615a002370e8857b6f972834bc43ece","name":"Di\u00e1rio da Lagoa","image":{"@type":"ImageObject","inLanguage":"fr-FR","@id":"https:\/\/diariodalagoa.pt\/#\/schema\/person\/image\/","url":"https:\/\/secure.gravatar.com\/avatar\/2cb5cef90a26f8fbd4d9d930608102c5?s=96&d=mm&r=g","contentUrl":"https:\/\/secure.gravatar.com\/avatar\/2cb5cef90a26f8fbd4d9d930608102c5?s=96&d=mm&r=g","caption":"Di\u00e1rio da Lagoa"},"url":"https:\/\/diariodalagoa.pt\/fr\/author\/diariodalagoa\/"}]}},"_links":{"self":[{"href":"https:\/\/diariodalagoa.pt\/fr\/wp-json\/wp\/v2\/posts\/12277"}],"collection":[{"href":"https:\/\/diariodalagoa.pt\/fr\/wp-json\/wp\/v2\/posts"}],"about":[{"href":"https:\/\/diariodalagoa.pt\/fr\/wp-json\/wp\/v2\/types\/post"}],"author":[{"embeddable":true,"href":"https:\/\/diariodalagoa.pt\/fr\/wp-json\/wp\/v2\/users\/2"}],"replies":[{"embeddable":true,"href":"https:\/\/diariodalagoa.pt\/fr\/wp-json\/wp\/v2\/comments?post=12277"}],"version-history":[{"count":0,"href":"https:\/\/diariodalagoa.pt\/fr\/wp-json\/wp\/v2\/posts\/12277\/revisions"}],"wp:attachment":[{"href":"https:\/\/diariodalagoa.pt\/fr\/wp-json\/wp\/v2\/media?parent=12277"}],"wp:term":[{"taxonomy":"category","embeddable":true,"href":"https:\/\/diariodalagoa.pt\/fr\/wp-json\/wp\/v2\/categories?post=12277"},{"taxonomy":"post_tag","embeddable":true,"href":"https:\/\/diariodalagoa.pt\/fr\/wp-json\/wp\/v2\/tags?post=12277"}],"curies":[{"name":"wp","href":"https:\/\/api.w.org\/{rel}","templated":true}]}}