{"id":11711,"date":"2014-11-27T14:17:52","date_gmt":"2014-11-27T15:17:52","guid":{"rendered":"http:\/\/diariodalagoa.pt\/?p=11711"},"modified":"2014-11-27T14:17:52","modified_gmt":"2014-11-27T15:17:52","slug":"governo-dos-acores-coloca-plano-estrategico-de-prevencao-e-gestao-de-residuos-dos-acores-a-consulta-publica","status":"publish","type":"post","link":"https:\/\/diariodalagoa.pt\/fr\/governo-dos-acores-coloca-plano-estrategico-de-prevencao-e-gestao-de-residuos-dos-acores-a-consulta-publica\/","title":{"rendered":"Governo dos A\u00e7ores coloca Plano Estrat\u00e9gico de Preven\u00e7\u00e3o e Gest\u00e3o de Res\u00edduos dos A\u00e7ores a consulta p\u00fablica"},"content":{"rendered":"<p style=\"text-align: justify;\"><a href=\"http:\/\/diariodalagoa.pt\/wp-content\/uploads\/2014\/11\/Luis-Neto-Viveiros-debate-plano-ambiente-alra.jpg\"><img decoding=\"async\" class=\"alignnone size-full wp-image-11715\" src=\"http:\/\/diariodalagoa.pt\/wp-content\/uploads\/2014\/11\/Luis-Neto-Viveiros-debate-plano-ambiente-alra.jpg\" alt=\"Luis-Neto-Viveiros-debate-plano-ambiente-alra\" width=\"720\" height=\"380\" \/><\/a><\/p>\n<p style=\"text-align: justify;\"><span style=\"color: rgb(0, 0, 0);\">O Secret\u00e1rio Regional da Agricultura e Ambiente revelou, na Horta, que o Governo dos A\u00e7ores vai colocar\u00a0a consulta p\u00fablica, a partir de 9 de dezembro,\u00a0a proposta de Plano Estrat\u00e9gico de Preven\u00e7\u00e3o e Gest\u00e3o de Res\u00edduos dos A\u00e7ores \u2013 PEPGRA.<\/span><\/p>\n<p style=\"text-align: justify;\"><span style=\"color: rgb(0, 0, 0);\">Lu\u00eds Neto Viveiros, numa interven\u00e7\u00e3o\u00a0na Assembleia Legislativa,\u00a0frisou que a proposta de revis\u00e3o mant\u00e9m a estrat\u00e9gia definida no atual plano e que prev\u00ea a valoriza\u00e7\u00e3o energ\u00e9tica dos res\u00edduos que n\u00e3o possam ser reutilizados, atrav\u00e9s da constru\u00e7\u00e3o de dois ecoparques nas ilhas Terceira e S\u00e3o Miguel, sob responsabilidade das respetivas associa\u00e7\u00f5es de munic\u00edpios.<\/span><\/p>\n<p style=\"text-align: justify;\"><span style=\"color: rgb(0, 0, 0);\">Na interven\u00e7\u00e3o que proferiu, o Secret\u00e1rio Regional destacou que as \u201cprioridades de interven\u00e7\u00e3o assumidas para esta Legislatura visam os objetivos e metas de crescimento inteligente, sustent\u00e1vel e inclusivo, consagrados na Estrat\u00e9gia Europa 2020&#8243;, nomeadamente\u00a0a preserva\u00e7\u00e3o do patrim\u00f3nio natural e a utiliza\u00e7\u00e3o sustent\u00e1vel dos recursos naturais.<\/span><\/p>\n<p style=\"text-align: justify;\"><span style=\"color: rgb(0, 0, 0);\">Lu\u00eds Neto Viveiros frisou tamb\u00e9m que se encontra em processo de elabora\u00e7\u00e3o o Plano Regional para as Altera\u00e7\u00f5es Clim\u00e1ticas, considerando &#8211; para o horizonte de 2030 &#8211; &#8220;a competitividade e a sustentabilidade futuras em setores cr\u00edticos, o mercado emergente das tecnologias verdes, e quest\u00f5es fundamentais de seguran\u00e7a alimentar e energ\u00e9tica, de salvaguarda de pessoas e bens, e pol\u00edticas de utiliza\u00e7\u00e3o dos solos e de mobilidade\u201d.<\/span><\/p>\n<p style=\"text-align: justify;\"><span style=\"color: rgb(0, 0, 0);\">O Executivo, adiantou o Secret\u00e1rio Regional, est\u00e1 tamb\u00e9m a \u201cdesenvolver o processo de revis\u00e3o do Plano de Gest\u00e3o da Regi\u00e3o Hidrogr\u00e1fica dos A\u00e7ores, para vigorar no per\u00edodo de 2016 a 2021, com base nos objetivos ambientais da Diretiva Quadro da \u00c1gua e da Lei da \u00c1gua\u201d.<\/span><\/p>\n<p style=\"text-align: justify;\"><span style=\"color: rgb(0, 0, 0);\">Por outro lado, ao n\u00edvel da promo\u00e7\u00e3o e sensibiliza\u00e7\u00e3o ambiental,\u00a0destacou \u201co n\u00famero crescente de visitantes na Rede de Centros Ambientais da Regi\u00e3o, que, de 2012 para 2013, registou um aumento de cerca de 40%, traduzido em mais de 100 mil visitantes\u201d, acrescentando que, \u201centre janeiro e outubro deste ano, j\u00e1 recebeu mais quase cinco mil pessoas do que no mesmo per\u00edodo do ano passado, um aumento de 5,22%\u201d.<\/span><\/p>\n<p style=\"text-align: justify;\"><span style=\"color: rgb(0, 0, 0);\">Para Lu\u00eds Neto Viveiros, estes resultados atestam a relev\u00e2ncia e retorno destes investimentos, \u201cpotenciando tamb\u00e9m o desenvolvimento de neg\u00f3cios privados, por via da explora\u00e7\u00e3o de infraestruturas, do fomento das atividades das empresas tur\u00edsticas ou pela promo\u00e7\u00e3o e venda de produtos locais\u201d.<\/span><\/p>\n<p style=\"text-align: justify;\"><span style=\"color: rgb(0, 0, 0);\">Para os recursos h\u00eddricos, frisou, est\u00e3o alocados 5,3\u00a0milh\u00f5es de euros\u00a0para a manuten\u00e7\u00e3o, execu\u00e7\u00e3o de limpezas e reperfilamento de linhas de \u00e1gua em toda a Regi\u00e3o.<\/span><\/p>\n<p style=\"text-align: justify;\"><span style=\"color: rgb(0, 0, 0);\"><em>DL\/Gacs<\/em><\/span><\/p>","protected":false},"excerpt":{"rendered":"<p>O Secret\u00e1rio Regional da Agricultura e Ambiente revelou, na Horta, que o Governo dos A\u00e7ores vai colocar\u00a0a consulta p\u00fablica, a partir de 9 de dezembro,\u00a0a proposta de Plano Estrat\u00e9gico de Preven\u00e7\u00e3o e Gest\u00e3o de Res\u00edduos dos A\u00e7ores \u2013 PEPGRA. Lu\u00eds Neto Viveiros, numa interven\u00e7\u00e3o\u00a0na Assembleia Legislativa,\u00a0frisou que a proposta de revis\u00e3o mant\u00e9m a estrat\u00e9gia definida [&hellip;]<\/p>","protected":false},"author":2,"featured_media":121659,"comment_status":"open","ping_status":"open","sticky":false,"template":"","format":"standard","meta":[],"categories":[21],"tags":[],"acf":[],"yoast_head":"<!-- This site is optimized with the Yoast SEO plugin v20.10 - https:\/\/yoast.com\/wordpress\/plugins\/seo\/ -->\n<title>Governo dos A\u00e7ores coloca Plano Estrat\u00e9gico de Preven\u00e7\u00e3o e Gest\u00e3o de Res\u00edduos dos A\u00e7ores a consulta p\u00fablica - Di\u00e1rio da Lagoa<\/title>\n<meta name=\"robots\" content=\"index, follow, max-snippet:-1, max-image-preview:large, max-video-preview:-1\" \/>\n<link rel=\"canonical\" href=\"https:\/\/diariodalagoa.pt\/fr\/governo-dos-acores-coloca-plano-estrategico-de-prevencao-e-gestao-de-residuos-dos-acores-a-consulta-publica\/\" \/>\n<meta property=\"og:locale\" content=\"fr_FR\" \/>\n<meta property=\"og:type\" content=\"article\" \/>\n<meta property=\"og:title\" content=\"Governo dos A\u00e7ores coloca Plano Estrat\u00e9gico de Preven\u00e7\u00e3o e Gest\u00e3o de Res\u00edduos dos A\u00e7ores a consulta p\u00fablica - Di\u00e1rio da Lagoa\" \/>\n<meta property=\"og:description\" content=\"O Secret\u00e1rio Regional da Agricultura e Ambiente revelou, na Horta, que o Governo dos A\u00e7ores vai colocar\u00a0a consulta p\u00fablica, a partir de 9 de dezembro,\u00a0a proposta de Plano Estrat\u00e9gico de Preven\u00e7\u00e3o e Gest\u00e3o de Res\u00edduos dos A\u00e7ores \u2013 PEPGRA. Lu\u00eds Neto Viveiros, numa interven\u00e7\u00e3o\u00a0na Assembleia Legislativa,\u00a0frisou que a proposta de revis\u00e3o mant\u00e9m a estrat\u00e9gia definida [&hellip;]\" \/>\n<meta property=\"og:url\" content=\"https:\/\/diariodalagoa.pt\/fr\/governo-dos-acores-coloca-plano-estrategico-de-prevencao-e-gestao-de-residuos-dos-acores-a-consulta-publica\/\" \/>\n<meta property=\"og:site_name\" content=\"Di\u00e1rio da Lagoa\" \/>\n<meta property=\"article:published_time\" content=\"2014-11-27T15:17:52+00:00\" \/>\n<meta property=\"og:image\" content=\"https:\/\/diariodalagoa.pt\/wp-content\/uploads\/2014\/11\/luis-neto-viveiros-debate-plano-ambiente-alra-1.jpg\" \/>\n\t<meta property=\"og:image:width\" content=\"720\" \/>\n\t<meta property=\"og:image:height\" content=\"380\" \/>\n\t<meta property=\"og:image:type\" content=\"image\/jpeg\" \/>\n<meta name=\"author\" content=\"Di\u00e1rio da Lagoa\" \/>\n<meta name=\"twitter:card\" content=\"summary_large_image\" \/>\n<meta name=\"twitter:label1\" content=\"\u00c9crit par\" \/>\n\t<meta name=\"twitter:data1\" content=\"Di\u00e1rio da Lagoa\" \/>\n\t<meta name=\"twitter:label2\" content=\"Dur\u00e9e de lecture estim\u00e9e\" \/>\n\t<meta name=\"twitter:data2\" content=\"2 minutes\" \/>\n<script type=\"application\/ld+json\" class=\"yoast-schema-graph\">{\"@context\":\"https:\/\/schema.org\",\"@graph\":[{\"@type\":\"WebPage\",\"@id\":\"https:\/\/diariodalagoa.pt\/governo-dos-acores-coloca-plano-estrategico-de-prevencao-e-gestao-de-residuos-dos-acores-a-consulta-publica\/\",\"url\":\"https:\/\/diariodalagoa.pt\/governo-dos-acores-coloca-plano-estrategico-de-prevencao-e-gestao-de-residuos-dos-acores-a-consulta-publica\/\",\"name\":\"Governo dos A\u00e7ores coloca Plano Estrat\u00e9gico de Preven\u00e7\u00e3o e Gest\u00e3o de Res\u00edduos dos A\u00e7ores a consulta p\u00fablica - Di\u00e1rio da Lagoa\",\"isPartOf\":{\"@id\":\"https:\/\/diariodalagoa.pt\/#website\"},\"datePublished\":\"2014-11-27T15:17:52+00:00\",\"dateModified\":\"2014-11-27T15:17:52+00:00\",\"author\":{\"@id\":\"https:\/\/diariodalagoa.pt\/#\/schema\/person\/1615a002370e8857b6f972834bc43ece\"},\"breadcrumb\":{\"@id\":\"https:\/\/diariodalagoa.pt\/governo-dos-acores-coloca-plano-estrategico-de-prevencao-e-gestao-de-residuos-dos-acores-a-consulta-publica\/#breadcrumb\"},\"inLanguage\":\"fr-FR\",\"potentialAction\":[{\"@type\":\"ReadAction\",\"target\":[\"https:\/\/diariodalagoa.pt\/governo-dos-acores-coloca-plano-estrategico-de-prevencao-e-gestao-de-residuos-dos-acores-a-consulta-publica\/\"]}]},{\"@type\":\"BreadcrumbList\",\"@id\":\"https:\/\/diariodalagoa.pt\/governo-dos-acores-coloca-plano-estrategico-de-prevencao-e-gestao-de-residuos-dos-acores-a-consulta-publica\/#breadcrumb\",\"itemListElement\":[{\"@type\":\"ListItem\",\"position\":1,\"name\":\"In\u00edcio\",\"item\":\"https:\/\/diariodalagoa.pt\/\"},{\"@type\":\"ListItem\",\"position\":2,\"name\":\"Governo dos A\u00e7ores coloca Plano Estrat\u00e9gico de Preven\u00e7\u00e3o e Gest\u00e3o de Res\u00edduos dos A\u00e7ores a consulta p\u00fablica\"}]},{\"@type\":\"WebSite\",\"@id\":\"https:\/\/diariodalagoa.pt\/#website\",\"url\":\"https:\/\/diariodalagoa.pt\/\",\"name\":\"Di\u00e1rio da Lagoa\",\"description\":\"Di\u00e1rio da Lagoa. As not\u00edcias que contam. A partir da Lagoa, nos A\u00e7ores, para o mundo.\",\"potentialAction\":[{\"@type\":\"SearchAction\",\"target\":{\"@type\":\"EntryPoint\",\"urlTemplate\":\"https:\/\/diariodalagoa.pt\/?s={search_term_string}\"},\"query-input\":\"required name=search_term_string\"}],\"inLanguage\":\"fr-FR\"},{\"@type\":\"Person\",\"@id\":\"https:\/\/diariodalagoa.pt\/#\/schema\/person\/1615a002370e8857b6f972834bc43ece\",\"name\":\"Di\u00e1rio da Lagoa\",\"image\":{\"@type\":\"ImageObject\",\"inLanguage\":\"fr-FR\",\"@id\":\"https:\/\/diariodalagoa.pt\/#\/schema\/person\/image\/\",\"url\":\"https:\/\/secure.gravatar.com\/avatar\/2cb5cef90a26f8fbd4d9d930608102c5?s=96&d=mm&r=g\",\"contentUrl\":\"https:\/\/secure.gravatar.com\/avatar\/2cb5cef90a26f8fbd4d9d930608102c5?s=96&d=mm&r=g\",\"caption\":\"Di\u00e1rio da Lagoa\"},\"url\":\"https:\/\/diariodalagoa.pt\/fr\/author\/diariodalagoa\/\"}]}<\/script>\n<!-- \/ Yoast SEO plugin. -->","yoast_head_json":{"title":"Governo dos A\u00e7ores coloca Plano Estrat\u00e9gico de Preven\u00e7\u00e3o e Gest\u00e3o de Res\u00edduos dos A\u00e7ores a consulta p\u00fablica - Di\u00e1rio da Lagoa","robots":{"index":"index","follow":"follow","max-snippet":"max-snippet:-1","max-image-preview":"max-image-preview:large","max-video-preview":"max-video-preview:-1"},"canonical":"https:\/\/diariodalagoa.pt\/fr\/governo-dos-acores-coloca-plano-estrategico-de-prevencao-e-gestao-de-residuos-dos-acores-a-consulta-publica\/","og_locale":"fr_FR","og_type":"article","og_title":"Governo dos A\u00e7ores coloca Plano Estrat\u00e9gico de Preven\u00e7\u00e3o e Gest\u00e3o de Res\u00edduos dos A\u00e7ores a consulta p\u00fablica - Di\u00e1rio da Lagoa","og_description":"O Secret\u00e1rio Regional da Agricultura e Ambiente revelou, na Horta, que o Governo dos A\u00e7ores vai colocar\u00a0a consulta p\u00fablica, a partir de 9 de dezembro,\u00a0a proposta de Plano Estrat\u00e9gico de Preven\u00e7\u00e3o e Gest\u00e3o de Res\u00edduos dos A\u00e7ores \u2013 PEPGRA. Lu\u00eds Neto Viveiros, numa interven\u00e7\u00e3o\u00a0na Assembleia Legislativa,\u00a0frisou que a proposta de revis\u00e3o mant\u00e9m a estrat\u00e9gia definida [&hellip;]","og_url":"https:\/\/diariodalagoa.pt\/fr\/governo-dos-acores-coloca-plano-estrategico-de-prevencao-e-gestao-de-residuos-dos-acores-a-consulta-publica\/","og_site_name":"Di\u00e1rio da Lagoa","article_published_time":"2014-11-27T15:17:52+00:00","og_image":[{"width":720,"height":380,"url":"https:\/\/diariodalagoa.pt\/wp-content\/uploads\/2014\/11\/luis-neto-viveiros-debate-plano-ambiente-alra-1.jpg","type":"image\/jpeg"}],"author":"Di\u00e1rio da Lagoa","twitter_card":"summary_large_image","twitter_misc":{"\u00c9crit par":"Di\u00e1rio da Lagoa","Dur\u00e9e de lecture estim\u00e9e":"2 minutes"},"schema":{"@context":"https:\/\/schema.org","@graph":[{"@type":"WebPage","@id":"https:\/\/diariodalagoa.pt\/governo-dos-acores-coloca-plano-estrategico-de-prevencao-e-gestao-de-residuos-dos-acores-a-consulta-publica\/","url":"https:\/\/diariodalagoa.pt\/governo-dos-acores-coloca-plano-estrategico-de-prevencao-e-gestao-de-residuos-dos-acores-a-consulta-publica\/","name":"Governo dos A\u00e7ores coloca Plano Estrat\u00e9gico de Preven\u00e7\u00e3o e Gest\u00e3o de Res\u00edduos dos A\u00e7ores a consulta p\u00fablica - Di\u00e1rio da Lagoa","isPartOf":{"@id":"https:\/\/diariodalagoa.pt\/#website"},"datePublished":"2014-11-27T15:17:52+00:00","dateModified":"2014-11-27T15:17:52+00:00","author":{"@id":"https:\/\/diariodalagoa.pt\/#\/schema\/person\/1615a002370e8857b6f972834bc43ece"},"breadcrumb":{"@id":"https:\/\/diariodalagoa.pt\/governo-dos-acores-coloca-plano-estrategico-de-prevencao-e-gestao-de-residuos-dos-acores-a-consulta-publica\/#breadcrumb"},"inLanguage":"fr-FR","potentialAction":[{"@type":"ReadAction","target":["https:\/\/diariodalagoa.pt\/governo-dos-acores-coloca-plano-estrategico-de-prevencao-e-gestao-de-residuos-dos-acores-a-consulta-publica\/"]}]},{"@type":"BreadcrumbList","@id":"https:\/\/diariodalagoa.pt\/governo-dos-acores-coloca-plano-estrategico-de-prevencao-e-gestao-de-residuos-dos-acores-a-consulta-publica\/#breadcrumb","itemListElement":[{"@type":"ListItem","position":1,"name":"In\u00edcio","item":"https:\/\/diariodalagoa.pt\/"},{"@type":"ListItem","position":2,"name":"Governo dos A\u00e7ores coloca Plano Estrat\u00e9gico de Preven\u00e7\u00e3o e Gest\u00e3o de Res\u00edduos dos A\u00e7ores a consulta p\u00fablica"}]},{"@type":"WebSite","@id":"https:\/\/diariodalagoa.pt\/#website","url":"https:\/\/diariodalagoa.pt\/","name":"Di\u00e1rio da Lagoa","description":"Di\u00e1rio da Lagoa. As not\u00edcias que contam. A partir da Lagoa, nos A\u00e7ores, para o mundo.","potentialAction":[{"@type":"SearchAction","target":{"@type":"EntryPoint","urlTemplate":"https:\/\/diariodalagoa.pt\/?s={search_term_string}"},"query-input":"required name=search_term_string"}],"inLanguage":"fr-FR"},{"@type":"Person","@id":"https:\/\/diariodalagoa.pt\/#\/schema\/person\/1615a002370e8857b6f972834bc43ece","name":"Di\u00e1rio da Lagoa","image":{"@type":"ImageObject","inLanguage":"fr-FR","@id":"https:\/\/diariodalagoa.pt\/#\/schema\/person\/image\/","url":"https:\/\/secure.gravatar.com\/avatar\/2cb5cef90a26f8fbd4d9d930608102c5?s=96&d=mm&r=g","contentUrl":"https:\/\/secure.gravatar.com\/avatar\/2cb5cef90a26f8fbd4d9d930608102c5?s=96&d=mm&r=g","caption":"Di\u00e1rio da Lagoa"},"url":"https:\/\/diariodalagoa.pt\/fr\/author\/diariodalagoa\/"}]}},"_links":{"self":[{"href":"https:\/\/diariodalagoa.pt\/fr\/wp-json\/wp\/v2\/posts\/11711"}],"collection":[{"href":"https:\/\/diariodalagoa.pt\/fr\/wp-json\/wp\/v2\/posts"}],"about":[{"href":"https:\/\/diariodalagoa.pt\/fr\/wp-json\/wp\/v2\/types\/post"}],"author":[{"embeddable":true,"href":"https:\/\/diariodalagoa.pt\/fr\/wp-json\/wp\/v2\/users\/2"}],"replies":[{"embeddable":true,"href":"https:\/\/diariodalagoa.pt\/fr\/wp-json\/wp\/v2\/comments?post=11711"}],"version-history":[{"count":0,"href":"https:\/\/diariodalagoa.pt\/fr\/wp-json\/wp\/v2\/posts\/11711\/revisions"}],"wp:featuredmedia":[{"embeddable":true,"href":"https:\/\/diariodalagoa.pt\/fr\/wp-json\/wp\/v2\/media\/121659"}],"wp:attachment":[{"href":"https:\/\/diariodalagoa.pt\/fr\/wp-json\/wp\/v2\/media?parent=11711"}],"wp:term":[{"taxonomy":"category","embeddable":true,"href":"https:\/\/diariodalagoa.pt\/fr\/wp-json\/wp\/v2\/categories?post=11711"},{"taxonomy":"post_tag","embeddable":true,"href":"https:\/\/diariodalagoa.pt\/fr\/wp-json\/wp\/v2\/tags?post=11711"}],"curies":[{"name":"wp","href":"https:\/\/api.w.org\/{rel}","templated":true}]}}