{"id":11597,"date":"2014-11-25T15:18:40","date_gmt":"2014-11-25T16:18:40","guid":{"rendered":"http:\/\/diariodalagoa.pt\/?p=11597"},"modified":"2014-11-25T15:18:40","modified_gmt":"2014-11-25T16:18:40","slug":"plano-e-orcamento-da-regiao-para-2015-reforcam-via-acoriana-de-apoio-as-familias-e-empresas","status":"publish","type":"post","link":"https:\/\/diariodalagoa.pt\/fr\/plano-e-orcamento-da-regiao-para-2015-reforcam-via-acoriana-de-apoio-as-familias-e-empresas\/","title":{"rendered":"Plano e Or\u00e7amento da Regi\u00e3o para 2015 refor\u00e7am via a\u00e7oriana de apoio \u00e0s fam\u00edlias e empresas"},"content":{"rendered":"<p style=\"text-align: justify;\"><img decoding=\"async\" class=\"alignnone size-full wp-image-5234\" src=\"http:\/\/diariodalagoa.pt\/wp-content\/uploads\/2014\/06\/Sergio-Avila-assembelia-legislativa.jpg\" alt=\"Sergio-Avila-assembelia-legislativa\" width=\"720\" height=\"378\" \/><\/p>\n<p style=\"text-align: justify;\"><span style=\"color: #000000;\">O Vice-Presidente do Governo dos A\u00e7ores reiterou, na Horta,\u00a0que o Plano Anual e o Or\u00e7amento da Regi\u00e3o para 2015 mant\u00eam intacta, e refor\u00e7am mesmo, \u201cuma via a\u00e7oriana de apoio \u00e0s fam\u00edlias e empresas\u201d.\u00a0<\/span><\/p>\n<p style=\"text-align: justify;\"><span style=\"color: #000000;\">S\u00e9rgio \u00c1vila, que falava, na Assembleia Legislativa, no debate sobre os dois documentos, frisou\u00a0que, em virtude da \u201csustentabilidade das finan\u00e7as p\u00fablicas regionais\u201d, ser\u00e1 poss\u00edvel que, em 2015, \u201cas fam\u00edlias a\u00e7orianas recebam mais 49 milh\u00f5es de euros de rendimento l\u00edquido do trabalho do que se vivessem no continente ou na Madeira, ou que paguem menos 64 milh\u00f5es de euros na aquisi\u00e7\u00e3o de bens e servi\u00e7os consumidos na Regi\u00e3o do que se o fizessem no resto do pa\u00eds\u201d.\u00a0<\/span><\/p>\n<p style=\"text-align: justify;\"><span style=\"color: #000000;\">O governante sublinhou que \u201cesta via a\u00e7oriana\u201d torna poss\u00edvel uma remunera\u00e7\u00e3o complementar aos funcion\u00e1rios p\u00fablicos, que os pensionistas \u201cbeneficiem de um acr\u00e9scimo de 26 milh\u00f5es de euros na sua pens\u00e3o\u201d ou que tenham \u201cum apoio adicional de 22 milh\u00f5es de euros no apoio social\u201d, mas tamb\u00e9m que as empresas a\u00e7orianas disponham de \u201cmais 35 milh\u00f5es de euros de proveitos resultantes da menor incid\u00eancia do IRC\u201d e que os A\u00e7orianos possam pagar menos 30 milh\u00f5es de euros em combust\u00edveis do que no restante territ\u00f3rio nacional.\u00a0<\/span><\/p>\n<p style=\"text-align: justify;\"><span style=\"color: #000000;\">O Vice-Presidente do Governo real\u00e7ou que o or\u00e7amento regional para 2015 ascende a 1.386,7 milh\u00f5es de euros, consolidando \u201ca autonomia financeira da Regi\u00e3o, sendo que as receitas pr\u00f3prias j\u00e1 representam mais de 60 por cento no total das receitas efetivas\u201d, ou seja, mais 20 por cento do que no in\u00edcio da presente legislatura.\u00a0<\/span><\/p>\n<p style=\"text-align: justify;\"><span style=\"color: #000000;\">O aumento do peso das despesas de investimento em detrimento das despesas de funcionamento plasmado no documento foi tamb\u00e9m evidenciado pelo governante. \u00a0<\/span><\/p>\n<p style=\"text-align: justify;\"><span style=\"color: #000000;\">O governante destacou ainda \u201ca forte representatividade das despesas em fun\u00e7\u00f5es sociais, com uma dota\u00e7\u00e3o global de 713 milh\u00f5es de euros, representando 62 por cento na estrutura da despesa, e evidenciando-se os setores da Educa\u00e7\u00e3o e da Sa\u00fade, para os quais ser\u00e3o canalizados 83 por cento das verbas afetas \u00e0s fun\u00e7\u00f5es sociais.\u201d<\/span><\/p>\n<p style=\"text-align: justify;\"><span style=\"color: #000000;\">S\u00e9rgio \u00c1vila frisou que \u201co esfor\u00e7o de rigor e conten\u00e7\u00e3o da despesa corrente \u00e9 ainda mais significativo quando as receitas correntes ser\u00e3o superiores em 172 milh\u00f5es de euros \u00e0s despesas correntes\u201d, podendo assim a Regi\u00e3o \u201caumentar significativamente\u201d o investimento p\u00fablico. \u00a0<\/span><\/p>\n<p style=\"text-align: justify;\"><span style=\"color: #000000;\">O investimento p\u00fablico previsto para 2015 ascende a 731 milh\u00f5es de euros, dos quais 489 milh\u00f5es s\u00e3o financiados diretamente pelo Or\u00e7amento da Regi\u00e3o.<\/span><\/p>\n<p style=\"text-align: justify;\"><span style=\"color: #000000;\">A dota\u00e7\u00e3o financeira afeta ao objetivo &#8216;Aumentar a Competitividade e a Empregabilidade da Economia Regional&#8217; representa cerca de metade do valor global do investimento p\u00fablico e corresponde a 349,5 milh\u00f5es de euros.\u00a0<\/span><\/p>\n<p style=\"text-align: justify;\"><span style=\"color: #000000;\">As \u00e1reas de interven\u00e7\u00e3o que concretizam o objetivo de &#8216;Promover a Qualifica\u00e7\u00e3o e a Inclus\u00e3o Social&#8217; representam 24,1% do investimento e correspondem a um investimento de 176,1 milh\u00f5es de euros.\u00a0<\/span><\/p>\n<p style=\"text-align: justify;\"><span style=\"color: #000000;\">O objetivo de &#8216;Aumentar a Coes\u00e3o Territorial e a Sustentabilidade&#8217; foi dotado com 203,7 milh\u00f5es de euros, o que representa 27,8% do valor global do investimento p\u00fablico.\u00a0<\/span><\/p>\n<p style=\"text-align: justify;\"><span style=\"color: #000000;\">O investimento no programa de transportes e infraestruturas tecnol\u00f3gicas regista um aumento de 27%, a solidariedade social mais 17%, o programa &#8216;Educa\u00e7\u00e3o, Ci\u00eancia e Cultura&#8217; um incremento de 17%, a competitividade empresarial e emprego cresce 9% \u2013 sendo que os sistemas de incentivo ao investimento privado registam um aumento de 46% \u2013, a promo\u00e7\u00e3o e desenvolvimento tur\u00edstico 18% e o investimento em infraestruturas rurais e florestais tem dispon\u00edvel mais 14%.<\/span><\/p>\n<p style=\"text-align: justify;\"><span style=\"color: #000000;\"><em>DL\/GaCS<\/em><\/span><\/p>","protected":false},"excerpt":{"rendered":"<p>O Vice-Presidente do Governo dos A\u00e7ores reiterou, na Horta,\u00a0que o Plano Anual e o Or\u00e7amento da Regi\u00e3o para 2015 mant\u00eam intacta, e refor\u00e7am mesmo, \u201cuma via a\u00e7oriana de apoio \u00e0s fam\u00edlias e empresas\u201d.\u00a0 S\u00e9rgio \u00c1vila, que falava, na Assembleia Legislativa, no debate sobre os dois documentos, frisou\u00a0que, em virtude da \u201csustentabilidade das finan\u00e7as p\u00fablicas regionais\u201d, [&hellip;]<\/p>","protected":false},"author":2,"featured_media":0,"comment_status":"open","ping_status":"open","sticky":false,"template":"","format":"standard","meta":[],"categories":[21],"tags":[],"acf":[],"yoast_head":"<!-- This site is optimized with the Yoast SEO plugin v20.10 - https:\/\/yoast.com\/wordpress\/plugins\/seo\/ -->\n<title>Plano e Or\u00e7amento da Regi\u00e3o para 2015 refor\u00e7am via a\u00e7oriana de apoio \u00e0s fam\u00edlias e empresas - Di\u00e1rio da Lagoa<\/title>\n<meta name=\"robots\" content=\"index, follow, max-snippet:-1, max-image-preview:large, max-video-preview:-1\" \/>\n<link rel=\"canonical\" href=\"https:\/\/diariodalagoa.pt\/fr\/plano-e-orcamento-da-regiao-para-2015-reforcam-via-acoriana-de-apoio-as-familias-e-empresas\/\" \/>\n<meta property=\"og:locale\" content=\"fr_FR\" \/>\n<meta property=\"og:type\" content=\"article\" \/>\n<meta property=\"og:title\" content=\"Plano e Or\u00e7amento da Regi\u00e3o para 2015 refor\u00e7am via a\u00e7oriana de apoio \u00e0s fam\u00edlias e empresas - Di\u00e1rio da Lagoa\" \/>\n<meta property=\"og:description\" content=\"O Vice-Presidente do Governo dos A\u00e7ores reiterou, na Horta,\u00a0que o Plano Anual e o Or\u00e7amento da Regi\u00e3o para 2015 mant\u00eam intacta, e refor\u00e7am mesmo, \u201cuma via a\u00e7oriana de apoio \u00e0s fam\u00edlias e empresas\u201d.\u00a0 S\u00e9rgio \u00c1vila, que falava, na Assembleia Legislativa, no debate sobre os dois documentos, frisou\u00a0que, em virtude da \u201csustentabilidade das finan\u00e7as p\u00fablicas regionais\u201d, [&hellip;]\" \/>\n<meta property=\"og:url\" content=\"https:\/\/diariodalagoa.pt\/fr\/plano-e-orcamento-da-regiao-para-2015-reforcam-via-acoriana-de-apoio-as-familias-e-empresas\/\" \/>\n<meta property=\"og:site_name\" content=\"Di\u00e1rio da Lagoa\" \/>\n<meta property=\"article:published_time\" content=\"2014-11-25T16:18:40+00:00\" \/>\n<meta property=\"og:image\" content=\"http:\/\/diariodalagoa.pt\/wp-content\/uploads\/2014\/06\/Sergio-Avila-assembelia-legislativa.jpg\" \/>\n<meta name=\"author\" content=\"Di\u00e1rio da Lagoa\" \/>\n<meta name=\"twitter:card\" content=\"summary_large_image\" \/>\n<meta name=\"twitter:label1\" content=\"\u00c9crit par\" \/>\n\t<meta name=\"twitter:data1\" content=\"Di\u00e1rio da Lagoa\" \/>\n\t<meta name=\"twitter:label2\" content=\"Dur\u00e9e de lecture estim\u00e9e\" \/>\n\t<meta name=\"twitter:data2\" content=\"3 minutes\" \/>\n<script type=\"application\/ld+json\" class=\"yoast-schema-graph\">{\"@context\":\"https:\/\/schema.org\",\"@graph\":[{\"@type\":\"WebPage\",\"@id\":\"https:\/\/diariodalagoa.pt\/plano-e-orcamento-da-regiao-para-2015-reforcam-via-acoriana-de-apoio-as-familias-e-empresas\/\",\"url\":\"https:\/\/diariodalagoa.pt\/plano-e-orcamento-da-regiao-para-2015-reforcam-via-acoriana-de-apoio-as-familias-e-empresas\/\",\"name\":\"Plano e Or\u00e7amento da Regi\u00e3o para 2015 refor\u00e7am via a\u00e7oriana de apoio \u00e0s fam\u00edlias e empresas - Di\u00e1rio da Lagoa\",\"isPartOf\":{\"@id\":\"https:\/\/diariodalagoa.pt\/#website\"},\"datePublished\":\"2014-11-25T16:18:40+00:00\",\"dateModified\":\"2014-11-25T16:18:40+00:00\",\"author\":{\"@id\":\"https:\/\/diariodalagoa.pt\/#\/schema\/person\/1615a002370e8857b6f972834bc43ece\"},\"breadcrumb\":{\"@id\":\"https:\/\/diariodalagoa.pt\/plano-e-orcamento-da-regiao-para-2015-reforcam-via-acoriana-de-apoio-as-familias-e-empresas\/#breadcrumb\"},\"inLanguage\":\"fr-FR\",\"potentialAction\":[{\"@type\":\"ReadAction\",\"target\":[\"https:\/\/diariodalagoa.pt\/plano-e-orcamento-da-regiao-para-2015-reforcam-via-acoriana-de-apoio-as-familias-e-empresas\/\"]}]},{\"@type\":\"BreadcrumbList\",\"@id\":\"https:\/\/diariodalagoa.pt\/plano-e-orcamento-da-regiao-para-2015-reforcam-via-acoriana-de-apoio-as-familias-e-empresas\/#breadcrumb\",\"itemListElement\":[{\"@type\":\"ListItem\",\"position\":1,\"name\":\"In\u00edcio\",\"item\":\"https:\/\/diariodalagoa.pt\/\"},{\"@type\":\"ListItem\",\"position\":2,\"name\":\"Plano e Or\u00e7amento da Regi\u00e3o para 2015 refor\u00e7am via a\u00e7oriana de apoio \u00e0s fam\u00edlias e empresas\"}]},{\"@type\":\"WebSite\",\"@id\":\"https:\/\/diariodalagoa.pt\/#website\",\"url\":\"https:\/\/diariodalagoa.pt\/\",\"name\":\"Di\u00e1rio da Lagoa\",\"description\":\"Di\u00e1rio da Lagoa. As not\u00edcias que contam. A partir da Lagoa, nos A\u00e7ores, para o mundo.\",\"potentialAction\":[{\"@type\":\"SearchAction\",\"target\":{\"@type\":\"EntryPoint\",\"urlTemplate\":\"https:\/\/diariodalagoa.pt\/?s={search_term_string}\"},\"query-input\":\"required name=search_term_string\"}],\"inLanguage\":\"fr-FR\"},{\"@type\":\"Person\",\"@id\":\"https:\/\/diariodalagoa.pt\/#\/schema\/person\/1615a002370e8857b6f972834bc43ece\",\"name\":\"Di\u00e1rio da Lagoa\",\"image\":{\"@type\":\"ImageObject\",\"inLanguage\":\"fr-FR\",\"@id\":\"https:\/\/diariodalagoa.pt\/#\/schema\/person\/image\/\",\"url\":\"https:\/\/secure.gravatar.com\/avatar\/2cb5cef90a26f8fbd4d9d930608102c5?s=96&d=mm&r=g\",\"contentUrl\":\"https:\/\/secure.gravatar.com\/avatar\/2cb5cef90a26f8fbd4d9d930608102c5?s=96&d=mm&r=g\",\"caption\":\"Di\u00e1rio da Lagoa\"},\"url\":\"https:\/\/diariodalagoa.pt\/fr\/author\/diariodalagoa\/\"}]}<\/script>\n<!-- \/ Yoast SEO plugin. -->","yoast_head_json":{"title":"Plano e Or\u00e7amento da Regi\u00e3o para 2015 refor\u00e7am via a\u00e7oriana de apoio \u00e0s fam\u00edlias e empresas - Di\u00e1rio da Lagoa","robots":{"index":"index","follow":"follow","max-snippet":"max-snippet:-1","max-image-preview":"max-image-preview:large","max-video-preview":"max-video-preview:-1"},"canonical":"https:\/\/diariodalagoa.pt\/fr\/plano-e-orcamento-da-regiao-para-2015-reforcam-via-acoriana-de-apoio-as-familias-e-empresas\/","og_locale":"fr_FR","og_type":"article","og_title":"Plano e Or\u00e7amento da Regi\u00e3o para 2015 refor\u00e7am via a\u00e7oriana de apoio \u00e0s fam\u00edlias e empresas - Di\u00e1rio da Lagoa","og_description":"O Vice-Presidente do Governo dos A\u00e7ores reiterou, na Horta,\u00a0que o Plano Anual e o Or\u00e7amento da Regi\u00e3o para 2015 mant\u00eam intacta, e refor\u00e7am mesmo, \u201cuma via a\u00e7oriana de apoio \u00e0s fam\u00edlias e empresas\u201d.\u00a0 S\u00e9rgio \u00c1vila, que falava, na Assembleia Legislativa, no debate sobre os dois documentos, frisou\u00a0que, em virtude da \u201csustentabilidade das finan\u00e7as p\u00fablicas regionais\u201d, [&hellip;]","og_url":"https:\/\/diariodalagoa.pt\/fr\/plano-e-orcamento-da-regiao-para-2015-reforcam-via-acoriana-de-apoio-as-familias-e-empresas\/","og_site_name":"Di\u00e1rio da Lagoa","article_published_time":"2014-11-25T16:18:40+00:00","og_image":[{"url":"http:\/\/diariodalagoa.pt\/wp-content\/uploads\/2014\/06\/Sergio-Avila-assembelia-legislativa.jpg"}],"author":"Di\u00e1rio da Lagoa","twitter_card":"summary_large_image","twitter_misc":{"\u00c9crit par":"Di\u00e1rio da Lagoa","Dur\u00e9e de lecture estim\u00e9e":"3 minutes"},"schema":{"@context":"https:\/\/schema.org","@graph":[{"@type":"WebPage","@id":"https:\/\/diariodalagoa.pt\/plano-e-orcamento-da-regiao-para-2015-reforcam-via-acoriana-de-apoio-as-familias-e-empresas\/","url":"https:\/\/diariodalagoa.pt\/plano-e-orcamento-da-regiao-para-2015-reforcam-via-acoriana-de-apoio-as-familias-e-empresas\/","name":"Plano e Or\u00e7amento da Regi\u00e3o para 2015 refor\u00e7am via a\u00e7oriana de apoio \u00e0s fam\u00edlias e empresas - Di\u00e1rio da Lagoa","isPartOf":{"@id":"https:\/\/diariodalagoa.pt\/#website"},"datePublished":"2014-11-25T16:18:40+00:00","dateModified":"2014-11-25T16:18:40+00:00","author":{"@id":"https:\/\/diariodalagoa.pt\/#\/schema\/person\/1615a002370e8857b6f972834bc43ece"},"breadcrumb":{"@id":"https:\/\/diariodalagoa.pt\/plano-e-orcamento-da-regiao-para-2015-reforcam-via-acoriana-de-apoio-as-familias-e-empresas\/#breadcrumb"},"inLanguage":"fr-FR","potentialAction":[{"@type":"ReadAction","target":["https:\/\/diariodalagoa.pt\/plano-e-orcamento-da-regiao-para-2015-reforcam-via-acoriana-de-apoio-as-familias-e-empresas\/"]}]},{"@type":"BreadcrumbList","@id":"https:\/\/diariodalagoa.pt\/plano-e-orcamento-da-regiao-para-2015-reforcam-via-acoriana-de-apoio-as-familias-e-empresas\/#breadcrumb","itemListElement":[{"@type":"ListItem","position":1,"name":"In\u00edcio","item":"https:\/\/diariodalagoa.pt\/"},{"@type":"ListItem","position":2,"name":"Plano e Or\u00e7amento da Regi\u00e3o para 2015 refor\u00e7am via a\u00e7oriana de apoio \u00e0s fam\u00edlias e empresas"}]},{"@type":"WebSite","@id":"https:\/\/diariodalagoa.pt\/#website","url":"https:\/\/diariodalagoa.pt\/","name":"Di\u00e1rio da Lagoa","description":"Di\u00e1rio da Lagoa. As not\u00edcias que contam. A partir da Lagoa, nos A\u00e7ores, para o mundo.","potentialAction":[{"@type":"SearchAction","target":{"@type":"EntryPoint","urlTemplate":"https:\/\/diariodalagoa.pt\/?s={search_term_string}"},"query-input":"required name=search_term_string"}],"inLanguage":"fr-FR"},{"@type":"Person","@id":"https:\/\/diariodalagoa.pt\/#\/schema\/person\/1615a002370e8857b6f972834bc43ece","name":"Di\u00e1rio da Lagoa","image":{"@type":"ImageObject","inLanguage":"fr-FR","@id":"https:\/\/diariodalagoa.pt\/#\/schema\/person\/image\/","url":"https:\/\/secure.gravatar.com\/avatar\/2cb5cef90a26f8fbd4d9d930608102c5?s=96&d=mm&r=g","contentUrl":"https:\/\/secure.gravatar.com\/avatar\/2cb5cef90a26f8fbd4d9d930608102c5?s=96&d=mm&r=g","caption":"Di\u00e1rio da Lagoa"},"url":"https:\/\/diariodalagoa.pt\/fr\/author\/diariodalagoa\/"}]}},"_links":{"self":[{"href":"https:\/\/diariodalagoa.pt\/fr\/wp-json\/wp\/v2\/posts\/11597"}],"collection":[{"href":"https:\/\/diariodalagoa.pt\/fr\/wp-json\/wp\/v2\/posts"}],"about":[{"href":"https:\/\/diariodalagoa.pt\/fr\/wp-json\/wp\/v2\/types\/post"}],"author":[{"embeddable":true,"href":"https:\/\/diariodalagoa.pt\/fr\/wp-json\/wp\/v2\/users\/2"}],"replies":[{"embeddable":true,"href":"https:\/\/diariodalagoa.pt\/fr\/wp-json\/wp\/v2\/comments?post=11597"}],"version-history":[{"count":0,"href":"https:\/\/diariodalagoa.pt\/fr\/wp-json\/wp\/v2\/posts\/11597\/revisions"}],"wp:attachment":[{"href":"https:\/\/diariodalagoa.pt\/fr\/wp-json\/wp\/v2\/media?parent=11597"}],"wp:term":[{"taxonomy":"category","embeddable":true,"href":"https:\/\/diariodalagoa.pt\/fr\/wp-json\/wp\/v2\/categories?post=11597"},{"taxonomy":"post_tag","embeddable":true,"href":"https:\/\/diariodalagoa.pt\/fr\/wp-json\/wp\/v2\/tags?post=11597"}],"curies":[{"name":"wp","href":"https:\/\/api.w.org\/{rel}","templated":true}]}}