{"id":11473,"date":"2014-11-21T15:13:56","date_gmt":"2014-11-21T16:13:56","guid":{"rendered":"http:\/\/diariodalagoa.pt\/?p=11473"},"modified":"2014-11-21T15:13:56","modified_gmt":"2014-11-21T16:13:56","slug":"governo-dos-acores-aumenta-investimento-na-promocao-da-ciencia-em-2015","status":"publish","type":"post","link":"https:\/\/diariodalagoa.pt\/fr\/governo-dos-acores-aumenta-investimento-na-promocao-da-ciencia-em-2015\/","title":{"rendered":"Governo dos A\u00e7ores aumenta investimento na promo\u00e7\u00e3o da Ci\u00eancia em 2015"},"content":{"rendered":"<p style=\"text-align: justify;\"><img decoding=\"async\" class=\"alignnone size-full wp-image-11474\" src=\"http:\/\/diariodalagoa.pt\/wp-content\/uploads\/2014\/11\/Brito-Abreu-observatorio-Ambiente-A\u00e7ores.jpg\" alt=\"Brito-Abreu-observatorio-Ambiente-A\u00e7ores\" width=\"720\" height=\"380\" \/><\/p>\n<p style=\"text-align: justify;\"><span style=\"color: #000000;\">O Secret\u00e1rio Regional do Mar, Ci\u00eancia e Tecnologia afirmou, durante uma visita ao Observat\u00f3rio do Ambiente dos A\u00e7ores, que o Governo vai aumentar em 75% o investimento p\u00fablico em Ci\u00eancia.\u00a0<\/span><\/p>\n<p style=\"text-align: justify;\"><span style=\"color: #000000;\">\u201cO Governo Regional, em 2015, vai aumentar em 75% o investimento p\u00fablico em Ci\u00eancia, sendo que uma parte ir\u00e1 para investiga\u00e7\u00e3o e outra para a divulga\u00e7\u00e3o cient\u00edfica e para a manuten\u00e7\u00e3o de postos de trabalho dos Centros de Ci\u00eancia dos A\u00e7ores\u201d, especificou Fausto Brito e Abreu.\u00a0<\/span><\/p>\n<p style=\"text-align: justify;\"><span style=\"color: #000000;\">O governante reconheceu a import\u00e2ncia do Observat\u00f3rio do Ambiente para \u201ca divulga\u00e7\u00e3o de Ci\u00eancia atrav\u00e9s de atividades l\u00fadicas e pedag\u00f3gicas dirigidas a pessoas de todas as idades, mas em especial \u00e0s escolas\u201d, acrescentando que neste espa\u00e7o \u201ca Ci\u00eancia est\u00e1 acess\u00edvel a toda a gente, de uma forma divertida\u201d.\u00a0<\/span><\/p>\n<p style=\"text-align: justify;\"><span style=\"color: #000000;\">O\u00a0Observat\u00f3rio do Ambiente dos A\u00e7ores, inaugurado em 2008,\u00a0\u00e9 composto por uma \u00e1rea de exposi\u00e7\u00e3o interativa, uma sala multim\u00e9dia onde se realizam atividades tempor\u00e1rias, cursos, workshops, exibi\u00e7\u00e3o de document\u00e1rios, um centro de documenta\u00e7\u00e3o e ainda um espa\u00e7o de acesso gratuito \u00e0 Internet, para realiza\u00e7\u00e3o de cursos e demonstra\u00e7\u00f5es de inform\u00e1tica.\u00a0<\/span><\/p>\n<p style=\"text-align: justify;\"><span style=\"color: #000000;\">Este Centro de Ci\u00eancia j\u00e1 realizou diversas experi\u00eancias e atividades laboratoriais, apostando, sobretudo, na aprendizagem experimental e interativa, tendo atualmente patente ao p\u00fablico uma exposi\u00e7\u00e3o intitulada &#8216;Volta \u00e0 F\u00edsica em 60 Segundos&#8217;.\u00a0<\/span><\/p>\n<p style=\"text-align: justify;\"><span style=\"color: #000000;\">No \u00e2mbito da iniciativa &#8216;Noite da Ci\u00eancia&#8217;, a decorrer nos Centros de Ci\u00eancia dos A\u00e7ores, o Observat\u00f3rio do Ambiente acolhe hoje, a partir das 20h00, um evento que pretende mostrar a ci\u00eancia por detr\u00e1s da m\u00fasica.<\/span><\/p>\n<p style=\"text-align: justify;\"><span style=\"color: #000000;\"><em>DL\/GaCS<\/em><\/span><\/p>","protected":false},"excerpt":{"rendered":"<p>O Secret\u00e1rio Regional do Mar, Ci\u00eancia e Tecnologia afirmou, durante uma visita ao Observat\u00f3rio do Ambiente dos A\u00e7ores, que o Governo vai aumentar em 75% o investimento p\u00fablico em Ci\u00eancia.\u00a0 \u201cO Governo Regional, em 2015, vai aumentar em 75% o investimento p\u00fablico em Ci\u00eancia, sendo que uma parte ir\u00e1 para investiga\u00e7\u00e3o e outra para a [&hellip;]<\/p>","protected":false},"author":2,"featured_media":0,"comment_status":"open","ping_status":"open","sticky":false,"template":"","format":"standard","meta":[],"categories":[21],"tags":[],"acf":[],"yoast_head":"<!-- This site is optimized with the Yoast SEO plugin v20.10 - https:\/\/yoast.com\/wordpress\/plugins\/seo\/ -->\n<title>Governo dos A\u00e7ores aumenta investimento na promo\u00e7\u00e3o da Ci\u00eancia em 2015 - Di\u00e1rio da Lagoa<\/title>\n<meta name=\"robots\" content=\"index, follow, max-snippet:-1, max-image-preview:large, max-video-preview:-1\" \/>\n<link rel=\"canonical\" href=\"https:\/\/diariodalagoa.pt\/fr\/governo-dos-acores-aumenta-investimento-na-promocao-da-ciencia-em-2015\/\" \/>\n<meta property=\"og:locale\" content=\"fr_FR\" \/>\n<meta property=\"og:type\" content=\"article\" \/>\n<meta property=\"og:title\" content=\"Governo dos A\u00e7ores aumenta investimento na promo\u00e7\u00e3o da Ci\u00eancia em 2015 - Di\u00e1rio da Lagoa\" \/>\n<meta property=\"og:description\" content=\"O Secret\u00e1rio Regional do Mar, Ci\u00eancia e Tecnologia afirmou, durante uma visita ao Observat\u00f3rio do Ambiente dos A\u00e7ores, que o Governo vai aumentar em 75% o investimento p\u00fablico em Ci\u00eancia.\u00a0 \u201cO Governo Regional, em 2015, vai aumentar em 75% o investimento p\u00fablico em Ci\u00eancia, sendo que uma parte ir\u00e1 para investiga\u00e7\u00e3o e outra para a [&hellip;]\" \/>\n<meta property=\"og:url\" content=\"https:\/\/diariodalagoa.pt\/fr\/governo-dos-acores-aumenta-investimento-na-promocao-da-ciencia-em-2015\/\" \/>\n<meta property=\"og:site_name\" content=\"Di\u00e1rio da Lagoa\" \/>\n<meta property=\"article:published_time\" content=\"2014-11-21T16:13:56+00:00\" \/>\n<meta name=\"author\" content=\"Di\u00e1rio da Lagoa\" \/>\n<meta name=\"twitter:card\" content=\"summary_large_image\" \/>\n<meta name=\"twitter:label1\" content=\"\u00c9crit par\" \/>\n\t<meta name=\"twitter:data1\" content=\"Di\u00e1rio da Lagoa\" \/>\n\t<meta name=\"twitter:label2\" content=\"Dur\u00e9e de lecture estim\u00e9e\" \/>\n\t<meta name=\"twitter:data2\" content=\"1 minute\" \/>\n<script type=\"application\/ld+json\" class=\"yoast-schema-graph\">{\"@context\":\"https:\/\/schema.org\",\"@graph\":[{\"@type\":\"WebPage\",\"@id\":\"https:\/\/diariodalagoa.pt\/governo-dos-acores-aumenta-investimento-na-promocao-da-ciencia-em-2015\/\",\"url\":\"https:\/\/diariodalagoa.pt\/governo-dos-acores-aumenta-investimento-na-promocao-da-ciencia-em-2015\/\",\"name\":\"Governo dos A\u00e7ores aumenta investimento na promo\u00e7\u00e3o da Ci\u00eancia em 2015 - Di\u00e1rio da Lagoa\",\"isPartOf\":{\"@id\":\"https:\/\/diariodalagoa.pt\/#website\"},\"datePublished\":\"2014-11-21T16:13:56+00:00\",\"dateModified\":\"2014-11-21T16:13:56+00:00\",\"author\":{\"@id\":\"https:\/\/diariodalagoa.pt\/#\/schema\/person\/1615a002370e8857b6f972834bc43ece\"},\"breadcrumb\":{\"@id\":\"https:\/\/diariodalagoa.pt\/governo-dos-acores-aumenta-investimento-na-promocao-da-ciencia-em-2015\/#breadcrumb\"},\"inLanguage\":\"fr-FR\",\"potentialAction\":[{\"@type\":\"ReadAction\",\"target\":[\"https:\/\/diariodalagoa.pt\/governo-dos-acores-aumenta-investimento-na-promocao-da-ciencia-em-2015\/\"]}]},{\"@type\":\"BreadcrumbList\",\"@id\":\"https:\/\/diariodalagoa.pt\/governo-dos-acores-aumenta-investimento-na-promocao-da-ciencia-em-2015\/#breadcrumb\",\"itemListElement\":[{\"@type\":\"ListItem\",\"position\":1,\"name\":\"In\u00edcio\",\"item\":\"https:\/\/diariodalagoa.pt\/\"},{\"@type\":\"ListItem\",\"position\":2,\"name\":\"Governo dos A\u00e7ores aumenta investimento na promo\u00e7\u00e3o da Ci\u00eancia em 2015\"}]},{\"@type\":\"WebSite\",\"@id\":\"https:\/\/diariodalagoa.pt\/#website\",\"url\":\"https:\/\/diariodalagoa.pt\/\",\"name\":\"Di\u00e1rio da Lagoa\",\"description\":\"Di\u00e1rio da Lagoa. As not\u00edcias que contam. A partir da Lagoa, nos A\u00e7ores, para o mundo.\",\"potentialAction\":[{\"@type\":\"SearchAction\",\"target\":{\"@type\":\"EntryPoint\",\"urlTemplate\":\"https:\/\/diariodalagoa.pt\/?s={search_term_string}\"},\"query-input\":\"required name=search_term_string\"}],\"inLanguage\":\"fr-FR\"},{\"@type\":\"Person\",\"@id\":\"https:\/\/diariodalagoa.pt\/#\/schema\/person\/1615a002370e8857b6f972834bc43ece\",\"name\":\"Di\u00e1rio da Lagoa\",\"image\":{\"@type\":\"ImageObject\",\"inLanguage\":\"fr-FR\",\"@id\":\"https:\/\/diariodalagoa.pt\/#\/schema\/person\/image\/\",\"url\":\"https:\/\/secure.gravatar.com\/avatar\/2cb5cef90a26f8fbd4d9d930608102c5?s=96&d=mm&r=g\",\"contentUrl\":\"https:\/\/secure.gravatar.com\/avatar\/2cb5cef90a26f8fbd4d9d930608102c5?s=96&d=mm&r=g\",\"caption\":\"Di\u00e1rio da Lagoa\"},\"url\":\"https:\/\/diariodalagoa.pt\/fr\/author\/diariodalagoa\/\"}]}<\/script>\n<!-- \/ Yoast SEO plugin. -->","yoast_head_json":{"title":"Governo dos A\u00e7ores aumenta investimento na promo\u00e7\u00e3o da Ci\u00eancia em 2015 - Di\u00e1rio da Lagoa","robots":{"index":"index","follow":"follow","max-snippet":"max-snippet:-1","max-image-preview":"max-image-preview:large","max-video-preview":"max-video-preview:-1"},"canonical":"https:\/\/diariodalagoa.pt\/fr\/governo-dos-acores-aumenta-investimento-na-promocao-da-ciencia-em-2015\/","og_locale":"fr_FR","og_type":"article","og_title":"Governo dos A\u00e7ores aumenta investimento na promo\u00e7\u00e3o da Ci\u00eancia em 2015 - Di\u00e1rio da Lagoa","og_description":"O Secret\u00e1rio Regional do Mar, Ci\u00eancia e Tecnologia afirmou, durante uma visita ao Observat\u00f3rio do Ambiente dos A\u00e7ores, que o Governo vai aumentar em 75% o investimento p\u00fablico em Ci\u00eancia.\u00a0 \u201cO Governo Regional, em 2015, vai aumentar em 75% o investimento p\u00fablico em Ci\u00eancia, sendo que uma parte ir\u00e1 para investiga\u00e7\u00e3o e outra para a [&hellip;]","og_url":"https:\/\/diariodalagoa.pt\/fr\/governo-dos-acores-aumenta-investimento-na-promocao-da-ciencia-em-2015\/","og_site_name":"Di\u00e1rio da Lagoa","article_published_time":"2014-11-21T16:13:56+00:00","author":"Di\u00e1rio da Lagoa","twitter_card":"summary_large_image","twitter_misc":{"\u00c9crit par":"Di\u00e1rio da Lagoa","Dur\u00e9e de lecture estim\u00e9e":"1 minute"},"schema":{"@context":"https:\/\/schema.org","@graph":[{"@type":"WebPage","@id":"https:\/\/diariodalagoa.pt\/governo-dos-acores-aumenta-investimento-na-promocao-da-ciencia-em-2015\/","url":"https:\/\/diariodalagoa.pt\/governo-dos-acores-aumenta-investimento-na-promocao-da-ciencia-em-2015\/","name":"Governo dos A\u00e7ores aumenta investimento na promo\u00e7\u00e3o da Ci\u00eancia em 2015 - Di\u00e1rio da Lagoa","isPartOf":{"@id":"https:\/\/diariodalagoa.pt\/#website"},"datePublished":"2014-11-21T16:13:56+00:00","dateModified":"2014-11-21T16:13:56+00:00","author":{"@id":"https:\/\/diariodalagoa.pt\/#\/schema\/person\/1615a002370e8857b6f972834bc43ece"},"breadcrumb":{"@id":"https:\/\/diariodalagoa.pt\/governo-dos-acores-aumenta-investimento-na-promocao-da-ciencia-em-2015\/#breadcrumb"},"inLanguage":"fr-FR","potentialAction":[{"@type":"ReadAction","target":["https:\/\/diariodalagoa.pt\/governo-dos-acores-aumenta-investimento-na-promocao-da-ciencia-em-2015\/"]}]},{"@type":"BreadcrumbList","@id":"https:\/\/diariodalagoa.pt\/governo-dos-acores-aumenta-investimento-na-promocao-da-ciencia-em-2015\/#breadcrumb","itemListElement":[{"@type":"ListItem","position":1,"name":"In\u00edcio","item":"https:\/\/diariodalagoa.pt\/"},{"@type":"ListItem","position":2,"name":"Governo dos A\u00e7ores aumenta investimento na promo\u00e7\u00e3o da Ci\u00eancia em 2015"}]},{"@type":"WebSite","@id":"https:\/\/diariodalagoa.pt\/#website","url":"https:\/\/diariodalagoa.pt\/","name":"Di\u00e1rio da Lagoa","description":"Di\u00e1rio da Lagoa. As not\u00edcias que contam. A partir da Lagoa, nos A\u00e7ores, para o mundo.","potentialAction":[{"@type":"SearchAction","target":{"@type":"EntryPoint","urlTemplate":"https:\/\/diariodalagoa.pt\/?s={search_term_string}"},"query-input":"required name=search_term_string"}],"inLanguage":"fr-FR"},{"@type":"Person","@id":"https:\/\/diariodalagoa.pt\/#\/schema\/person\/1615a002370e8857b6f972834bc43ece","name":"Di\u00e1rio da Lagoa","image":{"@type":"ImageObject","inLanguage":"fr-FR","@id":"https:\/\/diariodalagoa.pt\/#\/schema\/person\/image\/","url":"https:\/\/secure.gravatar.com\/avatar\/2cb5cef90a26f8fbd4d9d930608102c5?s=96&d=mm&r=g","contentUrl":"https:\/\/secure.gravatar.com\/avatar\/2cb5cef90a26f8fbd4d9d930608102c5?s=96&d=mm&r=g","caption":"Di\u00e1rio da Lagoa"},"url":"https:\/\/diariodalagoa.pt\/fr\/author\/diariodalagoa\/"}]}},"_links":{"self":[{"href":"https:\/\/diariodalagoa.pt\/fr\/wp-json\/wp\/v2\/posts\/11473"}],"collection":[{"href":"https:\/\/diariodalagoa.pt\/fr\/wp-json\/wp\/v2\/posts"}],"about":[{"href":"https:\/\/diariodalagoa.pt\/fr\/wp-json\/wp\/v2\/types\/post"}],"author":[{"embeddable":true,"href":"https:\/\/diariodalagoa.pt\/fr\/wp-json\/wp\/v2\/users\/2"}],"replies":[{"embeddable":true,"href":"https:\/\/diariodalagoa.pt\/fr\/wp-json\/wp\/v2\/comments?post=11473"}],"version-history":[{"count":0,"href":"https:\/\/diariodalagoa.pt\/fr\/wp-json\/wp\/v2\/posts\/11473\/revisions"}],"wp:attachment":[{"href":"https:\/\/diariodalagoa.pt\/fr\/wp-json\/wp\/v2\/media?parent=11473"}],"wp:term":[{"taxonomy":"category","embeddable":true,"href":"https:\/\/diariodalagoa.pt\/fr\/wp-json\/wp\/v2\/categories?post=11473"},{"taxonomy":"post_tag","embeddable":true,"href":"https:\/\/diariodalagoa.pt\/fr\/wp-json\/wp\/v2\/tags?post=11473"}],"curies":[{"name":"wp","href":"https:\/\/api.w.org\/{rel}","templated":true}]}}