{"id":11436,"date":"2014-11-20T17:23:17","date_gmt":"2014-11-20T18:23:17","guid":{"rendered":"http:\/\/diariodalagoa.pt\/?p=11436"},"modified":"2014-11-20T17:23:17","modified_gmt":"2014-11-20T18:23:17","slug":"aprofundamento-da-cooperacao-com-as-casas-dos-acores-e-prioridade-do-governo-regional","status":"publish","type":"post","link":"https:\/\/diariodalagoa.pt\/fr\/aprofundamento-da-cooperacao-com-as-casas-dos-acores-e-prioridade-do-governo-regional\/","title":{"rendered":"Aprofundamento da coopera\u00e7\u00e3o com as Casas dos A\u00e7ores \u00e9 prioridade do Governo Regional"},"content":{"rendered":"<p style=\"text-align: justify;\"><img decoding=\"async\" class=\"alignnone size-full wp-image-11437\" src=\"http:\/\/diariodalagoa.pt\/wp-content\/uploads\/2014\/11\/Rodrigo-Oliveira-Casas-dos-A\u00e7ores.jpg\" alt=\"Rodrigo-Oliveira-Casas-dos-A\u00e7ores\" width=\"720\" height=\"380\" \/><\/p>\n<p style=\"text-align: justify;\"><span style=\"color: #000000;\">O Subsecret\u00e1rio Regional da Presid\u00eancia para as Rela\u00e7\u00f5es Externas reafirmou a prioridade do Governo no \u201ccontinuo aprofundamento da coopera\u00e7\u00e3o&#8221; com as Casas dos A\u00e7ores e na cria\u00e7\u00e3o de\u00a0&#8220;instrumentos que, respeitando a sua autonomia institucional, permitam potenciar a visibilidade do seu trabalho e liga\u00e7\u00e3o \u00e0 Regi\u00e3o\u201d.\u00a0<\/span><\/p>\n<p style=\"text-align: justify;\"><span style=\"color: #000000;\">\u201cAs Casas dos A\u00e7ores, por for\u00e7a da excel\u00eancia das suas agendas culturais, da sua periodicidade e continuidade temporal, gozam de um prest\u00edgio institucional que ultrapassa largamente a pr\u00f3pria comunidade a\u00e7oriana residente, trazendo novos p\u00fablicos aos artistas a\u00e7orianos, enriquecendo o panorama cultural local e projetando a m\u00fasica, a literatura e a pintura dos A\u00e7ores, entre outras formas de express\u00e3o art\u00edstica, de norte a sul do pa\u00eds\u201d, afirmou Rodrigo Oliveira, em declara\u00e7\u00f5es a prop\u00f3sito dos encontros que manteve com as Casas dos A\u00e7ores de Lisboa e do Algarve.\u00a0<\/span><\/p>\n<p style=\"text-align: justify;\"><span style=\"color: #000000;\">O Subsecret\u00e1rio Regional destacou o \u201cesfor\u00e7o e dedica\u00e7\u00e3o\u201d desenvolvido pelas Casas dos A\u00e7ores do continente portugu\u00eas, no sentido de \u201cconstitu\u00edrem um importante polo aglutinador e disseminador da cultura dos A\u00e7ores a n\u00edvel nacional\u201d. \u00a0<\/span><\/p>\n<p style=\"text-align: justify;\"><span style=\"color: #000000;\">Neste contexto, salientou a cria\u00e7\u00e3o, em 2015, do novo Portal do Conselho Mundial das Casas dos A\u00e7ores, proposta que se encontra em an\u00e1lise por todas as institui\u00e7\u00f5es, considerando\u00a0que ser\u00e1 \u201cuma ferramenta de aproxima\u00e7\u00e3o das Casas dos A\u00e7ores com a Regi\u00e3o, n\u00e3o apenas na cultura, mas abrangendo as mais diversas \u00e1reas, e um\u00a0espa\u00e7o de conhecimento da hist\u00f3ria e de divulga\u00e7\u00e3o das agendas e atividades das diversas Casas e respetivas comunidades\u201d.\u00a0<\/span><\/p>\n<p style=\"text-align: justify;\"><span style=\"color: #000000;\"><em>DL\/Gacs<\/em><\/span><\/p>","protected":false},"excerpt":{"rendered":"<p>O Subsecret\u00e1rio Regional da Presid\u00eancia para as Rela\u00e7\u00f5es Externas reafirmou a prioridade do Governo no \u201ccontinuo aprofundamento da coopera\u00e7\u00e3o&#8221; com as Casas dos A\u00e7ores e na cria\u00e7\u00e3o de\u00a0&#8220;instrumentos que, respeitando a sua autonomia institucional, permitam potenciar a visibilidade do seu trabalho e liga\u00e7\u00e3o \u00e0 Regi\u00e3o\u201d.\u00a0 \u201cAs Casas dos A\u00e7ores, por for\u00e7a da excel\u00eancia das suas [&hellip;]<\/p>","protected":false},"author":2,"featured_media":0,"comment_status":"open","ping_status":"open","sticky":false,"template":"","format":"standard","meta":[],"categories":[21],"tags":[],"acf":[],"yoast_head":"<!-- This site is optimized with the Yoast SEO plugin v20.10 - https:\/\/yoast.com\/wordpress\/plugins\/seo\/ -->\n<title>Aprofundamento da coopera\u00e7\u00e3o com as Casas dos A\u00e7ores \u00e9 prioridade do Governo Regional - Di\u00e1rio da Lagoa<\/title>\n<meta name=\"robots\" content=\"index, follow, max-snippet:-1, max-image-preview:large, max-video-preview:-1\" \/>\n<link rel=\"canonical\" href=\"https:\/\/diariodalagoa.pt\/fr\/aprofundamento-da-cooperacao-com-as-casas-dos-acores-e-prioridade-do-governo-regional\/\" \/>\n<meta property=\"og:locale\" content=\"fr_FR\" \/>\n<meta property=\"og:type\" content=\"article\" \/>\n<meta property=\"og:title\" content=\"Aprofundamento da coopera\u00e7\u00e3o com as Casas dos A\u00e7ores \u00e9 prioridade do Governo Regional - Di\u00e1rio da Lagoa\" \/>\n<meta property=\"og:description\" content=\"O Subsecret\u00e1rio Regional da Presid\u00eancia para as Rela\u00e7\u00f5es Externas reafirmou a prioridade do Governo no \u201ccontinuo aprofundamento da coopera\u00e7\u00e3o&#8221; com as Casas dos A\u00e7ores e na cria\u00e7\u00e3o de\u00a0&#8220;instrumentos que, respeitando a sua autonomia institucional, permitam potenciar a visibilidade do seu trabalho e liga\u00e7\u00e3o \u00e0 Regi\u00e3o\u201d.\u00a0 \u201cAs Casas dos A\u00e7ores, por for\u00e7a da excel\u00eancia das suas [&hellip;]\" \/>\n<meta property=\"og:url\" content=\"https:\/\/diariodalagoa.pt\/fr\/aprofundamento-da-cooperacao-com-as-casas-dos-acores-e-prioridade-do-governo-regional\/\" \/>\n<meta property=\"og:site_name\" content=\"Di\u00e1rio da Lagoa\" \/>\n<meta property=\"article:published_time\" content=\"2014-11-20T18:23:17+00:00\" \/>\n<meta name=\"author\" content=\"Di\u00e1rio da Lagoa\" \/>\n<meta name=\"twitter:card\" content=\"summary_large_image\" \/>\n<meta name=\"twitter:label1\" content=\"\u00c9crit par\" \/>\n\t<meta name=\"twitter:data1\" content=\"Di\u00e1rio da Lagoa\" \/>\n\t<meta name=\"twitter:label2\" content=\"Dur\u00e9e de lecture estim\u00e9e\" \/>\n\t<meta name=\"twitter:data2\" content=\"1 minute\" \/>\n<script type=\"application\/ld+json\" class=\"yoast-schema-graph\">{\"@context\":\"https:\/\/schema.org\",\"@graph\":[{\"@type\":\"WebPage\",\"@id\":\"https:\/\/diariodalagoa.pt\/aprofundamento-da-cooperacao-com-as-casas-dos-acores-e-prioridade-do-governo-regional\/\",\"url\":\"https:\/\/diariodalagoa.pt\/aprofundamento-da-cooperacao-com-as-casas-dos-acores-e-prioridade-do-governo-regional\/\",\"name\":\"Aprofundamento da coopera\u00e7\u00e3o com as Casas dos A\u00e7ores \u00e9 prioridade do Governo Regional - Di\u00e1rio da Lagoa\",\"isPartOf\":{\"@id\":\"https:\/\/diariodalagoa.pt\/#website\"},\"datePublished\":\"2014-11-20T18:23:17+00:00\",\"dateModified\":\"2014-11-20T18:23:17+00:00\",\"author\":{\"@id\":\"https:\/\/diariodalagoa.pt\/#\/schema\/person\/1615a002370e8857b6f972834bc43ece\"},\"breadcrumb\":{\"@id\":\"https:\/\/diariodalagoa.pt\/aprofundamento-da-cooperacao-com-as-casas-dos-acores-e-prioridade-do-governo-regional\/#breadcrumb\"},\"inLanguage\":\"fr-FR\",\"potentialAction\":[{\"@type\":\"ReadAction\",\"target\":[\"https:\/\/diariodalagoa.pt\/aprofundamento-da-cooperacao-com-as-casas-dos-acores-e-prioridade-do-governo-regional\/\"]}]},{\"@type\":\"BreadcrumbList\",\"@id\":\"https:\/\/diariodalagoa.pt\/aprofundamento-da-cooperacao-com-as-casas-dos-acores-e-prioridade-do-governo-regional\/#breadcrumb\",\"itemListElement\":[{\"@type\":\"ListItem\",\"position\":1,\"name\":\"In\u00edcio\",\"item\":\"https:\/\/diariodalagoa.pt\/\"},{\"@type\":\"ListItem\",\"position\":2,\"name\":\"Aprofundamento da coopera\u00e7\u00e3o com as Casas dos A\u00e7ores \u00e9 prioridade do Governo Regional\"}]},{\"@type\":\"WebSite\",\"@id\":\"https:\/\/diariodalagoa.pt\/#website\",\"url\":\"https:\/\/diariodalagoa.pt\/\",\"name\":\"Di\u00e1rio da Lagoa\",\"description\":\"Di\u00e1rio da Lagoa. As not\u00edcias que contam. A partir da Lagoa, nos A\u00e7ores, para o mundo.\",\"potentialAction\":[{\"@type\":\"SearchAction\",\"target\":{\"@type\":\"EntryPoint\",\"urlTemplate\":\"https:\/\/diariodalagoa.pt\/?s={search_term_string}\"},\"query-input\":\"required name=search_term_string\"}],\"inLanguage\":\"fr-FR\"},{\"@type\":\"Person\",\"@id\":\"https:\/\/diariodalagoa.pt\/#\/schema\/person\/1615a002370e8857b6f972834bc43ece\",\"name\":\"Di\u00e1rio da Lagoa\",\"image\":{\"@type\":\"ImageObject\",\"inLanguage\":\"fr-FR\",\"@id\":\"https:\/\/diariodalagoa.pt\/#\/schema\/person\/image\/\",\"url\":\"https:\/\/secure.gravatar.com\/avatar\/2cb5cef90a26f8fbd4d9d930608102c5?s=96&d=mm&r=g\",\"contentUrl\":\"https:\/\/secure.gravatar.com\/avatar\/2cb5cef90a26f8fbd4d9d930608102c5?s=96&d=mm&r=g\",\"caption\":\"Di\u00e1rio da Lagoa\"},\"url\":\"https:\/\/diariodalagoa.pt\/fr\/author\/diariodalagoa\/\"}]}<\/script>\n<!-- \/ Yoast SEO plugin. -->","yoast_head_json":{"title":"Aprofundamento da coopera\u00e7\u00e3o com as Casas dos A\u00e7ores \u00e9 prioridade do Governo Regional - Di\u00e1rio da Lagoa","robots":{"index":"index","follow":"follow","max-snippet":"max-snippet:-1","max-image-preview":"max-image-preview:large","max-video-preview":"max-video-preview:-1"},"canonical":"https:\/\/diariodalagoa.pt\/fr\/aprofundamento-da-cooperacao-com-as-casas-dos-acores-e-prioridade-do-governo-regional\/","og_locale":"fr_FR","og_type":"article","og_title":"Aprofundamento da coopera\u00e7\u00e3o com as Casas dos A\u00e7ores \u00e9 prioridade do Governo Regional - Di\u00e1rio da Lagoa","og_description":"O Subsecret\u00e1rio Regional da Presid\u00eancia para as Rela\u00e7\u00f5es Externas reafirmou a prioridade do Governo no \u201ccontinuo aprofundamento da coopera\u00e7\u00e3o&#8221; com as Casas dos A\u00e7ores e na cria\u00e7\u00e3o de\u00a0&#8220;instrumentos que, respeitando a sua autonomia institucional, permitam potenciar a visibilidade do seu trabalho e liga\u00e7\u00e3o \u00e0 Regi\u00e3o\u201d.\u00a0 \u201cAs Casas dos A\u00e7ores, por for\u00e7a da excel\u00eancia das suas [&hellip;]","og_url":"https:\/\/diariodalagoa.pt\/fr\/aprofundamento-da-cooperacao-com-as-casas-dos-acores-e-prioridade-do-governo-regional\/","og_site_name":"Di\u00e1rio da Lagoa","article_published_time":"2014-11-20T18:23:17+00:00","author":"Di\u00e1rio da Lagoa","twitter_card":"summary_large_image","twitter_misc":{"\u00c9crit par":"Di\u00e1rio da Lagoa","Dur\u00e9e de lecture estim\u00e9e":"1 minute"},"schema":{"@context":"https:\/\/schema.org","@graph":[{"@type":"WebPage","@id":"https:\/\/diariodalagoa.pt\/aprofundamento-da-cooperacao-com-as-casas-dos-acores-e-prioridade-do-governo-regional\/","url":"https:\/\/diariodalagoa.pt\/aprofundamento-da-cooperacao-com-as-casas-dos-acores-e-prioridade-do-governo-regional\/","name":"Aprofundamento da coopera\u00e7\u00e3o com as Casas dos A\u00e7ores \u00e9 prioridade do Governo Regional - Di\u00e1rio da Lagoa","isPartOf":{"@id":"https:\/\/diariodalagoa.pt\/#website"},"datePublished":"2014-11-20T18:23:17+00:00","dateModified":"2014-11-20T18:23:17+00:00","author":{"@id":"https:\/\/diariodalagoa.pt\/#\/schema\/person\/1615a002370e8857b6f972834bc43ece"},"breadcrumb":{"@id":"https:\/\/diariodalagoa.pt\/aprofundamento-da-cooperacao-com-as-casas-dos-acores-e-prioridade-do-governo-regional\/#breadcrumb"},"inLanguage":"fr-FR","potentialAction":[{"@type":"ReadAction","target":["https:\/\/diariodalagoa.pt\/aprofundamento-da-cooperacao-com-as-casas-dos-acores-e-prioridade-do-governo-regional\/"]}]},{"@type":"BreadcrumbList","@id":"https:\/\/diariodalagoa.pt\/aprofundamento-da-cooperacao-com-as-casas-dos-acores-e-prioridade-do-governo-regional\/#breadcrumb","itemListElement":[{"@type":"ListItem","position":1,"name":"In\u00edcio","item":"https:\/\/diariodalagoa.pt\/"},{"@type":"ListItem","position":2,"name":"Aprofundamento da coopera\u00e7\u00e3o com as Casas dos A\u00e7ores \u00e9 prioridade do Governo Regional"}]},{"@type":"WebSite","@id":"https:\/\/diariodalagoa.pt\/#website","url":"https:\/\/diariodalagoa.pt\/","name":"Di\u00e1rio da Lagoa","description":"Di\u00e1rio da Lagoa. As not\u00edcias que contam. A partir da Lagoa, nos A\u00e7ores, para o mundo.","potentialAction":[{"@type":"SearchAction","target":{"@type":"EntryPoint","urlTemplate":"https:\/\/diariodalagoa.pt\/?s={search_term_string}"},"query-input":"required name=search_term_string"}],"inLanguage":"fr-FR"},{"@type":"Person","@id":"https:\/\/diariodalagoa.pt\/#\/schema\/person\/1615a002370e8857b6f972834bc43ece","name":"Di\u00e1rio da Lagoa","image":{"@type":"ImageObject","inLanguage":"fr-FR","@id":"https:\/\/diariodalagoa.pt\/#\/schema\/person\/image\/","url":"https:\/\/secure.gravatar.com\/avatar\/2cb5cef90a26f8fbd4d9d930608102c5?s=96&d=mm&r=g","contentUrl":"https:\/\/secure.gravatar.com\/avatar\/2cb5cef90a26f8fbd4d9d930608102c5?s=96&d=mm&r=g","caption":"Di\u00e1rio da Lagoa"},"url":"https:\/\/diariodalagoa.pt\/fr\/author\/diariodalagoa\/"}]}},"_links":{"self":[{"href":"https:\/\/diariodalagoa.pt\/fr\/wp-json\/wp\/v2\/posts\/11436"}],"collection":[{"href":"https:\/\/diariodalagoa.pt\/fr\/wp-json\/wp\/v2\/posts"}],"about":[{"href":"https:\/\/diariodalagoa.pt\/fr\/wp-json\/wp\/v2\/types\/post"}],"author":[{"embeddable":true,"href":"https:\/\/diariodalagoa.pt\/fr\/wp-json\/wp\/v2\/users\/2"}],"replies":[{"embeddable":true,"href":"https:\/\/diariodalagoa.pt\/fr\/wp-json\/wp\/v2\/comments?post=11436"}],"version-history":[{"count":0,"href":"https:\/\/diariodalagoa.pt\/fr\/wp-json\/wp\/v2\/posts\/11436\/revisions"}],"wp:attachment":[{"href":"https:\/\/diariodalagoa.pt\/fr\/wp-json\/wp\/v2\/media?parent=11436"}],"wp:term":[{"taxonomy":"category","embeddable":true,"href":"https:\/\/diariodalagoa.pt\/fr\/wp-json\/wp\/v2\/categories?post=11436"},{"taxonomy":"post_tag","embeddable":true,"href":"https:\/\/diariodalagoa.pt\/fr\/wp-json\/wp\/v2\/tags?post=11436"}],"curies":[{"name":"wp","href":"https:\/\/api.w.org\/{rel}","templated":true}]}}