{"id":11273,"date":"2014-11-15T23:55:00","date_gmt":"2014-11-16T00:55:00","guid":{"rendered":"http:\/\/diariodalagoa.pt\/?p=11273"},"modified":"2014-11-15T23:55:00","modified_gmt":"2014-11-16T00:55:00","slug":"banco-alimentar-contra-a-fome-promove-campanha-anual-entre-28-e-30-de-novembro","status":"publish","type":"post","link":"https:\/\/diariodalagoa.pt\/fr\/banco-alimentar-contra-a-fome-promove-campanha-anual-entre-28-e-30-de-novembro\/","title":{"rendered":"Banco Alimentar Contra a Fome promove campanha anual entre 28 e 30 de novembro"},"content":{"rendered":"<p style=\"text-align: justify;\"><img decoding=\"async\" class=\"alignnone size-full wp-image-11274\" src=\"http:\/\/diariodalagoa.pt\/wp-content\/uploads\/2014\/11\/Banco-Alimentar-natal-2014.jpg\" alt=\"Banco Alimentar natal 2014\" width=\"720\" height=\"380\" \/><\/p>\n<p style=\"text-align: justify;\"><span style=\"color: #000000;\">O Banco Alimentar contra a Fome vai realizar o seu pedit\u00f3rio anual de Natal- Alimente esta Ideia- \u00a0entre os dias 28 e 30 de novembro, prosseguindo a campanha depois na Internet at\u00e9 8 de dezembro- www.alimentestaideia.net.<\/span><\/p>\n<p style=\"text-align: justify;\"><span style=\"color: #000000;\">Nos A\u00e7ores, tal como no resto do pa\u00eds, a campanha tem lugar nas grandes superifices das ilhas de S\u00e3o Miguel, Terceira e Faial e nela participar\u00e3o in\u00fameros volunt\u00e1rios a\u00e7orianos, muitos deles ligados a institui\u00e7\u00f5es e movimentos cat\u00f3licos.<\/span><\/p>\n<p style=\"text-align: justify;\"><span style=\"color: #000000;\">O pedit\u00f3rio anual, que se realiza sempre nesta altura do Natal, justifica-se, diz a organiza\u00e7\u00e3o \u201cporque existem, infelizmente, pessoas necessitadas que precisam de ajuda para se alimentar e para quem o apoio solid\u00e1rio e pr\u00f3ximo das institui\u00e7\u00f5es sociais, que recebem produtos do Banco Alimentar, transporta consigo alimento e dignidade, mas tamb\u00e9m afecto e esperan\u00e7a que por vezes perderam, isoladas que est\u00e3o na sua car\u00eancia\u201d.<\/span><\/p>\n<p style=\"text-align: justify;\"><span style=\"color: #000000;\">O\u00a0envolvimento das diferentes par\u00f3quias \u00e9 \u201cfundamental\u201d porque elas s\u00e3o \u201cdeterminantes\u201d , nomeadamente na distribui\u00e7\u00e3o dos alimentos, atrav\u00e9s das institui\u00e7\u00f5es da Igreja\u201d, noemadamente Centros Paroquiais ou Comunit\u00e1rios, Confer\u00eancias Vicentinas, Congrega\u00e7\u00f5es Religiosas ou Irmandades.<\/span><\/p>\n<p style=\"text-align: justify;\"><span style=\"color: #000000;\">Os 21 Bancos Alimentares que operam em Portugal entregam actualmente alimentos a 2.300 institui\u00e7\u00f5es de solidariedade social que os distribuem a mais de 400 mil pessoas com car\u00eancias alimentares comprovadas, sob a forma de cabazes de alimentos ou de refei\u00e7\u00f5es confeccionadas.<\/span><\/p>\n<p style=\"text-align: justify;\"><span style=\"color: #000000;\"><em>DL\/IA<\/em><\/span><\/p>\n<p style=\"text-align: justify;\"><iframe src=\"\/\/www.youtube.com\/embed\/734Y2IvEkbQ\" width=\"720\" height=\"380\" frameborder=\"0\" allowfullscreen=\"allowfullscreen\"><\/iframe><\/p>","protected":false},"excerpt":{"rendered":"<p>O Banco Alimentar contra a Fome vai realizar o seu pedit\u00f3rio anual de Natal- Alimente esta Ideia- \u00a0entre os dias 28 e 30 de novembro, prosseguindo a campanha depois na Internet at\u00e9 8 de dezembro- www.alimentestaideia.net. Nos A\u00e7ores, tal como no resto do pa\u00eds, a campanha tem lugar nas grandes superifices das ilhas de S\u00e3o [&hellip;]<\/p>","protected":false},"author":2,"featured_media":121678,"comment_status":"open","ping_status":"open","sticky":false,"template":"","format":"standard","meta":[],"categories":[21],"tags":[],"acf":[],"yoast_head":"<!-- This site is optimized with the Yoast SEO plugin v20.10 - https:\/\/yoast.com\/wordpress\/plugins\/seo\/ -->\n<title>Banco Alimentar Contra a Fome promove campanha anual entre 28 e 30 de novembro - Di\u00e1rio da Lagoa<\/title>\n<meta name=\"robots\" content=\"index, follow, max-snippet:-1, max-image-preview:large, max-video-preview:-1\" \/>\n<link rel=\"canonical\" href=\"https:\/\/diariodalagoa.pt\/fr\/banco-alimentar-contra-a-fome-promove-campanha-anual-entre-28-e-30-de-novembro\/\" \/>\n<meta property=\"og:locale\" content=\"fr_FR\" \/>\n<meta property=\"og:type\" content=\"article\" \/>\n<meta property=\"og:title\" content=\"Banco Alimentar Contra a Fome promove campanha anual entre 28 e 30 de novembro - Di\u00e1rio da Lagoa\" \/>\n<meta property=\"og:description\" content=\"O Banco Alimentar contra a Fome vai realizar o seu pedit\u00f3rio anual de Natal- Alimente esta Ideia- \u00a0entre os dias 28 e 30 de novembro, prosseguindo a campanha depois na Internet at\u00e9 8 de dezembro- www.alimentestaideia.net. Nos A\u00e7ores, tal como no resto do pa\u00eds, a campanha tem lugar nas grandes superifices das ilhas de S\u00e3o [&hellip;]\" \/>\n<meta property=\"og:url\" content=\"https:\/\/diariodalagoa.pt\/fr\/banco-alimentar-contra-a-fome-promove-campanha-anual-entre-28-e-30-de-novembro\/\" \/>\n<meta property=\"og:site_name\" content=\"Di\u00e1rio da Lagoa\" \/>\n<meta property=\"article:published_time\" content=\"2014-11-16T00:55:00+00:00\" \/>\n<meta property=\"og:image\" content=\"https:\/\/diariodalagoa.pt\/wp-content\/uploads\/2014\/11\/banco-alimentar-natal-2014-1.jpg\" \/>\n\t<meta property=\"og:image:width\" content=\"720\" \/>\n\t<meta property=\"og:image:height\" content=\"380\" \/>\n\t<meta property=\"og:image:type\" content=\"image\/jpeg\" \/>\n<meta name=\"author\" content=\"Di\u00e1rio da Lagoa\" \/>\n<meta name=\"twitter:card\" content=\"summary_large_image\" \/>\n<meta name=\"twitter:label1\" content=\"\u00c9crit par\" \/>\n\t<meta name=\"twitter:data1\" content=\"Di\u00e1rio da Lagoa\" \/>\n\t<meta name=\"twitter:label2\" content=\"Dur\u00e9e de lecture estim\u00e9e\" \/>\n\t<meta name=\"twitter:data2\" content=\"1 minute\" \/>\n<script type=\"application\/ld+json\" class=\"yoast-schema-graph\">{\"@context\":\"https:\/\/schema.org\",\"@graph\":[{\"@type\":\"WebPage\",\"@id\":\"https:\/\/diariodalagoa.pt\/banco-alimentar-contra-a-fome-promove-campanha-anual-entre-28-e-30-de-novembro\/\",\"url\":\"https:\/\/diariodalagoa.pt\/banco-alimentar-contra-a-fome-promove-campanha-anual-entre-28-e-30-de-novembro\/\",\"name\":\"Banco Alimentar Contra a Fome promove campanha anual entre 28 e 30 de novembro - Di\u00e1rio da Lagoa\",\"isPartOf\":{\"@id\":\"https:\/\/diariodalagoa.pt\/#website\"},\"datePublished\":\"2014-11-16T00:55:00+00:00\",\"dateModified\":\"2014-11-16T00:55:00+00:00\",\"author\":{\"@id\":\"https:\/\/diariodalagoa.pt\/#\/schema\/person\/1615a002370e8857b6f972834bc43ece\"},\"breadcrumb\":{\"@id\":\"https:\/\/diariodalagoa.pt\/banco-alimentar-contra-a-fome-promove-campanha-anual-entre-28-e-30-de-novembro\/#breadcrumb\"},\"inLanguage\":\"fr-FR\",\"potentialAction\":[{\"@type\":\"ReadAction\",\"target\":[\"https:\/\/diariodalagoa.pt\/banco-alimentar-contra-a-fome-promove-campanha-anual-entre-28-e-30-de-novembro\/\"]}]},{\"@type\":\"BreadcrumbList\",\"@id\":\"https:\/\/diariodalagoa.pt\/banco-alimentar-contra-a-fome-promove-campanha-anual-entre-28-e-30-de-novembro\/#breadcrumb\",\"itemListElement\":[{\"@type\":\"ListItem\",\"position\":1,\"name\":\"In\u00edcio\",\"item\":\"https:\/\/diariodalagoa.pt\/\"},{\"@type\":\"ListItem\",\"position\":2,\"name\":\"Banco Alimentar Contra a Fome promove campanha anual entre 28 e 30 de novembro\"}]},{\"@type\":\"WebSite\",\"@id\":\"https:\/\/diariodalagoa.pt\/#website\",\"url\":\"https:\/\/diariodalagoa.pt\/\",\"name\":\"Di\u00e1rio da Lagoa\",\"description\":\"Di\u00e1rio da Lagoa. As not\u00edcias que contam. A partir da Lagoa, nos A\u00e7ores, para o mundo.\",\"potentialAction\":[{\"@type\":\"SearchAction\",\"target\":{\"@type\":\"EntryPoint\",\"urlTemplate\":\"https:\/\/diariodalagoa.pt\/?s={search_term_string}\"},\"query-input\":\"required name=search_term_string\"}],\"inLanguage\":\"fr-FR\"},{\"@type\":\"Person\",\"@id\":\"https:\/\/diariodalagoa.pt\/#\/schema\/person\/1615a002370e8857b6f972834bc43ece\",\"name\":\"Di\u00e1rio da Lagoa\",\"image\":{\"@type\":\"ImageObject\",\"inLanguage\":\"fr-FR\",\"@id\":\"https:\/\/diariodalagoa.pt\/#\/schema\/person\/image\/\",\"url\":\"https:\/\/secure.gravatar.com\/avatar\/2cb5cef90a26f8fbd4d9d930608102c5?s=96&d=mm&r=g\",\"contentUrl\":\"https:\/\/secure.gravatar.com\/avatar\/2cb5cef90a26f8fbd4d9d930608102c5?s=96&d=mm&r=g\",\"caption\":\"Di\u00e1rio da Lagoa\"},\"url\":\"https:\/\/diariodalagoa.pt\/fr\/author\/diariodalagoa\/\"}]}<\/script>\n<!-- \/ Yoast SEO plugin. -->","yoast_head_json":{"title":"Banco Alimentar Contra a Fome promove campanha anual entre 28 e 30 de novembro - Di\u00e1rio da Lagoa","robots":{"index":"index","follow":"follow","max-snippet":"max-snippet:-1","max-image-preview":"max-image-preview:large","max-video-preview":"max-video-preview:-1"},"canonical":"https:\/\/diariodalagoa.pt\/fr\/banco-alimentar-contra-a-fome-promove-campanha-anual-entre-28-e-30-de-novembro\/","og_locale":"fr_FR","og_type":"article","og_title":"Banco Alimentar Contra a Fome promove campanha anual entre 28 e 30 de novembro - Di\u00e1rio da Lagoa","og_description":"O Banco Alimentar contra a Fome vai realizar o seu pedit\u00f3rio anual de Natal- Alimente esta Ideia- \u00a0entre os dias 28 e 30 de novembro, prosseguindo a campanha depois na Internet at\u00e9 8 de dezembro- www.alimentestaideia.net. Nos A\u00e7ores, tal como no resto do pa\u00eds, a campanha tem lugar nas grandes superifices das ilhas de S\u00e3o [&hellip;]","og_url":"https:\/\/diariodalagoa.pt\/fr\/banco-alimentar-contra-a-fome-promove-campanha-anual-entre-28-e-30-de-novembro\/","og_site_name":"Di\u00e1rio da Lagoa","article_published_time":"2014-11-16T00:55:00+00:00","og_image":[{"width":720,"height":380,"url":"https:\/\/diariodalagoa.pt\/wp-content\/uploads\/2014\/11\/banco-alimentar-natal-2014-1.jpg","type":"image\/jpeg"}],"author":"Di\u00e1rio da Lagoa","twitter_card":"summary_large_image","twitter_misc":{"\u00c9crit par":"Di\u00e1rio da Lagoa","Dur\u00e9e de lecture estim\u00e9e":"1 minute"},"schema":{"@context":"https:\/\/schema.org","@graph":[{"@type":"WebPage","@id":"https:\/\/diariodalagoa.pt\/banco-alimentar-contra-a-fome-promove-campanha-anual-entre-28-e-30-de-novembro\/","url":"https:\/\/diariodalagoa.pt\/banco-alimentar-contra-a-fome-promove-campanha-anual-entre-28-e-30-de-novembro\/","name":"Banco Alimentar Contra a Fome promove campanha anual entre 28 e 30 de novembro - Di\u00e1rio da Lagoa","isPartOf":{"@id":"https:\/\/diariodalagoa.pt\/#website"},"datePublished":"2014-11-16T00:55:00+00:00","dateModified":"2014-11-16T00:55:00+00:00","author":{"@id":"https:\/\/diariodalagoa.pt\/#\/schema\/person\/1615a002370e8857b6f972834bc43ece"},"breadcrumb":{"@id":"https:\/\/diariodalagoa.pt\/banco-alimentar-contra-a-fome-promove-campanha-anual-entre-28-e-30-de-novembro\/#breadcrumb"},"inLanguage":"fr-FR","potentialAction":[{"@type":"ReadAction","target":["https:\/\/diariodalagoa.pt\/banco-alimentar-contra-a-fome-promove-campanha-anual-entre-28-e-30-de-novembro\/"]}]},{"@type":"BreadcrumbList","@id":"https:\/\/diariodalagoa.pt\/banco-alimentar-contra-a-fome-promove-campanha-anual-entre-28-e-30-de-novembro\/#breadcrumb","itemListElement":[{"@type":"ListItem","position":1,"name":"In\u00edcio","item":"https:\/\/diariodalagoa.pt\/"},{"@type":"ListItem","position":2,"name":"Banco Alimentar Contra a Fome promove campanha anual entre 28 e 30 de novembro"}]},{"@type":"WebSite","@id":"https:\/\/diariodalagoa.pt\/#website","url":"https:\/\/diariodalagoa.pt\/","name":"Di\u00e1rio da Lagoa","description":"Di\u00e1rio da Lagoa. As not\u00edcias que contam. A partir da Lagoa, nos A\u00e7ores, para o mundo.","potentialAction":[{"@type":"SearchAction","target":{"@type":"EntryPoint","urlTemplate":"https:\/\/diariodalagoa.pt\/?s={search_term_string}"},"query-input":"required name=search_term_string"}],"inLanguage":"fr-FR"},{"@type":"Person","@id":"https:\/\/diariodalagoa.pt\/#\/schema\/person\/1615a002370e8857b6f972834bc43ece","name":"Di\u00e1rio da Lagoa","image":{"@type":"ImageObject","inLanguage":"fr-FR","@id":"https:\/\/diariodalagoa.pt\/#\/schema\/person\/image\/","url":"https:\/\/secure.gravatar.com\/avatar\/2cb5cef90a26f8fbd4d9d930608102c5?s=96&d=mm&r=g","contentUrl":"https:\/\/secure.gravatar.com\/avatar\/2cb5cef90a26f8fbd4d9d930608102c5?s=96&d=mm&r=g","caption":"Di\u00e1rio da Lagoa"},"url":"https:\/\/diariodalagoa.pt\/fr\/author\/diariodalagoa\/"}]}},"_links":{"self":[{"href":"https:\/\/diariodalagoa.pt\/fr\/wp-json\/wp\/v2\/posts\/11273"}],"collection":[{"href":"https:\/\/diariodalagoa.pt\/fr\/wp-json\/wp\/v2\/posts"}],"about":[{"href":"https:\/\/diariodalagoa.pt\/fr\/wp-json\/wp\/v2\/types\/post"}],"author":[{"embeddable":true,"href":"https:\/\/diariodalagoa.pt\/fr\/wp-json\/wp\/v2\/users\/2"}],"replies":[{"embeddable":true,"href":"https:\/\/diariodalagoa.pt\/fr\/wp-json\/wp\/v2\/comments?post=11273"}],"version-history":[{"count":0,"href":"https:\/\/diariodalagoa.pt\/fr\/wp-json\/wp\/v2\/posts\/11273\/revisions"}],"wp:featuredmedia":[{"embeddable":true,"href":"https:\/\/diariodalagoa.pt\/fr\/wp-json\/wp\/v2\/media\/121678"}],"wp:attachment":[{"href":"https:\/\/diariodalagoa.pt\/fr\/wp-json\/wp\/v2\/media?parent=11273"}],"wp:term":[{"taxonomy":"category","embeddable":true,"href":"https:\/\/diariodalagoa.pt\/fr\/wp-json\/wp\/v2\/categories?post=11273"},{"taxonomy":"post_tag","embeddable":true,"href":"https:\/\/diariodalagoa.pt\/fr\/wp-json\/wp\/v2\/tags?post=11273"}],"curies":[{"name":"wp","href":"https:\/\/api.w.org\/{rel}","templated":true}]}}