{"id":11152,"date":"2014-11-12T12:58:29","date_gmt":"2014-11-12T13:58:29","guid":{"rendered":"http:\/\/diariodalagoa.pt\/?p=11152"},"modified":"2014-11-12T12:58:29","modified_gmt":"2014-11-12T13:58:29","slug":"em-setembro-de-2014-a-producao-industrial-aumentou-06-tanto-na-zona-euro-como-na-ue","status":"publish","type":"post","link":"https:\/\/diariodalagoa.pt\/fr\/em-setembro-de-2014-a-producao-industrial-aumentou-06-tanto-na-zona-euro-como-na-ue\/","title":{"rendered":"Em setembro de 2014 a produ\u00e7\u00e3o industrial aumentou 0,6% tanto na zona euro como na UE"},"content":{"rendered":"<p style=\"text-align: justify;\"><img decoding=\"async\" class=\"alignnone size-full wp-image-6695\" src=\"http:\/\/diariodalagoa.pt\/wp-content\/uploads\/2014\/07\/Bruxelas-europa-parlamento.jpg\" alt=\"Bruxelas-europa-parlamento\" width=\"720\" height=\"380\" \/><\/p>\n<p style=\"text-align: justify;\"><span style=\"color: #000000;\">Em setembro de 2014, em compara\u00e7\u00e3o com agosto do mesmo ano, a produ\u00e7\u00e3o industrial aumentou 0,6%, tanto na zona euro como na UE, segundo as estimativas do Eurostat, o Servi\u00e7o de Estat\u00edstica da Uni\u00e3o Europeia. <\/span><\/p>\n<p style=\"text-align: justify;\"><span style=\"color: #000000;\">Em agosto de 2014, a produ\u00e7\u00e3o industrial diminuiu 1,4% e 1,2%, respetivamente. <\/span><\/p>\n<p style=\"text-align: justify;\"><span style=\"color: #000000;\">Em setembro de 2014, em compara\u00e7\u00e3o com setembro de 2013, a produ\u00e7\u00e3o industrial aumentou 0,6% em ambas as zonas.<\/span><\/p>\n<p style=\"text-align: justify;\"><span style=\"color: #000000;\"><em>DL\/RCEP<\/em><\/span><\/p>","protected":false},"excerpt":{"rendered":"<p>Em setembro de 2014, em compara\u00e7\u00e3o com agosto do mesmo ano, a produ\u00e7\u00e3o industrial aumentou 0,6%, tanto na zona euro como na UE, segundo as estimativas do Eurostat, o Servi\u00e7o de Estat\u00edstica da Uni\u00e3o Europeia. Em agosto de 2014, a produ\u00e7\u00e3o industrial diminuiu 1,4% e 1,2%, respetivamente. Em setembro de 2014, em compara\u00e7\u00e3o com setembro [&hellip;]<\/p>","protected":false},"author":2,"featured_media":121687,"comment_status":"open","ping_status":"open","sticky":false,"template":"","format":"standard","meta":[],"categories":[21],"tags":[],"acf":[],"yoast_head":"<!-- This site is optimized with the Yoast SEO plugin v20.10 - https:\/\/yoast.com\/wordpress\/plugins\/seo\/ -->\n<title>Em setembro de 2014 a produ\u00e7\u00e3o industrial aumentou 0,6% tanto na zona euro como na UE - Di\u00e1rio da Lagoa<\/title>\n<meta name=\"robots\" content=\"index, follow, max-snippet:-1, max-image-preview:large, max-video-preview:-1\" \/>\n<link rel=\"canonical\" href=\"https:\/\/diariodalagoa.pt\/fr\/em-setembro-de-2014-a-producao-industrial-aumentou-06-tanto-na-zona-euro-como-na-ue\/\" \/>\n<meta property=\"og:locale\" content=\"fr_FR\" \/>\n<meta property=\"og:type\" content=\"article\" \/>\n<meta property=\"og:title\" content=\"Em setembro de 2014 a produ\u00e7\u00e3o industrial aumentou 0,6% tanto na zona euro como na UE - Di\u00e1rio da Lagoa\" \/>\n<meta property=\"og:description\" content=\"Em setembro de 2014, em compara\u00e7\u00e3o com agosto do mesmo ano, a produ\u00e7\u00e3o industrial aumentou 0,6%, tanto na zona euro como na UE, segundo as estimativas do Eurostat, o Servi\u00e7o de Estat\u00edstica da Uni\u00e3o Europeia. Em agosto de 2014, a produ\u00e7\u00e3o industrial diminuiu 1,4% e 1,2%, respetivamente. Em setembro de 2014, em compara\u00e7\u00e3o com setembro [&hellip;]\" \/>\n<meta property=\"og:url\" content=\"https:\/\/diariodalagoa.pt\/fr\/em-setembro-de-2014-a-producao-industrial-aumentou-06-tanto-na-zona-euro-como-na-ue\/\" \/>\n<meta property=\"og:site_name\" content=\"Di\u00e1rio da Lagoa\" \/>\n<meta property=\"article:published_time\" content=\"2014-11-12T13:58:29+00:00\" \/>\n<meta property=\"og:image\" content=\"https:\/\/diariodalagoa.pt\/wp-content\/uploads\/2014\/11\/bruxelas-europa-parlamento.jpg\" \/>\n\t<meta property=\"og:image:width\" content=\"720\" \/>\n\t<meta property=\"og:image:height\" content=\"380\" \/>\n\t<meta property=\"og:image:type\" content=\"image\/jpeg\" \/>\n<meta name=\"author\" content=\"Di\u00e1rio da Lagoa\" \/>\n<meta name=\"twitter:card\" content=\"summary_large_image\" \/>\n<meta name=\"twitter:label1\" content=\"\u00c9crit par\" \/>\n\t<meta name=\"twitter:data1\" content=\"Di\u00e1rio da Lagoa\" \/>\n<script type=\"application\/ld+json\" class=\"yoast-schema-graph\">{\"@context\":\"https:\/\/schema.org\",\"@graph\":[{\"@type\":\"WebPage\",\"@id\":\"https:\/\/diariodalagoa.pt\/em-setembro-de-2014-a-producao-industrial-aumentou-06-tanto-na-zona-euro-como-na-ue\/\",\"url\":\"https:\/\/diariodalagoa.pt\/em-setembro-de-2014-a-producao-industrial-aumentou-06-tanto-na-zona-euro-como-na-ue\/\",\"name\":\"Em setembro de 2014 a produ\u00e7\u00e3o industrial aumentou 0,6% tanto na zona euro como na UE - Di\u00e1rio da Lagoa\",\"isPartOf\":{\"@id\":\"https:\/\/diariodalagoa.pt\/#website\"},\"datePublished\":\"2014-11-12T13:58:29+00:00\",\"dateModified\":\"2014-11-12T13:58:29+00:00\",\"author\":{\"@id\":\"https:\/\/diariodalagoa.pt\/#\/schema\/person\/1615a002370e8857b6f972834bc43ece\"},\"breadcrumb\":{\"@id\":\"https:\/\/diariodalagoa.pt\/em-setembro-de-2014-a-producao-industrial-aumentou-06-tanto-na-zona-euro-como-na-ue\/#breadcrumb\"},\"inLanguage\":\"fr-FR\",\"potentialAction\":[{\"@type\":\"ReadAction\",\"target\":[\"https:\/\/diariodalagoa.pt\/em-setembro-de-2014-a-producao-industrial-aumentou-06-tanto-na-zona-euro-como-na-ue\/\"]}]},{\"@type\":\"BreadcrumbList\",\"@id\":\"https:\/\/diariodalagoa.pt\/em-setembro-de-2014-a-producao-industrial-aumentou-06-tanto-na-zona-euro-como-na-ue\/#breadcrumb\",\"itemListElement\":[{\"@type\":\"ListItem\",\"position\":1,\"name\":\"In\u00edcio\",\"item\":\"https:\/\/diariodalagoa.pt\/\"},{\"@type\":\"ListItem\",\"position\":2,\"name\":\"Em setembro de 2014 a produ\u00e7\u00e3o industrial aumentou 0,6% tanto na zona euro como na UE\"}]},{\"@type\":\"WebSite\",\"@id\":\"https:\/\/diariodalagoa.pt\/#website\",\"url\":\"https:\/\/diariodalagoa.pt\/\",\"name\":\"Di\u00e1rio da Lagoa\",\"description\":\"Di\u00e1rio da Lagoa. As not\u00edcias que contam. A partir da Lagoa, nos A\u00e7ores, para o mundo.\",\"potentialAction\":[{\"@type\":\"SearchAction\",\"target\":{\"@type\":\"EntryPoint\",\"urlTemplate\":\"https:\/\/diariodalagoa.pt\/?s={search_term_string}\"},\"query-input\":\"required name=search_term_string\"}],\"inLanguage\":\"fr-FR\"},{\"@type\":\"Person\",\"@id\":\"https:\/\/diariodalagoa.pt\/#\/schema\/person\/1615a002370e8857b6f972834bc43ece\",\"name\":\"Di\u00e1rio da Lagoa\",\"image\":{\"@type\":\"ImageObject\",\"inLanguage\":\"fr-FR\",\"@id\":\"https:\/\/diariodalagoa.pt\/#\/schema\/person\/image\/\",\"url\":\"https:\/\/secure.gravatar.com\/avatar\/2cb5cef90a26f8fbd4d9d930608102c5?s=96&d=mm&r=g\",\"contentUrl\":\"https:\/\/secure.gravatar.com\/avatar\/2cb5cef90a26f8fbd4d9d930608102c5?s=96&d=mm&r=g\",\"caption\":\"Di\u00e1rio da Lagoa\"},\"url\":\"https:\/\/diariodalagoa.pt\/fr\/author\/diariodalagoa\/\"}]}<\/script>\n<!-- \/ Yoast SEO plugin. -->","yoast_head_json":{"title":"Em setembro de 2014 a produ\u00e7\u00e3o industrial aumentou 0,6% tanto na zona euro como na UE - Di\u00e1rio da Lagoa","robots":{"index":"index","follow":"follow","max-snippet":"max-snippet:-1","max-image-preview":"max-image-preview:large","max-video-preview":"max-video-preview:-1"},"canonical":"https:\/\/diariodalagoa.pt\/fr\/em-setembro-de-2014-a-producao-industrial-aumentou-06-tanto-na-zona-euro-como-na-ue\/","og_locale":"fr_FR","og_type":"article","og_title":"Em setembro de 2014 a produ\u00e7\u00e3o industrial aumentou 0,6% tanto na zona euro como na UE - Di\u00e1rio da Lagoa","og_description":"Em setembro de 2014, em compara\u00e7\u00e3o com agosto do mesmo ano, a produ\u00e7\u00e3o industrial aumentou 0,6%, tanto na zona euro como na UE, segundo as estimativas do Eurostat, o Servi\u00e7o de Estat\u00edstica da Uni\u00e3o Europeia. Em agosto de 2014, a produ\u00e7\u00e3o industrial diminuiu 1,4% e 1,2%, respetivamente. Em setembro de 2014, em compara\u00e7\u00e3o com setembro [&hellip;]","og_url":"https:\/\/diariodalagoa.pt\/fr\/em-setembro-de-2014-a-producao-industrial-aumentou-06-tanto-na-zona-euro-como-na-ue\/","og_site_name":"Di\u00e1rio da Lagoa","article_published_time":"2014-11-12T13:58:29+00:00","og_image":[{"width":720,"height":380,"url":"https:\/\/diariodalagoa.pt\/wp-content\/uploads\/2014\/11\/bruxelas-europa-parlamento.jpg","type":"image\/jpeg"}],"author":"Di\u00e1rio da Lagoa","twitter_card":"summary_large_image","twitter_misc":{"\u00c9crit par":"Di\u00e1rio da Lagoa"},"schema":{"@context":"https:\/\/schema.org","@graph":[{"@type":"WebPage","@id":"https:\/\/diariodalagoa.pt\/em-setembro-de-2014-a-producao-industrial-aumentou-06-tanto-na-zona-euro-como-na-ue\/","url":"https:\/\/diariodalagoa.pt\/em-setembro-de-2014-a-producao-industrial-aumentou-06-tanto-na-zona-euro-como-na-ue\/","name":"Em setembro de 2014 a produ\u00e7\u00e3o industrial aumentou 0,6% tanto na zona euro como na UE - Di\u00e1rio da Lagoa","isPartOf":{"@id":"https:\/\/diariodalagoa.pt\/#website"},"datePublished":"2014-11-12T13:58:29+00:00","dateModified":"2014-11-12T13:58:29+00:00","author":{"@id":"https:\/\/diariodalagoa.pt\/#\/schema\/person\/1615a002370e8857b6f972834bc43ece"},"breadcrumb":{"@id":"https:\/\/diariodalagoa.pt\/em-setembro-de-2014-a-producao-industrial-aumentou-06-tanto-na-zona-euro-como-na-ue\/#breadcrumb"},"inLanguage":"fr-FR","potentialAction":[{"@type":"ReadAction","target":["https:\/\/diariodalagoa.pt\/em-setembro-de-2014-a-producao-industrial-aumentou-06-tanto-na-zona-euro-como-na-ue\/"]}]},{"@type":"BreadcrumbList","@id":"https:\/\/diariodalagoa.pt\/em-setembro-de-2014-a-producao-industrial-aumentou-06-tanto-na-zona-euro-como-na-ue\/#breadcrumb","itemListElement":[{"@type":"ListItem","position":1,"name":"In\u00edcio","item":"https:\/\/diariodalagoa.pt\/"},{"@type":"ListItem","position":2,"name":"Em setembro de 2014 a produ\u00e7\u00e3o industrial aumentou 0,6% tanto na zona euro como na UE"}]},{"@type":"WebSite","@id":"https:\/\/diariodalagoa.pt\/#website","url":"https:\/\/diariodalagoa.pt\/","name":"Di\u00e1rio da Lagoa","description":"Di\u00e1rio da Lagoa. As not\u00edcias que contam. A partir da Lagoa, nos A\u00e7ores, para o mundo.","potentialAction":[{"@type":"SearchAction","target":{"@type":"EntryPoint","urlTemplate":"https:\/\/diariodalagoa.pt\/?s={search_term_string}"},"query-input":"required name=search_term_string"}],"inLanguage":"fr-FR"},{"@type":"Person","@id":"https:\/\/diariodalagoa.pt\/#\/schema\/person\/1615a002370e8857b6f972834bc43ece","name":"Di\u00e1rio da Lagoa","image":{"@type":"ImageObject","inLanguage":"fr-FR","@id":"https:\/\/diariodalagoa.pt\/#\/schema\/person\/image\/","url":"https:\/\/secure.gravatar.com\/avatar\/2cb5cef90a26f8fbd4d9d930608102c5?s=96&d=mm&r=g","contentUrl":"https:\/\/secure.gravatar.com\/avatar\/2cb5cef90a26f8fbd4d9d930608102c5?s=96&d=mm&r=g","caption":"Di\u00e1rio da Lagoa"},"url":"https:\/\/diariodalagoa.pt\/fr\/author\/diariodalagoa\/"}]}},"_links":{"self":[{"href":"https:\/\/diariodalagoa.pt\/fr\/wp-json\/wp\/v2\/posts\/11152"}],"collection":[{"href":"https:\/\/diariodalagoa.pt\/fr\/wp-json\/wp\/v2\/posts"}],"about":[{"href":"https:\/\/diariodalagoa.pt\/fr\/wp-json\/wp\/v2\/types\/post"}],"author":[{"embeddable":true,"href":"https:\/\/diariodalagoa.pt\/fr\/wp-json\/wp\/v2\/users\/2"}],"replies":[{"embeddable":true,"href":"https:\/\/diariodalagoa.pt\/fr\/wp-json\/wp\/v2\/comments?post=11152"}],"version-history":[{"count":0,"href":"https:\/\/diariodalagoa.pt\/fr\/wp-json\/wp\/v2\/posts\/11152\/revisions"}],"wp:featuredmedia":[{"embeddable":true,"href":"https:\/\/diariodalagoa.pt\/fr\/wp-json\/wp\/v2\/media\/121687"}],"wp:attachment":[{"href":"https:\/\/diariodalagoa.pt\/fr\/wp-json\/wp\/v2\/media?parent=11152"}],"wp:term":[{"taxonomy":"category","embeddable":true,"href":"https:\/\/diariodalagoa.pt\/fr\/wp-json\/wp\/v2\/categories?post=11152"},{"taxonomy":"post_tag","embeddable":true,"href":"https:\/\/diariodalagoa.pt\/fr\/wp-json\/wp\/v2\/tags?post=11152"}],"curies":[{"name":"wp","href":"https:\/\/api.w.org\/{rel}","templated":true}]}}