{"id":11070,"date":"2014-11-10T10:43:15","date_gmt":"2014-11-10T11:43:15","guid":{"rendered":"http:\/\/diariodalagoa.pt\/?p=11070"},"modified":"2014-11-10T10:43:15","modified_gmt":"2014-11-10T11:43:15","slug":"novos-apoios-para-a-recuperacao-do-patrimonio-baleeiro","status":"publish","type":"post","link":"https:\/\/diariodalagoa.pt\/fr\/novos-apoios-para-a-recuperacao-do-patrimonio-baleeiro\/","title":{"rendered":"Novos apoios para a recupera\u00e7\u00e3o do patrim\u00f3nio baleeiro"},"content":{"rendered":"<p style=\"text-align: justify;\"><span style=\"color: #000000;\"><img decoding=\"async\" class=\"alignnone size-full wp-image-9651\" src=\"http:\/\/diariodalagoa.pt\/wp-content\/uploads\/2014\/09\/Governo-A\u00e7ores-reuni\u00e3o-Conselho.jpg\" alt=\"Governo-A\u00e7ores-reuni\u00e3o-Conselho\" width=\"720\" height=\"380\" \/><\/span><\/p>\n<p style=\"text-align: justify;\"><span style=\"color: #000000;\">Reunido em Conselho do Governo, o executivo regional decidiu a regulamenta\u00e7\u00e3o de apoios a atividades culturais, incluindo a atribui\u00e7\u00e3o de bolsas de estudo, de forma\u00e7\u00e3o e de cria\u00e7\u00e3o art\u00edstica.\u00a0<\/span><\/p>\n<p style=\"text-align: justify;\"><span style=\"color: #000000;\">Neste diploma, o Conselho de Governo aprovou tamb\u00e9m os formul\u00e1rios de candidatura aos apoios, os crit\u00e9rios e subcrit\u00e9rios de aprecia\u00e7\u00e3o das candidaturas, os modelos de requerimento para concess\u00e3o de bolsas de estudo, bem como os campos tem\u00e1ticos para cada uma das categorias das bolsas de cria\u00e7\u00e3o art\u00edstica.\u00a0<\/span><\/p>\n<p style=\"text-align: justify;\"><span style=\"color: #000000;\">Os apoios destinam-se a projetos culturais, aquisi\u00e7\u00e3o, manuten\u00e7\u00e3o e repara\u00e7\u00e3o de instrumentos musicais e edi\u00e7\u00e3o de obras culturais.\u00a0<\/span><\/p>\n<p style=\"text-align: justify;\"><span style=\"color: #000000;\">Relativamente \u00e0s bolsas de estudo, o Governo Regional determinar\u00e1 at\u00e9 31 de janeiro de cada ano as \u00e1reas tem\u00e1ticas, o n\u00famero de bolsas a atribuir em cada \u00e1rea e a data limite para as candidaturas.\u00a0<\/span><\/p>\n<p style=\"text-align: justify;\"><span style=\"color: #000000;\">No caso das bolsas de cria\u00e7\u00e3o art\u00edstica, as candidaturas devem ser apresentadas durante o m\u00eas de agosto de cada ano.\u00a0<\/span><\/p>\n<p style=\"text-align: justify;\"><span style=\"color: #000000;\">O governo deliberou ainda aprovar o Regulamento do Programa Regional de Apoio \u00e0s Sociedades Recreativas e Filarm\u00f3nicas dos A\u00e7ores.\u00a0<\/span><\/p>\n<p style=\"text-align: justify;\"><span style=\"color: #000000;\">Este programa destina-se a apoiar a aquisi\u00e7\u00e3o, manuten\u00e7\u00e3o e repara\u00e7\u00e3o de instrumentos musicais, assim como a compra de fardamento e de repert\u00f3rio musical.\u00a0<\/span><\/p>\n<p style=\"text-align: justify;\"><span style=\"color: #000000;\">Com esta medida, o Governo dos A\u00e7ores continuar\u00e1 a apoiar o funcionamento das Sociedades Recreativas e Filarm\u00f3nicas existentes na Regi\u00e3o, que desempenham, com as suas escolas de m\u00fasica, um importante papel na cria\u00e7\u00e3o de uma cultura musical junto das gera\u00e7\u00f5es mais novas.\u00a0<\/span><\/p>\n<p style=\"text-align: justify;\"><span style=\"color: #000000;\">Nesta reuni\u00e3o de Conselho de Governo, realizada na ilha Terceira, o executivo liderado por Vasco Cordeiro decidiu aprovar tamb\u00e9m a nova regulamenta\u00e7\u00e3o das normas e sistemas de apoio \u00e0 recupera\u00e7\u00e3o e conserva\u00e7\u00e3o de botes e lanchas baleeiras, \u00e0 sua dota\u00e7\u00e3o com meios de salvamento e \u00e0 recupera\u00e7\u00e3o de im\u00f3veis e infraestruturas associados \u00e0 balea\u00e7\u00e3o e \u00e0 ind\u00fastria baleeira.\u00a0<\/span><\/p>\n<p style=\"text-align: justify;\"><span style=\"color: #000000;\">A nova regulamenta\u00e7\u00e3o resulta das altera\u00e7\u00f5es feitas no diploma legislativo que define e caracteriza o patrim\u00f3nio baleeiro regional e estabelece as medidas e apoios necess\u00e1rios \u00e0 sua inventaria\u00e7\u00e3o, recupera\u00e7\u00e3o, preserva\u00e7\u00e3o e utiliza\u00e7\u00e3o.\u00a0<\/span><\/p>\n<p style=\"text-align: justify;\"><span style=\"color: #000000;\">Essas altera\u00e7\u00f5es permitiram clarificar o enquadramento da vertente desportiva, permitindo que as embarca\u00e7\u00f5es cedidas pela Regi\u00e3o possam ser utilizadas em atividades mar\u00edtimo-tur\u00edsticas, e apoiar a aquisi\u00e7\u00e3o ou constru\u00e7\u00e3o de im\u00f3veis para recolha de botes baleeiros, assim como a aprendizagem nesta arte de velejar espec\u00edfica, enquanto garante para a continuidade e divulga\u00e7\u00e3o desta atividade.<\/span><\/p>\n<p style=\"text-align: justify;\"><span style=\"color: #000000;\"><em>DL\/Gacs<\/em><\/span><\/p>","protected":false},"excerpt":{"rendered":"<p>Reunido em Conselho do Governo, o executivo regional decidiu a regulamenta\u00e7\u00e3o de apoios a atividades culturais, incluindo a atribui\u00e7\u00e3o de bolsas de estudo, de forma\u00e7\u00e3o e de cria\u00e7\u00e3o art\u00edstica.\u00a0 Neste diploma, o Conselho de Governo aprovou tamb\u00e9m os formul\u00e1rios de candidatura aos apoios, os crit\u00e9rios e subcrit\u00e9rios de aprecia\u00e7\u00e3o das candidaturas, os modelos de requerimento [&hellip;]<\/p>","protected":false},"author":2,"featured_media":0,"comment_status":"open","ping_status":"open","sticky":false,"template":"","format":"standard","meta":[],"categories":[21],"tags":[],"acf":[],"yoast_head":"<!-- This site is optimized with the Yoast SEO plugin v20.10 - https:\/\/yoast.com\/wordpress\/plugins\/seo\/ -->\n<title>Novos apoios para a recupera\u00e7\u00e3o do patrim\u00f3nio baleeiro - Di\u00e1rio da Lagoa<\/title>\n<meta name=\"robots\" content=\"index, follow, max-snippet:-1, max-image-preview:large, max-video-preview:-1\" \/>\n<link rel=\"canonical\" href=\"https:\/\/diariodalagoa.pt\/fr\/novos-apoios-para-a-recuperacao-do-patrimonio-baleeiro\/\" \/>\n<meta property=\"og:locale\" content=\"fr_FR\" \/>\n<meta property=\"og:type\" content=\"article\" \/>\n<meta property=\"og:title\" content=\"Novos apoios para a recupera\u00e7\u00e3o do patrim\u00f3nio baleeiro - Di\u00e1rio da Lagoa\" \/>\n<meta property=\"og:description\" content=\"Reunido em Conselho do Governo, o executivo regional decidiu a regulamenta\u00e7\u00e3o de apoios a atividades culturais, incluindo a atribui\u00e7\u00e3o de bolsas de estudo, de forma\u00e7\u00e3o e de cria\u00e7\u00e3o art\u00edstica.\u00a0 Neste diploma, o Conselho de Governo aprovou tamb\u00e9m os formul\u00e1rios de candidatura aos apoios, os crit\u00e9rios e subcrit\u00e9rios de aprecia\u00e7\u00e3o das candidaturas, os modelos de requerimento [&hellip;]\" \/>\n<meta property=\"og:url\" content=\"https:\/\/diariodalagoa.pt\/fr\/novos-apoios-para-a-recuperacao-do-patrimonio-baleeiro\/\" \/>\n<meta property=\"og:site_name\" content=\"Di\u00e1rio da Lagoa\" \/>\n<meta property=\"article:published_time\" content=\"2014-11-10T11:43:15+00:00\" \/>\n<meta name=\"author\" content=\"Di\u00e1rio da Lagoa\" \/>\n<meta name=\"twitter:card\" content=\"summary_large_image\" \/>\n<meta name=\"twitter:label1\" content=\"\u00c9crit par\" \/>\n\t<meta name=\"twitter:data1\" content=\"Di\u00e1rio da Lagoa\" \/>\n\t<meta name=\"twitter:label2\" content=\"Dur\u00e9e de lecture estim\u00e9e\" \/>\n\t<meta name=\"twitter:data2\" content=\"2 minutes\" \/>\n<script type=\"application\/ld+json\" class=\"yoast-schema-graph\">{\"@context\":\"https:\/\/schema.org\",\"@graph\":[{\"@type\":\"WebPage\",\"@id\":\"https:\/\/diariodalagoa.pt\/novos-apoios-para-a-recuperacao-do-patrimonio-baleeiro\/\",\"url\":\"https:\/\/diariodalagoa.pt\/novos-apoios-para-a-recuperacao-do-patrimonio-baleeiro\/\",\"name\":\"Novos apoios para a recupera\u00e7\u00e3o do patrim\u00f3nio baleeiro - Di\u00e1rio da Lagoa\",\"isPartOf\":{\"@id\":\"https:\/\/diariodalagoa.pt\/#website\"},\"datePublished\":\"2014-11-10T11:43:15+00:00\",\"dateModified\":\"2014-11-10T11:43:15+00:00\",\"author\":{\"@id\":\"https:\/\/diariodalagoa.pt\/#\/schema\/person\/1615a002370e8857b6f972834bc43ece\"},\"breadcrumb\":{\"@id\":\"https:\/\/diariodalagoa.pt\/novos-apoios-para-a-recuperacao-do-patrimonio-baleeiro\/#breadcrumb\"},\"inLanguage\":\"fr-FR\",\"potentialAction\":[{\"@type\":\"ReadAction\",\"target\":[\"https:\/\/diariodalagoa.pt\/novos-apoios-para-a-recuperacao-do-patrimonio-baleeiro\/\"]}]},{\"@type\":\"BreadcrumbList\",\"@id\":\"https:\/\/diariodalagoa.pt\/novos-apoios-para-a-recuperacao-do-patrimonio-baleeiro\/#breadcrumb\",\"itemListElement\":[{\"@type\":\"ListItem\",\"position\":1,\"name\":\"In\u00edcio\",\"item\":\"https:\/\/diariodalagoa.pt\/\"},{\"@type\":\"ListItem\",\"position\":2,\"name\":\"Novos apoios para a recupera\u00e7\u00e3o do patrim\u00f3nio baleeiro\"}]},{\"@type\":\"WebSite\",\"@id\":\"https:\/\/diariodalagoa.pt\/#website\",\"url\":\"https:\/\/diariodalagoa.pt\/\",\"name\":\"Di\u00e1rio da Lagoa\",\"description\":\"Di\u00e1rio da Lagoa. As not\u00edcias que contam. A partir da Lagoa, nos A\u00e7ores, para o mundo.\",\"potentialAction\":[{\"@type\":\"SearchAction\",\"target\":{\"@type\":\"EntryPoint\",\"urlTemplate\":\"https:\/\/diariodalagoa.pt\/?s={search_term_string}\"},\"query-input\":\"required name=search_term_string\"}],\"inLanguage\":\"fr-FR\"},{\"@type\":\"Person\",\"@id\":\"https:\/\/diariodalagoa.pt\/#\/schema\/person\/1615a002370e8857b6f972834bc43ece\",\"name\":\"Di\u00e1rio da Lagoa\",\"image\":{\"@type\":\"ImageObject\",\"inLanguage\":\"fr-FR\",\"@id\":\"https:\/\/diariodalagoa.pt\/#\/schema\/person\/image\/\",\"url\":\"https:\/\/secure.gravatar.com\/avatar\/2cb5cef90a26f8fbd4d9d930608102c5?s=96&d=mm&r=g\",\"contentUrl\":\"https:\/\/secure.gravatar.com\/avatar\/2cb5cef90a26f8fbd4d9d930608102c5?s=96&d=mm&r=g\",\"caption\":\"Di\u00e1rio da Lagoa\"},\"url\":\"https:\/\/diariodalagoa.pt\/fr\/author\/diariodalagoa\/\"}]}<\/script>\n<!-- \/ Yoast SEO plugin. -->","yoast_head_json":{"title":"Novos apoios para a recupera\u00e7\u00e3o do patrim\u00f3nio baleeiro - Di\u00e1rio da Lagoa","robots":{"index":"index","follow":"follow","max-snippet":"max-snippet:-1","max-image-preview":"max-image-preview:large","max-video-preview":"max-video-preview:-1"},"canonical":"https:\/\/diariodalagoa.pt\/fr\/novos-apoios-para-a-recuperacao-do-patrimonio-baleeiro\/","og_locale":"fr_FR","og_type":"article","og_title":"Novos apoios para a recupera\u00e7\u00e3o do patrim\u00f3nio baleeiro - Di\u00e1rio da Lagoa","og_description":"Reunido em Conselho do Governo, o executivo regional decidiu a regulamenta\u00e7\u00e3o de apoios a atividades culturais, incluindo a atribui\u00e7\u00e3o de bolsas de estudo, de forma\u00e7\u00e3o e de cria\u00e7\u00e3o art\u00edstica.\u00a0 Neste diploma, o Conselho de Governo aprovou tamb\u00e9m os formul\u00e1rios de candidatura aos apoios, os crit\u00e9rios e subcrit\u00e9rios de aprecia\u00e7\u00e3o das candidaturas, os modelos de requerimento [&hellip;]","og_url":"https:\/\/diariodalagoa.pt\/fr\/novos-apoios-para-a-recuperacao-do-patrimonio-baleeiro\/","og_site_name":"Di\u00e1rio da Lagoa","article_published_time":"2014-11-10T11:43:15+00:00","author":"Di\u00e1rio da Lagoa","twitter_card":"summary_large_image","twitter_misc":{"\u00c9crit par":"Di\u00e1rio da Lagoa","Dur\u00e9e de lecture estim\u00e9e":"2 minutes"},"schema":{"@context":"https:\/\/schema.org","@graph":[{"@type":"WebPage","@id":"https:\/\/diariodalagoa.pt\/novos-apoios-para-a-recuperacao-do-patrimonio-baleeiro\/","url":"https:\/\/diariodalagoa.pt\/novos-apoios-para-a-recuperacao-do-patrimonio-baleeiro\/","name":"Novos apoios para a recupera\u00e7\u00e3o do patrim\u00f3nio baleeiro - Di\u00e1rio da Lagoa","isPartOf":{"@id":"https:\/\/diariodalagoa.pt\/#website"},"datePublished":"2014-11-10T11:43:15+00:00","dateModified":"2014-11-10T11:43:15+00:00","author":{"@id":"https:\/\/diariodalagoa.pt\/#\/schema\/person\/1615a002370e8857b6f972834bc43ece"},"breadcrumb":{"@id":"https:\/\/diariodalagoa.pt\/novos-apoios-para-a-recuperacao-do-patrimonio-baleeiro\/#breadcrumb"},"inLanguage":"fr-FR","potentialAction":[{"@type":"ReadAction","target":["https:\/\/diariodalagoa.pt\/novos-apoios-para-a-recuperacao-do-patrimonio-baleeiro\/"]}]},{"@type":"BreadcrumbList","@id":"https:\/\/diariodalagoa.pt\/novos-apoios-para-a-recuperacao-do-patrimonio-baleeiro\/#breadcrumb","itemListElement":[{"@type":"ListItem","position":1,"name":"In\u00edcio","item":"https:\/\/diariodalagoa.pt\/"},{"@type":"ListItem","position":2,"name":"Novos apoios para a recupera\u00e7\u00e3o do patrim\u00f3nio baleeiro"}]},{"@type":"WebSite","@id":"https:\/\/diariodalagoa.pt\/#website","url":"https:\/\/diariodalagoa.pt\/","name":"Di\u00e1rio da Lagoa","description":"Di\u00e1rio da Lagoa. As not\u00edcias que contam. A partir da Lagoa, nos A\u00e7ores, para o mundo.","potentialAction":[{"@type":"SearchAction","target":{"@type":"EntryPoint","urlTemplate":"https:\/\/diariodalagoa.pt\/?s={search_term_string}"},"query-input":"required name=search_term_string"}],"inLanguage":"fr-FR"},{"@type":"Person","@id":"https:\/\/diariodalagoa.pt\/#\/schema\/person\/1615a002370e8857b6f972834bc43ece","name":"Di\u00e1rio da Lagoa","image":{"@type":"ImageObject","inLanguage":"fr-FR","@id":"https:\/\/diariodalagoa.pt\/#\/schema\/person\/image\/","url":"https:\/\/secure.gravatar.com\/avatar\/2cb5cef90a26f8fbd4d9d930608102c5?s=96&d=mm&r=g","contentUrl":"https:\/\/secure.gravatar.com\/avatar\/2cb5cef90a26f8fbd4d9d930608102c5?s=96&d=mm&r=g","caption":"Di\u00e1rio da Lagoa"},"url":"https:\/\/diariodalagoa.pt\/fr\/author\/diariodalagoa\/"}]}},"_links":{"self":[{"href":"https:\/\/diariodalagoa.pt\/fr\/wp-json\/wp\/v2\/posts\/11070"}],"collection":[{"href":"https:\/\/diariodalagoa.pt\/fr\/wp-json\/wp\/v2\/posts"}],"about":[{"href":"https:\/\/diariodalagoa.pt\/fr\/wp-json\/wp\/v2\/types\/post"}],"author":[{"embeddable":true,"href":"https:\/\/diariodalagoa.pt\/fr\/wp-json\/wp\/v2\/users\/2"}],"replies":[{"embeddable":true,"href":"https:\/\/diariodalagoa.pt\/fr\/wp-json\/wp\/v2\/comments?post=11070"}],"version-history":[{"count":0,"href":"https:\/\/diariodalagoa.pt\/fr\/wp-json\/wp\/v2\/posts\/11070\/revisions"}],"wp:attachment":[{"href":"https:\/\/diariodalagoa.pt\/fr\/wp-json\/wp\/v2\/media?parent=11070"}],"wp:term":[{"taxonomy":"category","embeddable":true,"href":"https:\/\/diariodalagoa.pt\/fr\/wp-json\/wp\/v2\/categories?post=11070"},{"taxonomy":"post_tag","embeddable":true,"href":"https:\/\/diariodalagoa.pt\/fr\/wp-json\/wp\/v2\/tags?post=11070"}],"curies":[{"name":"wp","href":"https:\/\/api.w.org\/{rel}","templated":true}]}}