{"id":110302,"date":"2023-06-25T14:13:01","date_gmt":"2023-06-25T14:13:01","guid":{"rendered":"https:\/\/diariodalagoa.pt\/?p=109555"},"modified":"2025-06-27T16:00:43","modified_gmt":"2025-06-27T16:00:43","slug":"eduardo-albino-vence-azores-e-rallye","status":"publish","type":"post","link":"https:\/\/diariodalagoa.pt\/fr\/eduardo-albino-vence-azores-e-rallye\/","title":{"rendered":"Eduardo Albino vence Azores E-Rallye"},"content":{"rendered":"<figure class=\"wp-block-image size-full\"><img decoding=\"async\" src=\"https:\/\/diariodalagoa.pt\/wp-content\/uploads\/2023\/06\/Eduardo-Albino-e-Jose-Figueiredo-Azores-E-Rallye-Sete-Cidades-2023-GDC.jpg\" alt=\"\" class=\"wp-image-109562\"\/><figcaption class=\"wp-element-caption\"><sup><mark style=\"background-color:rgba(0, 0, 0, 0)\" class=\"has-inline-color has-cyan-bluish-gray-color\">\u00a9\u00a0D.R.<\/mark><\/sup><\/figcaption><\/figure>\n\n\n<p>Eduardo Albino e Jos\u00e9 Figueiredo s\u00e3o os vencedores da edi\u00e7\u00e3o de 2023 do Azores E-Rallye, anunciou hoje, 25 de junho, o Grupo Desportivo Comercial.<br \/><br \/>A dupla do KIA Niro EV esteve em luta pela lideran\u00e7a ao longo do primeiro dia de competi\u00e7\u00e3o e com uma prova quase isenta de erros no dia seguinte, rapidamente conquistou importante vantagem sobre a concorr\u00eancia.<br \/><br \/>Nuno Serrano e Alexandre Berardo, tamb\u00e9m com um KIA Niro EV, passaram duas vezes pelo comando do evento mas n\u00e3o estiveram t\u00e3o bem no segundo dia de competi\u00e7\u00e3o e acabaram mesmo por perder a segunda posi\u00e7\u00e3o j\u00e1 em cima da meta. J\u00e1 Hugo Batista e Ivo Tavares, em Ford Mustang Mach-E, mantiveram-se sempre perto dos primeiros e, com uma boa ponta final, conseguiram alcan\u00e7ar o lugar interm\u00e9dio do p\u00f3dio.<br \/><br \/>O lote dos cinco primeiros classificados incluiu ainda Rodolfo e Andreia Serrano, aos comandos de um Nissan Leaf, os melhores na Lagoa Street Stage, prova complementar em circuito cumprida na tarde de s\u00e1bado, 24 de junho, e Pedro e Carla Faria, a bordo de um Renault Megane E-Tech EV60. S\u00e9timos classificados absolutos, Jo\u00e3o Gon\u00e7alves e Pedro Condessa, a tripular um Hyundai Ioniq 5, foram os melhores na classifica\u00e7\u00e3o reservada \u00e0 Efici\u00eancia Energ\u00e9tica, medida ao longo das duas primeiras das quatro sec\u00e7\u00f5es.<br \/><br \/>A consagra\u00e7\u00e3o dos melhores teve lugar no p\u00f3dio colocado nas Sete Cidades, bem no centro da lagoa com o mesmo nome que \u00e9 imagem ic\u00f3nica da ilha de S\u00e3o Miguel.<br \/><br \/>O Azores E- Rallye \u00e9 uma prova que integra o Campeonato de Portugal de Novas Energias e \u00e9 candidata ao FIA Eco Rally Cup do pr\u00f3ximo ano.<\/p>","protected":false},"excerpt":{"rendered":"<p>Eduardo Albino e Jos\u00e9 Figueiredo s\u00e3o os vencedores da edi\u00e7\u00e3o de 2023 do Azores E-Rallye, anunciou hoje, 25 de junho, o Grupo Desportivo Comercial. A dupla do KIA Niro EV esteve em luta pela lideran\u00e7a ao longo do primeiro dia de competi\u00e7\u00e3o e com uma prova quase isenta de erros no dia seguinte, rapidamente conquistou [&hellip;]<\/p>","protected":false},"author":2,"featured_media":110315,"comment_status":"open","ping_status":"closed","sticky":false,"template":"","format":"standard","meta":[],"categories":[21],"tags":[],"acf":[],"yoast_head":"<!-- This site is optimized with the Yoast SEO plugin v20.10 - https:\/\/yoast.com\/wordpress\/plugins\/seo\/ -->\n<title>Eduardo Albino vence Azores E-Rallye - Di\u00e1rio da Lagoa<\/title>\n<meta name=\"robots\" content=\"index, follow, max-snippet:-1, max-image-preview:large, max-video-preview:-1\" \/>\n<link rel=\"canonical\" href=\"https:\/\/diariodalagoa.pt\/fr\/eduardo-albino-vence-azores-e-rallye\/\" \/>\n<meta property=\"og:locale\" content=\"fr_FR\" \/>\n<meta property=\"og:type\" content=\"article\" \/>\n<meta property=\"og:title\" content=\"Eduardo Albino vence Azores E-Rallye - Di\u00e1rio da Lagoa\" \/>\n<meta property=\"og:description\" content=\"Eduardo Albino e Jos\u00e9 Figueiredo s\u00e3o os vencedores da edi\u00e7\u00e3o de 2023 do Azores E-Rallye, anunciou hoje, 25 de junho, o Grupo Desportivo Comercial. A dupla do KIA Niro EV esteve em luta pela lideran\u00e7a ao longo do primeiro dia de competi\u00e7\u00e3o e com uma prova quase isenta de erros no dia seguinte, rapidamente conquistou [&hellip;]\" \/>\n<meta property=\"og:url\" content=\"https:\/\/diariodalagoa.pt\/fr\/eduardo-albino-vence-azores-e-rallye\/\" \/>\n<meta property=\"og:site_name\" content=\"Di\u00e1rio da Lagoa\" \/>\n<meta property=\"article:published_time\" content=\"2023-06-25T14:13:01+00:00\" \/>\n<meta property=\"article:modified_time\" content=\"2025-06-27T16:00:43+00:00\" \/>\n<meta property=\"og:image\" content=\"https:\/\/diariodalagoa.pt\/wp-content\/uploads\/2023\/06\/eduardo-albino-e-jose-figueiredo-azores-e-rallye-sete-cidades-2023-gdc.jpg\" \/>\n\t<meta property=\"og:image:width\" content=\"960\" \/>\n\t<meta property=\"og:image:height\" content=\"639\" \/>\n\t<meta property=\"og:image:type\" content=\"image\/jpeg\" \/>\n<meta name=\"author\" content=\"Di\u00e1rio da Lagoa\" \/>\n<meta name=\"twitter:card\" content=\"summary_large_image\" \/>\n<meta name=\"twitter:label1\" content=\"\u00c9crit par\" \/>\n\t<meta name=\"twitter:data1\" content=\"Di\u00e1rio da Lagoa\" \/>\n\t<meta name=\"twitter:label2\" content=\"Dur\u00e9e de lecture estim\u00e9e\" \/>\n\t<meta name=\"twitter:data2\" content=\"2 minutes\" \/>\n<script type=\"application\/ld+json\" class=\"yoast-schema-graph\">{\"@context\":\"https:\/\/schema.org\",\"@graph\":[{\"@type\":\"WebPage\",\"@id\":\"https:\/\/diariodalagoa.pt\/eduardo-albino-vence-azores-e-rallye\/\",\"url\":\"https:\/\/diariodalagoa.pt\/eduardo-albino-vence-azores-e-rallye\/\",\"name\":\"Eduardo Albino vence Azores E-Rallye - Di\u00e1rio da Lagoa\",\"isPartOf\":{\"@id\":\"https:\/\/diariodalagoa.pt\/#website\"},\"datePublished\":\"2023-06-25T14:13:01+00:00\",\"dateModified\":\"2025-06-27T16:00:43+00:00\",\"author\":{\"@id\":\"https:\/\/diariodalagoa.pt\/#\/schema\/person\/1615a002370e8857b6f972834bc43ece\"},\"breadcrumb\":{\"@id\":\"https:\/\/diariodalagoa.pt\/eduardo-albino-vence-azores-e-rallye\/#breadcrumb\"},\"inLanguage\":\"fr-FR\",\"potentialAction\":[{\"@type\":\"ReadAction\",\"target\":[\"https:\/\/diariodalagoa.pt\/eduardo-albino-vence-azores-e-rallye\/\"]}]},{\"@type\":\"BreadcrumbList\",\"@id\":\"https:\/\/diariodalagoa.pt\/eduardo-albino-vence-azores-e-rallye\/#breadcrumb\",\"itemListElement\":[{\"@type\":\"ListItem\",\"position\":1,\"name\":\"In\u00edcio\",\"item\":\"https:\/\/diariodalagoa.pt\/\"},{\"@type\":\"ListItem\",\"position\":2,\"name\":\"Eduardo Albino vence Azores E-Rallye\"}]},{\"@type\":\"WebSite\",\"@id\":\"https:\/\/diariodalagoa.pt\/#website\",\"url\":\"https:\/\/diariodalagoa.pt\/\",\"name\":\"Di\u00e1rio da Lagoa\",\"description\":\"Di\u00e1rio da Lagoa. As not\u00edcias que contam. A partir da Lagoa, nos A\u00e7ores, para o mundo.\",\"potentialAction\":[{\"@type\":\"SearchAction\",\"target\":{\"@type\":\"EntryPoint\",\"urlTemplate\":\"https:\/\/diariodalagoa.pt\/?s={search_term_string}\"},\"query-input\":\"required name=search_term_string\"}],\"inLanguage\":\"fr-FR\"},{\"@type\":\"Person\",\"@id\":\"https:\/\/diariodalagoa.pt\/#\/schema\/person\/1615a002370e8857b6f972834bc43ece\",\"name\":\"Di\u00e1rio da Lagoa\",\"image\":{\"@type\":\"ImageObject\",\"inLanguage\":\"fr-FR\",\"@id\":\"https:\/\/diariodalagoa.pt\/#\/schema\/person\/image\/\",\"url\":\"https:\/\/secure.gravatar.com\/avatar\/2cb5cef90a26f8fbd4d9d930608102c5?s=96&d=mm&r=g\",\"contentUrl\":\"https:\/\/secure.gravatar.com\/avatar\/2cb5cef90a26f8fbd4d9d930608102c5?s=96&d=mm&r=g\",\"caption\":\"Di\u00e1rio da Lagoa\"},\"url\":\"https:\/\/diariodalagoa.pt\/fr\/author\/diariodalagoa\/\"}]}<\/script>\n<!-- \/ Yoast SEO plugin. -->","yoast_head_json":{"title":"Eduardo Albino vence Azores E-Rallye - Di\u00e1rio da Lagoa","robots":{"index":"index","follow":"follow","max-snippet":"max-snippet:-1","max-image-preview":"max-image-preview:large","max-video-preview":"max-video-preview:-1"},"canonical":"https:\/\/diariodalagoa.pt\/fr\/eduardo-albino-vence-azores-e-rallye\/","og_locale":"fr_FR","og_type":"article","og_title":"Eduardo Albino vence Azores E-Rallye - Di\u00e1rio da Lagoa","og_description":"Eduardo Albino e Jos\u00e9 Figueiredo s\u00e3o os vencedores da edi\u00e7\u00e3o de 2023 do Azores E-Rallye, anunciou hoje, 25 de junho, o Grupo Desportivo Comercial. A dupla do KIA Niro EV esteve em luta pela lideran\u00e7a ao longo do primeiro dia de competi\u00e7\u00e3o e com uma prova quase isenta de erros no dia seguinte, rapidamente conquistou [&hellip;]","og_url":"https:\/\/diariodalagoa.pt\/fr\/eduardo-albino-vence-azores-e-rallye\/","og_site_name":"Di\u00e1rio da Lagoa","article_published_time":"2023-06-25T14:13:01+00:00","article_modified_time":"2025-06-27T16:00:43+00:00","og_image":[{"width":960,"height":639,"url":"https:\/\/diariodalagoa.pt\/wp-content\/uploads\/2023\/06\/eduardo-albino-e-jose-figueiredo-azores-e-rallye-sete-cidades-2023-gdc.jpg","type":"image\/jpeg"}],"author":"Di\u00e1rio da Lagoa","twitter_card":"summary_large_image","twitter_misc":{"\u00c9crit par":"Di\u00e1rio da Lagoa","Dur\u00e9e de lecture estim\u00e9e":"2 minutes"},"schema":{"@context":"https:\/\/schema.org","@graph":[{"@type":"WebPage","@id":"https:\/\/diariodalagoa.pt\/eduardo-albino-vence-azores-e-rallye\/","url":"https:\/\/diariodalagoa.pt\/eduardo-albino-vence-azores-e-rallye\/","name":"Eduardo Albino vence Azores E-Rallye - Di\u00e1rio da Lagoa","isPartOf":{"@id":"https:\/\/diariodalagoa.pt\/#website"},"datePublished":"2023-06-25T14:13:01+00:00","dateModified":"2025-06-27T16:00:43+00:00","author":{"@id":"https:\/\/diariodalagoa.pt\/#\/schema\/person\/1615a002370e8857b6f972834bc43ece"},"breadcrumb":{"@id":"https:\/\/diariodalagoa.pt\/eduardo-albino-vence-azores-e-rallye\/#breadcrumb"},"inLanguage":"fr-FR","potentialAction":[{"@type":"ReadAction","target":["https:\/\/diariodalagoa.pt\/eduardo-albino-vence-azores-e-rallye\/"]}]},{"@type":"BreadcrumbList","@id":"https:\/\/diariodalagoa.pt\/eduardo-albino-vence-azores-e-rallye\/#breadcrumb","itemListElement":[{"@type":"ListItem","position":1,"name":"In\u00edcio","item":"https:\/\/diariodalagoa.pt\/"},{"@type":"ListItem","position":2,"name":"Eduardo Albino vence Azores E-Rallye"}]},{"@type":"WebSite","@id":"https:\/\/diariodalagoa.pt\/#website","url":"https:\/\/diariodalagoa.pt\/","name":"Di\u00e1rio da Lagoa","description":"Di\u00e1rio da Lagoa. As not\u00edcias que contam. A partir da Lagoa, nos A\u00e7ores, para o mundo.","potentialAction":[{"@type":"SearchAction","target":{"@type":"EntryPoint","urlTemplate":"https:\/\/diariodalagoa.pt\/?s={search_term_string}"},"query-input":"required name=search_term_string"}],"inLanguage":"fr-FR"},{"@type":"Person","@id":"https:\/\/diariodalagoa.pt\/#\/schema\/person\/1615a002370e8857b6f972834bc43ece","name":"Di\u00e1rio da Lagoa","image":{"@type":"ImageObject","inLanguage":"fr-FR","@id":"https:\/\/diariodalagoa.pt\/#\/schema\/person\/image\/","url":"https:\/\/secure.gravatar.com\/avatar\/2cb5cef90a26f8fbd4d9d930608102c5?s=96&d=mm&r=g","contentUrl":"https:\/\/secure.gravatar.com\/avatar\/2cb5cef90a26f8fbd4d9d930608102c5?s=96&d=mm&r=g","caption":"Di\u00e1rio da Lagoa"},"url":"https:\/\/diariodalagoa.pt\/fr\/author\/diariodalagoa\/"}]}},"_links":{"self":[{"href":"https:\/\/diariodalagoa.pt\/fr\/wp-json\/wp\/v2\/posts\/110302"}],"collection":[{"href":"https:\/\/diariodalagoa.pt\/fr\/wp-json\/wp\/v2\/posts"}],"about":[{"href":"https:\/\/diariodalagoa.pt\/fr\/wp-json\/wp\/v2\/types\/post"}],"author":[{"embeddable":true,"href":"https:\/\/diariodalagoa.pt\/fr\/wp-json\/wp\/v2\/users\/2"}],"replies":[{"embeddable":true,"href":"https:\/\/diariodalagoa.pt\/fr\/wp-json\/wp\/v2\/comments?post=110302"}],"version-history":[{"count":1,"href":"https:\/\/diariodalagoa.pt\/fr\/wp-json\/wp\/v2\/posts\/110302\/revisions"}],"predecessor-version":[{"id":157273,"href":"https:\/\/diariodalagoa.pt\/fr\/wp-json\/wp\/v2\/posts\/110302\/revisions\/157273"}],"wp:featuredmedia":[{"embeddable":true,"href":"https:\/\/diariodalagoa.pt\/fr\/wp-json\/wp\/v2\/media\/110315"}],"wp:attachment":[{"href":"https:\/\/diariodalagoa.pt\/fr\/wp-json\/wp\/v2\/media?parent=110302"}],"wp:term":[{"taxonomy":"category","embeddable":true,"href":"https:\/\/diariodalagoa.pt\/fr\/wp-json\/wp\/v2\/categories?post=110302"},{"taxonomy":"post_tag","embeddable":true,"href":"https:\/\/diariodalagoa.pt\/fr\/wp-json\/wp\/v2\/tags?post=110302"}],"curies":[{"name":"wp","href":"https:\/\/api.w.org\/{rel}","templated":true}]}}