{"id":110288,"date":"2014-01-27T21:10:29","date_gmt":"2014-01-27T21:10:29","guid":{"rendered":"http:\/\/diariodalagoa.pt\/?p=138"},"modified":"2025-06-10T22:31:03","modified_gmt":"2025-06-10T22:31:03","slug":"autarquia-disponivel-para-apoiar-o-desenvolvimento-das-freguesias-do-concelho","status":"publish","type":"post","link":"https:\/\/diariodalagoa.pt\/fr\/autarquia-disponivel-para-apoiar-o-desenvolvimento-das-freguesias-do-concelho\/","title":{"rendered":"Autarquia dispon\u00edvel para apoiar o desenvolvimento das freguesias do concelho"},"content":{"rendered":"<p>O Presidente da C\u00e2mara Municipal de Lagoa reuniu com a Junta de Freguesia do Cabouco, acompanhado do seu executivo camar\u00e1rio, a convite do seu presidente C\u00e9sar Pacheco.<\/p>\n<p>Segundo uma nota da autarquia lagoense, tratou-se de uma reuni\u00e3o importante, que ocorreu ainda no in\u00edcio de mandato, o que permite perspetivar o trabalho a desenvolver nos pr\u00f3ximos 4 anos, consoante as necessidades da popula\u00e7\u00e3o da freguesia do Cabouco e tendo em conta os compromissos eleitorais.<\/p>\n<p>Durante a reuni\u00e3o, o autarca lagoense, manifestou que \u00e9 pretens\u00e3o da autarquia continuar a apostar no desenvolvimento das freguesias do concelho, sabendo \u201ca priori\u201d que este ser\u00e1 \u201cum ano at\u00edpico em termos de investimento\u201d, uma vez que agora terminou o quadro comunit\u00e1rio de apoio, existindo ainda alguma indecis\u00e3o relativamente ao novo quadro, no que respeita ao inicio do mesmo e \u00e0 natureza dos investimentos que ser\u00e3o comparticipados.<\/p>\n<p>Segundo uma nota da autarquia, o Presidente da C\u00e2mara Municipal de Lagoa, tomou conhecimento da carta de inten\u00e7\u00f5es do executivo da Junta para a freguesia do Cabouco, para os pr\u00f3ximos 4 anos, onde s\u00e3o expostas algumas interven\u00e7\u00f5es necess\u00e1rias onde se destacam as acessibilidades.<\/p>\n<p>O Presidente da Junta de Freguesia do Cabouco teve ainda a oportunidade de apresentar o seu plano de atividades para o presente ano e manifestou a sua satisfa\u00e7\u00e3o por receber o executivo camar\u00e1rio na sede da sua Junta de Freguesia, mostrando-se bastante agradado pela disponibilidade da autarquia em continuar a apoiar a Junta do Cabouco.<\/p>\n<p>Ap\u00f3s a reuni\u00e3o o presidente da C\u00e2mara teve a oportunidade de visitar v\u00e1rios locais da freguesia e verificar \u201cin loco\u201d algumas das interven\u00e7\u00f5es necess\u00e1rias.<\/p>\n<p><em>DL\/CML<\/em><\/p>","protected":false},"excerpt":{"rendered":"<p>O Presidente da C\u00e2mara Municipal de Lagoa reuniu com a Junta de Freguesia do Cabouco, acompanhado do seu executivo camar\u00e1rio, a convite do seu presidente C\u00e9sar Pacheco. Segundo uma nota da autarquia lagoense, tratou-se de uma reuni\u00e3o importante, que ocorreu ainda no in\u00edcio de mandato, o que permite perspetivar o trabalho a desenvolver nos pr\u00f3ximos [&hellip;]<\/p>","protected":false},"author":2,"featured_media":113475,"comment_status":"open","ping_status":"open","sticky":false,"template":"","format":"standard","meta":[],"categories":[21],"tags":[],"acf":[],"yoast_head":"<!-- This site is optimized with the Yoast SEO plugin v20.10 - https:\/\/yoast.com\/wordpress\/plugins\/seo\/ -->\n<title>Autarquia dispon\u00edvel para apoiar o desenvolvimento das freguesias do concelho - Di\u00e1rio da Lagoa<\/title>\n<meta name=\"robots\" content=\"index, follow, max-snippet:-1, max-image-preview:large, max-video-preview:-1\" \/>\n<link rel=\"canonical\" href=\"https:\/\/diariodalagoa.pt\/fr\/autarquia-disponivel-para-apoiar-o-desenvolvimento-das-freguesias-do-concelho\/\" \/>\n<meta property=\"og:locale\" content=\"fr_FR\" \/>\n<meta property=\"og:type\" content=\"article\" \/>\n<meta property=\"og:title\" content=\"Autarquia dispon\u00edvel para apoiar o desenvolvimento das freguesias do concelho - Di\u00e1rio da Lagoa\" \/>\n<meta property=\"og:description\" content=\"O Presidente da C\u00e2mara Municipal de Lagoa reuniu com a Junta de Freguesia do Cabouco, acompanhado do seu executivo camar\u00e1rio, a convite do seu presidente C\u00e9sar Pacheco. Segundo uma nota da autarquia lagoense, tratou-se de uma reuni\u00e3o importante, que ocorreu ainda no in\u00edcio de mandato, o que permite perspetivar o trabalho a desenvolver nos pr\u00f3ximos [&hellip;]\" \/>\n<meta property=\"og:url\" content=\"https:\/\/diariodalagoa.pt\/fr\/autarquia-disponivel-para-apoiar-o-desenvolvimento-das-freguesias-do-concelho\/\" \/>\n<meta property=\"og:site_name\" content=\"Di\u00e1rio da Lagoa\" \/>\n<meta property=\"article:published_time\" content=\"2014-01-27T21:10:29+00:00\" \/>\n<meta property=\"article:modified_time\" content=\"2025-06-10T22:31:03+00:00\" \/>\n<meta property=\"og:image\" content=\"https:\/\/diariodalagoa.pt\/wp-content\/uploads\/2014\/01\/lagoa-autarquia-reuniao.jpg\" \/>\n\t<meta property=\"og:image:width\" content=\"600\" \/>\n\t<meta property=\"og:image:height\" content=\"332\" \/>\n\t<meta property=\"og:image:type\" content=\"image\/jpeg\" \/>\n<meta name=\"author\" content=\"Di\u00e1rio da Lagoa\" \/>\n<meta name=\"twitter:card\" content=\"summary_large_image\" \/>\n<meta name=\"twitter:label1\" content=\"\u00c9crit par\" \/>\n\t<meta name=\"twitter:data1\" content=\"Di\u00e1rio da Lagoa\" \/>\n\t<meta name=\"twitter:label2\" content=\"Dur\u00e9e de lecture estim\u00e9e\" \/>\n\t<meta name=\"twitter:data2\" content=\"1 minute\" \/>\n<script type=\"application\/ld+json\" class=\"yoast-schema-graph\">{\"@context\":\"https:\/\/schema.org\",\"@graph\":[{\"@type\":\"WebPage\",\"@id\":\"https:\/\/diariodalagoa.pt\/autarquia-disponivel-para-apoiar-o-desenvolvimento-das-freguesias-do-concelho\/\",\"url\":\"https:\/\/diariodalagoa.pt\/autarquia-disponivel-para-apoiar-o-desenvolvimento-das-freguesias-do-concelho\/\",\"name\":\"Autarquia dispon\u00edvel para apoiar o desenvolvimento das freguesias do concelho - Di\u00e1rio da Lagoa\",\"isPartOf\":{\"@id\":\"https:\/\/diariodalagoa.pt\/#website\"},\"datePublished\":\"2014-01-27T21:10:29+00:00\",\"dateModified\":\"2025-06-10T22:31:03+00:00\",\"author\":{\"@id\":\"https:\/\/diariodalagoa.pt\/#\/schema\/person\/1615a002370e8857b6f972834bc43ece\"},\"breadcrumb\":{\"@id\":\"https:\/\/diariodalagoa.pt\/autarquia-disponivel-para-apoiar-o-desenvolvimento-das-freguesias-do-concelho\/#breadcrumb\"},\"inLanguage\":\"fr-FR\",\"potentialAction\":[{\"@type\":\"ReadAction\",\"target\":[\"https:\/\/diariodalagoa.pt\/autarquia-disponivel-para-apoiar-o-desenvolvimento-das-freguesias-do-concelho\/\"]}]},{\"@type\":\"BreadcrumbList\",\"@id\":\"https:\/\/diariodalagoa.pt\/autarquia-disponivel-para-apoiar-o-desenvolvimento-das-freguesias-do-concelho\/#breadcrumb\",\"itemListElement\":[{\"@type\":\"ListItem\",\"position\":1,\"name\":\"In\u00edcio\",\"item\":\"https:\/\/diariodalagoa.pt\/\"},{\"@type\":\"ListItem\",\"position\":2,\"name\":\"Autarquia dispon\u00edvel para apoiar o desenvolvimento das freguesias do concelho\"}]},{\"@type\":\"WebSite\",\"@id\":\"https:\/\/diariodalagoa.pt\/#website\",\"url\":\"https:\/\/diariodalagoa.pt\/\",\"name\":\"Di\u00e1rio da Lagoa\",\"description\":\"Di\u00e1rio da Lagoa. As not\u00edcias que contam. A partir da Lagoa, nos A\u00e7ores, para o mundo.\",\"potentialAction\":[{\"@type\":\"SearchAction\",\"target\":{\"@type\":\"EntryPoint\",\"urlTemplate\":\"https:\/\/diariodalagoa.pt\/?s={search_term_string}\"},\"query-input\":\"required name=search_term_string\"}],\"inLanguage\":\"fr-FR\"},{\"@type\":\"Person\",\"@id\":\"https:\/\/diariodalagoa.pt\/#\/schema\/person\/1615a002370e8857b6f972834bc43ece\",\"name\":\"Di\u00e1rio da Lagoa\",\"image\":{\"@type\":\"ImageObject\",\"inLanguage\":\"fr-FR\",\"@id\":\"https:\/\/diariodalagoa.pt\/#\/schema\/person\/image\/\",\"url\":\"https:\/\/secure.gravatar.com\/avatar\/2cb5cef90a26f8fbd4d9d930608102c5?s=96&d=mm&r=g\",\"contentUrl\":\"https:\/\/secure.gravatar.com\/avatar\/2cb5cef90a26f8fbd4d9d930608102c5?s=96&d=mm&r=g\",\"caption\":\"Di\u00e1rio da Lagoa\"},\"url\":\"https:\/\/diariodalagoa.pt\/fr\/author\/diariodalagoa\/\"}]}<\/script>\n<!-- \/ Yoast SEO plugin. -->","yoast_head_json":{"title":"Autarquia dispon\u00edvel para apoiar o desenvolvimento das freguesias do concelho - Di\u00e1rio da Lagoa","robots":{"index":"index","follow":"follow","max-snippet":"max-snippet:-1","max-image-preview":"max-image-preview:large","max-video-preview":"max-video-preview:-1"},"canonical":"https:\/\/diariodalagoa.pt\/fr\/autarquia-disponivel-para-apoiar-o-desenvolvimento-das-freguesias-do-concelho\/","og_locale":"fr_FR","og_type":"article","og_title":"Autarquia dispon\u00edvel para apoiar o desenvolvimento das freguesias do concelho - Di\u00e1rio da Lagoa","og_description":"O Presidente da C\u00e2mara Municipal de Lagoa reuniu com a Junta de Freguesia do Cabouco, acompanhado do seu executivo camar\u00e1rio, a convite do seu presidente C\u00e9sar Pacheco. Segundo uma nota da autarquia lagoense, tratou-se de uma reuni\u00e3o importante, que ocorreu ainda no in\u00edcio de mandato, o que permite perspetivar o trabalho a desenvolver nos pr\u00f3ximos [&hellip;]","og_url":"https:\/\/diariodalagoa.pt\/fr\/autarquia-disponivel-para-apoiar-o-desenvolvimento-das-freguesias-do-concelho\/","og_site_name":"Di\u00e1rio da Lagoa","article_published_time":"2014-01-27T21:10:29+00:00","article_modified_time":"2025-06-10T22:31:03+00:00","og_image":[{"width":600,"height":332,"url":"https:\/\/diariodalagoa.pt\/wp-content\/uploads\/2014\/01\/lagoa-autarquia-reuniao.jpg","type":"image\/jpeg"}],"author":"Di\u00e1rio da Lagoa","twitter_card":"summary_large_image","twitter_misc":{"\u00c9crit par":"Di\u00e1rio da Lagoa","Dur\u00e9e de lecture estim\u00e9e":"1 minute"},"schema":{"@context":"https:\/\/schema.org","@graph":[{"@type":"WebPage","@id":"https:\/\/diariodalagoa.pt\/autarquia-disponivel-para-apoiar-o-desenvolvimento-das-freguesias-do-concelho\/","url":"https:\/\/diariodalagoa.pt\/autarquia-disponivel-para-apoiar-o-desenvolvimento-das-freguesias-do-concelho\/","name":"Autarquia dispon\u00edvel para apoiar o desenvolvimento das freguesias do concelho - Di\u00e1rio da Lagoa","isPartOf":{"@id":"https:\/\/diariodalagoa.pt\/#website"},"datePublished":"2014-01-27T21:10:29+00:00","dateModified":"2025-06-10T22:31:03+00:00","author":{"@id":"https:\/\/diariodalagoa.pt\/#\/schema\/person\/1615a002370e8857b6f972834bc43ece"},"breadcrumb":{"@id":"https:\/\/diariodalagoa.pt\/autarquia-disponivel-para-apoiar-o-desenvolvimento-das-freguesias-do-concelho\/#breadcrumb"},"inLanguage":"fr-FR","potentialAction":[{"@type":"ReadAction","target":["https:\/\/diariodalagoa.pt\/autarquia-disponivel-para-apoiar-o-desenvolvimento-das-freguesias-do-concelho\/"]}]},{"@type":"BreadcrumbList","@id":"https:\/\/diariodalagoa.pt\/autarquia-disponivel-para-apoiar-o-desenvolvimento-das-freguesias-do-concelho\/#breadcrumb","itemListElement":[{"@type":"ListItem","position":1,"name":"In\u00edcio","item":"https:\/\/diariodalagoa.pt\/"},{"@type":"ListItem","position":2,"name":"Autarquia dispon\u00edvel para apoiar o desenvolvimento das freguesias do concelho"}]},{"@type":"WebSite","@id":"https:\/\/diariodalagoa.pt\/#website","url":"https:\/\/diariodalagoa.pt\/","name":"Di\u00e1rio da Lagoa","description":"Di\u00e1rio da Lagoa. As not\u00edcias que contam. A partir da Lagoa, nos A\u00e7ores, para o mundo.","potentialAction":[{"@type":"SearchAction","target":{"@type":"EntryPoint","urlTemplate":"https:\/\/diariodalagoa.pt\/?s={search_term_string}"},"query-input":"required name=search_term_string"}],"inLanguage":"fr-FR"},{"@type":"Person","@id":"https:\/\/diariodalagoa.pt\/#\/schema\/person\/1615a002370e8857b6f972834bc43ece","name":"Di\u00e1rio da Lagoa","image":{"@type":"ImageObject","inLanguage":"fr-FR","@id":"https:\/\/diariodalagoa.pt\/#\/schema\/person\/image\/","url":"https:\/\/secure.gravatar.com\/avatar\/2cb5cef90a26f8fbd4d9d930608102c5?s=96&d=mm&r=g","contentUrl":"https:\/\/secure.gravatar.com\/avatar\/2cb5cef90a26f8fbd4d9d930608102c5?s=96&d=mm&r=g","caption":"Di\u00e1rio da Lagoa"},"url":"https:\/\/diariodalagoa.pt\/fr\/author\/diariodalagoa\/"}]}},"_links":{"self":[{"href":"https:\/\/diariodalagoa.pt\/fr\/wp-json\/wp\/v2\/posts\/110288"}],"collection":[{"href":"https:\/\/diariodalagoa.pt\/fr\/wp-json\/wp\/v2\/posts"}],"about":[{"href":"https:\/\/diariodalagoa.pt\/fr\/wp-json\/wp\/v2\/types\/post"}],"author":[{"embeddable":true,"href":"https:\/\/diariodalagoa.pt\/fr\/wp-json\/wp\/v2\/users\/2"}],"replies":[{"embeddable":true,"href":"https:\/\/diariodalagoa.pt\/fr\/wp-json\/wp\/v2\/comments?post=110288"}],"version-history":[{"count":1,"href":"https:\/\/diariodalagoa.pt\/fr\/wp-json\/wp\/v2\/posts\/110288\/revisions"}],"predecessor-version":[{"id":152710,"href":"https:\/\/diariodalagoa.pt\/fr\/wp-json\/wp\/v2\/posts\/110288\/revisions\/152710"}],"wp:featuredmedia":[{"embeddable":true,"href":"https:\/\/diariodalagoa.pt\/fr\/wp-json\/wp\/v2\/media\/113475"}],"wp:attachment":[{"href":"https:\/\/diariodalagoa.pt\/fr\/wp-json\/wp\/v2\/media?parent=110288"}],"wp:term":[{"taxonomy":"category","embeddable":true,"href":"https:\/\/diariodalagoa.pt\/fr\/wp-json\/wp\/v2\/categories?post=110288"},{"taxonomy":"post_tag","embeddable":true,"href":"https:\/\/diariodalagoa.pt\/fr\/wp-json\/wp\/v2\/tags?post=110288"}],"curies":[{"name":"wp","href":"https:\/\/api.w.org\/{rel}","templated":true}]}}